{"id":49827,"date":"2020-10-22T18:55:07","date_gmt":"2020-10-22T21:55:07","guid":{"rendered":"https:\/\/www.gaveanews.com\/?p=49827"},"modified":"2020-10-22T19:13:07","modified_gmt":"2020-10-22T22:13:07","slug":"gianni-infantino-cita-o-flamengo-e-destaca-me-interessa-o-mundial-interclubes","status":"publish","type":"post","link":"https:\/\/www.gaveanews.com\/index.php\/2020\/10\/22\/gianni-infantino-cita-o-flamengo-e-destaca-me-interessa-o-mundial-interclubes\/","title":{"rendered":"Gianni Infantino cita o Flamengo e destaca: &#8220;Me interessa o Mundial interclubes&#8221;"},"content":{"rendered":"\n<p>Diante do crescente interesse europeu em criar um novo torneio, aos moldes da Premier League, onde clubes de todo o velho continente se dividiriam em divis\u00f5es para o surgimento da Superliga, o Presidente da FIFA,\u00a0<strong>Gianni\u00a0Infantino<\/strong>\u00a0se posiciona novamente contr\u00e1rio ao torneio. Segundo Gianni, a ideia de\u00a0<strong>aprimorar o Mundial Interclubes \u00e9 mais atrativo\u00a0<\/strong>e seu projeto deve estar sendo realizado a partir de\u00a0<strong>2022<\/strong>.<\/p>\n\n\n\n<p>O embate entre UEFA e FIFA \u00e9 antigo. De acordo com a Sky Sports, doze clubes europeus esbo\u00e7am a funda\u00e7\u00e3o de uma liga independente, onde 18 times participariam de uma temporada regular, seguida de mata-mata. Este campeonato j\u00e1 teria um financiador, o banco americano&nbsp;<strong>JP Morgan<\/strong>, que disponibilizaria 6 bilh\u00f5es de d\u00f3lares, segundo Infantino.<\/p>\n\n\n\n<p>A ideia j\u00e1 ocorre h\u00e1 alguns anos e ganhou for\u00e7a a partir de 2018. Dentre os idealizadores, cinco equipes seriam inglesas, mas com nomes n\u00e3o divulgados pelo Presidente da entidade.<\/p>\n\n\n\n<figure class=\"wp-block-image size-large\"><img decoding=\"async\" src=\"https:\/\/oimparcial.com.br\/app\/uploads\/2016\/12\/infantino-345103-1024x576.webp\" alt=\"\"\/><figcaption>Infantino durante reuni\u00e3o da FIFA (Foto: Reprodu\u00e7\u00e3o)<\/figcaption><\/figure>\n\n\n\n<h3 class=\"wp-block-heading\">Novo Mundial<\/h3>\n\n\n\n<p>Para Gianni, o reformulado Mundial Interclubes \u00e9 pe\u00e7a-chave de um projeto em que, segundo ele mesmo, permitir\u00e1 que futuramente ao menos 50 sele\u00e7\u00f5es e 50 times tenham a capacidade de ser campe\u00e3 mundial.&nbsp;<em>&#8220;N\u00e3o estou interessado em uma Superliga, como Presidente da FIFA eu quero o Mundial&#8221;.<\/em><\/p>\n\n\n\n<p><em>&#8220;Para mim n\u00e3o se trata de Bayern de Munique contra Liverpool, mas de Bayern contra o Boca Juniors. O Liverpool tem 180 milh\u00f5es de f\u00e3s, 5 milh\u00f5es de torcedores est\u00e3o na Inglaterra. O Flamengo tem cerca de 40 milh\u00f5es de torcedores, sendo 39 milh\u00f5es no Brasil. Quero que os clubes fora da Europa tenham apelo global no futuro, essa \u00e9 minha vis\u00e3o&#8221;,&nbsp;<\/em>ressalta o Presidente.<\/p>\n\n\n\n<p>O novo Mundial Interclubes est\u00e1 previsto\u00a0para ser iniciado em 2022, na China, divididas em seis sedes no pa\u00eds. Seu formato contar\u00e1 com 24 times, sendo 12 europeus. Cada confedera\u00e7\u00e3o ter\u00e1 um n\u00famero definido de participantes\u00a0e estima-se que os campe\u00f5es dos torneios continentais no intervalo destes anos, sejam os classificados. Na Am\u00e9rica do Sul, Flamengo e Independiente Del Valle seriam os primeiros nomes confirmados, pois s\u00e3o os campe\u00f5es de 2019 da Copa Libertadores e Sul-Americana respectivamente.<\/p>\n\n\n\n<p>Retirado de: Vavel<\/p>\n","protected":false},"excerpt":{"rendered":"<p>Diante do crescente interesse europeu em criar um novo torneio, aos moldes da Premier League, onde clubes de todo o velho continente se dividiriam em divis\u00f5es para o surgimento da Superliga, o Presidente da FIFA,\u00a0Gianni\u00a0Infantino\u00a0se posiciona novamente contr\u00e1rio ao torneio. Segundo Gianni, a ideia de\u00a0aprimorar o Mundial Interclubes \u00e9 mais atrativo\u00a0e seu projeto deve estar [&hellip;]<\/p>\n","protected":false},"author":1,"featured_media":16221,"comment_status":"open","ping_status":"closed","sticky":false,"template":"","format":"standard","meta":{"footnotes":""},"categories":[1],"tags":[],"class_list":["post-49827","post","type-post","status-publish","format-standard","has-post-thumbnail","hentry","category-flamengo"],"yoast_head":"<!-- This site is optimized with the Yoast SEO Premium plugin v24.2 (Yoast SEO v26.9) - https:\/\/yoast.com\/product\/yoast-seo-premium-wordpress\/ -->\n<title>Infantino cita o Flamengo e destaca: &quot;Me interessa o Mundial interclubes&quot;<\/title>\n<meta name=\"description\" content=\"Segundo Gianni, a ideia de aprimorar o Mundial Interclubes \u00e9 mais atrativo e seu projeto deve estar sendo realizado a partir de 2022.\" \/>\n<meta name=\"robots\" content=\"index, follow, max-snippet:-1, max-image-preview:large, max-video-preview:-1\" \/>\n<link rel=\"canonical\" href=\"https:\/\/www.gaveanews.com\/index.php\/2020\/10\/22\/gianni-infantino-cita-o-flamengo-e-destaca-me-interessa-o-mundial-interclubes\/\" \/>\n<meta property=\"og:locale\" content=\"pt_BR\" \/>\n<meta property=\"og:type\" content=\"article\" \/>\n<meta property=\"og:title\" content=\"Gianni Infantino cita o Flamengo e destaca: &quot;Me interessa o Mundial interclubes&quot;\" \/>\n<meta property=\"og:description\" content=\"Segundo Gianni, a ideia de aprimorar o Mundial Interclubes \u00e9 mais atrativo e seu projeto deve estar sendo realizado a partir de 2022.\" \/>\n<meta property=\"og:url\" content=\"https:\/\/www.gaveanews.com\/index.php\/2020\/10\/22\/gianni-infantino-cita-o-flamengo-e-destaca-me-interessa-o-mundial-interclubes\/\" \/>\n<meta property=\"og:site_name\" content=\"G\u00e1vea News\" \/>\n<meta property=\"article:publisher\" content=\"https:\/\/facebook.com\/gaveaNews\/\" \/>\n<meta property=\"article:published_time\" content=\"2020-10-22T21:55:07+00:00\" \/>\n<meta property=\"article:modified_time\" content=\"2020-10-22T22:13:07+00:00\" \/>\n<meta property=\"og:image\" content=\"https:\/\/www.gaveanews.com\/wp-content\/uploads\/2019\/03\/Taca-do-Mundial-de-Clubes.webp\" \/>\n\t<meta property=\"og:image:width\" content=\"1\" \/>\n\t<meta property=\"og:image:height\" content=\"1\" \/>\n\t<meta property=\"og:image:type\" content=\"image\/jpeg\" \/>\n<meta name=\"author\" content=\"Equipe G\u00e1vea News\" \/>\n<meta name=\"twitter:card\" content=\"summary_large_image\" \/>\n<meta name=\"twitter:label1\" content=\"Escrito por\" \/>\n\t<meta name=\"twitter:data1\" content=\"Equipe G\u00e1vea News\" \/>\n\t<meta name=\"twitter:label2\" content=\"Est. tempo de leitura\" \/>\n\t<meta name=\"twitter:data2\" content=\"2 minutos\" \/>\n<script type=\"application\/ld+json\" class=\"yoast-schema-graph\">{\"@context\":\"https:\/\/schema.org\",\"@graph\":[{\"@type\":\"NewsArticle\",\"@id\":\"https:\/\/www.gaveanews.com\/index.php\/2020\/10\/22\/gianni-infantino-cita-o-flamengo-e-destaca-me-interessa-o-mundial-interclubes\/#article\",\"isPartOf\":{\"@id\":\"https:\/\/www.gaveanews.com\/index.php\/2020\/10\/22\/gianni-infantino-cita-o-flamengo-e-destaca-me-interessa-o-mundial-interclubes\/\"},\"author\":{\"name\":\"Equipe G\u00e1vea News\",\"@id\":\"https:\/\/www.gaveanews.com\/#\/schema\/person\/2ec14f73fb96be2caf28f91afb14749d\"},\"headline\":\"Gianni Infantino cita o Flamengo e destaca: &#8220;Me interessa o Mundial interclubes&#8221;\",\"datePublished\":\"2020-10-22T21:55:07+00:00\",\"dateModified\":\"2020-10-22T22:13:07+00:00\",\"mainEntityOfPage\":{\"@id\":\"https:\/\/www.gaveanews.com\/index.php\/2020\/10\/22\/gianni-infantino-cita-o-flamengo-e-destaca-me-interessa-o-mundial-interclubes\/\"},\"wordCount\":376,\"commentCount\":13,\"image\":{\"@id\":\"https:\/\/www.gaveanews.com\/index.php\/2020\/10\/22\/gianni-infantino-cita-o-flamengo-e-destaca-me-interessa-o-mundial-interclubes\/#primaryimage\"},\"thumbnailUrl\":\"https:\/\/www.gaveanews.com\/wp-content\/uploads\/2019\/03\/Taca-do-Mundial-de-Clubes.webp\",\"articleSection\":[\"Flamengo\"],\"inLanguage\":\"pt-BR\",\"potentialAction\":[{\"@type\":\"CommentAction\",\"name\":\"Comment\",\"target\":[\"https:\/\/www.gaveanews.com\/index.php\/2020\/10\/22\/gianni-infantino-cita-o-flamengo-e-destaca-me-interessa-o-mundial-interclubes\/#respond\"]}],\"copyrightYear\":\"2020\",\"copyrightHolder\":{\"@id\":\"https:\/\/www.gaveanews.com\/#organization\"}},{\"@type\":\"WebPage\",\"@id\":\"https:\/\/www.gaveanews.com\/index.php\/2020\/10\/22\/gianni-infantino-cita-o-flamengo-e-destaca-me-interessa-o-mundial-interclubes\/\",\"url\":\"https:\/\/www.gaveanews.com\/index.php\/2020\/10\/22\/gianni-infantino-cita-o-flamengo-e-destaca-me-interessa-o-mundial-interclubes\/\",\"name\":\"Infantino cita o Flamengo e destaca: \\\"Me interessa o Mundial interclubes\\\"\",\"isPartOf\":{\"@id\":\"https:\/\/www.gaveanews.com\/#website\"},\"primaryImageOfPage\":{\"@id\":\"https:\/\/www.gaveanews.com\/index.php\/2020\/10\/22\/gianni-infantino-cita-o-flamengo-e-destaca-me-interessa-o-mundial-interclubes\/#primaryimage\"},\"image\":{\"@id\":\"https:\/\/www.gaveanews.com\/index.php\/2020\/10\/22\/gianni-infantino-cita-o-flamengo-e-destaca-me-interessa-o-mundial-interclubes\/#primaryimage\"},\"thumbnailUrl\":\"https:\/\/www.gaveanews.com\/wp-content\/uploads\/2019\/03\/Taca-do-Mundial-de-Clubes.webp\",\"datePublished\":\"2020-10-22T21:55:07+00:00\",\"dateModified\":\"2020-10-22T22:13:07+00:00\",\"author\":{\"@id\":\"https:\/\/www.gaveanews.com\/#\/schema\/person\/2ec14f73fb96be2caf28f91afb14749d\"},\"description\":\"Segundo Gianni, a ideia de aprimorar o Mundial Interclubes \u00e9 mais atrativo e seu projeto deve estar sendo realizado a partir de 2022.\",\"breadcrumb\":{\"@id\":\"https:\/\/www.gaveanews.com\/index.php\/2020\/10\/22\/gianni-infantino-cita-o-flamengo-e-destaca-me-interessa-o-mundial-interclubes\/#breadcrumb\"},\"inLanguage\":\"pt-BR\",\"potentialAction\":[{\"@type\":\"ReadAction\",\"target\":[\"https:\/\/www.gaveanews.com\/index.php\/2020\/10\/22\/gianni-infantino-cita-o-flamengo-e-destaca-me-interessa-o-mundial-interclubes\/\"]}]},{\"@type\":\"ImageObject\",\"inLanguage\":\"pt-BR\",\"@id\":\"https:\/\/www.gaveanews.com\/index.php\/2020\/10\/22\/gianni-infantino-cita-o-flamengo-e-destaca-me-interessa-o-mundial-interclubes\/#primaryimage\",\"url\":\"https:\/\/www.gaveanews.com\/wp-content\/uploads\/2019\/03\/Taca-do-Mundial-de-Clubes.webp\",\"contentUrl\":\"https:\/\/www.gaveanews.com\/wp-content\/uploads\/2019\/03\/Taca-do-Mundial-de-Clubes.webp\",\"width\":900,\"height\":600,\"caption\":\"Ta\u00e7a do Mundial de Clubes (Foto: Matthew Ashton\/Getty Images)\"},{\"@type\":\"BreadcrumbList\",\"@id\":\"https:\/\/www.gaveanews.com\/index.php\/2020\/10\/22\/gianni-infantino-cita-o-flamengo-e-destaca-me-interessa-o-mundial-interclubes\/#breadcrumb\",\"itemListElement\":[{\"@type\":\"ListItem\",\"position\":1,\"name\":\"Home\",\"item\":\"https:\/\/www.gaveanews.com\/\"},{\"@type\":\"ListItem\",\"position\":2,\"name\":\"Gianni Infantino cita o Flamengo e destaca: &#8220;Me interessa o Mundial interclubes&#8221;\"}]},{\"@type\":\"WebSite\",\"@id\":\"https:\/\/www.gaveanews.com\/#website\",\"url\":\"https:\/\/www.gaveanews.com\/\",\"name\":\"G\u00e1vea News\",\"description\":\"Veja todas as not\u00edcias sobre o Flamengo: Contrata\u00e7\u00f5es, categorias de base, resultados das partidas, tabela de classifica\u00e7\u00e3o, pr\u00f3ximos jogos!\",\"potentialAction\":[{\"@type\":\"SearchAction\",\"target\":{\"@type\":\"EntryPoint\",\"urlTemplate\":\"https:\/\/www.gaveanews.com\/?s={search_term_string}\"},\"query-input\":{\"@type\":\"PropertyValueSpecification\",\"valueRequired\":true,\"valueName\":\"search_term_string\"}}],\"inLanguage\":\"pt-BR\"},{\"@type\":\"Person\",\"@id\":\"https:\/\/www.gaveanews.com\/#\/schema\/person\/2ec14f73fb96be2caf28f91afb14749d\",\"name\":\"Equipe G\u00e1vea News\",\"image\":{\"@type\":\"ImageObject\",\"inLanguage\":\"pt-BR\",\"@id\":\"https:\/\/www.gaveanews.com\/#\/schema\/person\/image\/\",\"url\":\"https:\/\/secure.gravatar.com\/avatar\/1e1956f1facbffd3f8fa53a326721950116b3b9dc9bd44939c01180fd4a745a9?s=96&d=mm&r=g\",\"contentUrl\":\"https:\/\/secure.gravatar.com\/avatar\/1e1956f1facbffd3f8fa53a326721950116b3b9dc9bd44939c01180fd4a745a9?s=96&d=mm&r=g\",\"caption\":\"Equipe G\u00e1vea News\"}}]}<\/script>\n<!-- \/ Yoast SEO Premium plugin. -->","yoast_head_json":{"title":"Infantino cita o Flamengo e destaca: \"Me interessa o Mundial interclubes\"","description":"Segundo Gianni, a ideia de aprimorar o Mundial Interclubes \u00e9 mais atrativo e seu projeto deve estar sendo realizado a partir de 2022.","robots":{"index":"index","follow":"follow","max-snippet":"max-snippet:-1","max-image-preview":"max-image-preview:large","max-video-preview":"max-video-preview:-1"},"canonical":"https:\/\/www.gaveanews.com\/index.php\/2020\/10\/22\/gianni-infantino-cita-o-flamengo-e-destaca-me-interessa-o-mundial-interclubes\/","og_locale":"pt_BR","og_type":"article","og_title":"Gianni Infantino cita o Flamengo e destaca: \"Me interessa o Mundial interclubes\"","og_description":"Segundo Gianni, a ideia de aprimorar o Mundial Interclubes \u00e9 mais atrativo e seu projeto deve estar sendo realizado a partir de 2022.","og_url":"https:\/\/www.gaveanews.com\/index.php\/2020\/10\/22\/gianni-infantino-cita-o-flamengo-e-destaca-me-interessa-o-mundial-interclubes\/","og_site_name":"G\u00e1vea News","article_publisher":"https:\/\/facebook.com\/gaveaNews\/","article_published_time":"2020-10-22T21:55:07+00:00","article_modified_time":"2020-10-22T22:13:07+00:00","og_image":[{"url":"https:\/\/www.gaveanews.com\/wp-content\/uploads\/2019\/03\/Taca-do-Mundial-de-Clubes.webp","width":1,"height":1,"type":"image\/jpeg"}],"author":"Equipe G\u00e1vea News","twitter_card":"summary_large_image","twitter_misc":{"Escrito por":"Equipe G\u00e1vea News","Est. tempo de leitura":"2 minutos"},"schema":{"@context":"https:\/\/schema.org","@graph":[{"@type":"NewsArticle","@id":"https:\/\/www.gaveanews.com\/index.php\/2020\/10\/22\/gianni-infantino-cita-o-flamengo-e-destaca-me-interessa-o-mundial-interclubes\/#article","isPartOf":{"@id":"https:\/\/www.gaveanews.com\/index.php\/2020\/10\/22\/gianni-infantino-cita-o-flamengo-e-destaca-me-interessa-o-mundial-interclubes\/"},"author":{"name":"Equipe G\u00e1vea News","@id":"https:\/\/www.gaveanews.com\/#\/schema\/person\/2ec14f73fb96be2caf28f91afb14749d"},"headline":"Gianni Infantino cita o Flamengo e destaca: &#8220;Me interessa o Mundial interclubes&#8221;","datePublished":"2020-10-22T21:55:07+00:00","dateModified":"2020-10-22T22:13:07+00:00","mainEntityOfPage":{"@id":"https:\/\/www.gaveanews.com\/index.php\/2020\/10\/22\/gianni-infantino-cita-o-flamengo-e-destaca-me-interessa-o-mundial-interclubes\/"},"wordCount":376,"commentCount":13,"image":{"@id":"https:\/\/www.gaveanews.com\/index.php\/2020\/10\/22\/gianni-infantino-cita-o-flamengo-e-destaca-me-interessa-o-mundial-interclubes\/#primaryimage"},"thumbnailUrl":"https:\/\/www.gaveanews.com\/wp-content\/uploads\/2019\/03\/Taca-do-Mundial-de-Clubes.webp","articleSection":["Flamengo"],"inLanguage":"pt-BR","potentialAction":[{"@type":"CommentAction","name":"Comment","target":["https:\/\/www.gaveanews.com\/index.php\/2020\/10\/22\/gianni-infantino-cita-o-flamengo-e-destaca-me-interessa-o-mundial-interclubes\/#respond"]}],"copyrightYear":"2020","copyrightHolder":{"@id":"https:\/\/www.gaveanews.com\/#organization"}},{"@type":"WebPage","@id":"https:\/\/www.gaveanews.com\/index.php\/2020\/10\/22\/gianni-infantino-cita-o-flamengo-e-destaca-me-interessa-o-mundial-interclubes\/","url":"https:\/\/www.gaveanews.com\/index.php\/2020\/10\/22\/gianni-infantino-cita-o-flamengo-e-destaca-me-interessa-o-mundial-interclubes\/","name":"Infantino cita o Flamengo e destaca: \"Me interessa o Mundial interclubes\"","isPartOf":{"@id":"https:\/\/www.gaveanews.com\/#website"},"primaryImageOfPage":{"@id":"https:\/\/www.gaveanews.com\/index.php\/2020\/10\/22\/gianni-infantino-cita-o-flamengo-e-destaca-me-interessa-o-mundial-interclubes\/#primaryimage"},"image":{"@id":"https:\/\/www.gaveanews.com\/index.php\/2020\/10\/22\/gianni-infantino-cita-o-flamengo-e-destaca-me-interessa-o-mundial-interclubes\/#primaryimage"},"thumbnailUrl":"https:\/\/www.gaveanews.com\/wp-content\/uploads\/2019\/03\/Taca-do-Mundial-de-Clubes.webp","datePublished":"2020-10-22T21:55:07+00:00","dateModified":"2020-10-22T22:13:07+00:00","author":{"@id":"https:\/\/www.gaveanews.com\/#\/schema\/person\/2ec14f73fb96be2caf28f91afb14749d"},"description":"Segundo Gianni, a ideia de aprimorar o Mundial Interclubes \u00e9 mais atrativo e seu projeto deve estar sendo realizado a partir de 2022.","breadcrumb":{"@id":"https:\/\/www.gaveanews.com\/index.php\/2020\/10\/22\/gianni-infantino-cita-o-flamengo-e-destaca-me-interessa-o-mundial-interclubes\/#breadcrumb"},"inLanguage":"pt-BR","potentialAction":[{"@type":"ReadAction","target":["https:\/\/www.gaveanews.com\/index.php\/2020\/10\/22\/gianni-infantino-cita-o-flamengo-e-destaca-me-interessa-o-mundial-interclubes\/"]}]},{"@type":"ImageObject","inLanguage":"pt-BR","@id":"https:\/\/www.gaveanews.com\/index.php\/2020\/10\/22\/gianni-infantino-cita-o-flamengo-e-destaca-me-interessa-o-mundial-interclubes\/#primaryimage","url":"https:\/\/www.gaveanews.com\/wp-content\/uploads\/2019\/03\/Taca-do-Mundial-de-Clubes.webp","contentUrl":"https:\/\/www.gaveanews.com\/wp-content\/uploads\/2019\/03\/Taca-do-Mundial-de-Clubes.webp","width":900,"height":600,"caption":"Ta\u00e7a do Mundial de Clubes (Foto: Matthew Ashton\/Getty Images)"},{"@type":"BreadcrumbList","@id":"https:\/\/www.gaveanews.com\/index.php\/2020\/10\/22\/gianni-infantino-cita-o-flamengo-e-destaca-me-interessa-o-mundial-interclubes\/#breadcrumb","itemListElement":[{"@type":"ListItem","position":1,"name":"Home","item":"https:\/\/www.gaveanews.com\/"},{"@type":"ListItem","position":2,"name":"Gianni Infantino cita o Flamengo e destaca: &#8220;Me interessa o Mundial interclubes&#8221;"}]},{"@type":"WebSite","@id":"https:\/\/www.gaveanews.com\/#website","url":"https:\/\/www.gaveanews.com\/","name":"G\u00e1vea News","description":"Veja todas as not\u00edcias sobre o Flamengo: Contrata\u00e7\u00f5es, categorias de base, resultados das partidas, tabela de classifica\u00e7\u00e3o, pr\u00f3ximos jogos!","potentialAction":[{"@type":"SearchAction","target":{"@type":"EntryPoint","urlTemplate":"https:\/\/www.gaveanews.com\/?s={search_term_string}"},"query-input":{"@type":"PropertyValueSpecification","valueRequired":true,"valueName":"search_term_string"}}],"inLanguage":"pt-BR"},{"@type":"Person","@id":"https:\/\/www.gaveanews.com\/#\/schema\/person\/2ec14f73fb96be2caf28f91afb14749d","name":"Equipe G\u00e1vea News","image":{"@type":"ImageObject","inLanguage":"pt-BR","@id":"https:\/\/www.gaveanews.com\/#\/schema\/person\/image\/","url":"https:\/\/secure.gravatar.com\/avatar\/1e1956f1facbffd3f8fa53a326721950116b3b9dc9bd44939c01180fd4a745a9?s=96&d=mm&r=g","contentUrl":"https:\/\/secure.gravatar.com\/avatar\/1e1956f1facbffd3f8fa53a326721950116b3b9dc9bd44939c01180fd4a745a9?s=96&d=mm&r=g","caption":"Equipe G\u00e1vea News"}}]}},"_links":{"self":[{"href":"https:\/\/www.gaveanews.com\/index.php\/wp-json\/wp\/v2\/posts\/49827","targetHints":{"allow":["GET"]}}],"collection":[{"href":"https:\/\/www.gaveanews.com\/index.php\/wp-json\/wp\/v2\/posts"}],"about":[{"href":"https:\/\/www.gaveanews.com\/index.php\/wp-json\/wp\/v2\/types\/post"}],"author":[{"embeddable":true,"href":"https:\/\/www.gaveanews.com\/index.php\/wp-json\/wp\/v2\/users\/1"}],"replies":[{"embeddable":true,"href":"https:\/\/www.gaveanews.com\/index.php\/wp-json\/wp\/v2\/comments?post=49827"}],"version-history":[{"count":0,"href":"https:\/\/www.gaveanews.com\/index.php\/wp-json\/wp\/v2\/posts\/49827\/revisions"}],"wp:featuredmedia":[{"embeddable":true,"href":"https:\/\/www.gaveanews.com\/index.php\/wp-json\/wp\/v2\/media\/16221"}],"wp:attachment":[{"href":"https:\/\/www.gaveanews.com\/index.php\/wp-json\/wp\/v2\/media?parent=49827"}],"wp:term":[{"taxonomy":"category","embeddable":true,"href":"https:\/\/www.gaveanews.com\/index.php\/wp-json\/wp\/v2\/categories?post=49827"},{"taxonomy":"post_tag","embeddable":true,"href":"https:\/\/www.gaveanews.com\/index.php\/wp-json\/wp\/v2\/tags?post=49827"}],"curies":[{"name":"wp","href":"https:\/\/api.w.org\/{rel}","templated":true}]}}