{"id":49848,"date":"2020-10-23T00:07:25","date_gmt":"2020-10-23T03:07:25","guid":{"rendered":"https:\/\/www.gaveanews.com\/?p=49848"},"modified":"2020-10-23T00:09:56","modified_gmt":"2020-10-23T03:09:56","slug":"narrador-exalta-flamengo-apos-vitoria-na-libertadores-tem-pegada-de-campeao","status":"publish","type":"post","link":"https:\/\/www.gaveanews.com\/index.php\/2020\/10\/23\/narrador-exalta-flamengo-apos-vitoria-na-libertadores-tem-pegada-de-campeao\/","title":{"rendered":"Narrador exalta Flamengo ap\u00f3s vit\u00f3ria na Libertadores: \u2018Tem pegada de campe\u00e3o\u2019"},"content":{"rendered":"\n<p>Mesmo atuando com uma equipe praticamente reserva, o Flamengo n\u00e3o tomou conhecimento do Junior Barranquilla e venceu o time colombiano por 3 a 1, na noite da \u00faltima quarta-feira (21), na \u00faltima rodada da fase de grupos da Copa Libertadores da Am\u00e9rica. Com o resultado, o time se classificou para as oitavas de final do torneio na primeira posi\u00e7\u00e3o do Grupo A, dando sequ\u00eancia ao bom momento na temporada. Durante o programa Esporte em Discuss\u00e3o, do Grupo Jovem Pan, o narrador Nilson Cesar exaltou a equipe rubro-negra, que tamb\u00e9m \u00e9 vice-l\u00edder do Campeonato Brasileiro.<\/p>\n\n\n\n<p>\u201cPegada de campe\u00e3o. O Flamengo tem mais pegada de campe\u00e3o. Voc\u00ea sente que pode deslanchar e ser campe\u00e3o. Entre Atl\u00e9tico-MG e Flamengo, quem voc\u00ea acredita mais que possa ser campe\u00e3o? Eu acredito no Flamengo. \u00c9 isso que falta aos outros clubes do Brasil. O Palmeiras n\u00e3o tem. Essa \u00e9 a realidade. Quem est\u00e1 sobrando chama-se Clube de Regatas do Flamengo, que trocou de t\u00e9cnico, teve uma fase de transi\u00e7\u00e3o com o Dome e olha onde est\u00e1 agora\u201d, opinou Nilson Cesar, na edi\u00e7\u00e3o do programa da Jovem Pan nesta quinta-feira (22). <\/p>\n\n\n\n<p>\u201cO elenco \u00e9 bom demais. Deu uma engrenada legal e est\u00e1 dando gosto de ver o time jogar. \u00d4 molecada boa! Vai ter o River Plate como grande advers\u00e1rio na Libertadores de novo. Ali\u00e1s, espero que a final seja entre os dois mais uma vez\u201d, completou.<\/p>\n\n\n\n<figure class=\"wp-block-embed-youtube wp-block-embed is-type-video is-provider-youtube wp-embed-aspect-16-9 wp-has-aspect-ratio\"><div class=\"wp-block-embed__wrapper\">\n<iframe loading=\"lazy\" title=\"&quot;O Flamengo tem PEGADA DE CAMPE\u00c3O!&quot; Narrador D\u00c1 AULA, e Vampeta S\u00d3 ESCUTA!\" width=\"640\" height=\"360\" src=\"https:\/\/www.youtube.com\/embed\/8I7pDV3xc8I?feature=oembed\" frameborder=\"0\" allow=\"accelerometer; autoplay; clipboard-write; encrypted-media; gyroscope; picture-in-picture; web-share\" referrerpolicy=\"strict-origin-when-cross-origin\" allowfullscreen><\/iframe>\n<\/div><\/figure>\n\n\n\n<p>O Flamengo \u00e9 o segundo colocado do Brasileir\u00e3o com os mesmos 34 pontos do Internacional, que leva vantagem no crit\u00e9rio de desempate. No pr\u00f3ximo domingo (25), rubro-negros e colorados se enfrentam a partir das 18h15, no Beira-Rio, em jogo que vale a lideran\u00e7a. J\u00e1 na Libertadores, o grupo liderado por Dom\u00e8nec Torrent aguarda o sorteio da Conmebol, marcado para esta sexta-feira (23), para saber quem ser\u00e1 o seu advers\u00e1rio nas oitavas.<\/p>\n\n\n\n<p>Retirado de: Jovem Pan<\/p>\n","protected":false},"excerpt":{"rendered":"<p>Mesmo atuando com uma equipe praticamente reserva, o Flamengo n\u00e3o tomou conhecimento do Junior Barranquilla e venceu o time colombiano por 3 a 1, na noite da \u00faltima quarta-feira (21), na \u00faltima rodada da fase de grupos da Copa Libertadores da Am\u00e9rica. Com o resultado, o time se classificou para as oitavas de final do [&hellip;]<\/p>\n","protected":false},"author":1,"featured_media":49764,"comment_status":"open","ping_status":"closed","sticky":false,"template":"","format":"standard","meta":{"footnotes":""},"categories":[40],"tags":[],"class_list":["post-49848","post","type-post","status-publish","format-standard","has-post-thumbnail","hentry","category-video"],"yoast_head":"<!-- This site is optimized with the Yoast SEO Premium plugin v24.2 (Yoast SEO v26.9) - https:\/\/yoast.com\/product\/yoast-seo-premium-wordpress\/ -->\n<title>Narrador exalta Flamengo ap\u00f3s vit\u00f3ria na Libertadores<\/title>\n<meta name=\"robots\" content=\"index, follow, max-snippet:-1, max-image-preview:large, max-video-preview:-1\" \/>\n<link rel=\"canonical\" href=\"https:\/\/www.gaveanews.com\/index.php\/2020\/10\/23\/narrador-exalta-flamengo-apos-vitoria-na-libertadores-tem-pegada-de-campeao\/\" \/>\n<meta property=\"og:locale\" content=\"pt_BR\" \/>\n<meta property=\"og:type\" content=\"article\" \/>\n<meta property=\"og:title\" content=\"Narrador exalta Flamengo ap\u00f3s vit\u00f3ria na Libertadores: \u2018Tem pegada de campe\u00e3o\u2019\" \/>\n<meta property=\"og:description\" content=\"Mesmo atuando com uma equipe praticamente reserva, o Flamengo n\u00e3o tomou conhecimento do Junior Barranquilla e venceu o time colombiano por 3 a 1, na noite da \u00faltima quarta-feira (21), na \u00faltima rodada da fase de grupos da Copa Libertadores da Am\u00e9rica. Com o resultado, o time se classificou para as oitavas de final do [&hellip;]\" \/>\n<meta property=\"og:url\" content=\"https:\/\/www.gaveanews.com\/index.php\/2020\/10\/23\/narrador-exalta-flamengo-apos-vitoria-na-libertadores-tem-pegada-de-campeao\/\" \/>\n<meta property=\"og:site_name\" content=\"G\u00e1vea News\" \/>\n<meta property=\"article:publisher\" content=\"https:\/\/facebook.com\/gaveaNews\/\" \/>\n<meta property=\"article:published_time\" content=\"2020-10-23T03:07:25+00:00\" \/>\n<meta property=\"article:modified_time\" content=\"2020-10-23T03:09:56+00:00\" \/>\n<meta property=\"og:image\" content=\"https:\/\/www.gaveanews.com\/wp-content\/uploads\/Thuler-e-Leo-Pereira-em-acao-pelo-Flamengo-na-Libertadores-contra-Jr-Barranquilla.webp\" \/>\n\t<meta property=\"og:image:width\" content=\"799\" \/>\n\t<meta property=\"og:image:height\" content=\"532\" \/>\n\t<meta property=\"og:image:type\" content=\"image\/jpeg\" \/>\n<meta name=\"author\" content=\"Equipe G\u00e1vea News\" \/>\n<meta name=\"twitter:card\" content=\"summary_large_image\" \/>\n<meta name=\"twitter:label1\" content=\"Escrito por\" \/>\n\t<meta name=\"twitter:data1\" content=\"Equipe G\u00e1vea News\" \/>\n\t<meta name=\"twitter:label2\" content=\"Est. tempo de leitura\" \/>\n\t<meta name=\"twitter:data2\" content=\"2 minutos\" \/>\n<script type=\"application\/ld+json\" class=\"yoast-schema-graph\">{\"@context\":\"https:\/\/schema.org\",\"@graph\":[{\"@type\":\"NewsArticle\",\"@id\":\"https:\/\/www.gaveanews.com\/index.php\/2020\/10\/23\/narrador-exalta-flamengo-apos-vitoria-na-libertadores-tem-pegada-de-campeao\/#article\",\"isPartOf\":{\"@id\":\"https:\/\/www.gaveanews.com\/index.php\/2020\/10\/23\/narrador-exalta-flamengo-apos-vitoria-na-libertadores-tem-pegada-de-campeao\/\"},\"author\":{\"name\":\"Equipe G\u00e1vea News\",\"@id\":\"https:\/\/www.gaveanews.com\/#\/schema\/person\/2ec14f73fb96be2caf28f91afb14749d\"},\"headline\":\"Narrador exalta Flamengo ap\u00f3s vit\u00f3ria na Libertadores: \u2018Tem pegada de campe\u00e3o\u2019\",\"datePublished\":\"2020-10-23T03:07:25+00:00\",\"dateModified\":\"2020-10-23T03:09:56+00:00\",\"mainEntityOfPage\":{\"@id\":\"https:\/\/www.gaveanews.com\/index.php\/2020\/10\/23\/narrador-exalta-flamengo-apos-vitoria-na-libertadores-tem-pegada-de-campeao\/\"},\"wordCount\":344,\"commentCount\":0,\"image\":{\"@id\":\"https:\/\/www.gaveanews.com\/index.php\/2020\/10\/23\/narrador-exalta-flamengo-apos-vitoria-na-libertadores-tem-pegada-de-campeao\/#primaryimage\"},\"thumbnailUrl\":\"https:\/\/www.gaveanews.com\/wp-content\/uploads\/Thuler-e-Leo-Pereira-em-acao-pelo-Flamengo-na-Libertadores-contra-Jr-Barranquilla.webp\",\"articleSection\":[\"V\u00eddeos\"],\"inLanguage\":\"pt-BR\",\"potentialAction\":[{\"@type\":\"CommentAction\",\"name\":\"Comment\",\"target\":[\"https:\/\/www.gaveanews.com\/index.php\/2020\/10\/23\/narrador-exalta-flamengo-apos-vitoria-na-libertadores-tem-pegada-de-campeao\/#respond\"]}],\"copyrightYear\":\"2020\",\"copyrightHolder\":{\"@id\":\"https:\/\/www.gaveanews.com\/#organization\"}},{\"@type\":\"WebPage\",\"@id\":\"https:\/\/www.gaveanews.com\/index.php\/2020\/10\/23\/narrador-exalta-flamengo-apos-vitoria-na-libertadores-tem-pegada-de-campeao\/\",\"url\":\"https:\/\/www.gaveanews.com\/index.php\/2020\/10\/23\/narrador-exalta-flamengo-apos-vitoria-na-libertadores-tem-pegada-de-campeao\/\",\"name\":\"Narrador exalta Flamengo ap\u00f3s vit\u00f3ria na Libertadores\",\"isPartOf\":{\"@id\":\"https:\/\/www.gaveanews.com\/#website\"},\"primaryImageOfPage\":{\"@id\":\"https:\/\/www.gaveanews.com\/index.php\/2020\/10\/23\/narrador-exalta-flamengo-apos-vitoria-na-libertadores-tem-pegada-de-campeao\/#primaryimage\"},\"image\":{\"@id\":\"https:\/\/www.gaveanews.com\/index.php\/2020\/10\/23\/narrador-exalta-flamengo-apos-vitoria-na-libertadores-tem-pegada-de-campeao\/#primaryimage\"},\"thumbnailUrl\":\"https:\/\/www.gaveanews.com\/wp-content\/uploads\/Thuler-e-Leo-Pereira-em-acao-pelo-Flamengo-na-Libertadores-contra-Jr-Barranquilla.webp\",\"datePublished\":\"2020-10-23T03:07:25+00:00\",\"dateModified\":\"2020-10-23T03:09:56+00:00\",\"author\":{\"@id\":\"https:\/\/www.gaveanews.com\/#\/schema\/person\/2ec14f73fb96be2caf28f91afb14749d\"},\"breadcrumb\":{\"@id\":\"https:\/\/www.gaveanews.com\/index.php\/2020\/10\/23\/narrador-exalta-flamengo-apos-vitoria-na-libertadores-tem-pegada-de-campeao\/#breadcrumb\"},\"inLanguage\":\"pt-BR\",\"potentialAction\":[{\"@type\":\"ReadAction\",\"target\":[\"https:\/\/www.gaveanews.com\/index.php\/2020\/10\/23\/narrador-exalta-flamengo-apos-vitoria-na-libertadores-tem-pegada-de-campeao\/\"]}]},{\"@type\":\"ImageObject\",\"inLanguage\":\"pt-BR\",\"@id\":\"https:\/\/www.gaveanews.com\/index.php\/2020\/10\/23\/narrador-exalta-flamengo-apos-vitoria-na-libertadores-tem-pegada-de-campeao\/#primaryimage\",\"url\":\"https:\/\/www.gaveanews.com\/wp-content\/uploads\/Thuler-e-Leo-Pereira-em-acao-pelo-Flamengo-na-Libertadores-contra-Jr-Barranquilla.webp\",\"contentUrl\":\"https:\/\/www.gaveanews.com\/wp-content\/uploads\/Thuler-e-Leo-Pereira-em-acao-pelo-Flamengo-na-Libertadores-contra-Jr-Barranquilla.webp\",\"width\":799,\"height\":532,\"caption\":\"Matheus Thuler e L\u00e9o Pereira em a\u00e7\u00e3o pelo Flamengo na Libertadores contra Jr Barranquilla (Foto: Marcelo Cortes\/Flamengo)\"},{\"@type\":\"BreadcrumbList\",\"@id\":\"https:\/\/www.gaveanews.com\/index.php\/2020\/10\/23\/narrador-exalta-flamengo-apos-vitoria-na-libertadores-tem-pegada-de-campeao\/#breadcrumb\",\"itemListElement\":[{\"@type\":\"ListItem\",\"position\":1,\"name\":\"Home\",\"item\":\"https:\/\/www.gaveanews.com\/\"},{\"@type\":\"ListItem\",\"position\":2,\"name\":\"Narrador exalta Flamengo ap\u00f3s vit\u00f3ria na Libertadores: \u2018Tem pegada de campe\u00e3o\u2019\"}]},{\"@type\":\"WebSite\",\"@id\":\"https:\/\/www.gaveanews.com\/#website\",\"url\":\"https:\/\/www.gaveanews.com\/\",\"name\":\"G\u00e1vea News\",\"description\":\"Veja todas as not\u00edcias sobre o Flamengo: Contrata\u00e7\u00f5es, categorias de base, resultados das partidas, tabela de classifica\u00e7\u00e3o, pr\u00f3ximos jogos!\",\"potentialAction\":[{\"@type\":\"SearchAction\",\"target\":{\"@type\":\"EntryPoint\",\"urlTemplate\":\"https:\/\/www.gaveanews.com\/?s={search_term_string}\"},\"query-input\":{\"@type\":\"PropertyValueSpecification\",\"valueRequired\":true,\"valueName\":\"search_term_string\"}}],\"inLanguage\":\"pt-BR\"},{\"@type\":\"Person\",\"@id\":\"https:\/\/www.gaveanews.com\/#\/schema\/person\/2ec14f73fb96be2caf28f91afb14749d\",\"name\":\"Equipe G\u00e1vea News\",\"image\":{\"@type\":\"ImageObject\",\"inLanguage\":\"pt-BR\",\"@id\":\"https:\/\/www.gaveanews.com\/#\/schema\/person\/image\/\",\"url\":\"https:\/\/secure.gravatar.com\/avatar\/1e1956f1facbffd3f8fa53a326721950116b3b9dc9bd44939c01180fd4a745a9?s=96&d=mm&r=g\",\"contentUrl\":\"https:\/\/secure.gravatar.com\/avatar\/1e1956f1facbffd3f8fa53a326721950116b3b9dc9bd44939c01180fd4a745a9?s=96&d=mm&r=g\",\"caption\":\"Equipe G\u00e1vea News\"}}]}<\/script>\n<!-- \/ Yoast SEO Premium plugin. -->","yoast_head_json":{"title":"Narrador exalta Flamengo ap\u00f3s vit\u00f3ria na Libertadores","robots":{"index":"index","follow":"follow","max-snippet":"max-snippet:-1","max-image-preview":"max-image-preview:large","max-video-preview":"max-video-preview:-1"},"canonical":"https:\/\/www.gaveanews.com\/index.php\/2020\/10\/23\/narrador-exalta-flamengo-apos-vitoria-na-libertadores-tem-pegada-de-campeao\/","og_locale":"pt_BR","og_type":"article","og_title":"Narrador exalta Flamengo ap\u00f3s vit\u00f3ria na Libertadores: \u2018Tem pegada de campe\u00e3o\u2019","og_description":"Mesmo atuando com uma equipe praticamente reserva, o Flamengo n\u00e3o tomou conhecimento do Junior Barranquilla e venceu o time colombiano por 3 a 1, na noite da \u00faltima quarta-feira (21), na \u00faltima rodada da fase de grupos da Copa Libertadores da Am\u00e9rica. Com o resultado, o time se classificou para as oitavas de final do [&hellip;]","og_url":"https:\/\/www.gaveanews.com\/index.php\/2020\/10\/23\/narrador-exalta-flamengo-apos-vitoria-na-libertadores-tem-pegada-de-campeao\/","og_site_name":"G\u00e1vea News","article_publisher":"https:\/\/facebook.com\/gaveaNews\/","article_published_time":"2020-10-23T03:07:25+00:00","article_modified_time":"2020-10-23T03:09:56+00:00","og_image":[{"width":799,"height":532,"url":"https:\/\/www.gaveanews.com\/wp-content\/uploads\/Thuler-e-Leo-Pereira-em-acao-pelo-Flamengo-na-Libertadores-contra-Jr-Barranquilla.webp","type":"image\/jpeg"}],"author":"Equipe G\u00e1vea News","twitter_card":"summary_large_image","twitter_misc":{"Escrito por":"Equipe G\u00e1vea News","Est. tempo de leitura":"2 minutos"},"schema":{"@context":"https:\/\/schema.org","@graph":[{"@type":"NewsArticle","@id":"https:\/\/www.gaveanews.com\/index.php\/2020\/10\/23\/narrador-exalta-flamengo-apos-vitoria-na-libertadores-tem-pegada-de-campeao\/#article","isPartOf":{"@id":"https:\/\/www.gaveanews.com\/index.php\/2020\/10\/23\/narrador-exalta-flamengo-apos-vitoria-na-libertadores-tem-pegada-de-campeao\/"},"author":{"name":"Equipe G\u00e1vea News","@id":"https:\/\/www.gaveanews.com\/#\/schema\/person\/2ec14f73fb96be2caf28f91afb14749d"},"headline":"Narrador exalta Flamengo ap\u00f3s vit\u00f3ria na Libertadores: \u2018Tem pegada de campe\u00e3o\u2019","datePublished":"2020-10-23T03:07:25+00:00","dateModified":"2020-10-23T03:09:56+00:00","mainEntityOfPage":{"@id":"https:\/\/www.gaveanews.com\/index.php\/2020\/10\/23\/narrador-exalta-flamengo-apos-vitoria-na-libertadores-tem-pegada-de-campeao\/"},"wordCount":344,"commentCount":0,"image":{"@id":"https:\/\/www.gaveanews.com\/index.php\/2020\/10\/23\/narrador-exalta-flamengo-apos-vitoria-na-libertadores-tem-pegada-de-campeao\/#primaryimage"},"thumbnailUrl":"https:\/\/www.gaveanews.com\/wp-content\/uploads\/Thuler-e-Leo-Pereira-em-acao-pelo-Flamengo-na-Libertadores-contra-Jr-Barranquilla.webp","articleSection":["V\u00eddeos"],"inLanguage":"pt-BR","potentialAction":[{"@type":"CommentAction","name":"Comment","target":["https:\/\/www.gaveanews.com\/index.php\/2020\/10\/23\/narrador-exalta-flamengo-apos-vitoria-na-libertadores-tem-pegada-de-campeao\/#respond"]}],"copyrightYear":"2020","copyrightHolder":{"@id":"https:\/\/www.gaveanews.com\/#organization"}},{"@type":"WebPage","@id":"https:\/\/www.gaveanews.com\/index.php\/2020\/10\/23\/narrador-exalta-flamengo-apos-vitoria-na-libertadores-tem-pegada-de-campeao\/","url":"https:\/\/www.gaveanews.com\/index.php\/2020\/10\/23\/narrador-exalta-flamengo-apos-vitoria-na-libertadores-tem-pegada-de-campeao\/","name":"Narrador exalta Flamengo ap\u00f3s vit\u00f3ria na Libertadores","isPartOf":{"@id":"https:\/\/www.gaveanews.com\/#website"},"primaryImageOfPage":{"@id":"https:\/\/www.gaveanews.com\/index.php\/2020\/10\/23\/narrador-exalta-flamengo-apos-vitoria-na-libertadores-tem-pegada-de-campeao\/#primaryimage"},"image":{"@id":"https:\/\/www.gaveanews.com\/index.php\/2020\/10\/23\/narrador-exalta-flamengo-apos-vitoria-na-libertadores-tem-pegada-de-campeao\/#primaryimage"},"thumbnailUrl":"https:\/\/www.gaveanews.com\/wp-content\/uploads\/Thuler-e-Leo-Pereira-em-acao-pelo-Flamengo-na-Libertadores-contra-Jr-Barranquilla.webp","datePublished":"2020-10-23T03:07:25+00:00","dateModified":"2020-10-23T03:09:56+00:00","author":{"@id":"https:\/\/www.gaveanews.com\/#\/schema\/person\/2ec14f73fb96be2caf28f91afb14749d"},"breadcrumb":{"@id":"https:\/\/www.gaveanews.com\/index.php\/2020\/10\/23\/narrador-exalta-flamengo-apos-vitoria-na-libertadores-tem-pegada-de-campeao\/#breadcrumb"},"inLanguage":"pt-BR","potentialAction":[{"@type":"ReadAction","target":["https:\/\/www.gaveanews.com\/index.php\/2020\/10\/23\/narrador-exalta-flamengo-apos-vitoria-na-libertadores-tem-pegada-de-campeao\/"]}]},{"@type":"ImageObject","inLanguage":"pt-BR","@id":"https:\/\/www.gaveanews.com\/index.php\/2020\/10\/23\/narrador-exalta-flamengo-apos-vitoria-na-libertadores-tem-pegada-de-campeao\/#primaryimage","url":"https:\/\/www.gaveanews.com\/wp-content\/uploads\/Thuler-e-Leo-Pereira-em-acao-pelo-Flamengo-na-Libertadores-contra-Jr-Barranquilla.webp","contentUrl":"https:\/\/www.gaveanews.com\/wp-content\/uploads\/Thuler-e-Leo-Pereira-em-acao-pelo-Flamengo-na-Libertadores-contra-Jr-Barranquilla.webp","width":799,"height":532,"caption":"Matheus Thuler e L\u00e9o Pereira em a\u00e7\u00e3o pelo Flamengo na Libertadores contra Jr Barranquilla (Foto: Marcelo Cortes\/Flamengo)"},{"@type":"BreadcrumbList","@id":"https:\/\/www.gaveanews.com\/index.php\/2020\/10\/23\/narrador-exalta-flamengo-apos-vitoria-na-libertadores-tem-pegada-de-campeao\/#breadcrumb","itemListElement":[{"@type":"ListItem","position":1,"name":"Home","item":"https:\/\/www.gaveanews.com\/"},{"@type":"ListItem","position":2,"name":"Narrador exalta Flamengo ap\u00f3s vit\u00f3ria na Libertadores: \u2018Tem pegada de campe\u00e3o\u2019"}]},{"@type":"WebSite","@id":"https:\/\/www.gaveanews.com\/#website","url":"https:\/\/www.gaveanews.com\/","name":"G\u00e1vea News","description":"Veja todas as not\u00edcias sobre o Flamengo: Contrata\u00e7\u00f5es, categorias de base, resultados das partidas, tabela de classifica\u00e7\u00e3o, pr\u00f3ximos jogos!","potentialAction":[{"@type":"SearchAction","target":{"@type":"EntryPoint","urlTemplate":"https:\/\/www.gaveanews.com\/?s={search_term_string}"},"query-input":{"@type":"PropertyValueSpecification","valueRequired":true,"valueName":"search_term_string"}}],"inLanguage":"pt-BR"},{"@type":"Person","@id":"https:\/\/www.gaveanews.com\/#\/schema\/person\/2ec14f73fb96be2caf28f91afb14749d","name":"Equipe G\u00e1vea News","image":{"@type":"ImageObject","inLanguage":"pt-BR","@id":"https:\/\/www.gaveanews.com\/#\/schema\/person\/image\/","url":"https:\/\/secure.gravatar.com\/avatar\/1e1956f1facbffd3f8fa53a326721950116b3b9dc9bd44939c01180fd4a745a9?s=96&d=mm&r=g","contentUrl":"https:\/\/secure.gravatar.com\/avatar\/1e1956f1facbffd3f8fa53a326721950116b3b9dc9bd44939c01180fd4a745a9?s=96&d=mm&r=g","caption":"Equipe G\u00e1vea News"}}]}},"_links":{"self":[{"href":"https:\/\/www.gaveanews.com\/index.php\/wp-json\/wp\/v2\/posts\/49848","targetHints":{"allow":["GET"]}}],"collection":[{"href":"https:\/\/www.gaveanews.com\/index.php\/wp-json\/wp\/v2\/posts"}],"about":[{"href":"https:\/\/www.gaveanews.com\/index.php\/wp-json\/wp\/v2\/types\/post"}],"author":[{"embeddable":true,"href":"https:\/\/www.gaveanews.com\/index.php\/wp-json\/wp\/v2\/users\/1"}],"replies":[{"embeddable":true,"href":"https:\/\/www.gaveanews.com\/index.php\/wp-json\/wp\/v2\/comments?post=49848"}],"version-history":[{"count":0,"href":"https:\/\/www.gaveanews.com\/index.php\/wp-json\/wp\/v2\/posts\/49848\/revisions"}],"wp:featuredmedia":[{"embeddable":true,"href":"https:\/\/www.gaveanews.com\/index.php\/wp-json\/wp\/v2\/media\/49764"}],"wp:attachment":[{"href":"https:\/\/www.gaveanews.com\/index.php\/wp-json\/wp\/v2\/media?parent=49848"}],"wp:term":[{"taxonomy":"category","embeddable":true,"href":"https:\/\/www.gaveanews.com\/index.php\/wp-json\/wp\/v2\/categories?post=49848"},{"taxonomy":"post_tag","embeddable":true,"href":"https:\/\/www.gaveanews.com\/index.php\/wp-json\/wp\/v2\/tags?post=49848"}],"curies":[{"name":"wp","href":"https:\/\/api.w.org\/{rel}","templated":true}]}}