{"id":49865,"date":"2020-10-23T06:45:43","date_gmt":"2020-10-23T09:45:43","guid":{"rendered":"https:\/\/www.gaveanews.com\/?p=49865"},"modified":"2020-10-23T02:28:45","modified_gmt":"2020-10-23T05:28:45","slug":"flamengo-emite-nota-oficial-e-rebate-jornalista","status":"publish","type":"post","link":"https:\/\/www.gaveanews.com\/index.php\/2020\/10\/23\/flamengo-emite-nota-oficial-e-rebate-jornalista\/","title":{"rendered":"Flamengo emite nota oficial e rebate jornalista"},"content":{"rendered":"\n<p>Na noite da \u00faltima quinta-feira (22 de outubro), o Flamengo, atrav\u00e9s de seu site, publicou uma nota oficial para rebater uma informa\u00e7\u00e3o divulgada pelo jornalista Rodrigo Mattos. Em sua coluna, no portal UOL, Rodrigo afirmou que o Flamengo posicionou-se de maneira contr\u00e1ria a uma poss\u00edvel negocia\u00e7\u00e3o coletiva dos direitos de transmiss\u00e3o do Campeonato Brasileiro. <\/p>\n\n\n\n<p>Todavia, de acordo com a texto divulgado pelo Flamengo, tal informa\u00e7\u00e3o n\u00e3o procede. O rubro-negro ainda fez quest\u00e3o de frisar que n\u00e3o h\u00e1 qualquer diverg\u00eancia com os demais times e que tais quest\u00f5es precisam ser amadurecidas, uma vez, que neste momento, elas s\u00e3o superficiais.<\/p>\n\n\n\n<h3 class=\"wp-block-heading\">Leia a nota completa abaixo:<\/h3>\n\n\n\n<p>Na \u00faltima ter\u00e7a-feira (20), foi publicado, no site UOL, um artigo com a seguinte manchete: \u201cCade: Palmeiras e sete times apoiam acordo coletivo de TV, Flamengo diverge\u201d. O Clube de Regatas do Flamengo vem a p\u00fablico esclarecer que o conte\u00fado do texto em quest\u00e3o \u00e9 tendencioso e altera a realidade dos fatos, uma vez que n\u00e3o traduz com fidelidade a manifesta\u00e7\u00e3o do Flamengo perante o CADE (Conselho Administrativo de Defesa Econ\u00f4mica), j\u00e1 que n\u00e3o h\u00e1 diverg\u00eancia efetiva.<\/p>\n\n\n\n<p>O Flamengo n\u00e3o tem absolutamente nada contra a negocia\u00e7\u00e3o coletiva, mas ressalta que a liberdade de cada clube em negociar seus direitos \u00e9 um marco zero e fundamental e deveria ser protegido pela legisla\u00e7\u00e3o. A liberdade \u00e9 essencial para que n\u00e3o aconte\u00e7am situa\u00e7\u00f5es como a que aconteceu no Campeonato Carioca, em que o Flamengo estava aprisionado a um contrato que n\u00e3o assinou, apenas porque todos os demais clubes assinaram.<\/p>\n\n\n\n<p>Em suas respostas, o Flamengo deixou bem claro que apresentava um ponto de vista inicial e superficial, que precisava ser amadurecido, refor\u00e7ando que tratava-se de uma nova legisla\u00e7\u00e3o e que, somente ao longo de um tempo maior de experi\u00eancia, seria poss\u00edvel concluir qual \u00e9 o modelo mais vantajoso para os clubes. Ocorre que, apesar de toda cautela do Flamengo em responder ao CADE, sem se comprometer com modelos novos no Brasil e ainda desconhecidos, n\u00e3o foi esse o tratamento dado por quem redigiu a coluna, que indevidamente concluiu, por conta pr\u00f3pria, entendimento diverso do foi passado pelo Clube, o que pode gerar uma compreens\u00e3o indevida aos clubes coirm\u00e3os e \u00e0 sociedade como um todo.<br>\u00c9 importante transcrever a manifesta\u00e7\u00e3o do Flamengo para que se verifique n\u00e3o haver posi\u00e7\u00e3o preconcebida contra ou a favor de qualquer tipo de negocia\u00e7\u00e3o, mas v\u00e1rias ressalvas de que o Clube ainda n\u00e3o tem posi\u00e7\u00e3o completamente formada:<\/p>\n\n\n\n<p><em>\u201cDo ponto de vista principiol\u00f3gico, parece ser mais rent\u00e1vel aos clubes o modelo de negocia\u00e7\u00e3o direta, ou seja, aquele em que o Clube possui liberdade e autonomia para negociar diretamente os seus direitos com empresas interessadas em transmitir os seus jogos, e de forma individual, no qual o mandante da partida negocia os seus direitos. Esses modelos, inclusive, s\u00e3o os adotados em outros pa\u00edses, em especial os europeus, e em ligas mais modernas. N\u00e3o obstante, n\u00e3o h\u00e1 uma obje\u00e7\u00e3o \u00e0 negocia\u00e7\u00e3o coletiva, desde que o clube tenha liberdade de n\u00e3o participar dela, se assim o desejar. A liberdade de negocia\u00e7\u00e3o \u00e9 um ativo fundamental para os clubes, que os fortalece perante os adquirentes de direitos de transmiss\u00e3o. Destaca-se que essa \u00e9 uma vis\u00e3o inicial e superficial, pois h\u00e1 anos adota-se em territ\u00f3rio nacional modelo diverso e somente h\u00e1 poucos meses se tornou poss\u00edvel negociar dessa forma no Brasil, em raz\u00e3o da altera\u00e7\u00e3o trazida pela MP 984\/2020. Tudo indica que, com o amadurecimento desses modelos em territ\u00f3rio nacional, seja de fato mais rent\u00e1vel e vantajoso, mas, por cautela, o Flamengo refor\u00e7a que somente ao longo do tempo ser\u00e1 poss\u00edvel constatar o melhor modelo a ser adotado\u201d.<\/em><\/p>\n\n\n\n<p>\u00c9 injusta, portanto, a coluna, que exp\u00f5e o Flamengo afirmando uma suposta diverg\u00eancia do Clube com as demais agremia\u00e7\u00f5es, o que n\u00e3o existe. A manifesta\u00e7\u00e3o ao CADE n\u00e3o traduz a posi\u00e7\u00e3o efetiva do clube nem autoriza concluir haver uma diverg\u00eancia. Teria sido prudente ouvir a dire\u00e7\u00e3o antes da publica\u00e7\u00e3o do artigo. A posi\u00e7\u00e3o efetiva do Flamengo que vale registrar \u00e9 de que a uni\u00e3o dos clubes \u00e9 t\u00e3o importante quanto a sua liberdade, eis que quem \u00e9 livre quando busca a uni\u00e3o o faz com muito mais propriedade, consci\u00eancia e prazer. O Flamengo \u00e9 totalmente a favor da uni\u00e3o comercial dos clubes, ficando a competi\u00e7\u00e3o restrita ao campo desportivo.<\/p>\n","protected":false},"excerpt":{"rendered":"<p>Na noite da \u00faltima quinta-feira (22 de outubro), o Flamengo, atrav\u00e9s de seu site, publicou uma nota oficial para rebater uma informa\u00e7\u00e3o divulgada pelo jornalista Rodrigo Mattos. Em sua coluna, no portal UOL, Rodrigo afirmou que o Flamengo posicionou-se de maneira contr\u00e1ria a uma poss\u00edvel negocia\u00e7\u00e3o coletiva dos direitos de transmiss\u00e3o do Campeonato Brasileiro. Todavia, [&hellip;]<\/p>\n","protected":false},"author":1,"featured_media":15077,"comment_status":"open","ping_status":"closed","sticky":false,"template":"","format":"standard","meta":{"footnotes":""},"categories":[47],"tags":[],"class_list":["post-49865","post","type-post","status-publish","format-standard","has-post-thumbnail","hentry","category-destaques"],"yoast_head":"<!-- This site is optimized with the Yoast SEO Premium plugin v24.2 (Yoast SEO v26.9) - https:\/\/yoast.com\/product\/yoast-seo-premium-wordpress\/ -->\n<title>Flamengo emite nota oficial e rebate jornalista<\/title>\n<meta name=\"description\" content=\"O Flamengo, atrav\u00e9s de seu site, publicou uma nota oficial para rebater uma informa\u00e7\u00e3o divulgada pelo jornalista Rodrigo Mattos.\" \/>\n<meta name=\"robots\" content=\"index, follow, max-snippet:-1, max-image-preview:large, max-video-preview:-1\" \/>\n<link rel=\"canonical\" href=\"https:\/\/www.gaveanews.com\/index.php\/2020\/10\/23\/flamengo-emite-nota-oficial-e-rebate-jornalista\/\" \/>\n<meta property=\"og:locale\" content=\"pt_BR\" \/>\n<meta property=\"og:type\" content=\"article\" \/>\n<meta property=\"og:title\" content=\"Flamengo emite nota oficial e rebate jornalista\" \/>\n<meta property=\"og:description\" content=\"O Flamengo, atrav\u00e9s de seu site, publicou uma nota oficial para rebater uma informa\u00e7\u00e3o divulgada pelo jornalista Rodrigo Mattos.\" \/>\n<meta property=\"og:url\" content=\"https:\/\/www.gaveanews.com\/index.php\/2020\/10\/23\/flamengo-emite-nota-oficial-e-rebate-jornalista\/\" \/>\n<meta property=\"og:site_name\" content=\"G\u00e1vea News\" \/>\n<meta property=\"article:publisher\" content=\"https:\/\/facebook.com\/gaveaNews\/\" \/>\n<meta property=\"article:published_time\" content=\"2020-10-23T09:45:43+00:00\" \/>\n<meta property=\"og:image\" content=\"https:\/\/www.gaveanews.com\/wp-content\/uploads\/2019\/03\/Rodolfo-Landim-durante-entrevista-coletiva-na-Gavea.webp\" \/>\n\t<meta property=\"og:image:width\" content=\"1\" \/>\n\t<meta property=\"og:image:height\" content=\"1\" \/>\n\t<meta property=\"og:image:type\" content=\"image\/jpeg\" \/>\n<meta name=\"author\" content=\"Equipe G\u00e1vea News\" \/>\n<meta name=\"twitter:card\" content=\"summary_large_image\" \/>\n<meta name=\"twitter:label1\" content=\"Escrito por\" \/>\n\t<meta name=\"twitter:data1\" content=\"Equipe G\u00e1vea News\" \/>\n\t<meta name=\"twitter:label2\" content=\"Est. tempo de leitura\" \/>\n\t<meta name=\"twitter:data2\" content=\"4 minutos\" \/>\n<script type=\"application\/ld+json\" class=\"yoast-schema-graph\">{\"@context\":\"https:\/\/schema.org\",\"@graph\":[{\"@type\":\"NewsArticle\",\"@id\":\"https:\/\/www.gaveanews.com\/index.php\/2020\/10\/23\/flamengo-emite-nota-oficial-e-rebate-jornalista\/#article\",\"isPartOf\":{\"@id\":\"https:\/\/www.gaveanews.com\/index.php\/2020\/10\/23\/flamengo-emite-nota-oficial-e-rebate-jornalista\/\"},\"author\":{\"name\":\"Equipe G\u00e1vea News\",\"@id\":\"https:\/\/www.gaveanews.com\/#\/schema\/person\/2ec14f73fb96be2caf28f91afb14749d\"},\"headline\":\"Flamengo emite nota oficial e rebate jornalista\",\"datePublished\":\"2020-10-23T09:45:43+00:00\",\"mainEntityOfPage\":{\"@id\":\"https:\/\/www.gaveanews.com\/index.php\/2020\/10\/23\/flamengo-emite-nota-oficial-e-rebate-jornalista\/\"},\"wordCount\":776,\"commentCount\":5,\"image\":{\"@id\":\"https:\/\/www.gaveanews.com\/index.php\/2020\/10\/23\/flamengo-emite-nota-oficial-e-rebate-jornalista\/#primaryimage\"},\"thumbnailUrl\":\"https:\/\/www.gaveanews.com\/wp-content\/uploads\/2019\/03\/Rodolfo-Landim-durante-entrevista-coletiva-na-Gavea.webp\",\"articleSection\":[\"Destaques\"],\"inLanguage\":\"pt-BR\",\"potentialAction\":[{\"@type\":\"CommentAction\",\"name\":\"Comment\",\"target\":[\"https:\/\/www.gaveanews.com\/index.php\/2020\/10\/23\/flamengo-emite-nota-oficial-e-rebate-jornalista\/#respond\"]}],\"copyrightYear\":\"2020\",\"copyrightHolder\":{\"@id\":\"https:\/\/www.gaveanews.com\/#organization\"}},{\"@type\":\"WebPage\",\"@id\":\"https:\/\/www.gaveanews.com\/index.php\/2020\/10\/23\/flamengo-emite-nota-oficial-e-rebate-jornalista\/\",\"url\":\"https:\/\/www.gaveanews.com\/index.php\/2020\/10\/23\/flamengo-emite-nota-oficial-e-rebate-jornalista\/\",\"name\":\"Flamengo emite nota oficial e rebate jornalista\",\"isPartOf\":{\"@id\":\"https:\/\/www.gaveanews.com\/#website\"},\"primaryImageOfPage\":{\"@id\":\"https:\/\/www.gaveanews.com\/index.php\/2020\/10\/23\/flamengo-emite-nota-oficial-e-rebate-jornalista\/#primaryimage\"},\"image\":{\"@id\":\"https:\/\/www.gaveanews.com\/index.php\/2020\/10\/23\/flamengo-emite-nota-oficial-e-rebate-jornalista\/#primaryimage\"},\"thumbnailUrl\":\"https:\/\/www.gaveanews.com\/wp-content\/uploads\/2019\/03\/Rodolfo-Landim-durante-entrevista-coletiva-na-Gavea.webp\",\"datePublished\":\"2020-10-23T09:45:43+00:00\",\"author\":{\"@id\":\"https:\/\/www.gaveanews.com\/#\/schema\/person\/2ec14f73fb96be2caf28f91afb14749d\"},\"description\":\"O Flamengo, atrav\u00e9s de seu site, publicou uma nota oficial para rebater uma informa\u00e7\u00e3o divulgada pelo jornalista Rodrigo Mattos.\",\"breadcrumb\":{\"@id\":\"https:\/\/www.gaveanews.com\/index.php\/2020\/10\/23\/flamengo-emite-nota-oficial-e-rebate-jornalista\/#breadcrumb\"},\"inLanguage\":\"pt-BR\",\"potentialAction\":[{\"@type\":\"ReadAction\",\"target\":[\"https:\/\/www.gaveanews.com\/index.php\/2020\/10\/23\/flamengo-emite-nota-oficial-e-rebate-jornalista\/\"]}]},{\"@type\":\"ImageObject\",\"inLanguage\":\"pt-BR\",\"@id\":\"https:\/\/www.gaveanews.com\/index.php\/2020\/10\/23\/flamengo-emite-nota-oficial-e-rebate-jornalista\/#primaryimage\",\"url\":\"https:\/\/www.gaveanews.com\/wp-content\/uploads\/2019\/03\/Rodolfo-Landim-durante-entrevista-coletiva-na-Gavea.webp\",\"contentUrl\":\"https:\/\/www.gaveanews.com\/wp-content\/uploads\/2019\/03\/Rodolfo-Landim-durante-entrevista-coletiva-na-Gavea.webp\",\"width\":900,\"height\":599,\"caption\":\"Rodolfo Landim durante entrevista coletiva na G\u00e1vea (Foto: Ag\u00eancia Foto BR)\"},{\"@type\":\"BreadcrumbList\",\"@id\":\"https:\/\/www.gaveanews.com\/index.php\/2020\/10\/23\/flamengo-emite-nota-oficial-e-rebate-jornalista\/#breadcrumb\",\"itemListElement\":[{\"@type\":\"ListItem\",\"position\":1,\"name\":\"Home\",\"item\":\"https:\/\/www.gaveanews.com\/\"},{\"@type\":\"ListItem\",\"position\":2,\"name\":\"Flamengo emite nota oficial e rebate jornalista\"}]},{\"@type\":\"WebSite\",\"@id\":\"https:\/\/www.gaveanews.com\/#website\",\"url\":\"https:\/\/www.gaveanews.com\/\",\"name\":\"G\u00e1vea News\",\"description\":\"Veja todas as not\u00edcias sobre o Flamengo: Contrata\u00e7\u00f5es, categorias de base, resultados das partidas, tabela de classifica\u00e7\u00e3o, pr\u00f3ximos jogos!\",\"potentialAction\":[{\"@type\":\"SearchAction\",\"target\":{\"@type\":\"EntryPoint\",\"urlTemplate\":\"https:\/\/www.gaveanews.com\/?s={search_term_string}\"},\"query-input\":{\"@type\":\"PropertyValueSpecification\",\"valueRequired\":true,\"valueName\":\"search_term_string\"}}],\"inLanguage\":\"pt-BR\"},{\"@type\":\"Person\",\"@id\":\"https:\/\/www.gaveanews.com\/#\/schema\/person\/2ec14f73fb96be2caf28f91afb14749d\",\"name\":\"Equipe G\u00e1vea News\",\"image\":{\"@type\":\"ImageObject\",\"inLanguage\":\"pt-BR\",\"@id\":\"https:\/\/www.gaveanews.com\/#\/schema\/person\/image\/\",\"url\":\"https:\/\/secure.gravatar.com\/avatar\/1e1956f1facbffd3f8fa53a326721950116b3b9dc9bd44939c01180fd4a745a9?s=96&d=mm&r=g\",\"contentUrl\":\"https:\/\/secure.gravatar.com\/avatar\/1e1956f1facbffd3f8fa53a326721950116b3b9dc9bd44939c01180fd4a745a9?s=96&d=mm&r=g\",\"caption\":\"Equipe G\u00e1vea News\"}}]}<\/script>\n<!-- \/ Yoast SEO Premium plugin. -->","yoast_head_json":{"title":"Flamengo emite nota oficial e rebate jornalista","description":"O Flamengo, atrav\u00e9s de seu site, publicou uma nota oficial para rebater uma informa\u00e7\u00e3o divulgada pelo jornalista Rodrigo Mattos.","robots":{"index":"index","follow":"follow","max-snippet":"max-snippet:-1","max-image-preview":"max-image-preview:large","max-video-preview":"max-video-preview:-1"},"canonical":"https:\/\/www.gaveanews.com\/index.php\/2020\/10\/23\/flamengo-emite-nota-oficial-e-rebate-jornalista\/","og_locale":"pt_BR","og_type":"article","og_title":"Flamengo emite nota oficial e rebate jornalista","og_description":"O Flamengo, atrav\u00e9s de seu site, publicou uma nota oficial para rebater uma informa\u00e7\u00e3o divulgada pelo jornalista Rodrigo Mattos.","og_url":"https:\/\/www.gaveanews.com\/index.php\/2020\/10\/23\/flamengo-emite-nota-oficial-e-rebate-jornalista\/","og_site_name":"G\u00e1vea News","article_publisher":"https:\/\/facebook.com\/gaveaNews\/","article_published_time":"2020-10-23T09:45:43+00:00","og_image":[{"url":"https:\/\/www.gaveanews.com\/wp-content\/uploads\/2019\/03\/Rodolfo-Landim-durante-entrevista-coletiva-na-Gavea.webp","width":1,"height":1,"type":"image\/jpeg"}],"author":"Equipe G\u00e1vea News","twitter_card":"summary_large_image","twitter_misc":{"Escrito por":"Equipe G\u00e1vea News","Est. tempo de leitura":"4 minutos"},"schema":{"@context":"https:\/\/schema.org","@graph":[{"@type":"NewsArticle","@id":"https:\/\/www.gaveanews.com\/index.php\/2020\/10\/23\/flamengo-emite-nota-oficial-e-rebate-jornalista\/#article","isPartOf":{"@id":"https:\/\/www.gaveanews.com\/index.php\/2020\/10\/23\/flamengo-emite-nota-oficial-e-rebate-jornalista\/"},"author":{"name":"Equipe G\u00e1vea News","@id":"https:\/\/www.gaveanews.com\/#\/schema\/person\/2ec14f73fb96be2caf28f91afb14749d"},"headline":"Flamengo emite nota oficial e rebate jornalista","datePublished":"2020-10-23T09:45:43+00:00","mainEntityOfPage":{"@id":"https:\/\/www.gaveanews.com\/index.php\/2020\/10\/23\/flamengo-emite-nota-oficial-e-rebate-jornalista\/"},"wordCount":776,"commentCount":5,"image":{"@id":"https:\/\/www.gaveanews.com\/index.php\/2020\/10\/23\/flamengo-emite-nota-oficial-e-rebate-jornalista\/#primaryimage"},"thumbnailUrl":"https:\/\/www.gaveanews.com\/wp-content\/uploads\/2019\/03\/Rodolfo-Landim-durante-entrevista-coletiva-na-Gavea.webp","articleSection":["Destaques"],"inLanguage":"pt-BR","potentialAction":[{"@type":"CommentAction","name":"Comment","target":["https:\/\/www.gaveanews.com\/index.php\/2020\/10\/23\/flamengo-emite-nota-oficial-e-rebate-jornalista\/#respond"]}],"copyrightYear":"2020","copyrightHolder":{"@id":"https:\/\/www.gaveanews.com\/#organization"}},{"@type":"WebPage","@id":"https:\/\/www.gaveanews.com\/index.php\/2020\/10\/23\/flamengo-emite-nota-oficial-e-rebate-jornalista\/","url":"https:\/\/www.gaveanews.com\/index.php\/2020\/10\/23\/flamengo-emite-nota-oficial-e-rebate-jornalista\/","name":"Flamengo emite nota oficial e rebate jornalista","isPartOf":{"@id":"https:\/\/www.gaveanews.com\/#website"},"primaryImageOfPage":{"@id":"https:\/\/www.gaveanews.com\/index.php\/2020\/10\/23\/flamengo-emite-nota-oficial-e-rebate-jornalista\/#primaryimage"},"image":{"@id":"https:\/\/www.gaveanews.com\/index.php\/2020\/10\/23\/flamengo-emite-nota-oficial-e-rebate-jornalista\/#primaryimage"},"thumbnailUrl":"https:\/\/www.gaveanews.com\/wp-content\/uploads\/2019\/03\/Rodolfo-Landim-durante-entrevista-coletiva-na-Gavea.webp","datePublished":"2020-10-23T09:45:43+00:00","author":{"@id":"https:\/\/www.gaveanews.com\/#\/schema\/person\/2ec14f73fb96be2caf28f91afb14749d"},"description":"O Flamengo, atrav\u00e9s de seu site, publicou uma nota oficial para rebater uma informa\u00e7\u00e3o divulgada pelo jornalista Rodrigo Mattos.","breadcrumb":{"@id":"https:\/\/www.gaveanews.com\/index.php\/2020\/10\/23\/flamengo-emite-nota-oficial-e-rebate-jornalista\/#breadcrumb"},"inLanguage":"pt-BR","potentialAction":[{"@type":"ReadAction","target":["https:\/\/www.gaveanews.com\/index.php\/2020\/10\/23\/flamengo-emite-nota-oficial-e-rebate-jornalista\/"]}]},{"@type":"ImageObject","inLanguage":"pt-BR","@id":"https:\/\/www.gaveanews.com\/index.php\/2020\/10\/23\/flamengo-emite-nota-oficial-e-rebate-jornalista\/#primaryimage","url":"https:\/\/www.gaveanews.com\/wp-content\/uploads\/2019\/03\/Rodolfo-Landim-durante-entrevista-coletiva-na-Gavea.webp","contentUrl":"https:\/\/www.gaveanews.com\/wp-content\/uploads\/2019\/03\/Rodolfo-Landim-durante-entrevista-coletiva-na-Gavea.webp","width":900,"height":599,"caption":"Rodolfo Landim durante entrevista coletiva na G\u00e1vea (Foto: Ag\u00eancia Foto BR)"},{"@type":"BreadcrumbList","@id":"https:\/\/www.gaveanews.com\/index.php\/2020\/10\/23\/flamengo-emite-nota-oficial-e-rebate-jornalista\/#breadcrumb","itemListElement":[{"@type":"ListItem","position":1,"name":"Home","item":"https:\/\/www.gaveanews.com\/"},{"@type":"ListItem","position":2,"name":"Flamengo emite nota oficial e rebate jornalista"}]},{"@type":"WebSite","@id":"https:\/\/www.gaveanews.com\/#website","url":"https:\/\/www.gaveanews.com\/","name":"G\u00e1vea News","description":"Veja todas as not\u00edcias sobre o Flamengo: Contrata\u00e7\u00f5es, categorias de base, resultados das partidas, tabela de classifica\u00e7\u00e3o, pr\u00f3ximos jogos!","potentialAction":[{"@type":"SearchAction","target":{"@type":"EntryPoint","urlTemplate":"https:\/\/www.gaveanews.com\/?s={search_term_string}"},"query-input":{"@type":"PropertyValueSpecification","valueRequired":true,"valueName":"search_term_string"}}],"inLanguage":"pt-BR"},{"@type":"Person","@id":"https:\/\/www.gaveanews.com\/#\/schema\/person\/2ec14f73fb96be2caf28f91afb14749d","name":"Equipe G\u00e1vea News","image":{"@type":"ImageObject","inLanguage":"pt-BR","@id":"https:\/\/www.gaveanews.com\/#\/schema\/person\/image\/","url":"https:\/\/secure.gravatar.com\/avatar\/1e1956f1facbffd3f8fa53a326721950116b3b9dc9bd44939c01180fd4a745a9?s=96&d=mm&r=g","contentUrl":"https:\/\/secure.gravatar.com\/avatar\/1e1956f1facbffd3f8fa53a326721950116b3b9dc9bd44939c01180fd4a745a9?s=96&d=mm&r=g","caption":"Equipe G\u00e1vea News"}}]}},"_links":{"self":[{"href":"https:\/\/www.gaveanews.com\/index.php\/wp-json\/wp\/v2\/posts\/49865","targetHints":{"allow":["GET"]}}],"collection":[{"href":"https:\/\/www.gaveanews.com\/index.php\/wp-json\/wp\/v2\/posts"}],"about":[{"href":"https:\/\/www.gaveanews.com\/index.php\/wp-json\/wp\/v2\/types\/post"}],"author":[{"embeddable":true,"href":"https:\/\/www.gaveanews.com\/index.php\/wp-json\/wp\/v2\/users\/1"}],"replies":[{"embeddable":true,"href":"https:\/\/www.gaveanews.com\/index.php\/wp-json\/wp\/v2\/comments?post=49865"}],"version-history":[{"count":0,"href":"https:\/\/www.gaveanews.com\/index.php\/wp-json\/wp\/v2\/posts\/49865\/revisions"}],"wp:featuredmedia":[{"embeddable":true,"href":"https:\/\/www.gaveanews.com\/index.php\/wp-json\/wp\/v2\/media\/15077"}],"wp:attachment":[{"href":"https:\/\/www.gaveanews.com\/index.php\/wp-json\/wp\/v2\/media?parent=49865"}],"wp:term":[{"taxonomy":"category","embeddable":true,"href":"https:\/\/www.gaveanews.com\/index.php\/wp-json\/wp\/v2\/categories?post=49865"},{"taxonomy":"post_tag","embeddable":true,"href":"https:\/\/www.gaveanews.com\/index.php\/wp-json\/wp\/v2\/tags?post=49865"}],"curies":[{"name":"wp","href":"https:\/\/api.w.org\/{rel}","templated":true}]}}