{"id":49887,"date":"2020-10-23T10:35:15","date_gmt":"2020-10-23T13:35:15","guid":{"rendered":"https:\/\/www.gaveanews.com\/?p=49887"},"modified":"2020-10-23T10:35:17","modified_gmt":"2020-10-23T13:35:17","slug":"diego-ribas-lancara-documentario-com-bastidores-da-lesao-ate-o-retorno-contra-o-gremio","status":"publish","type":"post","link":"https:\/\/www.gaveanews.com\/index.php\/2020\/10\/23\/diego-ribas-lancara-documentario-com-bastidores-da-lesao-ate-o-retorno-contra-o-gremio\/","title":{"rendered":"Diego Ribas lan\u00e7ar\u00e1 document\u00e1rio com bastidores da les\u00e3o at\u00e9 o retorno contra o Gr\u00eamio"},"content":{"rendered":"\n<p>A entrada dura sofrida em 24 de julho de 2019, a cirurgia no tornozelo direito dias depois, a r\u00e1pida recupera\u00e7\u00e3o e o retorno melhor do que o esperado, em tr\u00eas meses. Os bastidores do per\u00edodo entre a les\u00e3o sofrida por Diego, contra o Emelec (EQU), e a vit\u00f3ria por 5 a 0 sobre o Gr\u00eamio (<strong><a href=\"https:\/\/www.gaveanews.com\/index.php\/2020\/10\/23\/cincumday-ha-um-ano-flamengo-vencia-o-gremio-por-5-a-0\/\">que completa um ano neste dia 23 de outubro<\/a><\/strong>) virar\u00e3o um document\u00e1rio. As imagens foram gravadas pelo pr\u00f3prio meia durante o tratamento e ir\u00e3o ao ar em breve, garante o jogador.<\/p>\n\n\n\n<p>\u2014 Marcou o retorno ap\u00f3s a minha recupera\u00e7\u00e3o, da les\u00e3o mais grave da minha carreira. Sobre isso, em breve sair\u00e1 um document\u00e1rio relatando toda essa minha recupera\u00e7\u00e3o. Gravei todos os momentos \u00edntimos, de fisioterapia, meus familiares, todos bastidores dessa situa\u00e7\u00e3o que me levou aos extremos da dor e da alegria, e eu quero que voc\u00eas tenham acesso a tudo isso &#8211; revelou o camisa 10 do Fla, em v\u00eddeo publicado no &#8220;Canal do Diego Ribas&#8221;, no Youtube.<\/p>\n\n\n\n<p>Quando retornou do Equador e teve a les\u00e3o constatada, Diego conviveu com a possibilidade real de n\u00e3o atuar mais naquela temporada. O esfor\u00e7o do jogador e o trabalho do departamento m\u00e9dico &#8211; cujo papel foi muito exaltado na recupera\u00e7\u00e3o dos atletas em 2019, por Jorge Jesus &#8211; foram determinantes para que o camisa 10 pudesse voltar a campo em 91 dias. A volta contra o Gr\u00eamio, em goleada hist\u00f3rica que p\u00f4s o Flamengo de volta a uma final de Libertadores ap\u00f3s 38 anos, foi simb\u00f3lica e, em parte, uma homenagem do t\u00e9cnico ao meia.<\/p>\n\n\n\n<p>Rodrigo Caio, Pablo Mar\u00ed, Bruno Henrique e Gabriel Barbosa (duas vezes) j\u00e1 haviam marcado quando o Mister chamou Diego e o colocou em campo no lugar de Gerson, aos 42 minutos da etapa final. Foi um reconhecimento \u00e0 determina\u00e7\u00e3o do atleta e tamb\u00e9m \u00e0 lideran\u00e7a do meia no vesti\u00e1rio do time.<\/p>\n\n\n\n<p>N\u00e3o bastasse isso, Diego acabou sendo decisivo na vit\u00f3ria sobre o River Plate (ARG), em 23 de novembro em Lima, ao entrar na etapa final e servir Gabriel Barbosa no gol da virada por 2 a 1, que garantiu o bicampeonato da Am\u00e9rica.<\/p>\n\n\n\n<p>Retirado de: Lance<\/p>\n","protected":false},"excerpt":{"rendered":"<p>A entrada dura sofrida em 24 de julho de 2019, a cirurgia no tornozelo direito dias depois, a r\u00e1pida recupera\u00e7\u00e3o e o retorno melhor do que o esperado, em tr\u00eas meses. Os bastidores do per\u00edodo entre a les\u00e3o sofrida por Diego, contra o Emelec (EQU), e a vit\u00f3ria por 5 a 0 sobre o Gr\u00eamio [&hellip;]<\/p>\n","protected":false},"author":1,"featured_media":28889,"comment_status":"open","ping_status":"closed","sticky":false,"template":"","format":"standard","meta":{"footnotes":""},"categories":[47],"tags":[],"class_list":["post-49887","post","type-post","status-publish","format-standard","has-post-thumbnail","hentry","category-destaques"],"yoast_head":"<!-- This site is optimized with the Yoast SEO Premium plugin v24.2 (Yoast SEO v26.9) - https:\/\/yoast.com\/product\/yoast-seo-premium-wordpress\/ -->\n<title>Diego lan\u00e7ar\u00e1 document\u00e1rio com bastidores da les\u00e3o at\u00e9 o retorno contra o Gr\u00eamio<\/title>\n<meta name=\"description\" content=\"As imagens foram gravadas pelo pr\u00f3prio meia durante o tratamento e ir\u00e3o ao ar em breve, garante o jogador.\" \/>\n<meta name=\"robots\" content=\"index, follow, max-snippet:-1, max-image-preview:large, max-video-preview:-1\" \/>\n<link rel=\"canonical\" href=\"https:\/\/www.gaveanews.com\/index.php\/2020\/10\/23\/diego-ribas-lancara-documentario-com-bastidores-da-lesao-ate-o-retorno-contra-o-gremio\/\" \/>\n<meta property=\"og:locale\" content=\"pt_BR\" \/>\n<meta property=\"og:type\" content=\"article\" \/>\n<meta property=\"og:title\" content=\"Diego Ribas lan\u00e7ar\u00e1 document\u00e1rio com bastidores da les\u00e3o at\u00e9 o retorno contra o Gr\u00eamio\" \/>\n<meta property=\"og:description\" content=\"As imagens foram gravadas pelo pr\u00f3prio meia durante o tratamento e ir\u00e3o ao ar em breve, garante o jogador.\" \/>\n<meta property=\"og:url\" content=\"https:\/\/www.gaveanews.com\/index.php\/2020\/10\/23\/diego-ribas-lancara-documentario-com-bastidores-da-lesao-ate-o-retorno-contra-o-gremio\/\" \/>\n<meta property=\"og:site_name\" content=\"G\u00e1vea News\" \/>\n<meta property=\"article:publisher\" content=\"https:\/\/facebook.com\/gaveaNews\/\" \/>\n<meta property=\"article:published_time\" content=\"2020-10-23T13:35:15+00:00\" \/>\n<meta property=\"article:modified_time\" content=\"2020-10-23T13:35:17+00:00\" \/>\n<meta property=\"og:image\" content=\"https:\/\/www.gaveanews.com\/wp-content\/uploads\/Diego-Ribas-em-acao-pelo-Flamengo.webp\" \/>\n\t<meta property=\"og:image:width\" content=\"1\" \/>\n\t<meta property=\"og:image:height\" content=\"1\" \/>\n\t<meta property=\"og:image:type\" content=\"image\/jpeg\" \/>\n<meta name=\"author\" content=\"Equipe G\u00e1vea News\" \/>\n<meta name=\"twitter:card\" content=\"summary_large_image\" \/>\n<meta name=\"twitter:label1\" content=\"Escrito por\" \/>\n\t<meta name=\"twitter:data1\" content=\"Equipe G\u00e1vea News\" \/>\n\t<meta name=\"twitter:label2\" content=\"Est. tempo de leitura\" \/>\n\t<meta name=\"twitter:data2\" content=\"2 minutos\" \/>\n<script type=\"application\/ld+json\" class=\"yoast-schema-graph\">{\"@context\":\"https:\/\/schema.org\",\"@graph\":[{\"@type\":\"NewsArticle\",\"@id\":\"https:\/\/www.gaveanews.com\/index.php\/2020\/10\/23\/diego-ribas-lancara-documentario-com-bastidores-da-lesao-ate-o-retorno-contra-o-gremio\/#article\",\"isPartOf\":{\"@id\":\"https:\/\/www.gaveanews.com\/index.php\/2020\/10\/23\/diego-ribas-lancara-documentario-com-bastidores-da-lesao-ate-o-retorno-contra-o-gremio\/\"},\"author\":{\"name\":\"Equipe G\u00e1vea News\",\"@id\":\"https:\/\/www.gaveanews.com\/#\/schema\/person\/2ec14f73fb96be2caf28f91afb14749d\"},\"headline\":\"Diego Ribas lan\u00e7ar\u00e1 document\u00e1rio com bastidores da les\u00e3o at\u00e9 o retorno contra o Gr\u00eamio\",\"datePublished\":\"2020-10-23T13:35:15+00:00\",\"dateModified\":\"2020-10-23T13:35:17+00:00\",\"mainEntityOfPage\":{\"@id\":\"https:\/\/www.gaveanews.com\/index.php\/2020\/10\/23\/diego-ribas-lancara-documentario-com-bastidores-da-lesao-ate-o-retorno-contra-o-gremio\/\"},\"wordCount\":392,\"commentCount\":0,\"image\":{\"@id\":\"https:\/\/www.gaveanews.com\/index.php\/2020\/10\/23\/diego-ribas-lancara-documentario-com-bastidores-da-lesao-ate-o-retorno-contra-o-gremio\/#primaryimage\"},\"thumbnailUrl\":\"https:\/\/www.gaveanews.com\/wp-content\/uploads\/Diego-Ribas-em-acao-pelo-Flamengo.webp\",\"articleSection\":[\"Destaques\"],\"inLanguage\":\"pt-BR\",\"potentialAction\":[{\"@type\":\"CommentAction\",\"name\":\"Comment\",\"target\":[\"https:\/\/www.gaveanews.com\/index.php\/2020\/10\/23\/diego-ribas-lancara-documentario-com-bastidores-da-lesao-ate-o-retorno-contra-o-gremio\/#respond\"]}],\"copyrightYear\":\"2020\",\"copyrightHolder\":{\"@id\":\"https:\/\/www.gaveanews.com\/#organization\"}},{\"@type\":\"WebPage\",\"@id\":\"https:\/\/www.gaveanews.com\/index.php\/2020\/10\/23\/diego-ribas-lancara-documentario-com-bastidores-da-lesao-ate-o-retorno-contra-o-gremio\/\",\"url\":\"https:\/\/www.gaveanews.com\/index.php\/2020\/10\/23\/diego-ribas-lancara-documentario-com-bastidores-da-lesao-ate-o-retorno-contra-o-gremio\/\",\"name\":\"Diego lan\u00e7ar\u00e1 document\u00e1rio com bastidores da les\u00e3o at\u00e9 o retorno contra o Gr\u00eamio\",\"isPartOf\":{\"@id\":\"https:\/\/www.gaveanews.com\/#website\"},\"primaryImageOfPage\":{\"@id\":\"https:\/\/www.gaveanews.com\/index.php\/2020\/10\/23\/diego-ribas-lancara-documentario-com-bastidores-da-lesao-ate-o-retorno-contra-o-gremio\/#primaryimage\"},\"image\":{\"@id\":\"https:\/\/www.gaveanews.com\/index.php\/2020\/10\/23\/diego-ribas-lancara-documentario-com-bastidores-da-lesao-ate-o-retorno-contra-o-gremio\/#primaryimage\"},\"thumbnailUrl\":\"https:\/\/www.gaveanews.com\/wp-content\/uploads\/Diego-Ribas-em-acao-pelo-Flamengo.webp\",\"datePublished\":\"2020-10-23T13:35:15+00:00\",\"dateModified\":\"2020-10-23T13:35:17+00:00\",\"author\":{\"@id\":\"https:\/\/www.gaveanews.com\/#\/schema\/person\/2ec14f73fb96be2caf28f91afb14749d\"},\"description\":\"As imagens foram gravadas pelo pr\u00f3prio meia durante o tratamento e ir\u00e3o ao ar em breve, garante o jogador.\",\"breadcrumb\":{\"@id\":\"https:\/\/www.gaveanews.com\/index.php\/2020\/10\/23\/diego-ribas-lancara-documentario-com-bastidores-da-lesao-ate-o-retorno-contra-o-gremio\/#breadcrumb\"},\"inLanguage\":\"pt-BR\",\"potentialAction\":[{\"@type\":\"ReadAction\",\"target\":[\"https:\/\/www.gaveanews.com\/index.php\/2020\/10\/23\/diego-ribas-lancara-documentario-com-bastidores-da-lesao-ate-o-retorno-contra-o-gremio\/\"]}]},{\"@type\":\"ImageObject\",\"inLanguage\":\"pt-BR\",\"@id\":\"https:\/\/www.gaveanews.com\/index.php\/2020\/10\/23\/diego-ribas-lancara-documentario-com-bastidores-da-lesao-ate-o-retorno-contra-o-gremio\/#primaryimage\",\"url\":\"https:\/\/www.gaveanews.com\/wp-content\/uploads\/Diego-Ribas-em-acao-pelo-Flamengo.webp\",\"contentUrl\":\"https:\/\/www.gaveanews.com\/wp-content\/uploads\/Diego-Ribas-em-acao-pelo-Flamengo.webp\",\"caption\":\"Diego Ribas em a\u00e7\u00e3o pelo Flamengo (Foto: Alexandre Vidal\/Flamengo)\"},{\"@type\":\"BreadcrumbList\",\"@id\":\"https:\/\/www.gaveanews.com\/index.php\/2020\/10\/23\/diego-ribas-lancara-documentario-com-bastidores-da-lesao-ate-o-retorno-contra-o-gremio\/#breadcrumb\",\"itemListElement\":[{\"@type\":\"ListItem\",\"position\":1,\"name\":\"Home\",\"item\":\"https:\/\/www.gaveanews.com\/\"},{\"@type\":\"ListItem\",\"position\":2,\"name\":\"Diego Ribas lan\u00e7ar\u00e1 document\u00e1rio com bastidores da les\u00e3o at\u00e9 o retorno contra o Gr\u00eamio\"}]},{\"@type\":\"WebSite\",\"@id\":\"https:\/\/www.gaveanews.com\/#website\",\"url\":\"https:\/\/www.gaveanews.com\/\",\"name\":\"G\u00e1vea News\",\"description\":\"Veja todas as not\u00edcias sobre o Flamengo: Contrata\u00e7\u00f5es, categorias de base, resultados das partidas, tabela de classifica\u00e7\u00e3o, pr\u00f3ximos jogos!\",\"potentialAction\":[{\"@type\":\"SearchAction\",\"target\":{\"@type\":\"EntryPoint\",\"urlTemplate\":\"https:\/\/www.gaveanews.com\/?s={search_term_string}\"},\"query-input\":{\"@type\":\"PropertyValueSpecification\",\"valueRequired\":true,\"valueName\":\"search_term_string\"}}],\"inLanguage\":\"pt-BR\"},{\"@type\":\"Person\",\"@id\":\"https:\/\/www.gaveanews.com\/#\/schema\/person\/2ec14f73fb96be2caf28f91afb14749d\",\"name\":\"Equipe G\u00e1vea News\",\"image\":{\"@type\":\"ImageObject\",\"inLanguage\":\"pt-BR\",\"@id\":\"https:\/\/www.gaveanews.com\/#\/schema\/person\/image\/\",\"url\":\"https:\/\/secure.gravatar.com\/avatar\/1e1956f1facbffd3f8fa53a326721950116b3b9dc9bd44939c01180fd4a745a9?s=96&d=mm&r=g\",\"contentUrl\":\"https:\/\/secure.gravatar.com\/avatar\/1e1956f1facbffd3f8fa53a326721950116b3b9dc9bd44939c01180fd4a745a9?s=96&d=mm&r=g\",\"caption\":\"Equipe G\u00e1vea News\"}}]}<\/script>\n<!-- \/ Yoast SEO Premium plugin. -->","yoast_head_json":{"title":"Diego lan\u00e7ar\u00e1 document\u00e1rio com bastidores da les\u00e3o at\u00e9 o retorno contra o Gr\u00eamio","description":"As imagens foram gravadas pelo pr\u00f3prio meia durante o tratamento e ir\u00e3o ao ar em breve, garante o jogador.","robots":{"index":"index","follow":"follow","max-snippet":"max-snippet:-1","max-image-preview":"max-image-preview:large","max-video-preview":"max-video-preview:-1"},"canonical":"https:\/\/www.gaveanews.com\/index.php\/2020\/10\/23\/diego-ribas-lancara-documentario-com-bastidores-da-lesao-ate-o-retorno-contra-o-gremio\/","og_locale":"pt_BR","og_type":"article","og_title":"Diego Ribas lan\u00e7ar\u00e1 document\u00e1rio com bastidores da les\u00e3o at\u00e9 o retorno contra o Gr\u00eamio","og_description":"As imagens foram gravadas pelo pr\u00f3prio meia durante o tratamento e ir\u00e3o ao ar em breve, garante o jogador.","og_url":"https:\/\/www.gaveanews.com\/index.php\/2020\/10\/23\/diego-ribas-lancara-documentario-com-bastidores-da-lesao-ate-o-retorno-contra-o-gremio\/","og_site_name":"G\u00e1vea News","article_publisher":"https:\/\/facebook.com\/gaveaNews\/","article_published_time":"2020-10-23T13:35:15+00:00","article_modified_time":"2020-10-23T13:35:17+00:00","og_image":[{"url":"https:\/\/www.gaveanews.com\/wp-content\/uploads\/Diego-Ribas-em-acao-pelo-Flamengo.webp","width":1,"height":1,"type":"image\/jpeg"}],"author":"Equipe G\u00e1vea News","twitter_card":"summary_large_image","twitter_misc":{"Escrito por":"Equipe G\u00e1vea News","Est. tempo de leitura":"2 minutos"},"schema":{"@context":"https:\/\/schema.org","@graph":[{"@type":"NewsArticle","@id":"https:\/\/www.gaveanews.com\/index.php\/2020\/10\/23\/diego-ribas-lancara-documentario-com-bastidores-da-lesao-ate-o-retorno-contra-o-gremio\/#article","isPartOf":{"@id":"https:\/\/www.gaveanews.com\/index.php\/2020\/10\/23\/diego-ribas-lancara-documentario-com-bastidores-da-lesao-ate-o-retorno-contra-o-gremio\/"},"author":{"name":"Equipe G\u00e1vea News","@id":"https:\/\/www.gaveanews.com\/#\/schema\/person\/2ec14f73fb96be2caf28f91afb14749d"},"headline":"Diego Ribas lan\u00e7ar\u00e1 document\u00e1rio com bastidores da les\u00e3o at\u00e9 o retorno contra o Gr\u00eamio","datePublished":"2020-10-23T13:35:15+00:00","dateModified":"2020-10-23T13:35:17+00:00","mainEntityOfPage":{"@id":"https:\/\/www.gaveanews.com\/index.php\/2020\/10\/23\/diego-ribas-lancara-documentario-com-bastidores-da-lesao-ate-o-retorno-contra-o-gremio\/"},"wordCount":392,"commentCount":0,"image":{"@id":"https:\/\/www.gaveanews.com\/index.php\/2020\/10\/23\/diego-ribas-lancara-documentario-com-bastidores-da-lesao-ate-o-retorno-contra-o-gremio\/#primaryimage"},"thumbnailUrl":"https:\/\/www.gaveanews.com\/wp-content\/uploads\/Diego-Ribas-em-acao-pelo-Flamengo.webp","articleSection":["Destaques"],"inLanguage":"pt-BR","potentialAction":[{"@type":"CommentAction","name":"Comment","target":["https:\/\/www.gaveanews.com\/index.php\/2020\/10\/23\/diego-ribas-lancara-documentario-com-bastidores-da-lesao-ate-o-retorno-contra-o-gremio\/#respond"]}],"copyrightYear":"2020","copyrightHolder":{"@id":"https:\/\/www.gaveanews.com\/#organization"}},{"@type":"WebPage","@id":"https:\/\/www.gaveanews.com\/index.php\/2020\/10\/23\/diego-ribas-lancara-documentario-com-bastidores-da-lesao-ate-o-retorno-contra-o-gremio\/","url":"https:\/\/www.gaveanews.com\/index.php\/2020\/10\/23\/diego-ribas-lancara-documentario-com-bastidores-da-lesao-ate-o-retorno-contra-o-gremio\/","name":"Diego lan\u00e7ar\u00e1 document\u00e1rio com bastidores da les\u00e3o at\u00e9 o retorno contra o Gr\u00eamio","isPartOf":{"@id":"https:\/\/www.gaveanews.com\/#website"},"primaryImageOfPage":{"@id":"https:\/\/www.gaveanews.com\/index.php\/2020\/10\/23\/diego-ribas-lancara-documentario-com-bastidores-da-lesao-ate-o-retorno-contra-o-gremio\/#primaryimage"},"image":{"@id":"https:\/\/www.gaveanews.com\/index.php\/2020\/10\/23\/diego-ribas-lancara-documentario-com-bastidores-da-lesao-ate-o-retorno-contra-o-gremio\/#primaryimage"},"thumbnailUrl":"https:\/\/www.gaveanews.com\/wp-content\/uploads\/Diego-Ribas-em-acao-pelo-Flamengo.webp","datePublished":"2020-10-23T13:35:15+00:00","dateModified":"2020-10-23T13:35:17+00:00","author":{"@id":"https:\/\/www.gaveanews.com\/#\/schema\/person\/2ec14f73fb96be2caf28f91afb14749d"},"description":"As imagens foram gravadas pelo pr\u00f3prio meia durante o tratamento e ir\u00e3o ao ar em breve, garante o jogador.","breadcrumb":{"@id":"https:\/\/www.gaveanews.com\/index.php\/2020\/10\/23\/diego-ribas-lancara-documentario-com-bastidores-da-lesao-ate-o-retorno-contra-o-gremio\/#breadcrumb"},"inLanguage":"pt-BR","potentialAction":[{"@type":"ReadAction","target":["https:\/\/www.gaveanews.com\/index.php\/2020\/10\/23\/diego-ribas-lancara-documentario-com-bastidores-da-lesao-ate-o-retorno-contra-o-gremio\/"]}]},{"@type":"ImageObject","inLanguage":"pt-BR","@id":"https:\/\/www.gaveanews.com\/index.php\/2020\/10\/23\/diego-ribas-lancara-documentario-com-bastidores-da-lesao-ate-o-retorno-contra-o-gremio\/#primaryimage","url":"https:\/\/www.gaveanews.com\/wp-content\/uploads\/Diego-Ribas-em-acao-pelo-Flamengo.webp","contentUrl":"https:\/\/www.gaveanews.com\/wp-content\/uploads\/Diego-Ribas-em-acao-pelo-Flamengo.webp","caption":"Diego Ribas em a\u00e7\u00e3o pelo Flamengo (Foto: Alexandre Vidal\/Flamengo)"},{"@type":"BreadcrumbList","@id":"https:\/\/www.gaveanews.com\/index.php\/2020\/10\/23\/diego-ribas-lancara-documentario-com-bastidores-da-lesao-ate-o-retorno-contra-o-gremio\/#breadcrumb","itemListElement":[{"@type":"ListItem","position":1,"name":"Home","item":"https:\/\/www.gaveanews.com\/"},{"@type":"ListItem","position":2,"name":"Diego Ribas lan\u00e7ar\u00e1 document\u00e1rio com bastidores da les\u00e3o at\u00e9 o retorno contra o Gr\u00eamio"}]},{"@type":"WebSite","@id":"https:\/\/www.gaveanews.com\/#website","url":"https:\/\/www.gaveanews.com\/","name":"G\u00e1vea News","description":"Veja todas as not\u00edcias sobre o Flamengo: Contrata\u00e7\u00f5es, categorias de base, resultados das partidas, tabela de classifica\u00e7\u00e3o, pr\u00f3ximos jogos!","potentialAction":[{"@type":"SearchAction","target":{"@type":"EntryPoint","urlTemplate":"https:\/\/www.gaveanews.com\/?s={search_term_string}"},"query-input":{"@type":"PropertyValueSpecification","valueRequired":true,"valueName":"search_term_string"}}],"inLanguage":"pt-BR"},{"@type":"Person","@id":"https:\/\/www.gaveanews.com\/#\/schema\/person\/2ec14f73fb96be2caf28f91afb14749d","name":"Equipe G\u00e1vea News","image":{"@type":"ImageObject","inLanguage":"pt-BR","@id":"https:\/\/www.gaveanews.com\/#\/schema\/person\/image\/","url":"https:\/\/secure.gravatar.com\/avatar\/1e1956f1facbffd3f8fa53a326721950116b3b9dc9bd44939c01180fd4a745a9?s=96&d=mm&r=g","contentUrl":"https:\/\/secure.gravatar.com\/avatar\/1e1956f1facbffd3f8fa53a326721950116b3b9dc9bd44939c01180fd4a745a9?s=96&d=mm&r=g","caption":"Equipe G\u00e1vea News"}}]}},"_links":{"self":[{"href":"https:\/\/www.gaveanews.com\/index.php\/wp-json\/wp\/v2\/posts\/49887","targetHints":{"allow":["GET"]}}],"collection":[{"href":"https:\/\/www.gaveanews.com\/index.php\/wp-json\/wp\/v2\/posts"}],"about":[{"href":"https:\/\/www.gaveanews.com\/index.php\/wp-json\/wp\/v2\/types\/post"}],"author":[{"embeddable":true,"href":"https:\/\/www.gaveanews.com\/index.php\/wp-json\/wp\/v2\/users\/1"}],"replies":[{"embeddable":true,"href":"https:\/\/www.gaveanews.com\/index.php\/wp-json\/wp\/v2\/comments?post=49887"}],"version-history":[{"count":0,"href":"https:\/\/www.gaveanews.com\/index.php\/wp-json\/wp\/v2\/posts\/49887\/revisions"}],"wp:featuredmedia":[{"embeddable":true,"href":"https:\/\/www.gaveanews.com\/index.php\/wp-json\/wp\/v2\/media\/28889"}],"wp:attachment":[{"href":"https:\/\/www.gaveanews.com\/index.php\/wp-json\/wp\/v2\/media?parent=49887"}],"wp:term":[{"taxonomy":"category","embeddable":true,"href":"https:\/\/www.gaveanews.com\/index.php\/wp-json\/wp\/v2\/categories?post=49887"},{"taxonomy":"post_tag","embeddable":true,"href":"https:\/\/www.gaveanews.com\/index.php\/wp-json\/wp\/v2\/tags?post=49887"}],"curies":[{"name":"wp","href":"https:\/\/api.w.org\/{rel}","templated":true}]}}