{"id":49922,"date":"2020-10-25T15:25:50","date_gmt":"2020-10-25T18:25:50","guid":{"rendered":"https:\/\/www.gaveanews.com\/?p=49922"},"modified":"2021-08-12T00:50:50","modified_gmt":"2021-08-12T03:50:50","slug":"saiu-confira-a-escalacao-do-flamengo-contra-o-internacional","status":"publish","type":"post","link":"https:\/\/www.gaveanews.com\/index.php\/2020\/10\/25\/saiu-confira-a-escalacao-do-flamengo-contra-o-internacional\/","title":{"rendered":"Saiu! Confira a escala\u00e7\u00e3o do Flamengo contra o Internacional"},"content":{"rendered":"\n<p>Logo mais, \u00e0s 18:15h (hor\u00e1rio de Bras\u00edlia), o Flamengo enfrentar\u00e1 o Internacional em partida v\u00e1lida pela 18\u00aa rodada do Campeonato Brasileiro. A transmiss\u00e3o ser\u00e1 feita pelo canal Premiere, que iniciar\u00e1 a cobertura do pr\u00e9-jogo \u00e0s 17:55h.<\/p>\n\n\n\n<p>Os dois times duelam pela titularidade do Brasileir\u00e3o, uma vez que possuem a mesma pontua\u00e7\u00e3o na tabela (34 pontos), e est\u00e3o desempatados apenas pelo saldo de gols. <\/p>\n\n\n\n<p>A partida possuir\u00e1 v\u00e1rios desfalques de ambos os lados. <a href=\"https:\/\/www.gaveanews.com\/index.php\/2020\/10\/23\/internacional-ja-possui-5-desfalques-para-jogo-contra-o-flamengo-neste-domingo\/\">Por parte do Inter, as aus\u00eancias ser\u00e3o de Paolo Guerrero, Saravia, Yuri Alberto, Rodinei e Victor Cuesta.<\/a> <\/p>\n\n\n\n<p>J\u00e1 no time do Flamengo, os jogadores que n\u00e3o comparecer\u00e3o \u00e0 partida ser\u00e3o:<\/p>\n\n\n\n<ul class=\"wp-block-list\" id=\"block-289621a8-5f30-479a-9ebd-3c3a9c20bba8\"><li><a href=\"https:\/\/www.gaveanews.com\/index.php\/2020\/10\/15\/goleiro-do-flamengo-diego-alves-sente-incomodo-no-joelho\/\"><strong>Diego Alves:<\/strong> trata edema no joelho;<\/a><\/li><li><a href=\"https:\/\/www.gaveanews.com\/index.php\/2020\/10\/01\/flamengo-divulga-resultado-do-exame-de-gabigol\/\"><strong>Gabigol:<\/strong> trata les\u00e3o no tornozelo;<\/a><\/li><li><a href=\"https:\/\/www.gaveanews.com\/index.php\/2020\/10\/21\/situacao-de-ramon-chega-a-um-consenso-de-ambas-as-partes\/\"><strong>Ramon:<\/strong> convocado pela Sele\u00e7\u00e3o Sub-20;<\/a><\/li><li><a href=\"https:\/\/www.gaveanews.com\/index.php\/2020\/10\/21\/zagueiro-do-flamengo-rodrigo-caio-sofre-edema-osseo-no-joelho\/\"><strong>Rodrigo Caio:<\/strong> trata edema \u00f3sseo no joelho;<\/a><\/li><li><strong>Diego Ribas<\/strong>: dores na coxa direita;<\/li><li><strong>De Arrascaeta<\/strong>: incha\u00e7o e dores no joelho;<\/li><li><strong>Bruno Henrique:<\/strong> suspenso;<\/li><\/ul>\n\n\n\n<h2 class=\"wp-block-heading\" id=\"h-confira-a-escala-o\">Confira a escala\u00e7\u00e3o:<\/h2>\n\n\n\n<p>Hugo; Isla, Natan, Gustavo Henrique e Filipe Luis; Ar\u00e3o, Thiago Maia, Gerson, Everton Ribeiro; Vitinho e Pedro;<\/p>\n\n\n\n<h2 class=\"wp-block-heading\" id=\"h-banco-de-reservas\">Banco de reservas:<\/h2>\n\n\n\n<p>C\u00e9sar, Gabriel Batista, Matheuzinho, Jo\u00e3o Lucas, Thuler, L\u00e9o Pereira, Noga, Ren\u00ea, Michael, Pep\u00ea, Pedro Rocha e Lincoln.<\/p>\n","protected":false},"excerpt":{"rendered":"<p>Logo mais, \u00e0s 18:15h (hor\u00e1rio de Bras\u00edlia), o Flamengo enfrentar\u00e1 o Internacional em partida v\u00e1lida pela 18\u00aa rodada do Campeonato Brasileiro. A transmiss\u00e3o ser\u00e1 feita pelo canal Premiere, que iniciar\u00e1 a cobertura do pr\u00e9-jogo \u00e0s 17:55h. Os dois times duelam pela titularidade do Brasileir\u00e3o, uma vez que possuem a mesma pontua\u00e7\u00e3o na tabela (34 pontos), [&hellip;]<\/p>\n","protected":false},"author":4,"featured_media":30000,"comment_status":"open","ping_status":"closed","sticky":false,"template":"","format":"standard","meta":{"footnotes":""},"categories":[1],"tags":[],"class_list":["post-49922","post","type-post","status-publish","format-standard","has-post-thumbnail","hentry","category-flamengo"],"yoast_head":"<!-- This site is optimized with the Yoast SEO Premium plugin v24.2 (Yoast SEO v26.9) - https:\/\/yoast.com\/product\/yoast-seo-premium-wordpress\/ -->\n<title>Saiu! Confira a escala\u00e7\u00e3o do Flamengo contra o Internacional<\/title>\n<meta name=\"description\" content=\"Logo mais, \u00e0s 18:15h (hor\u00e1rio de Bras\u00edlia), o Flamengo enfretar\u00e1 o Internacional em partida v\u00e1lida pela 18\u00aa rodada do Campeonato Brasileiro.\" \/>\n<meta name=\"robots\" content=\"index, follow, max-snippet:-1, max-image-preview:large, max-video-preview:-1\" \/>\n<link rel=\"canonical\" href=\"https:\/\/www.gaveanews.com\/index.php\/2020\/10\/25\/saiu-confira-a-escalacao-do-flamengo-contra-o-internacional\/\" \/>\n<meta property=\"og:locale\" content=\"pt_BR\" \/>\n<meta property=\"og:type\" content=\"article\" \/>\n<meta property=\"og:title\" content=\"Saiu! Confira a escala\u00e7\u00e3o do Flamengo contra o Internacional\" \/>\n<meta property=\"og:description\" content=\"Logo mais, \u00e0s 18:15h (hor\u00e1rio de Bras\u00edlia), o Flamengo enfretar\u00e1 o Internacional em partida v\u00e1lida pela 18\u00aa rodada do Campeonato Brasileiro.\" \/>\n<meta property=\"og:url\" content=\"https:\/\/www.gaveanews.com\/index.php\/2020\/10\/25\/saiu-confira-a-escalacao-do-flamengo-contra-o-internacional\/\" \/>\n<meta property=\"og:site_name\" content=\"G\u00e1vea News\" \/>\n<meta property=\"article:publisher\" content=\"https:\/\/facebook.com\/gaveaNews\/\" \/>\n<meta property=\"article:published_time\" content=\"2020-10-25T18:25:50+00:00\" \/>\n<meta property=\"article:modified_time\" content=\"2021-08-12T03:50:50+00:00\" \/>\n<meta property=\"og:image\" content=\"https:\/\/www.gaveanews.com\/wp-content\/uploads\/Escalacao-oficial-do-Flamengo.webp\" \/>\n\t<meta property=\"og:image:width\" content=\"1\" \/>\n\t<meta property=\"og:image:height\" content=\"1\" \/>\n\t<meta property=\"og:image:type\" content=\"image\/jpeg\" \/>\n<meta name=\"author\" content=\"Let\u00edcia Gerheim\" \/>\n<meta name=\"twitter:card\" content=\"summary_large_image\" \/>\n<meta name=\"twitter:label1\" content=\"Escrito por\" \/>\n\t<meta name=\"twitter:data1\" content=\"Let\u00edcia Gerheim\" \/>\n\t<meta name=\"twitter:label2\" content=\"Est. tempo de leitura\" \/>\n\t<meta name=\"twitter:data2\" content=\"1 minuto\" \/>\n<script type=\"application\/ld+json\" class=\"yoast-schema-graph\">{\"@context\":\"https:\/\/schema.org\",\"@graph\":[{\"@type\":\"NewsArticle\",\"@id\":\"https:\/\/www.gaveanews.com\/index.php\/2020\/10\/25\/saiu-confira-a-escalacao-do-flamengo-contra-o-internacional\/#article\",\"isPartOf\":{\"@id\":\"https:\/\/www.gaveanews.com\/index.php\/2020\/10\/25\/saiu-confira-a-escalacao-do-flamengo-contra-o-internacional\/\"},\"author\":{\"name\":\"Let\u00edcia Gerheim\",\"@id\":\"https:\/\/www.gaveanews.com\/#\/schema\/person\/714c67050b836198af2450ba1c142a67\"},\"headline\":\"Saiu! Confira a escala\u00e7\u00e3o do Flamengo contra o Internacional\",\"datePublished\":\"2020-10-25T18:25:50+00:00\",\"dateModified\":\"2021-08-12T03:50:50+00:00\",\"mainEntityOfPage\":{\"@id\":\"https:\/\/www.gaveanews.com\/index.php\/2020\/10\/25\/saiu-confira-a-escalacao-do-flamengo-contra-o-internacional\/\"},\"wordCount\":210,\"commentCount\":20,\"image\":{\"@id\":\"https:\/\/www.gaveanews.com\/index.php\/2020\/10\/25\/saiu-confira-a-escalacao-do-flamengo-contra-o-internacional\/#primaryimage\"},\"thumbnailUrl\":\"https:\/\/www.gaveanews.com\/wp-content\/uploads\/Escalacao-oficial-do-Flamengo.webp\",\"articleSection\":[\"Flamengo\"],\"inLanguage\":\"pt-BR\",\"potentialAction\":[{\"@type\":\"CommentAction\",\"name\":\"Comment\",\"target\":[\"https:\/\/www.gaveanews.com\/index.php\/2020\/10\/25\/saiu-confira-a-escalacao-do-flamengo-contra-o-internacional\/#respond\"]}],\"copyrightYear\":\"2020\",\"copyrightHolder\":{\"@id\":\"https:\/\/www.gaveanews.com\/#organization\"}},{\"@type\":\"WebPage\",\"@id\":\"https:\/\/www.gaveanews.com\/index.php\/2020\/10\/25\/saiu-confira-a-escalacao-do-flamengo-contra-o-internacional\/\",\"url\":\"https:\/\/www.gaveanews.com\/index.php\/2020\/10\/25\/saiu-confira-a-escalacao-do-flamengo-contra-o-internacional\/\",\"name\":\"Saiu! Confira a escala\u00e7\u00e3o do Flamengo contra o Internacional\",\"isPartOf\":{\"@id\":\"https:\/\/www.gaveanews.com\/#website\"},\"primaryImageOfPage\":{\"@id\":\"https:\/\/www.gaveanews.com\/index.php\/2020\/10\/25\/saiu-confira-a-escalacao-do-flamengo-contra-o-internacional\/#primaryimage\"},\"image\":{\"@id\":\"https:\/\/www.gaveanews.com\/index.php\/2020\/10\/25\/saiu-confira-a-escalacao-do-flamengo-contra-o-internacional\/#primaryimage\"},\"thumbnailUrl\":\"https:\/\/www.gaveanews.com\/wp-content\/uploads\/Escalacao-oficial-do-Flamengo.webp\",\"datePublished\":\"2020-10-25T18:25:50+00:00\",\"dateModified\":\"2021-08-12T03:50:50+00:00\",\"author\":{\"@id\":\"https:\/\/www.gaveanews.com\/#\/schema\/person\/714c67050b836198af2450ba1c142a67\"},\"description\":\"Logo mais, \u00e0s 18:15h (hor\u00e1rio de Bras\u00edlia), o Flamengo enfretar\u00e1 o Internacional em partida v\u00e1lida pela 18\u00aa rodada do Campeonato Brasileiro.\",\"breadcrumb\":{\"@id\":\"https:\/\/www.gaveanews.com\/index.php\/2020\/10\/25\/saiu-confira-a-escalacao-do-flamengo-contra-o-internacional\/#breadcrumb\"},\"inLanguage\":\"pt-BR\",\"potentialAction\":[{\"@type\":\"ReadAction\",\"target\":[\"https:\/\/www.gaveanews.com\/index.php\/2020\/10\/25\/saiu-confira-a-escalacao-do-flamengo-contra-o-internacional\/\"]}]},{\"@type\":\"ImageObject\",\"inLanguage\":\"pt-BR\",\"@id\":\"https:\/\/www.gaveanews.com\/index.php\/2020\/10\/25\/saiu-confira-a-escalacao-do-flamengo-contra-o-internacional\/#primaryimage\",\"url\":\"https:\/\/www.gaveanews.com\/wp-content\/uploads\/Escalacao-oficial-do-Flamengo.webp\",\"contentUrl\":\"https:\/\/www.gaveanews.com\/wp-content\/uploads\/Escalacao-oficial-do-Flamengo.webp\",\"caption\":\"Confira a escala\u00e7\u00e3o oficial do Flamengo (Ilustra\u00e7\u00e3o: Editoria de Arte\/GaveaNews.com)\"},{\"@type\":\"BreadcrumbList\",\"@id\":\"https:\/\/www.gaveanews.com\/index.php\/2020\/10\/25\/saiu-confira-a-escalacao-do-flamengo-contra-o-internacional\/#breadcrumb\",\"itemListElement\":[{\"@type\":\"ListItem\",\"position\":1,\"name\":\"Home\",\"item\":\"https:\/\/www.gaveanews.com\/\"},{\"@type\":\"ListItem\",\"position\":2,\"name\":\"Saiu! Confira a escala\u00e7\u00e3o do Flamengo contra o Internacional\"}]},{\"@type\":\"WebSite\",\"@id\":\"https:\/\/www.gaveanews.com\/#website\",\"url\":\"https:\/\/www.gaveanews.com\/\",\"name\":\"G\u00e1vea News\",\"description\":\"Veja todas as not\u00edcias sobre o Flamengo: Contrata\u00e7\u00f5es, categorias de base, resultados das partidas, tabela de classifica\u00e7\u00e3o, pr\u00f3ximos jogos!\",\"potentialAction\":[{\"@type\":\"SearchAction\",\"target\":{\"@type\":\"EntryPoint\",\"urlTemplate\":\"https:\/\/www.gaveanews.com\/?s={search_term_string}\"},\"query-input\":{\"@type\":\"PropertyValueSpecification\",\"valueRequired\":true,\"valueName\":\"search_term_string\"}}],\"inLanguage\":\"pt-BR\"},{\"@type\":\"Person\",\"@id\":\"https:\/\/www.gaveanews.com\/#\/schema\/person\/714c67050b836198af2450ba1c142a67\",\"name\":\"Let\u00edcia Gerheim\",\"image\":{\"@type\":\"ImageObject\",\"inLanguage\":\"pt-BR\",\"@id\":\"https:\/\/www.gaveanews.com\/#\/schema\/person\/image\/\",\"url\":\"https:\/\/secure.gravatar.com\/avatar\/60734739c50fcebfbac509e2a826ccd0ff405c019bc73aab9354f19ecad1dcb4?s=96&d=mm&r=g\",\"contentUrl\":\"https:\/\/secure.gravatar.com\/avatar\/60734739c50fcebfbac509e2a826ccd0ff405c019bc73aab9354f19ecad1dcb4?s=96&d=mm&r=g\",\"caption\":\"Let\u00edcia Gerheim\"}}]}<\/script>\n<!-- \/ Yoast SEO Premium plugin. -->","yoast_head_json":{"title":"Saiu! Confira a escala\u00e7\u00e3o do Flamengo contra o Internacional","description":"Logo mais, \u00e0s 18:15h (hor\u00e1rio de Bras\u00edlia), o Flamengo enfretar\u00e1 o Internacional em partida v\u00e1lida pela 18\u00aa rodada do Campeonato Brasileiro.","robots":{"index":"index","follow":"follow","max-snippet":"max-snippet:-1","max-image-preview":"max-image-preview:large","max-video-preview":"max-video-preview:-1"},"canonical":"https:\/\/www.gaveanews.com\/index.php\/2020\/10\/25\/saiu-confira-a-escalacao-do-flamengo-contra-o-internacional\/","og_locale":"pt_BR","og_type":"article","og_title":"Saiu! Confira a escala\u00e7\u00e3o do Flamengo contra o Internacional","og_description":"Logo mais, \u00e0s 18:15h (hor\u00e1rio de Bras\u00edlia), o Flamengo enfretar\u00e1 o Internacional em partida v\u00e1lida pela 18\u00aa rodada do Campeonato Brasileiro.","og_url":"https:\/\/www.gaveanews.com\/index.php\/2020\/10\/25\/saiu-confira-a-escalacao-do-flamengo-contra-o-internacional\/","og_site_name":"G\u00e1vea News","article_publisher":"https:\/\/facebook.com\/gaveaNews\/","article_published_time":"2020-10-25T18:25:50+00:00","article_modified_time":"2021-08-12T03:50:50+00:00","og_image":[{"url":"https:\/\/www.gaveanews.com\/wp-content\/uploads\/Escalacao-oficial-do-Flamengo.webp","width":1,"height":1,"type":"image\/jpeg"}],"author":"Let\u00edcia Gerheim","twitter_card":"summary_large_image","twitter_misc":{"Escrito por":"Let\u00edcia Gerheim","Est. tempo de leitura":"1 minuto"},"schema":{"@context":"https:\/\/schema.org","@graph":[{"@type":"NewsArticle","@id":"https:\/\/www.gaveanews.com\/index.php\/2020\/10\/25\/saiu-confira-a-escalacao-do-flamengo-contra-o-internacional\/#article","isPartOf":{"@id":"https:\/\/www.gaveanews.com\/index.php\/2020\/10\/25\/saiu-confira-a-escalacao-do-flamengo-contra-o-internacional\/"},"author":{"name":"Let\u00edcia Gerheim","@id":"https:\/\/www.gaveanews.com\/#\/schema\/person\/714c67050b836198af2450ba1c142a67"},"headline":"Saiu! Confira a escala\u00e7\u00e3o do Flamengo contra o Internacional","datePublished":"2020-10-25T18:25:50+00:00","dateModified":"2021-08-12T03:50:50+00:00","mainEntityOfPage":{"@id":"https:\/\/www.gaveanews.com\/index.php\/2020\/10\/25\/saiu-confira-a-escalacao-do-flamengo-contra-o-internacional\/"},"wordCount":210,"commentCount":20,"image":{"@id":"https:\/\/www.gaveanews.com\/index.php\/2020\/10\/25\/saiu-confira-a-escalacao-do-flamengo-contra-o-internacional\/#primaryimage"},"thumbnailUrl":"https:\/\/www.gaveanews.com\/wp-content\/uploads\/Escalacao-oficial-do-Flamengo.webp","articleSection":["Flamengo"],"inLanguage":"pt-BR","potentialAction":[{"@type":"CommentAction","name":"Comment","target":["https:\/\/www.gaveanews.com\/index.php\/2020\/10\/25\/saiu-confira-a-escalacao-do-flamengo-contra-o-internacional\/#respond"]}],"copyrightYear":"2020","copyrightHolder":{"@id":"https:\/\/www.gaveanews.com\/#organization"}},{"@type":"WebPage","@id":"https:\/\/www.gaveanews.com\/index.php\/2020\/10\/25\/saiu-confira-a-escalacao-do-flamengo-contra-o-internacional\/","url":"https:\/\/www.gaveanews.com\/index.php\/2020\/10\/25\/saiu-confira-a-escalacao-do-flamengo-contra-o-internacional\/","name":"Saiu! Confira a escala\u00e7\u00e3o do Flamengo contra o Internacional","isPartOf":{"@id":"https:\/\/www.gaveanews.com\/#website"},"primaryImageOfPage":{"@id":"https:\/\/www.gaveanews.com\/index.php\/2020\/10\/25\/saiu-confira-a-escalacao-do-flamengo-contra-o-internacional\/#primaryimage"},"image":{"@id":"https:\/\/www.gaveanews.com\/index.php\/2020\/10\/25\/saiu-confira-a-escalacao-do-flamengo-contra-o-internacional\/#primaryimage"},"thumbnailUrl":"https:\/\/www.gaveanews.com\/wp-content\/uploads\/Escalacao-oficial-do-Flamengo.webp","datePublished":"2020-10-25T18:25:50+00:00","dateModified":"2021-08-12T03:50:50+00:00","author":{"@id":"https:\/\/www.gaveanews.com\/#\/schema\/person\/714c67050b836198af2450ba1c142a67"},"description":"Logo mais, \u00e0s 18:15h (hor\u00e1rio de Bras\u00edlia), o Flamengo enfretar\u00e1 o Internacional em partida v\u00e1lida pela 18\u00aa rodada do Campeonato Brasileiro.","breadcrumb":{"@id":"https:\/\/www.gaveanews.com\/index.php\/2020\/10\/25\/saiu-confira-a-escalacao-do-flamengo-contra-o-internacional\/#breadcrumb"},"inLanguage":"pt-BR","potentialAction":[{"@type":"ReadAction","target":["https:\/\/www.gaveanews.com\/index.php\/2020\/10\/25\/saiu-confira-a-escalacao-do-flamengo-contra-o-internacional\/"]}]},{"@type":"ImageObject","inLanguage":"pt-BR","@id":"https:\/\/www.gaveanews.com\/index.php\/2020\/10\/25\/saiu-confira-a-escalacao-do-flamengo-contra-o-internacional\/#primaryimage","url":"https:\/\/www.gaveanews.com\/wp-content\/uploads\/Escalacao-oficial-do-Flamengo.webp","contentUrl":"https:\/\/www.gaveanews.com\/wp-content\/uploads\/Escalacao-oficial-do-Flamengo.webp","caption":"Confira a escala\u00e7\u00e3o oficial do Flamengo (Ilustra\u00e7\u00e3o: Editoria de Arte\/GaveaNews.com)"},{"@type":"BreadcrumbList","@id":"https:\/\/www.gaveanews.com\/index.php\/2020\/10\/25\/saiu-confira-a-escalacao-do-flamengo-contra-o-internacional\/#breadcrumb","itemListElement":[{"@type":"ListItem","position":1,"name":"Home","item":"https:\/\/www.gaveanews.com\/"},{"@type":"ListItem","position":2,"name":"Saiu! Confira a escala\u00e7\u00e3o do Flamengo contra o Internacional"}]},{"@type":"WebSite","@id":"https:\/\/www.gaveanews.com\/#website","url":"https:\/\/www.gaveanews.com\/","name":"G\u00e1vea News","description":"Veja todas as not\u00edcias sobre o Flamengo: Contrata\u00e7\u00f5es, categorias de base, resultados das partidas, tabela de classifica\u00e7\u00e3o, pr\u00f3ximos jogos!","potentialAction":[{"@type":"SearchAction","target":{"@type":"EntryPoint","urlTemplate":"https:\/\/www.gaveanews.com\/?s={search_term_string}"},"query-input":{"@type":"PropertyValueSpecification","valueRequired":true,"valueName":"search_term_string"}}],"inLanguage":"pt-BR"},{"@type":"Person","@id":"https:\/\/www.gaveanews.com\/#\/schema\/person\/714c67050b836198af2450ba1c142a67","name":"Let\u00edcia Gerheim","image":{"@type":"ImageObject","inLanguage":"pt-BR","@id":"https:\/\/www.gaveanews.com\/#\/schema\/person\/image\/","url":"https:\/\/secure.gravatar.com\/avatar\/60734739c50fcebfbac509e2a826ccd0ff405c019bc73aab9354f19ecad1dcb4?s=96&d=mm&r=g","contentUrl":"https:\/\/secure.gravatar.com\/avatar\/60734739c50fcebfbac509e2a826ccd0ff405c019bc73aab9354f19ecad1dcb4?s=96&d=mm&r=g","caption":"Let\u00edcia Gerheim"}}]}},"_links":{"self":[{"href":"https:\/\/www.gaveanews.com\/index.php\/wp-json\/wp\/v2\/posts\/49922","targetHints":{"allow":["GET"]}}],"collection":[{"href":"https:\/\/www.gaveanews.com\/index.php\/wp-json\/wp\/v2\/posts"}],"about":[{"href":"https:\/\/www.gaveanews.com\/index.php\/wp-json\/wp\/v2\/types\/post"}],"author":[{"embeddable":true,"href":"https:\/\/www.gaveanews.com\/index.php\/wp-json\/wp\/v2\/users\/4"}],"replies":[{"embeddable":true,"href":"https:\/\/www.gaveanews.com\/index.php\/wp-json\/wp\/v2\/comments?post=49922"}],"version-history":[{"count":0,"href":"https:\/\/www.gaveanews.com\/index.php\/wp-json\/wp\/v2\/posts\/49922\/revisions"}],"wp:featuredmedia":[{"embeddable":true,"href":"https:\/\/www.gaveanews.com\/index.php\/wp-json\/wp\/v2\/media\/30000"}],"wp:attachment":[{"href":"https:\/\/www.gaveanews.com\/index.php\/wp-json\/wp\/v2\/media?parent=49922"}],"wp:term":[{"taxonomy":"category","embeddable":true,"href":"https:\/\/www.gaveanews.com\/index.php\/wp-json\/wp\/v2\/categories?post=49922"},{"taxonomy":"post_tag","embeddable":true,"href":"https:\/\/www.gaveanews.com\/index.php\/wp-json\/wp\/v2\/tags?post=49922"}],"curies":[{"name":"wp","href":"https:\/\/api.w.org\/{rel}","templated":true}]}}