{"id":49929,"date":"2020-10-23T23:03:56","date_gmt":"2020-10-24T02:03:56","guid":{"rendered":"https:\/\/www.gaveanews.com\/?p=49929"},"modified":"2020-10-23T23:04:00","modified_gmt":"2020-10-24T02:04:00","slug":"entenda-o-mal-estar-no-flamengo-apos-foto-em-primeiro-passeio-de-domenec-no-rio","status":"publish","type":"post","link":"https:\/\/www.gaveanews.com\/index.php\/2020\/10\/23\/entenda-o-mal-estar-no-flamengo-apos-foto-em-primeiro-passeio-de-domenec-no-rio\/","title":{"rendered":"Entenda o mal-estar no Flamengo ap\u00f3s foto em primeiro passeio de Dom\u00e8nec no Rio"},"content":{"rendered":"\n<p>Na noite da \u00faltima quinta-feira, Dome e sua comiss\u00e3o t\u00e9cnica aproveitaram a folga para dar o primeiro passeio no Rio. O treinador colocou em pr\u00e1tica o h\u00e1bito de jantar com seus amigos e auxiliares, como fazia no Barcelona.<\/p>\n\n\n\n<p>O h\u00e1bito serviu para gerar uma aproxima\u00e7\u00e3o entre a comiss\u00e3o t\u00e9cnica e o elenco do Flamengo tamb\u00e9m. Mas desta vez, estavam apenas Jordi Guerrero e Jordi Gris, quando na sa\u00edda de um restaurante na zona sul, uma surpresa.<\/p>\n\n\n\n<p>O conselheiro Dekko Roismann, que integra o conselho de futebol do Flamengo, encontrou Dome e seus auxiliares por acaso, tirou uma selfie com o grupo e postou em seu Instagram.<\/p>\n\n\n\n<figure class=\"wp-block-image size-large\"><img decoding=\"async\" src=\"https:\/\/ogimg.infoglobo.com.br\/in\/24710074-09e-213\/FT1086A\/652\/xdekko-1.webp.pagespeed.ic.wDwKx2hWJr.webp\" alt=\"\"\/><figcaption>Dekko Roisman ao lado de Dome e de Jordi Griss, auxiliar (Foto: Reprodu\u00e7\u00e3o)<\/figcaption><\/figure>\n\n\n\n<p>Nada demais n\u00e3o fosse o fato de Dekko participar do grupo Fla+, que atua na pol\u00edtica da G\u00e1vea e pediu recentemente a demiss\u00e3o do treinador. O epis\u00f3dio foi exposto at\u00e9 pelo vice de futebol Marcos Braz, que aconselhou Dekko a sair do grupo, ou que o grupo o desligasse.<\/p>\n\n\n\n<p>Passado esta situa\u00e7\u00e3o, o conselheiro deixou de viajar com a delega\u00e7\u00e3o do Flamengo para os jogos fora do Rio, depois do surto de Covid-19 no Equador e da goleada de 5 a 0 na Libertadores.<\/p>\n\n\n\n<p>A foto com Dome reacendeu a pol\u00eamica. Dekko, inclusive, sinalizou que quer voltar a viajar com o elenco. Internamente, o conselheiro foi alvo de coment\u00e1rios, reprovando a postura, classificada como covarde.<\/p>\n\n\n\n<p>E ficou ainda mais desgastado no departamento de futebol. Neste s\u00e1bado, o Flamengo embarca para enfrentar o Inter em Porto Alegre, e a expectativa \u00e9 como a diretoria rubro-negra vai conduzir politicamente o epis\u00f3dio.<\/p>\n\n\n\n<p>A reportagem procurou Dekko Rosimann, mas ele n\u00e3o retornou os contatos.<\/p>\n\n\n\n<p>Retirado  de: O Globo<\/p>\n","protected":false},"excerpt":{"rendered":"<p>Na noite da \u00faltima quinta-feira, Dome e sua comiss\u00e3o t\u00e9cnica aproveitaram a folga para dar o primeiro passeio no Rio. O treinador colocou em pr\u00e1tica o h\u00e1bito de jantar com seus amigos e auxiliares, como fazia no Barcelona. O h\u00e1bito serviu para gerar uma aproxima\u00e7\u00e3o entre a comiss\u00e3o t\u00e9cnica e o elenco do Flamengo tamb\u00e9m. [&hellip;]<\/p>\n","protected":false},"author":1,"featured_media":49231,"comment_status":"open","ping_status":"closed","sticky":false,"template":"","format":"standard","meta":{"footnotes":""},"categories":[1],"tags":[],"class_list":["post-49929","post","type-post","status-publish","format-standard","has-post-thumbnail","hentry","category-flamengo"],"yoast_head":"<!-- This site is optimized with the Yoast SEO Premium plugin v24.2 (Yoast SEO v26.9) - https:\/\/yoast.com\/product\/yoast-seo-premium-wordpress\/ -->\n<title>Entenda o mal-estar no Flamengo ap\u00f3s foto em 1\u00ba passeio de Dom\u00e8nec<\/title>\n<meta name=\"description\" content=\"Na noite da \u00faltima quinta-feira, Dome e sua comiss\u00e3o t\u00e9cnica aproveitaram a folga para dar o primeiro passeio no Rio.\" \/>\n<meta name=\"robots\" content=\"index, follow, max-snippet:-1, max-image-preview:large, max-video-preview:-1\" \/>\n<link rel=\"canonical\" href=\"https:\/\/www.gaveanews.com\/index.php\/2020\/10\/23\/entenda-o-mal-estar-no-flamengo-apos-foto-em-primeiro-passeio-de-domenec-no-rio\/\" \/>\n<meta property=\"og:locale\" content=\"pt_BR\" \/>\n<meta property=\"og:type\" content=\"article\" \/>\n<meta property=\"og:title\" content=\"Entenda o mal-estar no Flamengo ap\u00f3s foto em primeiro passeio de Dom\u00e8nec no Rio\" \/>\n<meta property=\"og:description\" content=\"Na noite da \u00faltima quinta-feira, Dome e sua comiss\u00e3o t\u00e9cnica aproveitaram a folga para dar o primeiro passeio no Rio.\" \/>\n<meta property=\"og:url\" content=\"https:\/\/www.gaveanews.com\/index.php\/2020\/10\/23\/entenda-o-mal-estar-no-flamengo-apos-foto-em-primeiro-passeio-de-domenec-no-rio\/\" \/>\n<meta property=\"og:site_name\" content=\"G\u00e1vea News\" \/>\n<meta property=\"article:publisher\" content=\"https:\/\/facebook.com\/gaveaNews\/\" \/>\n<meta property=\"article:published_time\" content=\"2020-10-24T02:03:56+00:00\" \/>\n<meta property=\"article:modified_time\" content=\"2020-10-24T02:04:00+00:00\" \/>\n<meta property=\"og:image\" content=\"https:\/\/www.gaveanews.com\/wp-content\/uploads\/Domenec-Torrent-durante-a-partida-contra-o-Bragantino-pelo-Campeonato-Brasileiro-de-2020.webp\" \/>\n\t<meta property=\"og:image:width\" content=\"800\" \/>\n\t<meta property=\"og:image:height\" content=\"533\" \/>\n\t<meta property=\"og:image:type\" content=\"image\/jpeg\" \/>\n<meta name=\"author\" content=\"Equipe G\u00e1vea News\" \/>\n<meta name=\"twitter:card\" content=\"summary_large_image\" \/>\n<meta name=\"twitter:label1\" content=\"Escrito por\" \/>\n\t<meta name=\"twitter:data1\" content=\"Equipe G\u00e1vea News\" \/>\n\t<meta name=\"twitter:label2\" content=\"Est. tempo de leitura\" \/>\n\t<meta name=\"twitter:data2\" content=\"2 minutos\" \/>\n<script type=\"application\/ld+json\" class=\"yoast-schema-graph\">{\"@context\":\"https:\/\/schema.org\",\"@graph\":[{\"@type\":\"NewsArticle\",\"@id\":\"https:\/\/www.gaveanews.com\/index.php\/2020\/10\/23\/entenda-o-mal-estar-no-flamengo-apos-foto-em-primeiro-passeio-de-domenec-no-rio\/#article\",\"isPartOf\":{\"@id\":\"https:\/\/www.gaveanews.com\/index.php\/2020\/10\/23\/entenda-o-mal-estar-no-flamengo-apos-foto-em-primeiro-passeio-de-domenec-no-rio\/\"},\"author\":{\"name\":\"Equipe G\u00e1vea News\",\"@id\":\"https:\/\/www.gaveanews.com\/#\/schema\/person\/2ec14f73fb96be2caf28f91afb14749d\"},\"headline\":\"Entenda o mal-estar no Flamengo ap\u00f3s foto em primeiro passeio de Dom\u00e8nec no Rio\",\"datePublished\":\"2020-10-24T02:03:56+00:00\",\"dateModified\":\"2020-10-24T02:04:00+00:00\",\"mainEntityOfPage\":{\"@id\":\"https:\/\/www.gaveanews.com\/index.php\/2020\/10\/23\/entenda-o-mal-estar-no-flamengo-apos-foto-em-primeiro-passeio-de-domenec-no-rio\/\"},\"wordCount\":319,\"commentCount\":22,\"image\":{\"@id\":\"https:\/\/www.gaveanews.com\/index.php\/2020\/10\/23\/entenda-o-mal-estar-no-flamengo-apos-foto-em-primeiro-passeio-de-domenec-no-rio\/#primaryimage\"},\"thumbnailUrl\":\"https:\/\/www.gaveanews.com\/wp-content\/uploads\/Domenec-Torrent-durante-a-partida-contra-o-Bragantino-pelo-Campeonato-Brasileiro-de-2020.webp\",\"articleSection\":[\"Flamengo\"],\"inLanguage\":\"pt-BR\",\"potentialAction\":[{\"@type\":\"CommentAction\",\"name\":\"Comment\",\"target\":[\"https:\/\/www.gaveanews.com\/index.php\/2020\/10\/23\/entenda-o-mal-estar-no-flamengo-apos-foto-em-primeiro-passeio-de-domenec-no-rio\/#respond\"]}],\"copyrightYear\":\"2020\",\"copyrightHolder\":{\"@id\":\"https:\/\/www.gaveanews.com\/#organization\"}},{\"@type\":\"WebPage\",\"@id\":\"https:\/\/www.gaveanews.com\/index.php\/2020\/10\/23\/entenda-o-mal-estar-no-flamengo-apos-foto-em-primeiro-passeio-de-domenec-no-rio\/\",\"url\":\"https:\/\/www.gaveanews.com\/index.php\/2020\/10\/23\/entenda-o-mal-estar-no-flamengo-apos-foto-em-primeiro-passeio-de-domenec-no-rio\/\",\"name\":\"Entenda o mal-estar no Flamengo ap\u00f3s foto em 1\u00ba passeio de Dom\u00e8nec\",\"isPartOf\":{\"@id\":\"https:\/\/www.gaveanews.com\/#website\"},\"primaryImageOfPage\":{\"@id\":\"https:\/\/www.gaveanews.com\/index.php\/2020\/10\/23\/entenda-o-mal-estar-no-flamengo-apos-foto-em-primeiro-passeio-de-domenec-no-rio\/#primaryimage\"},\"image\":{\"@id\":\"https:\/\/www.gaveanews.com\/index.php\/2020\/10\/23\/entenda-o-mal-estar-no-flamengo-apos-foto-em-primeiro-passeio-de-domenec-no-rio\/#primaryimage\"},\"thumbnailUrl\":\"https:\/\/www.gaveanews.com\/wp-content\/uploads\/Domenec-Torrent-durante-a-partida-contra-o-Bragantino-pelo-Campeonato-Brasileiro-de-2020.webp\",\"datePublished\":\"2020-10-24T02:03:56+00:00\",\"dateModified\":\"2020-10-24T02:04:00+00:00\",\"author\":{\"@id\":\"https:\/\/www.gaveanews.com\/#\/schema\/person\/2ec14f73fb96be2caf28f91afb14749d\"},\"description\":\"Na noite da \u00faltima quinta-feira, Dome e sua comiss\u00e3o t\u00e9cnica aproveitaram a folga para dar o primeiro passeio no Rio.\",\"breadcrumb\":{\"@id\":\"https:\/\/www.gaveanews.com\/index.php\/2020\/10\/23\/entenda-o-mal-estar-no-flamengo-apos-foto-em-primeiro-passeio-de-domenec-no-rio\/#breadcrumb\"},\"inLanguage\":\"pt-BR\",\"potentialAction\":[{\"@type\":\"ReadAction\",\"target\":[\"https:\/\/www.gaveanews.com\/index.php\/2020\/10\/23\/entenda-o-mal-estar-no-flamengo-apos-foto-em-primeiro-passeio-de-domenec-no-rio\/\"]}]},{\"@type\":\"ImageObject\",\"inLanguage\":\"pt-BR\",\"@id\":\"https:\/\/www.gaveanews.com\/index.php\/2020\/10\/23\/entenda-o-mal-estar-no-flamengo-apos-foto-em-primeiro-passeio-de-domenec-no-rio\/#primaryimage\",\"url\":\"https:\/\/www.gaveanews.com\/wp-content\/uploads\/Domenec-Torrent-durante-a-partida-contra-o-Bragantino-pelo-Campeonato-Brasileiro-de-2020.webp\",\"contentUrl\":\"https:\/\/www.gaveanews.com\/wp-content\/uploads\/Domenec-Torrent-durante-a-partida-contra-o-Bragantino-pelo-Campeonato-Brasileiro-de-2020.webp\",\"width\":800,\"height\":533,\"caption\":\"Dom\u00e8nec Torrent durante a partida contra o Bragantino pelo Campeonato Brasileiro de 2020 (Foto: Alexandre Vidal\/Flamengo)\"},{\"@type\":\"BreadcrumbList\",\"@id\":\"https:\/\/www.gaveanews.com\/index.php\/2020\/10\/23\/entenda-o-mal-estar-no-flamengo-apos-foto-em-primeiro-passeio-de-domenec-no-rio\/#breadcrumb\",\"itemListElement\":[{\"@type\":\"ListItem\",\"position\":1,\"name\":\"Home\",\"item\":\"https:\/\/www.gaveanews.com\/\"},{\"@type\":\"ListItem\",\"position\":2,\"name\":\"Entenda o mal-estar no Flamengo ap\u00f3s foto em primeiro passeio de Dom\u00e8nec no Rio\"}]},{\"@type\":\"WebSite\",\"@id\":\"https:\/\/www.gaveanews.com\/#website\",\"url\":\"https:\/\/www.gaveanews.com\/\",\"name\":\"G\u00e1vea News\",\"description\":\"Veja todas as not\u00edcias sobre o Flamengo: Contrata\u00e7\u00f5es, categorias de base, resultados das partidas, tabela de classifica\u00e7\u00e3o, pr\u00f3ximos jogos!\",\"potentialAction\":[{\"@type\":\"SearchAction\",\"target\":{\"@type\":\"EntryPoint\",\"urlTemplate\":\"https:\/\/www.gaveanews.com\/?s={search_term_string}\"},\"query-input\":{\"@type\":\"PropertyValueSpecification\",\"valueRequired\":true,\"valueName\":\"search_term_string\"}}],\"inLanguage\":\"pt-BR\"},{\"@type\":\"Person\",\"@id\":\"https:\/\/www.gaveanews.com\/#\/schema\/person\/2ec14f73fb96be2caf28f91afb14749d\",\"name\":\"Equipe G\u00e1vea News\",\"image\":{\"@type\":\"ImageObject\",\"inLanguage\":\"pt-BR\",\"@id\":\"https:\/\/www.gaveanews.com\/#\/schema\/person\/image\/\",\"url\":\"https:\/\/secure.gravatar.com\/avatar\/1e1956f1facbffd3f8fa53a326721950116b3b9dc9bd44939c01180fd4a745a9?s=96&d=mm&r=g\",\"contentUrl\":\"https:\/\/secure.gravatar.com\/avatar\/1e1956f1facbffd3f8fa53a326721950116b3b9dc9bd44939c01180fd4a745a9?s=96&d=mm&r=g\",\"caption\":\"Equipe G\u00e1vea News\"}}]}<\/script>\n<!-- \/ Yoast SEO Premium plugin. -->","yoast_head_json":{"title":"Entenda o mal-estar no Flamengo ap\u00f3s foto em 1\u00ba passeio de Dom\u00e8nec","description":"Na noite da \u00faltima quinta-feira, Dome e sua comiss\u00e3o t\u00e9cnica aproveitaram a folga para dar o primeiro passeio no Rio.","robots":{"index":"index","follow":"follow","max-snippet":"max-snippet:-1","max-image-preview":"max-image-preview:large","max-video-preview":"max-video-preview:-1"},"canonical":"https:\/\/www.gaveanews.com\/index.php\/2020\/10\/23\/entenda-o-mal-estar-no-flamengo-apos-foto-em-primeiro-passeio-de-domenec-no-rio\/","og_locale":"pt_BR","og_type":"article","og_title":"Entenda o mal-estar no Flamengo ap\u00f3s foto em primeiro passeio de Dom\u00e8nec no Rio","og_description":"Na noite da \u00faltima quinta-feira, Dome e sua comiss\u00e3o t\u00e9cnica aproveitaram a folga para dar o primeiro passeio no Rio.","og_url":"https:\/\/www.gaveanews.com\/index.php\/2020\/10\/23\/entenda-o-mal-estar-no-flamengo-apos-foto-em-primeiro-passeio-de-domenec-no-rio\/","og_site_name":"G\u00e1vea News","article_publisher":"https:\/\/facebook.com\/gaveaNews\/","article_published_time":"2020-10-24T02:03:56+00:00","article_modified_time":"2020-10-24T02:04:00+00:00","og_image":[{"width":800,"height":533,"url":"https:\/\/www.gaveanews.com\/wp-content\/uploads\/Domenec-Torrent-durante-a-partida-contra-o-Bragantino-pelo-Campeonato-Brasileiro-de-2020.webp","type":"image\/jpeg"}],"author":"Equipe G\u00e1vea News","twitter_card":"summary_large_image","twitter_misc":{"Escrito por":"Equipe G\u00e1vea News","Est. tempo de leitura":"2 minutos"},"schema":{"@context":"https:\/\/schema.org","@graph":[{"@type":"NewsArticle","@id":"https:\/\/www.gaveanews.com\/index.php\/2020\/10\/23\/entenda-o-mal-estar-no-flamengo-apos-foto-em-primeiro-passeio-de-domenec-no-rio\/#article","isPartOf":{"@id":"https:\/\/www.gaveanews.com\/index.php\/2020\/10\/23\/entenda-o-mal-estar-no-flamengo-apos-foto-em-primeiro-passeio-de-domenec-no-rio\/"},"author":{"name":"Equipe G\u00e1vea News","@id":"https:\/\/www.gaveanews.com\/#\/schema\/person\/2ec14f73fb96be2caf28f91afb14749d"},"headline":"Entenda o mal-estar no Flamengo ap\u00f3s foto em primeiro passeio de Dom\u00e8nec no Rio","datePublished":"2020-10-24T02:03:56+00:00","dateModified":"2020-10-24T02:04:00+00:00","mainEntityOfPage":{"@id":"https:\/\/www.gaveanews.com\/index.php\/2020\/10\/23\/entenda-o-mal-estar-no-flamengo-apos-foto-em-primeiro-passeio-de-domenec-no-rio\/"},"wordCount":319,"commentCount":22,"image":{"@id":"https:\/\/www.gaveanews.com\/index.php\/2020\/10\/23\/entenda-o-mal-estar-no-flamengo-apos-foto-em-primeiro-passeio-de-domenec-no-rio\/#primaryimage"},"thumbnailUrl":"https:\/\/www.gaveanews.com\/wp-content\/uploads\/Domenec-Torrent-durante-a-partida-contra-o-Bragantino-pelo-Campeonato-Brasileiro-de-2020.webp","articleSection":["Flamengo"],"inLanguage":"pt-BR","potentialAction":[{"@type":"CommentAction","name":"Comment","target":["https:\/\/www.gaveanews.com\/index.php\/2020\/10\/23\/entenda-o-mal-estar-no-flamengo-apos-foto-em-primeiro-passeio-de-domenec-no-rio\/#respond"]}],"copyrightYear":"2020","copyrightHolder":{"@id":"https:\/\/www.gaveanews.com\/#organization"}},{"@type":"WebPage","@id":"https:\/\/www.gaveanews.com\/index.php\/2020\/10\/23\/entenda-o-mal-estar-no-flamengo-apos-foto-em-primeiro-passeio-de-domenec-no-rio\/","url":"https:\/\/www.gaveanews.com\/index.php\/2020\/10\/23\/entenda-o-mal-estar-no-flamengo-apos-foto-em-primeiro-passeio-de-domenec-no-rio\/","name":"Entenda o mal-estar no Flamengo ap\u00f3s foto em 1\u00ba passeio de Dom\u00e8nec","isPartOf":{"@id":"https:\/\/www.gaveanews.com\/#website"},"primaryImageOfPage":{"@id":"https:\/\/www.gaveanews.com\/index.php\/2020\/10\/23\/entenda-o-mal-estar-no-flamengo-apos-foto-em-primeiro-passeio-de-domenec-no-rio\/#primaryimage"},"image":{"@id":"https:\/\/www.gaveanews.com\/index.php\/2020\/10\/23\/entenda-o-mal-estar-no-flamengo-apos-foto-em-primeiro-passeio-de-domenec-no-rio\/#primaryimage"},"thumbnailUrl":"https:\/\/www.gaveanews.com\/wp-content\/uploads\/Domenec-Torrent-durante-a-partida-contra-o-Bragantino-pelo-Campeonato-Brasileiro-de-2020.webp","datePublished":"2020-10-24T02:03:56+00:00","dateModified":"2020-10-24T02:04:00+00:00","author":{"@id":"https:\/\/www.gaveanews.com\/#\/schema\/person\/2ec14f73fb96be2caf28f91afb14749d"},"description":"Na noite da \u00faltima quinta-feira, Dome e sua comiss\u00e3o t\u00e9cnica aproveitaram a folga para dar o primeiro passeio no Rio.","breadcrumb":{"@id":"https:\/\/www.gaveanews.com\/index.php\/2020\/10\/23\/entenda-o-mal-estar-no-flamengo-apos-foto-em-primeiro-passeio-de-domenec-no-rio\/#breadcrumb"},"inLanguage":"pt-BR","potentialAction":[{"@type":"ReadAction","target":["https:\/\/www.gaveanews.com\/index.php\/2020\/10\/23\/entenda-o-mal-estar-no-flamengo-apos-foto-em-primeiro-passeio-de-domenec-no-rio\/"]}]},{"@type":"ImageObject","inLanguage":"pt-BR","@id":"https:\/\/www.gaveanews.com\/index.php\/2020\/10\/23\/entenda-o-mal-estar-no-flamengo-apos-foto-em-primeiro-passeio-de-domenec-no-rio\/#primaryimage","url":"https:\/\/www.gaveanews.com\/wp-content\/uploads\/Domenec-Torrent-durante-a-partida-contra-o-Bragantino-pelo-Campeonato-Brasileiro-de-2020.webp","contentUrl":"https:\/\/www.gaveanews.com\/wp-content\/uploads\/Domenec-Torrent-durante-a-partida-contra-o-Bragantino-pelo-Campeonato-Brasileiro-de-2020.webp","width":800,"height":533,"caption":"Dom\u00e8nec Torrent durante a partida contra o Bragantino pelo Campeonato Brasileiro de 2020 (Foto: Alexandre Vidal\/Flamengo)"},{"@type":"BreadcrumbList","@id":"https:\/\/www.gaveanews.com\/index.php\/2020\/10\/23\/entenda-o-mal-estar-no-flamengo-apos-foto-em-primeiro-passeio-de-domenec-no-rio\/#breadcrumb","itemListElement":[{"@type":"ListItem","position":1,"name":"Home","item":"https:\/\/www.gaveanews.com\/"},{"@type":"ListItem","position":2,"name":"Entenda o mal-estar no Flamengo ap\u00f3s foto em primeiro passeio de Dom\u00e8nec no Rio"}]},{"@type":"WebSite","@id":"https:\/\/www.gaveanews.com\/#website","url":"https:\/\/www.gaveanews.com\/","name":"G\u00e1vea News","description":"Veja todas as not\u00edcias sobre o Flamengo: Contrata\u00e7\u00f5es, categorias de base, resultados das partidas, tabela de classifica\u00e7\u00e3o, pr\u00f3ximos jogos!","potentialAction":[{"@type":"SearchAction","target":{"@type":"EntryPoint","urlTemplate":"https:\/\/www.gaveanews.com\/?s={search_term_string}"},"query-input":{"@type":"PropertyValueSpecification","valueRequired":true,"valueName":"search_term_string"}}],"inLanguage":"pt-BR"},{"@type":"Person","@id":"https:\/\/www.gaveanews.com\/#\/schema\/person\/2ec14f73fb96be2caf28f91afb14749d","name":"Equipe G\u00e1vea News","image":{"@type":"ImageObject","inLanguage":"pt-BR","@id":"https:\/\/www.gaveanews.com\/#\/schema\/person\/image\/","url":"https:\/\/secure.gravatar.com\/avatar\/1e1956f1facbffd3f8fa53a326721950116b3b9dc9bd44939c01180fd4a745a9?s=96&d=mm&r=g","contentUrl":"https:\/\/secure.gravatar.com\/avatar\/1e1956f1facbffd3f8fa53a326721950116b3b9dc9bd44939c01180fd4a745a9?s=96&d=mm&r=g","caption":"Equipe G\u00e1vea News"}}]}},"_links":{"self":[{"href":"https:\/\/www.gaveanews.com\/index.php\/wp-json\/wp\/v2\/posts\/49929","targetHints":{"allow":["GET"]}}],"collection":[{"href":"https:\/\/www.gaveanews.com\/index.php\/wp-json\/wp\/v2\/posts"}],"about":[{"href":"https:\/\/www.gaveanews.com\/index.php\/wp-json\/wp\/v2\/types\/post"}],"author":[{"embeddable":true,"href":"https:\/\/www.gaveanews.com\/index.php\/wp-json\/wp\/v2\/users\/1"}],"replies":[{"embeddable":true,"href":"https:\/\/www.gaveanews.com\/index.php\/wp-json\/wp\/v2\/comments?post=49929"}],"version-history":[{"count":0,"href":"https:\/\/www.gaveanews.com\/index.php\/wp-json\/wp\/v2\/posts\/49929\/revisions"}],"wp:featuredmedia":[{"embeddable":true,"href":"https:\/\/www.gaveanews.com\/index.php\/wp-json\/wp\/v2\/media\/49231"}],"wp:attachment":[{"href":"https:\/\/www.gaveanews.com\/index.php\/wp-json\/wp\/v2\/media?parent=49929"}],"wp:term":[{"taxonomy":"category","embeddable":true,"href":"https:\/\/www.gaveanews.com\/index.php\/wp-json\/wp\/v2\/categories?post=49929"},{"taxonomy":"post_tag","embeddable":true,"href":"https:\/\/www.gaveanews.com\/index.php\/wp-json\/wp\/v2\/tags?post=49929"}],"curies":[{"name":"wp","href":"https:\/\/api.w.org\/{rel}","templated":true}]}}