{"id":49937,"date":"2020-10-24T10:00:59","date_gmt":"2020-10-24T13:00:59","guid":{"rendered":"https:\/\/www.gaveanews.com\/?p=49937"},"modified":"2020-10-24T02:48:18","modified_gmt":"2020-10-24T05:48:18","slug":"em-caso-de-classificacao-flamengo-nao-podera-contar-com-quarteto-titular-na-copa-do-brasil","status":"publish","type":"post","link":"https:\/\/www.gaveanews.com\/index.php\/2020\/10\/24\/em-caso-de-classificacao-flamengo-nao-podera-contar-com-quarteto-titular-na-copa-do-brasil\/","title":{"rendered":"Em caso de classifica\u00e7\u00e3o, Flamengo n\u00e3o contar\u00e1 com quarteto titular na Copa do Brasil"},"content":{"rendered":"\n<p>Rodrigo Caio e Everton Ribeiro voltam a figurar na lista de convocados de Tite para as Eliminat\u00f3rias da Copa do Mundo de 2022. Desta vez, mais especificamente nesta sexta-feira, a dupla foi chamada para os jogos contra Venezuela (no Morumbi) e Uruguai (Est\u00e1dio Centen\u00e1rio), nos dias 13 e 17 de novembro, respectivamente. <\/p>\n\n\n\n<p>Al\u00e9m da dupla, De Arrascaeta tamb\u00e9m foi convocado por \u00d3scar Tab\u00e1rez. J\u00e1 em rela\u00e7\u00e3o ao Chile, \u00e9 muito prov\u00e1vel que Mauricio Isla seja lembrado pelo treinador Reinaldo Rueda.<\/p>\n\n\n\n<p>Desta forma, tais jogadores ser\u00e3o desfalques do Rubro-Negro no jogo diante do Atl\u00e9tico-GO, pela 21\u00aa rodada do Brasileiro. E o mais agravante para o clube: podem ficar de fora da Copa do Brasil.<\/p>\n\n\n\n<p>Explica-se: as quartas de final da Copa do Brasil est\u00e3o marcadas para as semanas dos dias 11 e 18 de novembro &#8211; que \u00e9 justamente o per\u00edodo dos jogos pelas Eliminat\u00f3rias. Ou seja, caso o Flamengo passe pelo Athletico-PR nas oitavas, Dom\u00e8nec Torrent ter\u00e1 que montar o time rubro-negro sem o quarteto.<\/p>\n\n\n\n<p>Tite foi questionado sobre o conflito no calend\u00e1rio, o que o fez deixar de chamar jogadores que atuam no Brasil no ano passado, justamente no afunilamento da Copa do Brasil. Naquela ocasi\u00e3o, os jogos da Sele\u00e7\u00e3o eram amistosos. Agora, s\u00e3o visando o Mundial. E foi assim que o t\u00e9cnico justificou:<\/p>\n\n\n\n<p>\u2014 N\u00e3o foi colocado em quest\u00e3o (a n\u00e3o convoca\u00e7\u00e3o de jogadores do futebol brasileiro por conta da Copa do Brasil). Em outros momentos, estive aqui, reconheci e coloquei para voc\u00eas. Esse (momento), absolutamente, foi o que a Sele\u00e7\u00e3o Brasileira precisa para o Mundial, e n\u00f3s j\u00e1 come\u00e7amos o Mundial &#8211; falou Tite, em entrevista coletiva virtual, direto da sede da CBF.<\/p>\n\n\n\n<p>Adaptado de: Lance<\/p>\n","protected":false},"excerpt":{"rendered":"<p>Rodrigo Caio e Everton Ribeiro voltam a figurar na lista de convocados de Tite para as Eliminat\u00f3rias da Copa do Mundo de 2022. Desta vez, mais especificamente nesta sexta-feira, a dupla foi chamada para os jogos contra Venezuela (no Morumbi) e Uruguai (Est\u00e1dio Centen\u00e1rio), nos dias 13 e 17 de novembro, respectivamente. Al\u00e9m da dupla, [&hellip;]<\/p>\n","protected":false},"author":1,"featured_media":48784,"comment_status":"open","ping_status":"closed","sticky":false,"template":"","format":"standard","meta":{"footnotes":""},"categories":[47],"tags":[],"class_list":["post-49937","post","type-post","status-publish","format-standard","has-post-thumbnail","hentry","category-destaques"],"yoast_head":"<!-- This site is optimized with the Yoast SEO Premium plugin v24.2 (Yoast SEO v26.9) - https:\/\/yoast.com\/product\/yoast-seo-premium-wordpress\/ -->\n<title>Flamengo n\u00e3o contar\u00e1 com quarteto titular na Copa do Brasil<\/title>\n<meta name=\"description\" content=\"N\u00e3o \u00e0 toa, Tite foi questionado sobre o conflito no calend\u00e1rio, o que o fez deixar de chamar jogadores que atuam no Brasil no ano passado.\" \/>\n<meta name=\"robots\" content=\"index, follow, max-snippet:-1, max-image-preview:large, max-video-preview:-1\" \/>\n<link rel=\"canonical\" href=\"https:\/\/www.gaveanews.com\/index.php\/2020\/10\/24\/em-caso-de-classificacao-flamengo-nao-podera-contar-com-quarteto-titular-na-copa-do-brasil\/\" \/>\n<meta property=\"og:locale\" content=\"pt_BR\" \/>\n<meta property=\"og:type\" content=\"article\" \/>\n<meta property=\"og:title\" content=\"Em caso de classifica\u00e7\u00e3o, Flamengo n\u00e3o contar\u00e1 com quarteto titular na Copa do Brasil\" \/>\n<meta property=\"og:description\" content=\"N\u00e3o \u00e0 toa, Tite foi questionado sobre o conflito no calend\u00e1rio, o que o fez deixar de chamar jogadores que atuam no Brasil no ano passado.\" \/>\n<meta property=\"og:url\" content=\"https:\/\/www.gaveanews.com\/index.php\/2020\/10\/24\/em-caso-de-classificacao-flamengo-nao-podera-contar-com-quarteto-titular-na-copa-do-brasil\/\" \/>\n<meta property=\"og:site_name\" content=\"G\u00e1vea News\" \/>\n<meta property=\"article:publisher\" content=\"https:\/\/facebook.com\/gaveaNews\/\" \/>\n<meta property=\"article:published_time\" content=\"2020-10-24T13:00:59+00:00\" \/>\n<meta property=\"og:image\" content=\"https:\/\/www.gaveanews.com\/wp-content\/uploads\/Everton-Ribeiro-durante-treinamento-do-Brasil.webp\" \/>\n\t<meta property=\"og:image:width\" content=\"1024\" \/>\n\t<meta property=\"og:image:height\" content=\"683\" \/>\n\t<meta property=\"og:image:type\" content=\"image\/jpeg\" \/>\n<meta name=\"author\" content=\"Equipe G\u00e1vea News\" \/>\n<meta name=\"twitter:card\" content=\"summary_large_image\" \/>\n<meta name=\"twitter:label1\" content=\"Escrito por\" \/>\n\t<meta name=\"twitter:data1\" content=\"Equipe G\u00e1vea News\" \/>\n\t<meta name=\"twitter:label2\" content=\"Est. tempo de leitura\" \/>\n\t<meta name=\"twitter:data2\" content=\"1 minuto\" \/>\n<script type=\"application\/ld+json\" class=\"yoast-schema-graph\">{\"@context\":\"https:\/\/schema.org\",\"@graph\":[{\"@type\":\"NewsArticle\",\"@id\":\"https:\/\/www.gaveanews.com\/index.php\/2020\/10\/24\/em-caso-de-classificacao-flamengo-nao-podera-contar-com-quarteto-titular-na-copa-do-brasil\/#article\",\"isPartOf\":{\"@id\":\"https:\/\/www.gaveanews.com\/index.php\/2020\/10\/24\/em-caso-de-classificacao-flamengo-nao-podera-contar-com-quarteto-titular-na-copa-do-brasil\/\"},\"author\":{\"name\":\"Equipe G\u00e1vea News\",\"@id\":\"https:\/\/www.gaveanews.com\/#\/schema\/person\/2ec14f73fb96be2caf28f91afb14749d\"},\"headline\":\"Em caso de classifica\u00e7\u00e3o, Flamengo n\u00e3o contar\u00e1 com quarteto titular na Copa do Brasil\",\"datePublished\":\"2020-10-24T13:00:59+00:00\",\"mainEntityOfPage\":{\"@id\":\"https:\/\/www.gaveanews.com\/index.php\/2020\/10\/24\/em-caso-de-classificacao-flamengo-nao-podera-contar-com-quarteto-titular-na-copa-do-brasil\/\"},\"wordCount\":313,\"commentCount\":21,\"image\":{\"@id\":\"https:\/\/www.gaveanews.com\/index.php\/2020\/10\/24\/em-caso-de-classificacao-flamengo-nao-podera-contar-com-quarteto-titular-na-copa-do-brasil\/#primaryimage\"},\"thumbnailUrl\":\"https:\/\/www.gaveanews.com\/wp-content\/uploads\/Everton-Ribeiro-durante-treinamento-do-Brasil.webp\",\"articleSection\":[\"Destaques\"],\"inLanguage\":\"pt-BR\",\"potentialAction\":[{\"@type\":\"CommentAction\",\"name\":\"Comment\",\"target\":[\"https:\/\/www.gaveanews.com\/index.php\/2020\/10\/24\/em-caso-de-classificacao-flamengo-nao-podera-contar-com-quarteto-titular-na-copa-do-brasil\/#respond\"]}],\"copyrightYear\":\"2020\",\"copyrightHolder\":{\"@id\":\"https:\/\/www.gaveanews.com\/#organization\"}},{\"@type\":\"WebPage\",\"@id\":\"https:\/\/www.gaveanews.com\/index.php\/2020\/10\/24\/em-caso-de-classificacao-flamengo-nao-podera-contar-com-quarteto-titular-na-copa-do-brasil\/\",\"url\":\"https:\/\/www.gaveanews.com\/index.php\/2020\/10\/24\/em-caso-de-classificacao-flamengo-nao-podera-contar-com-quarteto-titular-na-copa-do-brasil\/\",\"name\":\"Flamengo n\u00e3o contar\u00e1 com quarteto titular na Copa do Brasil\",\"isPartOf\":{\"@id\":\"https:\/\/www.gaveanews.com\/#website\"},\"primaryImageOfPage\":{\"@id\":\"https:\/\/www.gaveanews.com\/index.php\/2020\/10\/24\/em-caso-de-classificacao-flamengo-nao-podera-contar-com-quarteto-titular-na-copa-do-brasil\/#primaryimage\"},\"image\":{\"@id\":\"https:\/\/www.gaveanews.com\/index.php\/2020\/10\/24\/em-caso-de-classificacao-flamengo-nao-podera-contar-com-quarteto-titular-na-copa-do-brasil\/#primaryimage\"},\"thumbnailUrl\":\"https:\/\/www.gaveanews.com\/wp-content\/uploads\/Everton-Ribeiro-durante-treinamento-do-Brasil.webp\",\"datePublished\":\"2020-10-24T13:00:59+00:00\",\"author\":{\"@id\":\"https:\/\/www.gaveanews.com\/#\/schema\/person\/2ec14f73fb96be2caf28f91afb14749d\"},\"description\":\"N\u00e3o \u00e0 toa, Tite foi questionado sobre o conflito no calend\u00e1rio, o que o fez deixar de chamar jogadores que atuam no Brasil no ano passado.\",\"breadcrumb\":{\"@id\":\"https:\/\/www.gaveanews.com\/index.php\/2020\/10\/24\/em-caso-de-classificacao-flamengo-nao-podera-contar-com-quarteto-titular-na-copa-do-brasil\/#breadcrumb\"},\"inLanguage\":\"pt-BR\",\"potentialAction\":[{\"@type\":\"ReadAction\",\"target\":[\"https:\/\/www.gaveanews.com\/index.php\/2020\/10\/24\/em-caso-de-classificacao-flamengo-nao-podera-contar-com-quarteto-titular-na-copa-do-brasil\/\"]}]},{\"@type\":\"ImageObject\",\"inLanguage\":\"pt-BR\",\"@id\":\"https:\/\/www.gaveanews.com\/index.php\/2020\/10\/24\/em-caso-de-classificacao-flamengo-nao-podera-contar-com-quarteto-titular-na-copa-do-brasil\/#primaryimage\",\"url\":\"https:\/\/www.gaveanews.com\/wp-content\/uploads\/Everton-Ribeiro-durante-treinamento-do-Brasil.webp\",\"contentUrl\":\"https:\/\/www.gaveanews.com\/wp-content\/uploads\/Everton-Ribeiro-durante-treinamento-do-Brasil.webp\",\"width\":1024,\"height\":683,\"caption\":\"Everton Ribeiro durante treinamento do Brasil (Foto: Lucas Figueiredo\/CBF)\"},{\"@type\":\"BreadcrumbList\",\"@id\":\"https:\/\/www.gaveanews.com\/index.php\/2020\/10\/24\/em-caso-de-classificacao-flamengo-nao-podera-contar-com-quarteto-titular-na-copa-do-brasil\/#breadcrumb\",\"itemListElement\":[{\"@type\":\"ListItem\",\"position\":1,\"name\":\"Home\",\"item\":\"https:\/\/www.gaveanews.com\/\"},{\"@type\":\"ListItem\",\"position\":2,\"name\":\"Em caso de classifica\u00e7\u00e3o, Flamengo n\u00e3o contar\u00e1 com quarteto titular na Copa do Brasil\"}]},{\"@type\":\"WebSite\",\"@id\":\"https:\/\/www.gaveanews.com\/#website\",\"url\":\"https:\/\/www.gaveanews.com\/\",\"name\":\"G\u00e1vea News\",\"description\":\"Veja todas as not\u00edcias sobre o Flamengo: Contrata\u00e7\u00f5es, categorias de base, resultados das partidas, tabela de classifica\u00e7\u00e3o, pr\u00f3ximos jogos!\",\"potentialAction\":[{\"@type\":\"SearchAction\",\"target\":{\"@type\":\"EntryPoint\",\"urlTemplate\":\"https:\/\/www.gaveanews.com\/?s={search_term_string}\"},\"query-input\":{\"@type\":\"PropertyValueSpecification\",\"valueRequired\":true,\"valueName\":\"search_term_string\"}}],\"inLanguage\":\"pt-BR\"},{\"@type\":\"Person\",\"@id\":\"https:\/\/www.gaveanews.com\/#\/schema\/person\/2ec14f73fb96be2caf28f91afb14749d\",\"name\":\"Equipe G\u00e1vea News\",\"image\":{\"@type\":\"ImageObject\",\"inLanguage\":\"pt-BR\",\"@id\":\"https:\/\/www.gaveanews.com\/#\/schema\/person\/image\/\",\"url\":\"https:\/\/secure.gravatar.com\/avatar\/1e1956f1facbffd3f8fa53a326721950116b3b9dc9bd44939c01180fd4a745a9?s=96&d=mm&r=g\",\"contentUrl\":\"https:\/\/secure.gravatar.com\/avatar\/1e1956f1facbffd3f8fa53a326721950116b3b9dc9bd44939c01180fd4a745a9?s=96&d=mm&r=g\",\"caption\":\"Equipe G\u00e1vea News\"}}]}<\/script>\n<!-- \/ Yoast SEO Premium plugin. -->","yoast_head_json":{"title":"Flamengo n\u00e3o contar\u00e1 com quarteto titular na Copa do Brasil","description":"N\u00e3o \u00e0 toa, Tite foi questionado sobre o conflito no calend\u00e1rio, o que o fez deixar de chamar jogadores que atuam no Brasil no ano passado.","robots":{"index":"index","follow":"follow","max-snippet":"max-snippet:-1","max-image-preview":"max-image-preview:large","max-video-preview":"max-video-preview:-1"},"canonical":"https:\/\/www.gaveanews.com\/index.php\/2020\/10\/24\/em-caso-de-classificacao-flamengo-nao-podera-contar-com-quarteto-titular-na-copa-do-brasil\/","og_locale":"pt_BR","og_type":"article","og_title":"Em caso de classifica\u00e7\u00e3o, Flamengo n\u00e3o contar\u00e1 com quarteto titular na Copa do Brasil","og_description":"N\u00e3o \u00e0 toa, Tite foi questionado sobre o conflito no calend\u00e1rio, o que o fez deixar de chamar jogadores que atuam no Brasil no ano passado.","og_url":"https:\/\/www.gaveanews.com\/index.php\/2020\/10\/24\/em-caso-de-classificacao-flamengo-nao-podera-contar-com-quarteto-titular-na-copa-do-brasil\/","og_site_name":"G\u00e1vea News","article_publisher":"https:\/\/facebook.com\/gaveaNews\/","article_published_time":"2020-10-24T13:00:59+00:00","og_image":[{"width":1024,"height":683,"url":"https:\/\/www.gaveanews.com\/wp-content\/uploads\/Everton-Ribeiro-durante-treinamento-do-Brasil.webp","type":"image\/jpeg"}],"author":"Equipe G\u00e1vea News","twitter_card":"summary_large_image","twitter_misc":{"Escrito por":"Equipe G\u00e1vea News","Est. tempo de leitura":"1 minuto"},"schema":{"@context":"https:\/\/schema.org","@graph":[{"@type":"NewsArticle","@id":"https:\/\/www.gaveanews.com\/index.php\/2020\/10\/24\/em-caso-de-classificacao-flamengo-nao-podera-contar-com-quarteto-titular-na-copa-do-brasil\/#article","isPartOf":{"@id":"https:\/\/www.gaveanews.com\/index.php\/2020\/10\/24\/em-caso-de-classificacao-flamengo-nao-podera-contar-com-quarteto-titular-na-copa-do-brasil\/"},"author":{"name":"Equipe G\u00e1vea News","@id":"https:\/\/www.gaveanews.com\/#\/schema\/person\/2ec14f73fb96be2caf28f91afb14749d"},"headline":"Em caso de classifica\u00e7\u00e3o, Flamengo n\u00e3o contar\u00e1 com quarteto titular na Copa do Brasil","datePublished":"2020-10-24T13:00:59+00:00","mainEntityOfPage":{"@id":"https:\/\/www.gaveanews.com\/index.php\/2020\/10\/24\/em-caso-de-classificacao-flamengo-nao-podera-contar-com-quarteto-titular-na-copa-do-brasil\/"},"wordCount":313,"commentCount":21,"image":{"@id":"https:\/\/www.gaveanews.com\/index.php\/2020\/10\/24\/em-caso-de-classificacao-flamengo-nao-podera-contar-com-quarteto-titular-na-copa-do-brasil\/#primaryimage"},"thumbnailUrl":"https:\/\/www.gaveanews.com\/wp-content\/uploads\/Everton-Ribeiro-durante-treinamento-do-Brasil.webp","articleSection":["Destaques"],"inLanguage":"pt-BR","potentialAction":[{"@type":"CommentAction","name":"Comment","target":["https:\/\/www.gaveanews.com\/index.php\/2020\/10\/24\/em-caso-de-classificacao-flamengo-nao-podera-contar-com-quarteto-titular-na-copa-do-brasil\/#respond"]}],"copyrightYear":"2020","copyrightHolder":{"@id":"https:\/\/www.gaveanews.com\/#organization"}},{"@type":"WebPage","@id":"https:\/\/www.gaveanews.com\/index.php\/2020\/10\/24\/em-caso-de-classificacao-flamengo-nao-podera-contar-com-quarteto-titular-na-copa-do-brasil\/","url":"https:\/\/www.gaveanews.com\/index.php\/2020\/10\/24\/em-caso-de-classificacao-flamengo-nao-podera-contar-com-quarteto-titular-na-copa-do-brasil\/","name":"Flamengo n\u00e3o contar\u00e1 com quarteto titular na Copa do Brasil","isPartOf":{"@id":"https:\/\/www.gaveanews.com\/#website"},"primaryImageOfPage":{"@id":"https:\/\/www.gaveanews.com\/index.php\/2020\/10\/24\/em-caso-de-classificacao-flamengo-nao-podera-contar-com-quarteto-titular-na-copa-do-brasil\/#primaryimage"},"image":{"@id":"https:\/\/www.gaveanews.com\/index.php\/2020\/10\/24\/em-caso-de-classificacao-flamengo-nao-podera-contar-com-quarteto-titular-na-copa-do-brasil\/#primaryimage"},"thumbnailUrl":"https:\/\/www.gaveanews.com\/wp-content\/uploads\/Everton-Ribeiro-durante-treinamento-do-Brasil.webp","datePublished":"2020-10-24T13:00:59+00:00","author":{"@id":"https:\/\/www.gaveanews.com\/#\/schema\/person\/2ec14f73fb96be2caf28f91afb14749d"},"description":"N\u00e3o \u00e0 toa, Tite foi questionado sobre o conflito no calend\u00e1rio, o que o fez deixar de chamar jogadores que atuam no Brasil no ano passado.","breadcrumb":{"@id":"https:\/\/www.gaveanews.com\/index.php\/2020\/10\/24\/em-caso-de-classificacao-flamengo-nao-podera-contar-com-quarteto-titular-na-copa-do-brasil\/#breadcrumb"},"inLanguage":"pt-BR","potentialAction":[{"@type":"ReadAction","target":["https:\/\/www.gaveanews.com\/index.php\/2020\/10\/24\/em-caso-de-classificacao-flamengo-nao-podera-contar-com-quarteto-titular-na-copa-do-brasil\/"]}]},{"@type":"ImageObject","inLanguage":"pt-BR","@id":"https:\/\/www.gaveanews.com\/index.php\/2020\/10\/24\/em-caso-de-classificacao-flamengo-nao-podera-contar-com-quarteto-titular-na-copa-do-brasil\/#primaryimage","url":"https:\/\/www.gaveanews.com\/wp-content\/uploads\/Everton-Ribeiro-durante-treinamento-do-Brasil.webp","contentUrl":"https:\/\/www.gaveanews.com\/wp-content\/uploads\/Everton-Ribeiro-durante-treinamento-do-Brasil.webp","width":1024,"height":683,"caption":"Everton Ribeiro durante treinamento do Brasil (Foto: Lucas Figueiredo\/CBF)"},{"@type":"BreadcrumbList","@id":"https:\/\/www.gaveanews.com\/index.php\/2020\/10\/24\/em-caso-de-classificacao-flamengo-nao-podera-contar-com-quarteto-titular-na-copa-do-brasil\/#breadcrumb","itemListElement":[{"@type":"ListItem","position":1,"name":"Home","item":"https:\/\/www.gaveanews.com\/"},{"@type":"ListItem","position":2,"name":"Em caso de classifica\u00e7\u00e3o, Flamengo n\u00e3o contar\u00e1 com quarteto titular na Copa do Brasil"}]},{"@type":"WebSite","@id":"https:\/\/www.gaveanews.com\/#website","url":"https:\/\/www.gaveanews.com\/","name":"G\u00e1vea News","description":"Veja todas as not\u00edcias sobre o Flamengo: Contrata\u00e7\u00f5es, categorias de base, resultados das partidas, tabela de classifica\u00e7\u00e3o, pr\u00f3ximos jogos!","potentialAction":[{"@type":"SearchAction","target":{"@type":"EntryPoint","urlTemplate":"https:\/\/www.gaveanews.com\/?s={search_term_string}"},"query-input":{"@type":"PropertyValueSpecification","valueRequired":true,"valueName":"search_term_string"}}],"inLanguage":"pt-BR"},{"@type":"Person","@id":"https:\/\/www.gaveanews.com\/#\/schema\/person\/2ec14f73fb96be2caf28f91afb14749d","name":"Equipe G\u00e1vea News","image":{"@type":"ImageObject","inLanguage":"pt-BR","@id":"https:\/\/www.gaveanews.com\/#\/schema\/person\/image\/","url":"https:\/\/secure.gravatar.com\/avatar\/1e1956f1facbffd3f8fa53a326721950116b3b9dc9bd44939c01180fd4a745a9?s=96&d=mm&r=g","contentUrl":"https:\/\/secure.gravatar.com\/avatar\/1e1956f1facbffd3f8fa53a326721950116b3b9dc9bd44939c01180fd4a745a9?s=96&d=mm&r=g","caption":"Equipe G\u00e1vea News"}}]}},"_links":{"self":[{"href":"https:\/\/www.gaveanews.com\/index.php\/wp-json\/wp\/v2\/posts\/49937","targetHints":{"allow":["GET"]}}],"collection":[{"href":"https:\/\/www.gaveanews.com\/index.php\/wp-json\/wp\/v2\/posts"}],"about":[{"href":"https:\/\/www.gaveanews.com\/index.php\/wp-json\/wp\/v2\/types\/post"}],"author":[{"embeddable":true,"href":"https:\/\/www.gaveanews.com\/index.php\/wp-json\/wp\/v2\/users\/1"}],"replies":[{"embeddable":true,"href":"https:\/\/www.gaveanews.com\/index.php\/wp-json\/wp\/v2\/comments?post=49937"}],"version-history":[{"count":0,"href":"https:\/\/www.gaveanews.com\/index.php\/wp-json\/wp\/v2\/posts\/49937\/revisions"}],"wp:featuredmedia":[{"embeddable":true,"href":"https:\/\/www.gaveanews.com\/index.php\/wp-json\/wp\/v2\/media\/48784"}],"wp:attachment":[{"href":"https:\/\/www.gaveanews.com\/index.php\/wp-json\/wp\/v2\/media?parent=49937"}],"wp:term":[{"taxonomy":"category","embeddable":true,"href":"https:\/\/www.gaveanews.com\/index.php\/wp-json\/wp\/v2\/categories?post=49937"},{"taxonomy":"post_tag","embeddable":true,"href":"https:\/\/www.gaveanews.com\/index.php\/wp-json\/wp\/v2\/tags?post=49937"}],"curies":[{"name":"wp","href":"https:\/\/api.w.org\/{rel}","templated":true}]}}