{"id":49969,"date":"2020-10-24T22:30:03","date_gmt":"2020-10-25T01:30:03","guid":{"rendered":"https:\/\/www.gaveanews.com\/?p=49969"},"modified":"2020-10-24T22:22:05","modified_gmt":"2020-10-25T01:22:05","slug":"comentarista-afirma-que-falta-ao-barcelona-um-marcos-braz","status":"publish","type":"post","link":"https:\/\/www.gaveanews.com\/index.php\/2020\/10\/24\/comentarista-afirma-que-falta-ao-barcelona-um-marcos-braz\/","title":{"rendered":"Comentarista afirma que &#8220;falta ao Barcelona um Marcos Braz&#8221;"},"content":{"rendered":"\n<p>O Real Madrid venceu o cl\u00e1ssico contra o Barcelona por 3 a 1, neste s\u00e1bado, em jogo v\u00e1lido pela 6\u00aa rodada do Campeonato Espanhol. Pela primeira vez, o duelo n\u00e3o teve presen\u00e7a dos torcedores, em raz\u00e3o da pandemia. Em campo, o jogo foi equilibrado, mas o atual campe\u00e3o espanhol desequilibrou na etapa final e levou os tr\u00eas pontos ap\u00f3s vencer com gols de Valverde, S\u00e9rgio Ramos e Modric (Ansu Fati descontou).<\/p>\n\n\n\n<p>O duelo tamb\u00e9m mostrou os dois rivais em momentos distintos de mudan\u00e7as. O Real Madrid, que j\u00e1 est\u00e1 a mais tempo em reformula\u00e7\u00e3o, come\u00e7a a colher os frutos do trabalho ao ver jovens como Valverde, Vin\u00edcius J\u00fanior e Rodrygo tendo mais destaque em campo. J\u00e1 o Bar\u00e7a, por sua vez, ainda vive a incerteza sobre o futuro de Messi e ainda se encontra desorganizado, mas v\u00ea a luz no fim do t\u00fanel com o jovem Ansu Fati, o mais novo a marcar na hist\u00f3ria do cl\u00e1ssico.<\/p>\n\n\n\n<p>\u2014 O Barcelona est\u00e1 com muita dificuldade para se reconstruir. O Barcelona vive num passado, achando que o time pode ser montado \u00e0 forma e semelhan\u00e7a do que foi at\u00e9 ent\u00e3o, com Xavi e Iniesta. (\u2026) Tudo acaba afunilando no Messi, e a impress\u00e3o que me passa \u00e9 que ele est\u00e1 cansado disso &#8211; opinou F\u00e1bio Sormani no programa &#8220;Expediente Futebol&#8221;, do Fox Sports.<\/p>\n\n\n\n<p>\u2014 A situa\u00e7\u00e3o do Barcelona \u00e9 dram\u00e1tica. Falta ao Barcelona, por exemplo, um Marcos Braz. Falta um Marcos Braz no Barcelona. Um cara que saiba montar um time. O que o Marcos Braz, no Flamengo, montando um time\u2026 O do ano passado j\u00e1 era bom, o desse ano \u00e9 melhor ainda. Falta um cara desses no Barcelona. O time do Barcelona, hoje, \u00e9 comum &#8211; completou.<\/p>\n\n\n\n<p>Com a vit\u00f3ria, o Real Madrid chegou a lideran\u00e7a do Campeonato Espanhol com 13 pontos, mas ainda pode perder a posi\u00e7\u00e3o neste domingo. J\u00e1 o Barcelona \u00e9 o 12\u00ba colocado com apenas sete pontos. Na pr\u00f3xima rodada, o Real recebe o Huesca, enquanto o Bar\u00e7a visita o Alav\u00e9s, ambos advers\u00e1rios brigando contra o rebaixamento.<\/p>\n\n\n\n<p>Retirado de: Lance<\/p>\n","protected":false},"excerpt":{"rendered":"<p>O Real Madrid venceu o cl\u00e1ssico contra o Barcelona por 3 a 1, neste s\u00e1bado, em jogo v\u00e1lido pela 6\u00aa rodada do Campeonato Espanhol. Pela primeira vez, o duelo n\u00e3o teve presen\u00e7a dos torcedores, em raz\u00e3o da pandemia. Em campo, o jogo foi equilibrado, mas o atual campe\u00e3o espanhol desequilibrou na etapa final e levou [&hellip;]<\/p>\n","protected":false},"author":1,"featured_media":23694,"comment_status":"open","ping_status":"closed","sticky":false,"template":"","format":"standard","meta":{"footnotes":""},"categories":[47],"tags":[],"class_list":["post-49969","post","type-post","status-publish","format-standard","has-post-thumbnail","hentry","category-destaques"],"yoast_head":"<!-- This site is optimized with the Yoast SEO Premium plugin v24.2 (Yoast SEO v26.9) - https:\/\/yoast.com\/product\/yoast-seo-premium-wordpress\/ -->\n<title>Comentarista afirma que &quot;falta ao Barcelona um Marcos Braz&quot;<\/title>\n<meta name=\"description\" content=\"&quot;Falta um Marcos Braz no Barcelona. Um cara que saiba montar um time. O do ano passado j\u00e1 era bom, o desse ano \u00e9 melhor ainda&quot;.\" \/>\n<meta name=\"robots\" content=\"index, follow, max-snippet:-1, max-image-preview:large, max-video-preview:-1\" \/>\n<link rel=\"canonical\" href=\"https:\/\/www.gaveanews.com\/index.php\/2020\/10\/24\/comentarista-afirma-que-falta-ao-barcelona-um-marcos-braz\/\" \/>\n<meta property=\"og:locale\" content=\"pt_BR\" \/>\n<meta property=\"og:type\" content=\"article\" \/>\n<meta property=\"og:title\" content=\"Comentarista afirma que &quot;falta ao Barcelona um Marcos Braz&quot;\" \/>\n<meta property=\"og:description\" content=\"&quot;Falta um Marcos Braz no Barcelona. Um cara que saiba montar um time. O do ano passado j\u00e1 era bom, o desse ano \u00e9 melhor ainda&quot;.\" \/>\n<meta property=\"og:url\" content=\"https:\/\/www.gaveanews.com\/index.php\/2020\/10\/24\/comentarista-afirma-que-falta-ao-barcelona-um-marcos-braz\/\" \/>\n<meta property=\"og:site_name\" content=\"G\u00e1vea News\" \/>\n<meta property=\"article:publisher\" content=\"https:\/\/facebook.com\/gaveaNews\/\" \/>\n<meta property=\"article:published_time\" content=\"2020-10-25T01:30:03+00:00\" \/>\n<meta property=\"og:image\" content=\"https:\/\/www.gaveanews.com\/wp-content\/uploads\/2019\/07\/Marcos-Braz-durante-coletiva-de-imprensa-no-Ninho-do-Urubu.webp\" \/>\n\t<meta property=\"og:image:width\" content=\"846\" \/>\n\t<meta property=\"og:image:height\" content=\"563\" \/>\n\t<meta property=\"og:image:type\" content=\"image\/jpeg\" \/>\n<meta name=\"author\" content=\"Equipe G\u00e1vea News\" \/>\n<meta name=\"twitter:card\" content=\"summary_large_image\" \/>\n<meta name=\"twitter:label1\" content=\"Escrito por\" \/>\n\t<meta name=\"twitter:data1\" content=\"Equipe G\u00e1vea News\" \/>\n\t<meta name=\"twitter:label2\" content=\"Est. tempo de leitura\" \/>\n\t<meta name=\"twitter:data2\" content=\"2 minutos\" \/>\n<script type=\"application\/ld+json\" class=\"yoast-schema-graph\">{\"@context\":\"https:\/\/schema.org\",\"@graph\":[{\"@type\":\"NewsArticle\",\"@id\":\"https:\/\/www.gaveanews.com\/index.php\/2020\/10\/24\/comentarista-afirma-que-falta-ao-barcelona-um-marcos-braz\/#article\",\"isPartOf\":{\"@id\":\"https:\/\/www.gaveanews.com\/index.php\/2020\/10\/24\/comentarista-afirma-que-falta-ao-barcelona-um-marcos-braz\/\"},\"author\":{\"name\":\"Equipe G\u00e1vea News\",\"@id\":\"https:\/\/www.gaveanews.com\/#\/schema\/person\/2ec14f73fb96be2caf28f91afb14749d\"},\"headline\":\"Comentarista afirma que &#8220;falta ao Barcelona um Marcos Braz&#8221;\",\"datePublished\":\"2020-10-25T01:30:03+00:00\",\"mainEntityOfPage\":{\"@id\":\"https:\/\/www.gaveanews.com\/index.php\/2020\/10\/24\/comentarista-afirma-que-falta-ao-barcelona-um-marcos-braz\/\"},\"wordCount\":372,\"commentCount\":3,\"image\":{\"@id\":\"https:\/\/www.gaveanews.com\/index.php\/2020\/10\/24\/comentarista-afirma-que-falta-ao-barcelona-um-marcos-braz\/#primaryimage\"},\"thumbnailUrl\":\"https:\/\/www.gaveanews.com\/wp-content\/uploads\/2019\/07\/Marcos-Braz-durante-coletiva-de-imprensa-no-Ninho-do-Urubu.webp\",\"articleSection\":[\"Destaques\"],\"inLanguage\":\"pt-BR\",\"potentialAction\":[{\"@type\":\"CommentAction\",\"name\":\"Comment\",\"target\":[\"https:\/\/www.gaveanews.com\/index.php\/2020\/10\/24\/comentarista-afirma-que-falta-ao-barcelona-um-marcos-braz\/#respond\"]}],\"copyrightYear\":\"2020\",\"copyrightHolder\":{\"@id\":\"https:\/\/www.gaveanews.com\/#organization\"}},{\"@type\":\"WebPage\",\"@id\":\"https:\/\/www.gaveanews.com\/index.php\/2020\/10\/24\/comentarista-afirma-que-falta-ao-barcelona-um-marcos-braz\/\",\"url\":\"https:\/\/www.gaveanews.com\/index.php\/2020\/10\/24\/comentarista-afirma-que-falta-ao-barcelona-um-marcos-braz\/\",\"name\":\"Comentarista afirma que \\\"falta ao Barcelona um Marcos Braz\\\"\",\"isPartOf\":{\"@id\":\"https:\/\/www.gaveanews.com\/#website\"},\"primaryImageOfPage\":{\"@id\":\"https:\/\/www.gaveanews.com\/index.php\/2020\/10\/24\/comentarista-afirma-que-falta-ao-barcelona-um-marcos-braz\/#primaryimage\"},\"image\":{\"@id\":\"https:\/\/www.gaveanews.com\/index.php\/2020\/10\/24\/comentarista-afirma-que-falta-ao-barcelona-um-marcos-braz\/#primaryimage\"},\"thumbnailUrl\":\"https:\/\/www.gaveanews.com\/wp-content\/uploads\/2019\/07\/Marcos-Braz-durante-coletiva-de-imprensa-no-Ninho-do-Urubu.webp\",\"datePublished\":\"2020-10-25T01:30:03+00:00\",\"author\":{\"@id\":\"https:\/\/www.gaveanews.com\/#\/schema\/person\/2ec14f73fb96be2caf28f91afb14749d\"},\"description\":\"\\\"Falta um Marcos Braz no Barcelona. Um cara que saiba montar um time. O do ano passado j\u00e1 era bom, o desse ano \u00e9 melhor ainda\\\".\",\"breadcrumb\":{\"@id\":\"https:\/\/www.gaveanews.com\/index.php\/2020\/10\/24\/comentarista-afirma-que-falta-ao-barcelona-um-marcos-braz\/#breadcrumb\"},\"inLanguage\":\"pt-BR\",\"potentialAction\":[{\"@type\":\"ReadAction\",\"target\":[\"https:\/\/www.gaveanews.com\/index.php\/2020\/10\/24\/comentarista-afirma-que-falta-ao-barcelona-um-marcos-braz\/\"]}]},{\"@type\":\"ImageObject\",\"inLanguage\":\"pt-BR\",\"@id\":\"https:\/\/www.gaveanews.com\/index.php\/2020\/10\/24\/comentarista-afirma-que-falta-ao-barcelona-um-marcos-braz\/#primaryimage\",\"url\":\"https:\/\/www.gaveanews.com\/wp-content\/uploads\/2019\/07\/Marcos-Braz-durante-coletiva-de-imprensa-no-Ninho-do-Urubu.webp\",\"contentUrl\":\"https:\/\/www.gaveanews.com\/wp-content\/uploads\/2019\/07\/Marcos-Braz-durante-coletiva-de-imprensa-no-Ninho-do-Urubu.webp\",\"width\":846,\"height\":563,\"caption\":\"Marcos Braz durante coletiva de imprensa no Ninho do Urubu (Foto: Alexandre Vidal\/Flamengo)\"},{\"@type\":\"BreadcrumbList\",\"@id\":\"https:\/\/www.gaveanews.com\/index.php\/2020\/10\/24\/comentarista-afirma-que-falta-ao-barcelona-um-marcos-braz\/#breadcrumb\",\"itemListElement\":[{\"@type\":\"ListItem\",\"position\":1,\"name\":\"Home\",\"item\":\"https:\/\/www.gaveanews.com\/\"},{\"@type\":\"ListItem\",\"position\":2,\"name\":\"Comentarista afirma que &#8220;falta ao Barcelona um Marcos Braz&#8221;\"}]},{\"@type\":\"WebSite\",\"@id\":\"https:\/\/www.gaveanews.com\/#website\",\"url\":\"https:\/\/www.gaveanews.com\/\",\"name\":\"G\u00e1vea News\",\"description\":\"Veja todas as not\u00edcias sobre o Flamengo: Contrata\u00e7\u00f5es, categorias de base, resultados das partidas, tabela de classifica\u00e7\u00e3o, pr\u00f3ximos jogos!\",\"potentialAction\":[{\"@type\":\"SearchAction\",\"target\":{\"@type\":\"EntryPoint\",\"urlTemplate\":\"https:\/\/www.gaveanews.com\/?s={search_term_string}\"},\"query-input\":{\"@type\":\"PropertyValueSpecification\",\"valueRequired\":true,\"valueName\":\"search_term_string\"}}],\"inLanguage\":\"pt-BR\"},{\"@type\":\"Person\",\"@id\":\"https:\/\/www.gaveanews.com\/#\/schema\/person\/2ec14f73fb96be2caf28f91afb14749d\",\"name\":\"Equipe G\u00e1vea News\",\"image\":{\"@type\":\"ImageObject\",\"inLanguage\":\"pt-BR\",\"@id\":\"https:\/\/www.gaveanews.com\/#\/schema\/person\/image\/\",\"url\":\"https:\/\/secure.gravatar.com\/avatar\/1e1956f1facbffd3f8fa53a326721950116b3b9dc9bd44939c01180fd4a745a9?s=96&d=mm&r=g\",\"contentUrl\":\"https:\/\/secure.gravatar.com\/avatar\/1e1956f1facbffd3f8fa53a326721950116b3b9dc9bd44939c01180fd4a745a9?s=96&d=mm&r=g\",\"caption\":\"Equipe G\u00e1vea News\"}}]}<\/script>\n<!-- \/ Yoast SEO Premium plugin. -->","yoast_head_json":{"title":"Comentarista afirma que \"falta ao Barcelona um Marcos Braz\"","description":"\"Falta um Marcos Braz no Barcelona. Um cara que saiba montar um time. O do ano passado j\u00e1 era bom, o desse ano \u00e9 melhor ainda\".","robots":{"index":"index","follow":"follow","max-snippet":"max-snippet:-1","max-image-preview":"max-image-preview:large","max-video-preview":"max-video-preview:-1"},"canonical":"https:\/\/www.gaveanews.com\/index.php\/2020\/10\/24\/comentarista-afirma-que-falta-ao-barcelona-um-marcos-braz\/","og_locale":"pt_BR","og_type":"article","og_title":"Comentarista afirma que \"falta ao Barcelona um Marcos Braz\"","og_description":"\"Falta um Marcos Braz no Barcelona. Um cara que saiba montar um time. O do ano passado j\u00e1 era bom, o desse ano \u00e9 melhor ainda\".","og_url":"https:\/\/www.gaveanews.com\/index.php\/2020\/10\/24\/comentarista-afirma-que-falta-ao-barcelona-um-marcos-braz\/","og_site_name":"G\u00e1vea News","article_publisher":"https:\/\/facebook.com\/gaveaNews\/","article_published_time":"2020-10-25T01:30:03+00:00","og_image":[{"width":846,"height":563,"url":"https:\/\/www.gaveanews.com\/wp-content\/uploads\/2019\/07\/Marcos-Braz-durante-coletiva-de-imprensa-no-Ninho-do-Urubu.webp","type":"image\/jpeg"}],"author":"Equipe G\u00e1vea News","twitter_card":"summary_large_image","twitter_misc":{"Escrito por":"Equipe G\u00e1vea News","Est. tempo de leitura":"2 minutos"},"schema":{"@context":"https:\/\/schema.org","@graph":[{"@type":"NewsArticle","@id":"https:\/\/www.gaveanews.com\/index.php\/2020\/10\/24\/comentarista-afirma-que-falta-ao-barcelona-um-marcos-braz\/#article","isPartOf":{"@id":"https:\/\/www.gaveanews.com\/index.php\/2020\/10\/24\/comentarista-afirma-que-falta-ao-barcelona-um-marcos-braz\/"},"author":{"name":"Equipe G\u00e1vea News","@id":"https:\/\/www.gaveanews.com\/#\/schema\/person\/2ec14f73fb96be2caf28f91afb14749d"},"headline":"Comentarista afirma que &#8220;falta ao Barcelona um Marcos Braz&#8221;","datePublished":"2020-10-25T01:30:03+00:00","mainEntityOfPage":{"@id":"https:\/\/www.gaveanews.com\/index.php\/2020\/10\/24\/comentarista-afirma-que-falta-ao-barcelona-um-marcos-braz\/"},"wordCount":372,"commentCount":3,"image":{"@id":"https:\/\/www.gaveanews.com\/index.php\/2020\/10\/24\/comentarista-afirma-que-falta-ao-barcelona-um-marcos-braz\/#primaryimage"},"thumbnailUrl":"https:\/\/www.gaveanews.com\/wp-content\/uploads\/2019\/07\/Marcos-Braz-durante-coletiva-de-imprensa-no-Ninho-do-Urubu.webp","articleSection":["Destaques"],"inLanguage":"pt-BR","potentialAction":[{"@type":"CommentAction","name":"Comment","target":["https:\/\/www.gaveanews.com\/index.php\/2020\/10\/24\/comentarista-afirma-que-falta-ao-barcelona-um-marcos-braz\/#respond"]}],"copyrightYear":"2020","copyrightHolder":{"@id":"https:\/\/www.gaveanews.com\/#organization"}},{"@type":"WebPage","@id":"https:\/\/www.gaveanews.com\/index.php\/2020\/10\/24\/comentarista-afirma-que-falta-ao-barcelona-um-marcos-braz\/","url":"https:\/\/www.gaveanews.com\/index.php\/2020\/10\/24\/comentarista-afirma-que-falta-ao-barcelona-um-marcos-braz\/","name":"Comentarista afirma que \"falta ao Barcelona um Marcos Braz\"","isPartOf":{"@id":"https:\/\/www.gaveanews.com\/#website"},"primaryImageOfPage":{"@id":"https:\/\/www.gaveanews.com\/index.php\/2020\/10\/24\/comentarista-afirma-que-falta-ao-barcelona-um-marcos-braz\/#primaryimage"},"image":{"@id":"https:\/\/www.gaveanews.com\/index.php\/2020\/10\/24\/comentarista-afirma-que-falta-ao-barcelona-um-marcos-braz\/#primaryimage"},"thumbnailUrl":"https:\/\/www.gaveanews.com\/wp-content\/uploads\/2019\/07\/Marcos-Braz-durante-coletiva-de-imprensa-no-Ninho-do-Urubu.webp","datePublished":"2020-10-25T01:30:03+00:00","author":{"@id":"https:\/\/www.gaveanews.com\/#\/schema\/person\/2ec14f73fb96be2caf28f91afb14749d"},"description":"\"Falta um Marcos Braz no Barcelona. Um cara que saiba montar um time. O do ano passado j\u00e1 era bom, o desse ano \u00e9 melhor ainda\".","breadcrumb":{"@id":"https:\/\/www.gaveanews.com\/index.php\/2020\/10\/24\/comentarista-afirma-que-falta-ao-barcelona-um-marcos-braz\/#breadcrumb"},"inLanguage":"pt-BR","potentialAction":[{"@type":"ReadAction","target":["https:\/\/www.gaveanews.com\/index.php\/2020\/10\/24\/comentarista-afirma-que-falta-ao-barcelona-um-marcos-braz\/"]}]},{"@type":"ImageObject","inLanguage":"pt-BR","@id":"https:\/\/www.gaveanews.com\/index.php\/2020\/10\/24\/comentarista-afirma-que-falta-ao-barcelona-um-marcos-braz\/#primaryimage","url":"https:\/\/www.gaveanews.com\/wp-content\/uploads\/2019\/07\/Marcos-Braz-durante-coletiva-de-imprensa-no-Ninho-do-Urubu.webp","contentUrl":"https:\/\/www.gaveanews.com\/wp-content\/uploads\/2019\/07\/Marcos-Braz-durante-coletiva-de-imprensa-no-Ninho-do-Urubu.webp","width":846,"height":563,"caption":"Marcos Braz durante coletiva de imprensa no Ninho do Urubu (Foto: Alexandre Vidal\/Flamengo)"},{"@type":"BreadcrumbList","@id":"https:\/\/www.gaveanews.com\/index.php\/2020\/10\/24\/comentarista-afirma-que-falta-ao-barcelona-um-marcos-braz\/#breadcrumb","itemListElement":[{"@type":"ListItem","position":1,"name":"Home","item":"https:\/\/www.gaveanews.com\/"},{"@type":"ListItem","position":2,"name":"Comentarista afirma que &#8220;falta ao Barcelona um Marcos Braz&#8221;"}]},{"@type":"WebSite","@id":"https:\/\/www.gaveanews.com\/#website","url":"https:\/\/www.gaveanews.com\/","name":"G\u00e1vea News","description":"Veja todas as not\u00edcias sobre o Flamengo: Contrata\u00e7\u00f5es, categorias de base, resultados das partidas, tabela de classifica\u00e7\u00e3o, pr\u00f3ximos jogos!","potentialAction":[{"@type":"SearchAction","target":{"@type":"EntryPoint","urlTemplate":"https:\/\/www.gaveanews.com\/?s={search_term_string}"},"query-input":{"@type":"PropertyValueSpecification","valueRequired":true,"valueName":"search_term_string"}}],"inLanguage":"pt-BR"},{"@type":"Person","@id":"https:\/\/www.gaveanews.com\/#\/schema\/person\/2ec14f73fb96be2caf28f91afb14749d","name":"Equipe G\u00e1vea News","image":{"@type":"ImageObject","inLanguage":"pt-BR","@id":"https:\/\/www.gaveanews.com\/#\/schema\/person\/image\/","url":"https:\/\/secure.gravatar.com\/avatar\/1e1956f1facbffd3f8fa53a326721950116b3b9dc9bd44939c01180fd4a745a9?s=96&d=mm&r=g","contentUrl":"https:\/\/secure.gravatar.com\/avatar\/1e1956f1facbffd3f8fa53a326721950116b3b9dc9bd44939c01180fd4a745a9?s=96&d=mm&r=g","caption":"Equipe G\u00e1vea News"}}]}},"_links":{"self":[{"href":"https:\/\/www.gaveanews.com\/index.php\/wp-json\/wp\/v2\/posts\/49969","targetHints":{"allow":["GET"]}}],"collection":[{"href":"https:\/\/www.gaveanews.com\/index.php\/wp-json\/wp\/v2\/posts"}],"about":[{"href":"https:\/\/www.gaveanews.com\/index.php\/wp-json\/wp\/v2\/types\/post"}],"author":[{"embeddable":true,"href":"https:\/\/www.gaveanews.com\/index.php\/wp-json\/wp\/v2\/users\/1"}],"replies":[{"embeddable":true,"href":"https:\/\/www.gaveanews.com\/index.php\/wp-json\/wp\/v2\/comments?post=49969"}],"version-history":[{"count":0,"href":"https:\/\/www.gaveanews.com\/index.php\/wp-json\/wp\/v2\/posts\/49969\/revisions"}],"wp:featuredmedia":[{"embeddable":true,"href":"https:\/\/www.gaveanews.com\/index.php\/wp-json\/wp\/v2\/media\/23694"}],"wp:attachment":[{"href":"https:\/\/www.gaveanews.com\/index.php\/wp-json\/wp\/v2\/media?parent=49969"}],"wp:term":[{"taxonomy":"category","embeddable":true,"href":"https:\/\/www.gaveanews.com\/index.php\/wp-json\/wp\/v2\/categories?post=49969"},{"taxonomy":"post_tag","embeddable":true,"href":"https:\/\/www.gaveanews.com\/index.php\/wp-json\/wp\/v2\/tags?post=49969"}],"curies":[{"name":"wp","href":"https:\/\/api.w.org\/{rel}","templated":true}]}}