{"id":49992,"date":"2020-10-25T01:00:53","date_gmt":"2020-10-25T04:00:53","guid":{"rendered":"https:\/\/www.gaveanews.com\/?p=49992"},"modified":"2020-10-25T00:56:45","modified_gmt":"2020-10-25T03:56:45","slug":"cbf-divulga-tabela-das-rodadas-21-e-22-flamengo-fica-de-fora-da-tv-aberta","status":"publish","type":"post","link":"https:\/\/www.gaveanews.com\/index.php\/2020\/10\/25\/cbf-divulga-tabela-das-rodadas-21-e-22-flamengo-fica-de-fora-da-tv-aberta\/","title":{"rendered":"CBF divulga tabela das rodadas 21 e 22; Flamengo fica de fora da TV aberta"},"content":{"rendered":"\n<p>O Brasileir\u00e3o j\u00e1 tem definidas as datas, hor\u00e1rios, locais e ainda as transmiss\u00f5es pela TV das rodadas 21 e 22 da competi\u00e7\u00e3o. A CBF (Confedera\u00e7\u00e3o Brasileira de Futebol) divulgou as novidades na tabela de jogos e anunciou que n\u00e3o haver\u00e1 nenhuma partida marcada para o dia 15 de novembro, data do primeiro turno das elei\u00e7\u00f5es municipais em todo o Brasil.<\/p>\n\n\n\n<p>Por causa do compromisso eleitoral, a 21\u00aa rodada da competi\u00e7\u00e3o, portanto, ser\u00e1 realizada com nove jogos no dia 14\/11 (s\u00e1bado) e um no dia 16\/11 (segunda-feira).<\/p>\n\n\n\n<p>Na 21\u00aa rodada, a TV Globo escolheu dois jogos para transmitir ao vivo: Santos x Internacional e Sport x Vasco, que ser\u00e3o disputados no dia 14\/11, \u00e0s 16h30. J\u00e1 o canal TNT, do Grupo Turner, tamb\u00e9m vai exibir o duelo Santos x Internacional, al\u00e9m de Coritiba x Bahia, \u00e0s 19h.<\/p>\n\n\n\n<p>J\u00e1 na rodada seguinte, a Globo escolheu os jogos S\u00e3o Paulo x Vasco e Cear\u00e1 x Atl\u00e9tico-MG, ambos no dia 22\/11 (domingo), \u00e0s 16h. O TNT, por sua vez, vai transmitir apenas um duelo desta rodada no dia 21\/11 (s\u00e1bado): Athletico x Santos, \u00e0s 19h.<\/p>\n\n\n\n<h3 class=\"wp-block-heading\" id=\"h-confira-como-ficou-a-tabela-da-21-rodada-do-brasileir-o\">Confira como ficou a tabela da 21\u00aa rodada do Brasileir\u00e3o:<\/h3>\n\n\n\n<ul class=\"wp-block-list\"><li><strong>14\/11 (s\u00e1bado)<\/strong><ul><li>16h30:\u00a0Santos x Internacional \u2013 Vila Belmiro, Santos (SP) \u2013 Transmiss\u00e3o TV Globo, TNT e Premiere<\/li><li>16h30: Sport x Vasco da Gama \u2013 Ilha do Retiro, Recife (PE) \u2013 Globo, SporTV e Premiere<\/li><li>17h:\u00a0Goi\u00e1s x Athletico-PR \u2013 Hail\u00e9 Pinheiro (GO) \u2013 sem transmiss\u00e3o<\/li><li>19h:\u00a0Corinthians x Atl\u00e9tico-MG \u2013 Neo Qu\u00edmica Arena (SP) \u2013 Premiere<\/li><li>19h:\u00a0Gr\u00eamio x Cear\u00e1 \u2013 Arena do Gr\u00eamio (RS) \u2013 Premiere<\/li><li>19h:\u00a0Fortaleza x S\u00e3o Paulo \u2013 Arena Castel\u00e3o (CE) \u2013 Premiere<\/li><li>19h: Coritiba x Bahia \u2013 Couto Pereira (PR) \u2013 TNT e Premiere<\/li><li><strong>21h30:\u00a0Flamengo x Atl\u00e9tico-GO \u2013 Maracan\u00e3 (RJ) \u2013 Premiere<\/strong><\/li><li>21h30: Palmeiras x Fluminense \u2013 Allianz Parque (SP) \u2013 Premiere<\/li><\/ul><\/li><li><strong>16\/11 (segunda-feira)<\/strong><ul><li>20h:\u00a0Botafogo x Red Bull Bragantino \u2013 Nilton Santos (RJ) \u2013 SporTV e Premiere<\/li><\/ul><\/li><\/ul>\n\n\n\n<h3 class=\"wp-block-heading\" id=\"h-veja-como-ficou-a-tabela-da-22-rodada-do-brasileir-o\">Veja como ficou a tabela da 22\u00aa rodada do Brasileir\u00e3o:<\/h3>\n\n\n\n<ul class=\"wp-block-list\"><li><strong>21\/11 (s\u00e1bado)<\/strong><ul><li>19h: Flamengo x Coritiba \u2013 Maracan\u00e3 (RJ) \u2013 Premiere<\/li><li>19h: Athletico x Santos \u2013 Arena da baixada (PR) \u2013 TNT<\/li><li>21h: Goi\u00e1s x Palmeiras \u2013 Hail\u00e9 Pinheiro (GO) \u2013 Premiere<\/li><\/ul><\/li><li><strong>22\/11 (domingo)<\/strong><ul><li>16h: S\u00e3o Paulo x Vasco \u2013 Morumbi (SP) \u2013 Globo e Premiere<\/li><li>16h: Cear\u00e1 x Atl\u00e9tico-MG \u2013 Arena Castel\u00e3o (CE) \u2013 Globo e Premiere<\/li><li>18h15: Botafogo x Fortaleza \u2013 Nilton Santos (RJ) \u2013 Premiere<\/li><li>18h15: Red Bull Bragantino x Bahia \u2013 Nabi Abi Chedid (SP) \u2013 Premiere<\/li><li>18h15: Internacional x Fluminense \u2013 Beira-Rio (RS) \u2013 Premiere<\/li><li>20h30: Corinthians x Gr\u00eamio \u2013 Neo Qu\u00edmica Arena (SP) \u2013 SporTV e Premiere<\/li><\/ul><\/li><li><strong>23\/11 (segunda-feira)<\/strong><ul><li>20h: Sport x Atl\u00e9tico-GO \u2013 Ilha do Retiro (PE) \u2013 SporTV e Premiere<\/li><\/ul><\/li><\/ul>\n\n\n\n<p>Retirado de: Torcedores<\/p>\n","protected":false},"excerpt":{"rendered":"<p>O Brasileir\u00e3o j\u00e1 tem definidas as datas, hor\u00e1rios, locais e ainda as transmiss\u00f5es pela TV das rodadas 21 e 22 da competi\u00e7\u00e3o. A CBF (Confedera\u00e7\u00e3o Brasileira de Futebol) divulgou as novidades na tabela de jogos e anunciou que n\u00e3o haver\u00e1 nenhuma partida marcada para o dia 15 de novembro, data do primeiro turno das elei\u00e7\u00f5es [&hellip;]<\/p>\n","protected":false},"author":1,"featured_media":15035,"comment_status":"open","ping_status":"closed","sticky":false,"template":"","format":"standard","meta":{"footnotes":""},"categories":[47],"tags":[],"class_list":["post-49992","post","type-post","status-publish","format-standard","has-post-thumbnail","hentry","category-destaques"],"yoast_head":"<!-- This site is optimized with the Yoast SEO Premium plugin v24.2 (Yoast SEO v26.9) - https:\/\/yoast.com\/product\/yoast-seo-premium-wordpress\/ -->\n<title>CBF divulga tabela das rodadas 21 e 22; Flamengo fica de fora da TV aberta<\/title>\n<meta name=\"robots\" content=\"index, follow, max-snippet:-1, max-image-preview:large, max-video-preview:-1\" \/>\n<link rel=\"canonical\" href=\"https:\/\/www.gaveanews.com\/index.php\/2020\/10\/25\/cbf-divulga-tabela-das-rodadas-21-e-22-flamengo-fica-de-fora-da-tv-aberta\/\" \/>\n<meta property=\"og:locale\" content=\"pt_BR\" \/>\n<meta property=\"og:type\" content=\"article\" \/>\n<meta property=\"og:title\" content=\"CBF divulga tabela das rodadas 21 e 22; Flamengo fica de fora da TV aberta\" \/>\n<meta property=\"og:description\" content=\"O Brasileir\u00e3o j\u00e1 tem definidas as datas, hor\u00e1rios, locais e ainda as transmiss\u00f5es pela TV das rodadas 21 e 22 da competi\u00e7\u00e3o. A CBF (Confedera\u00e7\u00e3o Brasileira de Futebol) divulgou as novidades na tabela de jogos e anunciou que n\u00e3o haver\u00e1 nenhuma partida marcada para o dia 15 de novembro, data do primeiro turno das elei\u00e7\u00f5es [&hellip;]\" \/>\n<meta property=\"og:url\" content=\"https:\/\/www.gaveanews.com\/index.php\/2020\/10\/25\/cbf-divulga-tabela-das-rodadas-21-e-22-flamengo-fica-de-fora-da-tv-aberta\/\" \/>\n<meta property=\"og:site_name\" content=\"G\u00e1vea News\" \/>\n<meta property=\"article:publisher\" content=\"https:\/\/facebook.com\/gaveaNews\/\" \/>\n<meta property=\"article:published_time\" content=\"2020-10-25T04:00:53+00:00\" \/>\n<meta property=\"og:image\" content=\"https:\/\/www.gaveanews.com\/wp-content\/uploads\/2019\/03\/Taca-do-Campeonato-Brasileiro.webp\" \/>\n\t<meta property=\"og:image:width\" content=\"1\" \/>\n\t<meta property=\"og:image:height\" content=\"1\" \/>\n\t<meta property=\"og:image:type\" content=\"image\/jpeg\" \/>\n<meta name=\"author\" content=\"Equipe G\u00e1vea News\" \/>\n<meta name=\"twitter:card\" content=\"summary_large_image\" \/>\n<meta name=\"twitter:label1\" content=\"Escrito por\" \/>\n\t<meta name=\"twitter:data1\" content=\"Equipe G\u00e1vea News\" \/>\n\t<meta name=\"twitter:label2\" content=\"Est. tempo de leitura\" \/>\n\t<meta name=\"twitter:data2\" content=\"2 minutos\" \/>\n<script type=\"application\/ld+json\" class=\"yoast-schema-graph\">{\"@context\":\"https:\/\/schema.org\",\"@graph\":[{\"@type\":\"NewsArticle\",\"@id\":\"https:\/\/www.gaveanews.com\/index.php\/2020\/10\/25\/cbf-divulga-tabela-das-rodadas-21-e-22-flamengo-fica-de-fora-da-tv-aberta\/#article\",\"isPartOf\":{\"@id\":\"https:\/\/www.gaveanews.com\/index.php\/2020\/10\/25\/cbf-divulga-tabela-das-rodadas-21-e-22-flamengo-fica-de-fora-da-tv-aberta\/\"},\"author\":{\"name\":\"Equipe G\u00e1vea News\",\"@id\":\"https:\/\/www.gaveanews.com\/#\/schema\/person\/2ec14f73fb96be2caf28f91afb14749d\"},\"headline\":\"CBF divulga tabela das rodadas 21 e 22; Flamengo fica de fora da TV aberta\",\"datePublished\":\"2020-10-25T04:00:53+00:00\",\"mainEntityOfPage\":{\"@id\":\"https:\/\/www.gaveanews.com\/index.php\/2020\/10\/25\/cbf-divulga-tabela-das-rodadas-21-e-22-flamengo-fica-de-fora-da-tv-aberta\/\"},\"wordCount\":440,\"commentCount\":4,\"image\":{\"@id\":\"https:\/\/www.gaveanews.com\/index.php\/2020\/10\/25\/cbf-divulga-tabela-das-rodadas-21-e-22-flamengo-fica-de-fora-da-tv-aberta\/#primaryimage\"},\"thumbnailUrl\":\"https:\/\/www.gaveanews.com\/wp-content\/uploads\/2019\/03\/Taca-do-Campeonato-Brasileiro.webp\",\"articleSection\":[\"Destaques\"],\"inLanguage\":\"pt-BR\",\"potentialAction\":[{\"@type\":\"CommentAction\",\"name\":\"Comment\",\"target\":[\"https:\/\/www.gaveanews.com\/index.php\/2020\/10\/25\/cbf-divulga-tabela-das-rodadas-21-e-22-flamengo-fica-de-fora-da-tv-aberta\/#respond\"]}],\"copyrightYear\":\"2020\",\"copyrightHolder\":{\"@id\":\"https:\/\/www.gaveanews.com\/#organization\"}},{\"@type\":\"WebPage\",\"@id\":\"https:\/\/www.gaveanews.com\/index.php\/2020\/10\/25\/cbf-divulga-tabela-das-rodadas-21-e-22-flamengo-fica-de-fora-da-tv-aberta\/\",\"url\":\"https:\/\/www.gaveanews.com\/index.php\/2020\/10\/25\/cbf-divulga-tabela-das-rodadas-21-e-22-flamengo-fica-de-fora-da-tv-aberta\/\",\"name\":\"CBF divulga tabela das rodadas 21 e 22; Flamengo fica de fora da TV aberta\",\"isPartOf\":{\"@id\":\"https:\/\/www.gaveanews.com\/#website\"},\"primaryImageOfPage\":{\"@id\":\"https:\/\/www.gaveanews.com\/index.php\/2020\/10\/25\/cbf-divulga-tabela-das-rodadas-21-e-22-flamengo-fica-de-fora-da-tv-aberta\/#primaryimage\"},\"image\":{\"@id\":\"https:\/\/www.gaveanews.com\/index.php\/2020\/10\/25\/cbf-divulga-tabela-das-rodadas-21-e-22-flamengo-fica-de-fora-da-tv-aberta\/#primaryimage\"},\"thumbnailUrl\":\"https:\/\/www.gaveanews.com\/wp-content\/uploads\/2019\/03\/Taca-do-Campeonato-Brasileiro.webp\",\"datePublished\":\"2020-10-25T04:00:53+00:00\",\"author\":{\"@id\":\"https:\/\/www.gaveanews.com\/#\/schema\/person\/2ec14f73fb96be2caf28f91afb14749d\"},\"breadcrumb\":{\"@id\":\"https:\/\/www.gaveanews.com\/index.php\/2020\/10\/25\/cbf-divulga-tabela-das-rodadas-21-e-22-flamengo-fica-de-fora-da-tv-aberta\/#breadcrumb\"},\"inLanguage\":\"pt-BR\",\"potentialAction\":[{\"@type\":\"ReadAction\",\"target\":[\"https:\/\/www.gaveanews.com\/index.php\/2020\/10\/25\/cbf-divulga-tabela-das-rodadas-21-e-22-flamengo-fica-de-fora-da-tv-aberta\/\"]}]},{\"@type\":\"ImageObject\",\"inLanguage\":\"pt-BR\",\"@id\":\"https:\/\/www.gaveanews.com\/index.php\/2020\/10\/25\/cbf-divulga-tabela-das-rodadas-21-e-22-flamengo-fica-de-fora-da-tv-aberta\/#primaryimage\",\"url\":\"https:\/\/www.gaveanews.com\/wp-content\/uploads\/2019\/03\/Taca-do-Campeonato-Brasileiro.webp\",\"contentUrl\":\"https:\/\/www.gaveanews.com\/wp-content\/uploads\/2019\/03\/Taca-do-Campeonato-Brasileiro.webp\",\"caption\":\"Ta\u00e7a do Campeonato Brasileiro (Foto: Rafael Ribeiro\/CBF)\"},{\"@type\":\"BreadcrumbList\",\"@id\":\"https:\/\/www.gaveanews.com\/index.php\/2020\/10\/25\/cbf-divulga-tabela-das-rodadas-21-e-22-flamengo-fica-de-fora-da-tv-aberta\/#breadcrumb\",\"itemListElement\":[{\"@type\":\"ListItem\",\"position\":1,\"name\":\"Home\",\"item\":\"https:\/\/www.gaveanews.com\/\"},{\"@type\":\"ListItem\",\"position\":2,\"name\":\"CBF divulga tabela das rodadas 21 e 22; Flamengo fica de fora da TV aberta\"}]},{\"@type\":\"WebSite\",\"@id\":\"https:\/\/www.gaveanews.com\/#website\",\"url\":\"https:\/\/www.gaveanews.com\/\",\"name\":\"G\u00e1vea News\",\"description\":\"Veja todas as not\u00edcias sobre o Flamengo: Contrata\u00e7\u00f5es, categorias de base, resultados das partidas, tabela de classifica\u00e7\u00e3o, pr\u00f3ximos jogos!\",\"potentialAction\":[{\"@type\":\"SearchAction\",\"target\":{\"@type\":\"EntryPoint\",\"urlTemplate\":\"https:\/\/www.gaveanews.com\/?s={search_term_string}\"},\"query-input\":{\"@type\":\"PropertyValueSpecification\",\"valueRequired\":true,\"valueName\":\"search_term_string\"}}],\"inLanguage\":\"pt-BR\"},{\"@type\":\"Person\",\"@id\":\"https:\/\/www.gaveanews.com\/#\/schema\/person\/2ec14f73fb96be2caf28f91afb14749d\",\"name\":\"Equipe G\u00e1vea News\",\"image\":{\"@type\":\"ImageObject\",\"inLanguage\":\"pt-BR\",\"@id\":\"https:\/\/www.gaveanews.com\/#\/schema\/person\/image\/\",\"url\":\"https:\/\/secure.gravatar.com\/avatar\/1e1956f1facbffd3f8fa53a326721950116b3b9dc9bd44939c01180fd4a745a9?s=96&d=mm&r=g\",\"contentUrl\":\"https:\/\/secure.gravatar.com\/avatar\/1e1956f1facbffd3f8fa53a326721950116b3b9dc9bd44939c01180fd4a745a9?s=96&d=mm&r=g\",\"caption\":\"Equipe G\u00e1vea News\"}}]}<\/script>\n<!-- \/ Yoast SEO Premium plugin. -->","yoast_head_json":{"title":"CBF divulga tabela das rodadas 21 e 22; Flamengo fica de fora da TV aberta","robots":{"index":"index","follow":"follow","max-snippet":"max-snippet:-1","max-image-preview":"max-image-preview:large","max-video-preview":"max-video-preview:-1"},"canonical":"https:\/\/www.gaveanews.com\/index.php\/2020\/10\/25\/cbf-divulga-tabela-das-rodadas-21-e-22-flamengo-fica-de-fora-da-tv-aberta\/","og_locale":"pt_BR","og_type":"article","og_title":"CBF divulga tabela das rodadas 21 e 22; Flamengo fica de fora da TV aberta","og_description":"O Brasileir\u00e3o j\u00e1 tem definidas as datas, hor\u00e1rios, locais e ainda as transmiss\u00f5es pela TV das rodadas 21 e 22 da competi\u00e7\u00e3o. A CBF (Confedera\u00e7\u00e3o Brasileira de Futebol) divulgou as novidades na tabela de jogos e anunciou que n\u00e3o haver\u00e1 nenhuma partida marcada para o dia 15 de novembro, data do primeiro turno das elei\u00e7\u00f5es [&hellip;]","og_url":"https:\/\/www.gaveanews.com\/index.php\/2020\/10\/25\/cbf-divulga-tabela-das-rodadas-21-e-22-flamengo-fica-de-fora-da-tv-aberta\/","og_site_name":"G\u00e1vea News","article_publisher":"https:\/\/facebook.com\/gaveaNews\/","article_published_time":"2020-10-25T04:00:53+00:00","og_image":[{"url":"https:\/\/www.gaveanews.com\/wp-content\/uploads\/2019\/03\/Taca-do-Campeonato-Brasileiro.webp","width":1,"height":1,"type":"image\/jpeg"}],"author":"Equipe G\u00e1vea News","twitter_card":"summary_large_image","twitter_misc":{"Escrito por":"Equipe G\u00e1vea News","Est. tempo de leitura":"2 minutos"},"schema":{"@context":"https:\/\/schema.org","@graph":[{"@type":"NewsArticle","@id":"https:\/\/www.gaveanews.com\/index.php\/2020\/10\/25\/cbf-divulga-tabela-das-rodadas-21-e-22-flamengo-fica-de-fora-da-tv-aberta\/#article","isPartOf":{"@id":"https:\/\/www.gaveanews.com\/index.php\/2020\/10\/25\/cbf-divulga-tabela-das-rodadas-21-e-22-flamengo-fica-de-fora-da-tv-aberta\/"},"author":{"name":"Equipe G\u00e1vea News","@id":"https:\/\/www.gaveanews.com\/#\/schema\/person\/2ec14f73fb96be2caf28f91afb14749d"},"headline":"CBF divulga tabela das rodadas 21 e 22; Flamengo fica de fora da TV aberta","datePublished":"2020-10-25T04:00:53+00:00","mainEntityOfPage":{"@id":"https:\/\/www.gaveanews.com\/index.php\/2020\/10\/25\/cbf-divulga-tabela-das-rodadas-21-e-22-flamengo-fica-de-fora-da-tv-aberta\/"},"wordCount":440,"commentCount":4,"image":{"@id":"https:\/\/www.gaveanews.com\/index.php\/2020\/10\/25\/cbf-divulga-tabela-das-rodadas-21-e-22-flamengo-fica-de-fora-da-tv-aberta\/#primaryimage"},"thumbnailUrl":"https:\/\/www.gaveanews.com\/wp-content\/uploads\/2019\/03\/Taca-do-Campeonato-Brasileiro.webp","articleSection":["Destaques"],"inLanguage":"pt-BR","potentialAction":[{"@type":"CommentAction","name":"Comment","target":["https:\/\/www.gaveanews.com\/index.php\/2020\/10\/25\/cbf-divulga-tabela-das-rodadas-21-e-22-flamengo-fica-de-fora-da-tv-aberta\/#respond"]}],"copyrightYear":"2020","copyrightHolder":{"@id":"https:\/\/www.gaveanews.com\/#organization"}},{"@type":"WebPage","@id":"https:\/\/www.gaveanews.com\/index.php\/2020\/10\/25\/cbf-divulga-tabela-das-rodadas-21-e-22-flamengo-fica-de-fora-da-tv-aberta\/","url":"https:\/\/www.gaveanews.com\/index.php\/2020\/10\/25\/cbf-divulga-tabela-das-rodadas-21-e-22-flamengo-fica-de-fora-da-tv-aberta\/","name":"CBF divulga tabela das rodadas 21 e 22; Flamengo fica de fora da TV aberta","isPartOf":{"@id":"https:\/\/www.gaveanews.com\/#website"},"primaryImageOfPage":{"@id":"https:\/\/www.gaveanews.com\/index.php\/2020\/10\/25\/cbf-divulga-tabela-das-rodadas-21-e-22-flamengo-fica-de-fora-da-tv-aberta\/#primaryimage"},"image":{"@id":"https:\/\/www.gaveanews.com\/index.php\/2020\/10\/25\/cbf-divulga-tabela-das-rodadas-21-e-22-flamengo-fica-de-fora-da-tv-aberta\/#primaryimage"},"thumbnailUrl":"https:\/\/www.gaveanews.com\/wp-content\/uploads\/2019\/03\/Taca-do-Campeonato-Brasileiro.webp","datePublished":"2020-10-25T04:00:53+00:00","author":{"@id":"https:\/\/www.gaveanews.com\/#\/schema\/person\/2ec14f73fb96be2caf28f91afb14749d"},"breadcrumb":{"@id":"https:\/\/www.gaveanews.com\/index.php\/2020\/10\/25\/cbf-divulga-tabela-das-rodadas-21-e-22-flamengo-fica-de-fora-da-tv-aberta\/#breadcrumb"},"inLanguage":"pt-BR","potentialAction":[{"@type":"ReadAction","target":["https:\/\/www.gaveanews.com\/index.php\/2020\/10\/25\/cbf-divulga-tabela-das-rodadas-21-e-22-flamengo-fica-de-fora-da-tv-aberta\/"]}]},{"@type":"ImageObject","inLanguage":"pt-BR","@id":"https:\/\/www.gaveanews.com\/index.php\/2020\/10\/25\/cbf-divulga-tabela-das-rodadas-21-e-22-flamengo-fica-de-fora-da-tv-aberta\/#primaryimage","url":"https:\/\/www.gaveanews.com\/wp-content\/uploads\/2019\/03\/Taca-do-Campeonato-Brasileiro.webp","contentUrl":"https:\/\/www.gaveanews.com\/wp-content\/uploads\/2019\/03\/Taca-do-Campeonato-Brasileiro.webp","caption":"Ta\u00e7a do Campeonato Brasileiro (Foto: Rafael Ribeiro\/CBF)"},{"@type":"BreadcrumbList","@id":"https:\/\/www.gaveanews.com\/index.php\/2020\/10\/25\/cbf-divulga-tabela-das-rodadas-21-e-22-flamengo-fica-de-fora-da-tv-aberta\/#breadcrumb","itemListElement":[{"@type":"ListItem","position":1,"name":"Home","item":"https:\/\/www.gaveanews.com\/"},{"@type":"ListItem","position":2,"name":"CBF divulga tabela das rodadas 21 e 22; Flamengo fica de fora da TV aberta"}]},{"@type":"WebSite","@id":"https:\/\/www.gaveanews.com\/#website","url":"https:\/\/www.gaveanews.com\/","name":"G\u00e1vea News","description":"Veja todas as not\u00edcias sobre o Flamengo: Contrata\u00e7\u00f5es, categorias de base, resultados das partidas, tabela de classifica\u00e7\u00e3o, pr\u00f3ximos jogos!","potentialAction":[{"@type":"SearchAction","target":{"@type":"EntryPoint","urlTemplate":"https:\/\/www.gaveanews.com\/?s={search_term_string}"},"query-input":{"@type":"PropertyValueSpecification","valueRequired":true,"valueName":"search_term_string"}}],"inLanguage":"pt-BR"},{"@type":"Person","@id":"https:\/\/www.gaveanews.com\/#\/schema\/person\/2ec14f73fb96be2caf28f91afb14749d","name":"Equipe G\u00e1vea News","image":{"@type":"ImageObject","inLanguage":"pt-BR","@id":"https:\/\/www.gaveanews.com\/#\/schema\/person\/image\/","url":"https:\/\/secure.gravatar.com\/avatar\/1e1956f1facbffd3f8fa53a326721950116b3b9dc9bd44939c01180fd4a745a9?s=96&d=mm&r=g","contentUrl":"https:\/\/secure.gravatar.com\/avatar\/1e1956f1facbffd3f8fa53a326721950116b3b9dc9bd44939c01180fd4a745a9?s=96&d=mm&r=g","caption":"Equipe G\u00e1vea News"}}]}},"_links":{"self":[{"href":"https:\/\/www.gaveanews.com\/index.php\/wp-json\/wp\/v2\/posts\/49992","targetHints":{"allow":["GET"]}}],"collection":[{"href":"https:\/\/www.gaveanews.com\/index.php\/wp-json\/wp\/v2\/posts"}],"about":[{"href":"https:\/\/www.gaveanews.com\/index.php\/wp-json\/wp\/v2\/types\/post"}],"author":[{"embeddable":true,"href":"https:\/\/www.gaveanews.com\/index.php\/wp-json\/wp\/v2\/users\/1"}],"replies":[{"embeddable":true,"href":"https:\/\/www.gaveanews.com\/index.php\/wp-json\/wp\/v2\/comments?post=49992"}],"version-history":[{"count":0,"href":"https:\/\/www.gaveanews.com\/index.php\/wp-json\/wp\/v2\/posts\/49992\/revisions"}],"wp:featuredmedia":[{"embeddable":true,"href":"https:\/\/www.gaveanews.com\/index.php\/wp-json\/wp\/v2\/media\/15035"}],"wp:attachment":[{"href":"https:\/\/www.gaveanews.com\/index.php\/wp-json\/wp\/v2\/media?parent=49992"}],"wp:term":[{"taxonomy":"category","embeddable":true,"href":"https:\/\/www.gaveanews.com\/index.php\/wp-json\/wp\/v2\/categories?post=49992"},{"taxonomy":"post_tag","embeddable":true,"href":"https:\/\/www.gaveanews.com\/index.php\/wp-json\/wp\/v2\/tags?post=49992"}],"curies":[{"name":"wp","href":"https:\/\/api.w.org\/{rel}","templated":true}]}}