{"id":50040,"date":"2020-10-26T00:08:02","date_gmt":"2020-10-26T03:08:02","guid":{"rendered":"https:\/\/www.gaveanews.com\/?p=50040"},"modified":"2020-10-26T00:08:05","modified_gmt":"2020-10-26T03:08:05","slug":"vasco-entra-na-zona-de-rebaixamento-do-brasileirao-e-vira-piada","status":"publish","type":"post","link":"https:\/\/www.gaveanews.com\/index.php\/2020\/10\/26\/vasco-entra-na-zona-de-rebaixamento-do-brasileirao-e-vira-piada\/","title":{"rendered":"Vasco entra na zona de rebaixamento do Brasileir\u00e3o e vira piada"},"content":{"rendered":"\n<p>Os torcedores do Vasco n\u00e3o est\u00e3o nada bem com a vit\u00f3ria do Red Bull Bragantino por 2 a 0 sobre o Goi\u00e1s neste s\u00e1bado, pela 18\u00aa rodada do Brasileir\u00e3o. Isso porque a vit\u00f3ria colocou o time carioca na zona de rebaixamento.<\/p>\n\n\n\n<p>Com os 19 pontos, o Bragantino subiu para a 15\u00aa posi\u00e7\u00e3o, dando lugar ao Vasco, que tem 18 pontos e agora se encontra na 17\u00aa coloca\u00e7\u00e3o. Vale lembrar que o time carioca j\u00e1 jogou na rodada e perdeu por 2 a 1 para o Corinthians.<\/p>\n\n\n\n<p>Com a entrada no Z4, a equipe de S\u00e1 Pinto foi alvo de piadas e memes nas redes sociais. <strong>Confira:<\/strong><\/p>\n\n\n\n<figure class=\"wp-block-embed-twitter wp-block-embed is-type-rich is-provider-twitter\"><div class=\"wp-block-embed__wrapper\">\n<blockquote class=\"twitter-tweet\" data-width=\"550\" data-dnt=\"true\"><p lang=\"pt\" dir=\"ltr\">Vasco no Z4.. <a href=\"https:\/\/t.co\/FjHA5kUeh0\">pic.twitter.com\/FjHA5kUeh0<\/a><\/p>&mdash; Vasco de la gama (@Vascodelagama) <a href=\"https:\/\/twitter.com\/Vascodelagama\/status\/1320106322067587072?ref_src=twsrc%5Etfw\">October 24, 2020<\/a><\/blockquote><script async src=\"https:\/\/platform.twitter.com\/widgets.js\" charset=\"utf-8\"><\/script>\n<\/div><\/figure>\n\n\n\n<figure class=\"wp-block-embed-twitter wp-block-embed is-type-rich is-provider-twitter\"><div class=\"wp-block-embed__wrapper\">\n<blockquote class=\"twitter-tweet\" data-width=\"550\" data-dnt=\"true\"><p lang=\"pt\" dir=\"ltr\">Opa, to distribuindo gr\u00e1tis Vasco l\u00edder do Z4!!! <a href=\"https:\/\/t.co\/8teWYRZyf5\">pic.twitter.com\/8teWYRZyf5<\/a><\/p>&mdash; 1 (@flamengo088) <a href=\"https:\/\/twitter.com\/flamengo088\/status\/1320143775352631302?ref_src=twsrc%5Etfw\">October 24, 2020<\/a><\/blockquote><script async src=\"https:\/\/platform.twitter.com\/widgets.js\" charset=\"utf-8\"><\/script>\n<\/div><\/figure>\n\n\n\n<figure class=\"wp-block-embed-twitter wp-block-embed is-type-rich is-provider-twitter\"><div class=\"wp-block-embed__wrapper\">\n<blockquote class=\"twitter-tweet\" data-width=\"550\" data-dnt=\"true\"><p lang=\"pt\" dir=\"ltr\">grande Vasco<br>um dia l\u00edder do Brasileir\u00e3o <br>um dia no Z4 <a href=\"https:\/\/t.co\/8w8NEtAgnC\">pic.twitter.com\/8w8NEtAgnC<\/a><\/p>&mdash; Icardi Frio e Calculista \u270c\ufe0f\u270c\ufe0f (@Icardifri0) <a href=\"https:\/\/twitter.com\/Icardifri0\/status\/1320107325567475720?ref_src=twsrc%5Etfw\">October 24, 2020<\/a><\/blockquote><script async src=\"https:\/\/platform.twitter.com\/widgets.js\" charset=\"utf-8\"><\/script>\n<\/div><\/figure>\n\n\n\n<figure class=\"wp-block-embed-twitter wp-block-embed is-type-rich is-provider-twitter\"><div class=\"wp-block-embed__wrapper\">\n<blockquote class=\"twitter-tweet\" data-width=\"550\" data-dnt=\"true\"><p lang=\"pt\" dir=\"ltr\">Vasco no Z4 \u00e9 o Brasil voltando pros eixos  kkkk <a href=\"https:\/\/t.co\/27sGQH4Iae\">pic.twitter.com\/27sGQH4Iae<\/a><\/p>&mdash; Denilton (@Deniltonrs) <a href=\"https:\/\/twitter.com\/Deniltonrs\/status\/1320128645558652929?ref_src=twsrc%5Etfw\">October 24, 2020<\/a><\/blockquote><script async src=\"https:\/\/platform.twitter.com\/widgets.js\" charset=\"utf-8\"><\/script>\n<\/div><\/figure>\n\n\n\n<figure class=\"wp-block-embed-twitter wp-block-embed is-type-rich is-provider-twitter\"><div class=\"wp-block-embed__wrapper\">\n<blockquote class=\"twitter-tweet\" data-width=\"550\" data-dnt=\"true\"><p lang=\"pt\" dir=\"ltr\">Vasco l\u00edder do z4 kkkkkkkkkk<\/p>&mdash; Jo\u00e3o Victor (@torvic_jota) <a href=\"https:\/\/twitter.com\/torvic_jota\/status\/1320334362026647557?ref_src=twsrc%5Etfw\">October 25, 2020<\/a><\/blockquote><script async src=\"https:\/\/platform.twitter.com\/widgets.js\" charset=\"utf-8\"><\/script>\n<\/div><\/figure>\n\n\n\n<figure class=\"wp-block-embed-twitter wp-block-embed is-type-rich is-provider-twitter\"><div class=\"wp-block-embed__wrapper\">\n<blockquote class=\"twitter-tweet\" data-width=\"550\" data-dnt=\"true\"><p lang=\"pt\" dir=\"ltr\">Bem-vindo, Vasc\u00e3o \ud83d\udc40 <a href=\"https:\/\/t.co\/RkGXyGEoVU\">pic.twitter.com\/RkGXyGEoVU<\/a><\/p>&mdash; De Sola (@desolaoficial) <a href=\"https:\/\/twitter.com\/desolaoficial\/status\/1320151903989338115?ref_src=twsrc%5Etfw\">October 24, 2020<\/a><\/blockquote><script async src=\"https:\/\/platform.twitter.com\/widgets.js\" charset=\"utf-8\"><\/script>\n<\/div><\/figure>\n\n\n\n<figure class=\"wp-block-embed-twitter wp-block-embed is-type-rich is-provider-twitter\"><div class=\"wp-block-embed__wrapper\">\n<blockquote class=\"twitter-tweet\" data-width=\"550\" data-dnt=\"true\"><p lang=\"pt\" dir=\"ltr\">Confirmado!<br><br>Bragantino vence Goi\u00e1s. <br><br>Vasco 17\u00b0 colocado no Brasileir\u00e3o. <br><br>Z4.<br><br>\ud83d\ude02\ud83d\ude02\ud83d\ude02\ud83d\ude02\ud83d\ude02<\/p>&mdash; 3DU4RD8 BARBOSA \u1d9c\u02b3\u1da0 (@edu_barbosa1965) <a href=\"https:\/\/twitter.com\/edu_barbosa1965\/status\/1320121954884636674?ref_src=twsrc%5Etfw\">October 24, 2020<\/a><\/blockquote><script async src=\"https:\/\/platform.twitter.com\/widgets.js\" charset=\"utf-8\"><\/script>\n<\/div><\/figure>\n\n\n\n<figure class=\"wp-block-embed-twitter wp-block-embed is-type-rich is-provider-twitter\"><div class=\"wp-block-embed__wrapper\">\nhttps:\/\/twitter.com\/br_dadepressao\/status\/1320124747443822593?ref_src=twsrc%5Etfw%7Ctwcamp%5Etweetembed%7Ctwterm%5E1320124747443822593%7Ctwgr%5Eshare_0%2Ccontainerclick_0&#038;ref_url=https%3A%2F%2Fwww.torcedores.com%2Fnoticias%2F2020%2F10%2Fvasco-entra-na-zona-de-rebaixamento-do-brasileirao-e-vira-piada\n<\/div><\/figure>\n\n\n\n<figure class=\"wp-block-embed-twitter wp-block-embed is-type-rich is-provider-twitter\"><div class=\"wp-block-embed__wrapper\">\n<blockquote class=\"twitter-tweet\" data-width=\"550\" data-dnt=\"true\"><p lang=\"pt\" dir=\"ltr\">O Vasco acaba de assumir a lideran\u00e7a&#8230;&#8230;&#8230;&#8230;. do Z4.\ud83e\udd2a<\/p>&mdash; Keka\u1d9c\u02b3\u1da0\u2764\ufe0f\ud83d\udda4 (@Keka_Fla) <a href=\"https:\/\/twitter.com\/Keka_Fla\/status\/1320124487195656193?ref_src=twsrc%5Etfw\">October 24, 2020<\/a><\/blockquote><script async src=\"https:\/\/platform.twitter.com\/widgets.js\" charset=\"utf-8\"><\/script>\n<\/div><\/figure>\n\n\n\n<p>Retirado de: Torcedores<\/p>\n","protected":false},"excerpt":{"rendered":"<p>Os torcedores do Vasco n\u00e3o est\u00e3o nada bem com a vit\u00f3ria do Red Bull Bragantino por 2 a 0 sobre o Goi\u00e1s neste s\u00e1bado, pela 18\u00aa rodada do Brasileir\u00e3o. Isso porque a vit\u00f3ria colocou o time carioca na zona de rebaixamento. Com os 19 pontos, o Bragantino subiu para a 15\u00aa posi\u00e7\u00e3o, dando lugar ao [&hellip;]<\/p>\n","protected":false},"author":1,"featured_media":48962,"comment_status":"open","ping_status":"closed","sticky":false,"template":"","format":"standard","meta":{"footnotes":""},"categories":[1],"tags":[],"class_list":["post-50040","post","type-post","status-publish","format-standard","has-post-thumbnail","hentry","category-flamengo"],"yoast_head":"<!-- This site is optimized with the Yoast SEO Premium plugin v24.2 (Yoast SEO v26.9) - https:\/\/yoast.com\/product\/yoast-seo-premium-wordpress\/ -->\n<title>Vasco entra na zona de rebaixamento do Brasileir\u00e3o e vira piada<\/title>\n<meta name=\"description\" content=\"Com os 19 pontos, o Bragantino subiu para a 15\u00aa posi\u00e7\u00e3o, dando lugar ao Vasco, que tem 18 pontos e agora se encontra na 17\u00aa coloca\u00e7\u00e3o.\" \/>\n<meta name=\"robots\" content=\"index, follow, max-snippet:-1, max-image-preview:large, max-video-preview:-1\" \/>\n<link rel=\"canonical\" href=\"https:\/\/www.gaveanews.com\/index.php\/2020\/10\/26\/vasco-entra-na-zona-de-rebaixamento-do-brasileirao-e-vira-piada\/\" \/>\n<meta property=\"og:locale\" content=\"pt_BR\" \/>\n<meta property=\"og:type\" content=\"article\" \/>\n<meta property=\"og:title\" content=\"Vasco entra na zona de rebaixamento do Brasileir\u00e3o e vira piada\" \/>\n<meta property=\"og:description\" content=\"Com os 19 pontos, o Bragantino subiu para a 15\u00aa posi\u00e7\u00e3o, dando lugar ao Vasco, que tem 18 pontos e agora se encontra na 17\u00aa coloca\u00e7\u00e3o.\" \/>\n<meta property=\"og:url\" content=\"https:\/\/www.gaveanews.com\/index.php\/2020\/10\/26\/vasco-entra-na-zona-de-rebaixamento-do-brasileirao-e-vira-piada\/\" \/>\n<meta property=\"og:site_name\" content=\"G\u00e1vea News\" \/>\n<meta property=\"article:publisher\" content=\"https:\/\/facebook.com\/gaveaNews\/\" \/>\n<meta property=\"article:published_time\" content=\"2020-10-26T03:08:02+00:00\" \/>\n<meta property=\"article:modified_time\" content=\"2020-10-26T03:08:05+00:00\" \/>\n<meta property=\"og:image\" content=\"https:\/\/www.gaveanews.com\/wp-content\/uploads\/Bruno-Henrique-em-acao-pelo-Flamengo-na-partida-contra-o-Vasco-pelo-Campeonato-Brasileiro-de-2020.webp\" \/>\n\t<meta property=\"og:image:width\" content=\"799\" \/>\n\t<meta property=\"og:image:height\" content=\"533\" \/>\n\t<meta property=\"og:image:type\" content=\"image\/jpeg\" \/>\n<meta name=\"author\" content=\"Equipe G\u00e1vea News\" \/>\n<meta name=\"twitter:card\" content=\"summary_large_image\" \/>\n<meta name=\"twitter:label1\" content=\"Escrito por\" \/>\n\t<meta name=\"twitter:data1\" content=\"Equipe G\u00e1vea News\" \/>\n\t<meta name=\"twitter:label2\" content=\"Est. tempo de leitura\" \/>\n\t<meta name=\"twitter:data2\" content=\"2 minutos\" \/>\n<script type=\"application\/ld+json\" class=\"yoast-schema-graph\">{\"@context\":\"https:\/\/schema.org\",\"@graph\":[{\"@type\":\"NewsArticle\",\"@id\":\"https:\/\/www.gaveanews.com\/index.php\/2020\/10\/26\/vasco-entra-na-zona-de-rebaixamento-do-brasileirao-e-vira-piada\/#article\",\"isPartOf\":{\"@id\":\"https:\/\/www.gaveanews.com\/index.php\/2020\/10\/26\/vasco-entra-na-zona-de-rebaixamento-do-brasileirao-e-vira-piada\/\"},\"author\":{\"name\":\"Equipe G\u00e1vea News\",\"@id\":\"https:\/\/www.gaveanews.com\/#\/schema\/person\/2ec14f73fb96be2caf28f91afb14749d\"},\"headline\":\"Vasco entra na zona de rebaixamento do Brasileir\u00e3o e vira piada\",\"datePublished\":\"2020-10-26T03:08:02+00:00\",\"dateModified\":\"2020-10-26T03:08:05+00:00\",\"mainEntityOfPage\":{\"@id\":\"https:\/\/www.gaveanews.com\/index.php\/2020\/10\/26\/vasco-entra-na-zona-de-rebaixamento-do-brasileirao-e-vira-piada\/\"},\"wordCount\":386,\"commentCount\":2,\"image\":{\"@id\":\"https:\/\/www.gaveanews.com\/index.php\/2020\/10\/26\/vasco-entra-na-zona-de-rebaixamento-do-brasileirao-e-vira-piada\/#primaryimage\"},\"thumbnailUrl\":\"https:\/\/www.gaveanews.com\/wp-content\/uploads\/Bruno-Henrique-em-acao-pelo-Flamengo-na-partida-contra-o-Vasco-pelo-Campeonato-Brasileiro-de-2020.webp\",\"articleSection\":[\"Flamengo\"],\"inLanguage\":\"pt-BR\",\"potentialAction\":[{\"@type\":\"CommentAction\",\"name\":\"Comment\",\"target\":[\"https:\/\/www.gaveanews.com\/index.php\/2020\/10\/26\/vasco-entra-na-zona-de-rebaixamento-do-brasileirao-e-vira-piada\/#respond\"]}],\"copyrightYear\":\"2020\",\"copyrightHolder\":{\"@id\":\"https:\/\/www.gaveanews.com\/#organization\"}},{\"@type\":\"WebPage\",\"@id\":\"https:\/\/www.gaveanews.com\/index.php\/2020\/10\/26\/vasco-entra-na-zona-de-rebaixamento-do-brasileirao-e-vira-piada\/\",\"url\":\"https:\/\/www.gaveanews.com\/index.php\/2020\/10\/26\/vasco-entra-na-zona-de-rebaixamento-do-brasileirao-e-vira-piada\/\",\"name\":\"Vasco entra na zona de rebaixamento do Brasileir\u00e3o e vira piada\",\"isPartOf\":{\"@id\":\"https:\/\/www.gaveanews.com\/#website\"},\"primaryImageOfPage\":{\"@id\":\"https:\/\/www.gaveanews.com\/index.php\/2020\/10\/26\/vasco-entra-na-zona-de-rebaixamento-do-brasileirao-e-vira-piada\/#primaryimage\"},\"image\":{\"@id\":\"https:\/\/www.gaveanews.com\/index.php\/2020\/10\/26\/vasco-entra-na-zona-de-rebaixamento-do-brasileirao-e-vira-piada\/#primaryimage\"},\"thumbnailUrl\":\"https:\/\/www.gaveanews.com\/wp-content\/uploads\/Bruno-Henrique-em-acao-pelo-Flamengo-na-partida-contra-o-Vasco-pelo-Campeonato-Brasileiro-de-2020.webp\",\"datePublished\":\"2020-10-26T03:08:02+00:00\",\"dateModified\":\"2020-10-26T03:08:05+00:00\",\"author\":{\"@id\":\"https:\/\/www.gaveanews.com\/#\/schema\/person\/2ec14f73fb96be2caf28f91afb14749d\"},\"description\":\"Com os 19 pontos, o Bragantino subiu para a 15\u00aa posi\u00e7\u00e3o, dando lugar ao Vasco, que tem 18 pontos e agora se encontra na 17\u00aa coloca\u00e7\u00e3o.\",\"breadcrumb\":{\"@id\":\"https:\/\/www.gaveanews.com\/index.php\/2020\/10\/26\/vasco-entra-na-zona-de-rebaixamento-do-brasileirao-e-vira-piada\/#breadcrumb\"},\"inLanguage\":\"pt-BR\",\"potentialAction\":[{\"@type\":\"ReadAction\",\"target\":[\"https:\/\/www.gaveanews.com\/index.php\/2020\/10\/26\/vasco-entra-na-zona-de-rebaixamento-do-brasileirao-e-vira-piada\/\"]}]},{\"@type\":\"ImageObject\",\"inLanguage\":\"pt-BR\",\"@id\":\"https:\/\/www.gaveanews.com\/index.php\/2020\/10\/26\/vasco-entra-na-zona-de-rebaixamento-do-brasileirao-e-vira-piada\/#primaryimage\",\"url\":\"https:\/\/www.gaveanews.com\/wp-content\/uploads\/Bruno-Henrique-em-acao-pelo-Flamengo-na-partida-contra-o-Vasco-pelo-Campeonato-Brasileiro-de-2020.webp\",\"contentUrl\":\"https:\/\/www.gaveanews.com\/wp-content\/uploads\/Bruno-Henrique-em-acao-pelo-Flamengo-na-partida-contra-o-Vasco-pelo-Campeonato-Brasileiro-de-2020.webp\",\"width\":799,\"height\":533,\"caption\":\"Bruno Henrique em a\u00e7\u00e3o pelo Flamengo na partida contra o Vasco pelo Campeonato Brasileiro de 2020 (Foto: Marcelo Cortes\/Flamengo)\"},{\"@type\":\"BreadcrumbList\",\"@id\":\"https:\/\/www.gaveanews.com\/index.php\/2020\/10\/26\/vasco-entra-na-zona-de-rebaixamento-do-brasileirao-e-vira-piada\/#breadcrumb\",\"itemListElement\":[{\"@type\":\"ListItem\",\"position\":1,\"name\":\"Home\",\"item\":\"https:\/\/www.gaveanews.com\/\"},{\"@type\":\"ListItem\",\"position\":2,\"name\":\"Vasco entra na zona de rebaixamento do Brasileir\u00e3o e vira piada\"}]},{\"@type\":\"WebSite\",\"@id\":\"https:\/\/www.gaveanews.com\/#website\",\"url\":\"https:\/\/www.gaveanews.com\/\",\"name\":\"G\u00e1vea News\",\"description\":\"Veja todas as not\u00edcias sobre o Flamengo: Contrata\u00e7\u00f5es, categorias de base, resultados das partidas, tabela de classifica\u00e7\u00e3o, pr\u00f3ximos jogos!\",\"potentialAction\":[{\"@type\":\"SearchAction\",\"target\":{\"@type\":\"EntryPoint\",\"urlTemplate\":\"https:\/\/www.gaveanews.com\/?s={search_term_string}\"},\"query-input\":{\"@type\":\"PropertyValueSpecification\",\"valueRequired\":true,\"valueName\":\"search_term_string\"}}],\"inLanguage\":\"pt-BR\"},{\"@type\":\"Person\",\"@id\":\"https:\/\/www.gaveanews.com\/#\/schema\/person\/2ec14f73fb96be2caf28f91afb14749d\",\"name\":\"Equipe G\u00e1vea News\",\"image\":{\"@type\":\"ImageObject\",\"inLanguage\":\"pt-BR\",\"@id\":\"https:\/\/www.gaveanews.com\/#\/schema\/person\/image\/\",\"url\":\"https:\/\/secure.gravatar.com\/avatar\/1e1956f1facbffd3f8fa53a326721950116b3b9dc9bd44939c01180fd4a745a9?s=96&d=mm&r=g\",\"contentUrl\":\"https:\/\/secure.gravatar.com\/avatar\/1e1956f1facbffd3f8fa53a326721950116b3b9dc9bd44939c01180fd4a745a9?s=96&d=mm&r=g\",\"caption\":\"Equipe G\u00e1vea News\"}}]}<\/script>\n<!-- \/ Yoast SEO Premium plugin. -->","yoast_head_json":{"title":"Vasco entra na zona de rebaixamento do Brasileir\u00e3o e vira piada","description":"Com os 19 pontos, o Bragantino subiu para a 15\u00aa posi\u00e7\u00e3o, dando lugar ao Vasco, que tem 18 pontos e agora se encontra na 17\u00aa coloca\u00e7\u00e3o.","robots":{"index":"index","follow":"follow","max-snippet":"max-snippet:-1","max-image-preview":"max-image-preview:large","max-video-preview":"max-video-preview:-1"},"canonical":"https:\/\/www.gaveanews.com\/index.php\/2020\/10\/26\/vasco-entra-na-zona-de-rebaixamento-do-brasileirao-e-vira-piada\/","og_locale":"pt_BR","og_type":"article","og_title":"Vasco entra na zona de rebaixamento do Brasileir\u00e3o e vira piada","og_description":"Com os 19 pontos, o Bragantino subiu para a 15\u00aa posi\u00e7\u00e3o, dando lugar ao Vasco, que tem 18 pontos e agora se encontra na 17\u00aa coloca\u00e7\u00e3o.","og_url":"https:\/\/www.gaveanews.com\/index.php\/2020\/10\/26\/vasco-entra-na-zona-de-rebaixamento-do-brasileirao-e-vira-piada\/","og_site_name":"G\u00e1vea News","article_publisher":"https:\/\/facebook.com\/gaveaNews\/","article_published_time":"2020-10-26T03:08:02+00:00","article_modified_time":"2020-10-26T03:08:05+00:00","og_image":[{"width":799,"height":533,"url":"https:\/\/www.gaveanews.com\/wp-content\/uploads\/Bruno-Henrique-em-acao-pelo-Flamengo-na-partida-contra-o-Vasco-pelo-Campeonato-Brasileiro-de-2020.webp","type":"image\/jpeg"}],"author":"Equipe G\u00e1vea News","twitter_card":"summary_large_image","twitter_misc":{"Escrito por":"Equipe G\u00e1vea News","Est. tempo de leitura":"2 minutos"},"schema":{"@context":"https:\/\/schema.org","@graph":[{"@type":"NewsArticle","@id":"https:\/\/www.gaveanews.com\/index.php\/2020\/10\/26\/vasco-entra-na-zona-de-rebaixamento-do-brasileirao-e-vira-piada\/#article","isPartOf":{"@id":"https:\/\/www.gaveanews.com\/index.php\/2020\/10\/26\/vasco-entra-na-zona-de-rebaixamento-do-brasileirao-e-vira-piada\/"},"author":{"name":"Equipe G\u00e1vea News","@id":"https:\/\/www.gaveanews.com\/#\/schema\/person\/2ec14f73fb96be2caf28f91afb14749d"},"headline":"Vasco entra na zona de rebaixamento do Brasileir\u00e3o e vira piada","datePublished":"2020-10-26T03:08:02+00:00","dateModified":"2020-10-26T03:08:05+00:00","mainEntityOfPage":{"@id":"https:\/\/www.gaveanews.com\/index.php\/2020\/10\/26\/vasco-entra-na-zona-de-rebaixamento-do-brasileirao-e-vira-piada\/"},"wordCount":386,"commentCount":2,"image":{"@id":"https:\/\/www.gaveanews.com\/index.php\/2020\/10\/26\/vasco-entra-na-zona-de-rebaixamento-do-brasileirao-e-vira-piada\/#primaryimage"},"thumbnailUrl":"https:\/\/www.gaveanews.com\/wp-content\/uploads\/Bruno-Henrique-em-acao-pelo-Flamengo-na-partida-contra-o-Vasco-pelo-Campeonato-Brasileiro-de-2020.webp","articleSection":["Flamengo"],"inLanguage":"pt-BR","potentialAction":[{"@type":"CommentAction","name":"Comment","target":["https:\/\/www.gaveanews.com\/index.php\/2020\/10\/26\/vasco-entra-na-zona-de-rebaixamento-do-brasileirao-e-vira-piada\/#respond"]}],"copyrightYear":"2020","copyrightHolder":{"@id":"https:\/\/www.gaveanews.com\/#organization"}},{"@type":"WebPage","@id":"https:\/\/www.gaveanews.com\/index.php\/2020\/10\/26\/vasco-entra-na-zona-de-rebaixamento-do-brasileirao-e-vira-piada\/","url":"https:\/\/www.gaveanews.com\/index.php\/2020\/10\/26\/vasco-entra-na-zona-de-rebaixamento-do-brasileirao-e-vira-piada\/","name":"Vasco entra na zona de rebaixamento do Brasileir\u00e3o e vira piada","isPartOf":{"@id":"https:\/\/www.gaveanews.com\/#website"},"primaryImageOfPage":{"@id":"https:\/\/www.gaveanews.com\/index.php\/2020\/10\/26\/vasco-entra-na-zona-de-rebaixamento-do-brasileirao-e-vira-piada\/#primaryimage"},"image":{"@id":"https:\/\/www.gaveanews.com\/index.php\/2020\/10\/26\/vasco-entra-na-zona-de-rebaixamento-do-brasileirao-e-vira-piada\/#primaryimage"},"thumbnailUrl":"https:\/\/www.gaveanews.com\/wp-content\/uploads\/Bruno-Henrique-em-acao-pelo-Flamengo-na-partida-contra-o-Vasco-pelo-Campeonato-Brasileiro-de-2020.webp","datePublished":"2020-10-26T03:08:02+00:00","dateModified":"2020-10-26T03:08:05+00:00","author":{"@id":"https:\/\/www.gaveanews.com\/#\/schema\/person\/2ec14f73fb96be2caf28f91afb14749d"},"description":"Com os 19 pontos, o Bragantino subiu para a 15\u00aa posi\u00e7\u00e3o, dando lugar ao Vasco, que tem 18 pontos e agora se encontra na 17\u00aa coloca\u00e7\u00e3o.","breadcrumb":{"@id":"https:\/\/www.gaveanews.com\/index.php\/2020\/10\/26\/vasco-entra-na-zona-de-rebaixamento-do-brasileirao-e-vira-piada\/#breadcrumb"},"inLanguage":"pt-BR","potentialAction":[{"@type":"ReadAction","target":["https:\/\/www.gaveanews.com\/index.php\/2020\/10\/26\/vasco-entra-na-zona-de-rebaixamento-do-brasileirao-e-vira-piada\/"]}]},{"@type":"ImageObject","inLanguage":"pt-BR","@id":"https:\/\/www.gaveanews.com\/index.php\/2020\/10\/26\/vasco-entra-na-zona-de-rebaixamento-do-brasileirao-e-vira-piada\/#primaryimage","url":"https:\/\/www.gaveanews.com\/wp-content\/uploads\/Bruno-Henrique-em-acao-pelo-Flamengo-na-partida-contra-o-Vasco-pelo-Campeonato-Brasileiro-de-2020.webp","contentUrl":"https:\/\/www.gaveanews.com\/wp-content\/uploads\/Bruno-Henrique-em-acao-pelo-Flamengo-na-partida-contra-o-Vasco-pelo-Campeonato-Brasileiro-de-2020.webp","width":799,"height":533,"caption":"Bruno Henrique em a\u00e7\u00e3o pelo Flamengo na partida contra o Vasco pelo Campeonato Brasileiro de 2020 (Foto: Marcelo Cortes\/Flamengo)"},{"@type":"BreadcrumbList","@id":"https:\/\/www.gaveanews.com\/index.php\/2020\/10\/26\/vasco-entra-na-zona-de-rebaixamento-do-brasileirao-e-vira-piada\/#breadcrumb","itemListElement":[{"@type":"ListItem","position":1,"name":"Home","item":"https:\/\/www.gaveanews.com\/"},{"@type":"ListItem","position":2,"name":"Vasco entra na zona de rebaixamento do Brasileir\u00e3o e vira piada"}]},{"@type":"WebSite","@id":"https:\/\/www.gaveanews.com\/#website","url":"https:\/\/www.gaveanews.com\/","name":"G\u00e1vea News","description":"Veja todas as not\u00edcias sobre o Flamengo: Contrata\u00e7\u00f5es, categorias de base, resultados das partidas, tabela de classifica\u00e7\u00e3o, pr\u00f3ximos jogos!","potentialAction":[{"@type":"SearchAction","target":{"@type":"EntryPoint","urlTemplate":"https:\/\/www.gaveanews.com\/?s={search_term_string}"},"query-input":{"@type":"PropertyValueSpecification","valueRequired":true,"valueName":"search_term_string"}}],"inLanguage":"pt-BR"},{"@type":"Person","@id":"https:\/\/www.gaveanews.com\/#\/schema\/person\/2ec14f73fb96be2caf28f91afb14749d","name":"Equipe G\u00e1vea News","image":{"@type":"ImageObject","inLanguage":"pt-BR","@id":"https:\/\/www.gaveanews.com\/#\/schema\/person\/image\/","url":"https:\/\/secure.gravatar.com\/avatar\/1e1956f1facbffd3f8fa53a326721950116b3b9dc9bd44939c01180fd4a745a9?s=96&d=mm&r=g","contentUrl":"https:\/\/secure.gravatar.com\/avatar\/1e1956f1facbffd3f8fa53a326721950116b3b9dc9bd44939c01180fd4a745a9?s=96&d=mm&r=g","caption":"Equipe G\u00e1vea News"}}]}},"_links":{"self":[{"href":"https:\/\/www.gaveanews.com\/index.php\/wp-json\/wp\/v2\/posts\/50040","targetHints":{"allow":["GET"]}}],"collection":[{"href":"https:\/\/www.gaveanews.com\/index.php\/wp-json\/wp\/v2\/posts"}],"about":[{"href":"https:\/\/www.gaveanews.com\/index.php\/wp-json\/wp\/v2\/types\/post"}],"author":[{"embeddable":true,"href":"https:\/\/www.gaveanews.com\/index.php\/wp-json\/wp\/v2\/users\/1"}],"replies":[{"embeddable":true,"href":"https:\/\/www.gaveanews.com\/index.php\/wp-json\/wp\/v2\/comments?post=50040"}],"version-history":[{"count":0,"href":"https:\/\/www.gaveanews.com\/index.php\/wp-json\/wp\/v2\/posts\/50040\/revisions"}],"wp:featuredmedia":[{"embeddable":true,"href":"https:\/\/www.gaveanews.com\/index.php\/wp-json\/wp\/v2\/media\/48962"}],"wp:attachment":[{"href":"https:\/\/www.gaveanews.com\/index.php\/wp-json\/wp\/v2\/media?parent=50040"}],"wp:term":[{"taxonomy":"category","embeddable":true,"href":"https:\/\/www.gaveanews.com\/index.php\/wp-json\/wp\/v2\/categories?post=50040"},{"taxonomy":"post_tag","embeddable":true,"href":"https:\/\/www.gaveanews.com\/index.php\/wp-json\/wp\/v2\/tags?post=50040"}],"curies":[{"name":"wp","href":"https:\/\/api.w.org\/{rel}","templated":true}]}}