{"id":50060,"date":"2020-10-26T01:14:22","date_gmt":"2020-10-26T04:14:22","guid":{"rendered":"https:\/\/www.gaveanews.com\/?p=50060"},"modified":"2020-10-26T01:14:25","modified_gmt":"2020-10-26T04:14:25","slug":"domenec-agradece-o-gremio-por-ceder-ct-para-o-flamengo","status":"publish","type":"post","link":"https:\/\/www.gaveanews.com\/index.php\/2020\/10\/26\/domenec-agradece-o-gremio-por-ceder-ct-para-o-flamengo\/","title":{"rendered":"Dom\u00e8nec agradece o Gr\u00eamio por ceder CT para o Flamengo"},"content":{"rendered":"\n<p>Flamengo e Internacional, os dois primeiros colocados do Campeonato Brasileiro, empataram em 2 a 2 neste domingo (25), no Beira-Rio, pela 18\u00aa rodada da competi\u00e7\u00e3o. O rubro-negro fez o gol do empate com \u00c9verton Ribeiro, aos 50 minutos do segundo tempo. Apesar do forte advers\u00e1rio, do gol no final, de estar jogando fora de casa e com 8 desfalques, sendo 5 titulares, o t\u00e9cnico Dom\u00e8nec Torrent n\u00e3o gostou do resultado.<\/p>\n\n\n\n<p>\u2014 Acho que todos temos claro que o Flamengo nunca est\u00e1 satisfeito com o empate. Acho que o Flamengo perdeu dois pontos. N\u00e3o era suficiente o empate, temos que tentar ganhar os tr\u00eas pontos porque o Flamengo \u00e9 diferente. O Flamengo tem que ganhar todos os jogos. Mudamos coisas no primeiro tempo. O t\u00e9cnico do Internacional falou que mereciam ganhar. Tamb\u00e9m criamos muitas oportunidades no segundo tempo e perdemos dois pontos.<\/p>\n\n\n\n<p>Dome ressaltou que o foco agora do Flamengo \u00e9 no jogo contra o Athletico, pela Copa do Brasil. O t\u00e9cnico tamb\u00e9m disse que ainda n\u00e3o sabe qual time vai botar em campo na partida.<\/p>\n\n\n\n<p>\u2014 Agora \u00e9 jogo a jogo. Temos que preparar o pr\u00f3ximo jogo daqui a tr\u00eas dias. Ficamos aqui em Porto Alegre para n\u00e3o perder tempo e poder treinar amanh\u00e3 nas instala\u00e7\u00f5es do Gr\u00eamio, agradecemos muito. Vamos tentar fazer o melhor time e procurar saber o que aconteceu com alguns jogadores que estavam cansados, desconforto depois do jogo, que foi muito intenso. Jogo a jogo, n\u00e3o quero pensar no jogo do S\u00e3o Paulo ou Libertadores. Vamos ver se conseguimos recuperar jogadores para enfrentar o S\u00e3o Paulo ou sen\u00e3o para outro jogo. Agora s\u00f3 estou deixando os jogadores que est\u00e3o prontos para jogar, que est\u00e3o fazendo um esfor\u00e7o grande para ajudar. Depois eu n\u00e3o sei o tempo que vamos precisar com o Gabi, Rodrigo, Arrascaeta. O Pedro Rocha j\u00e1 est\u00e1 entrando no time, pronto para jogar, o Jo\u00e3o Lucas tamb\u00e9m. Agora o jogo mais importante para n\u00f3s \u00e9 o de Copa, com o Athletico.<\/p>\n\n\n\n<p>O treinador catal\u00e3o, inclusive, destacou a for\u00e7a do elenco do Flamengo e a vontade dos jogadores de ganharem mais t\u00edtulos.<\/p>\n\n\n\n<p>\u2014 Temos um elenco excelente. Gosto de falar dos jogadores que jogaram hoje. Todos sabem que n\u00e3o temos Rodrigo (Caio), Arrascaeta, todos sabem. Sempre falo que \u00e9 importante o elenco, o time e me mostraram novamente que todos estavam pronto para ajudar o Flamengo por isso n\u00e3o temos 18, 15 jogadores, temos 22, 23. Todos est\u00e3o pronto para ajudar. Todos sabem que temos jogadores machucados, maratona de jogos. Mas me mostraram que t\u00eam o desejo de buscar novamente t\u00edtulos. E vamos lutar at\u00e9 o \u00faltimo segundo para isso.<\/p>\n\n\n\n<p>Ao ser questionado sobre as pol\u00eamicas de arbitragem, com dois supostos p\u00eanaltis n\u00e3o marcados a favor do Flamengo, Dom\u00e8 optou por n\u00e3o entrar no m\u00e9rito da decis\u00e3o. Entretanto, o treinador aproveitou para criticar parte da imprensa e outras pessoas que, de acordo com ele, afirmam que o VAR beneficia o rubro-negro carioca.<\/p>\n\n\n\n<p>\u2014 Nunca vou falar dos \u00e1rbitros. N\u00e3o gosto de falar disso, para n\u00e3o parecer desculpa. Mas n\u00e3o entendo quando imprensa ou outras pessoas falavam que o VAR beneficiava o Flamengo. N\u00e3o vi o que aconteceu durante o jogo, mas serve para a imprensa ou para as pessoas que falam isso. N\u00e3o sei porque o \u00e1rbitro n\u00e3o chamou o VAR. Mas n\u00e3o falem que o VAR beneficia o Flamengo, por favor.<\/p>\n\n\n\n<p>A partida entre Flamengo e Athletico ser\u00e1 realizada na pr\u00f3xima quarta-feira (25\/10), \u00e0s 21h30, pelas oitavas de final da Copa do Brasil. O jogo ser\u00e1 transmitido pela Super R\u00e1dio Tupi.<\/p>\n\n\n\n<p>Retirado de: Super R\u00e1dio Tupi<\/p>\n","protected":false},"excerpt":{"rendered":"<p>Flamengo e Internacional, os dois primeiros colocados do Campeonato Brasileiro, empataram em 2 a 2 neste domingo (25), no Beira-Rio, pela 18\u00aa rodada da competi\u00e7\u00e3o. O rubro-negro fez o gol do empate com \u00c9verton Ribeiro, aos 50 minutos do segundo tempo. Apesar do forte advers\u00e1rio, do gol no final, de estar jogando fora de casa [&hellip;]<\/p>\n","protected":false},"author":1,"featured_media":48071,"comment_status":"open","ping_status":"closed","sticky":false,"template":"","format":"standard","meta":{"footnotes":""},"categories":[1],"tags":[],"class_list":["post-50060","post","type-post","status-publish","format-standard","has-post-thumbnail","hentry","category-flamengo"],"yoast_head":"<!-- This site is optimized with the Yoast SEO Premium plugin v24.2 (Yoast SEO v26.9) - https:\/\/yoast.com\/product\/yoast-seo-premium-wordpress\/ -->\n<title>Dom\u00e8nec agradece o Gr\u00eamio por ceder CT para o Flamengo<\/title>\n<meta name=\"description\" content=\"Flamengo e Internacional, os dois primeiros colocados do Campeonato Brasileiro, empataram em 2 a 2 neste domingo, no Beira-Rio.\" \/>\n<meta name=\"robots\" content=\"index, follow, max-snippet:-1, max-image-preview:large, max-video-preview:-1\" \/>\n<link rel=\"canonical\" href=\"https:\/\/www.gaveanews.com\/index.php\/2020\/10\/26\/domenec-agradece-o-gremio-por-ceder-ct-para-o-flamengo\/\" \/>\n<meta property=\"og:locale\" content=\"pt_BR\" \/>\n<meta property=\"og:type\" content=\"article\" \/>\n<meta property=\"og:title\" content=\"Dom\u00e8nec agradece o Gr\u00eamio por ceder CT para o Flamengo\" \/>\n<meta property=\"og:description\" content=\"Flamengo e Internacional, os dois primeiros colocados do Campeonato Brasileiro, empataram em 2 a 2 neste domingo, no Beira-Rio.\" \/>\n<meta property=\"og:url\" content=\"https:\/\/www.gaveanews.com\/index.php\/2020\/10\/26\/domenec-agradece-o-gremio-por-ceder-ct-para-o-flamengo\/\" \/>\n<meta property=\"og:site_name\" content=\"G\u00e1vea News\" \/>\n<meta property=\"article:publisher\" content=\"https:\/\/facebook.com\/gaveaNews\/\" \/>\n<meta property=\"article:published_time\" content=\"2020-10-26T04:14:22+00:00\" \/>\n<meta property=\"article:modified_time\" content=\"2020-10-26T04:14:25+00:00\" \/>\n<meta property=\"og:image\" content=\"https:\/\/www.gaveanews.com\/wp-content\/uploads\/Jordi-Guerrero-e-Domenec-durante-treinamento-do-Flamengo.webp\" \/>\n\t<meta property=\"og:image:width\" content=\"984\" \/>\n\t<meta property=\"og:image:height\" content=\"655\" \/>\n\t<meta property=\"og:image:type\" content=\"image\/jpeg\" \/>\n<meta name=\"author\" content=\"Equipe G\u00e1vea News\" \/>\n<meta name=\"twitter:card\" content=\"summary_large_image\" \/>\n<meta name=\"twitter:label1\" content=\"Escrito por\" \/>\n\t<meta name=\"twitter:data1\" content=\"Equipe G\u00e1vea News\" \/>\n\t<meta name=\"twitter:label2\" content=\"Est. tempo de leitura\" \/>\n\t<meta name=\"twitter:data2\" content=\"3 minutos\" \/>\n<script type=\"application\/ld+json\" class=\"yoast-schema-graph\">{\"@context\":\"https:\/\/schema.org\",\"@graph\":[{\"@type\":\"NewsArticle\",\"@id\":\"https:\/\/www.gaveanews.com\/index.php\/2020\/10\/26\/domenec-agradece-o-gremio-por-ceder-ct-para-o-flamengo\/#article\",\"isPartOf\":{\"@id\":\"https:\/\/www.gaveanews.com\/index.php\/2020\/10\/26\/domenec-agradece-o-gremio-por-ceder-ct-para-o-flamengo\/\"},\"author\":{\"name\":\"Equipe G\u00e1vea News\",\"@id\":\"https:\/\/www.gaveanews.com\/#\/schema\/person\/2ec14f73fb96be2caf28f91afb14749d\"},\"headline\":\"Dom\u00e8nec agradece o Gr\u00eamio por ceder CT para o Flamengo\",\"datePublished\":\"2020-10-26T04:14:22+00:00\",\"dateModified\":\"2020-10-26T04:14:25+00:00\",\"mainEntityOfPage\":{\"@id\":\"https:\/\/www.gaveanews.com\/index.php\/2020\/10\/26\/domenec-agradece-o-gremio-por-ceder-ct-para-o-flamengo\/\"},\"wordCount\":635,\"commentCount\":0,\"image\":{\"@id\":\"https:\/\/www.gaveanews.com\/index.php\/2020\/10\/26\/domenec-agradece-o-gremio-por-ceder-ct-para-o-flamengo\/#primaryimage\"},\"thumbnailUrl\":\"https:\/\/www.gaveanews.com\/wp-content\/uploads\/Jordi-Guerrero-e-Domenec-durante-treinamento-do-Flamengo.webp\",\"articleSection\":[\"Flamengo\"],\"inLanguage\":\"pt-BR\",\"potentialAction\":[{\"@type\":\"CommentAction\",\"name\":\"Comment\",\"target\":[\"https:\/\/www.gaveanews.com\/index.php\/2020\/10\/26\/domenec-agradece-o-gremio-por-ceder-ct-para-o-flamengo\/#respond\"]}],\"copyrightYear\":\"2020\",\"copyrightHolder\":{\"@id\":\"https:\/\/www.gaveanews.com\/#organization\"}},{\"@type\":\"WebPage\",\"@id\":\"https:\/\/www.gaveanews.com\/index.php\/2020\/10\/26\/domenec-agradece-o-gremio-por-ceder-ct-para-o-flamengo\/\",\"url\":\"https:\/\/www.gaveanews.com\/index.php\/2020\/10\/26\/domenec-agradece-o-gremio-por-ceder-ct-para-o-flamengo\/\",\"name\":\"Dom\u00e8nec agradece o Gr\u00eamio por ceder CT para o Flamengo\",\"isPartOf\":{\"@id\":\"https:\/\/www.gaveanews.com\/#website\"},\"primaryImageOfPage\":{\"@id\":\"https:\/\/www.gaveanews.com\/index.php\/2020\/10\/26\/domenec-agradece-o-gremio-por-ceder-ct-para-o-flamengo\/#primaryimage\"},\"image\":{\"@id\":\"https:\/\/www.gaveanews.com\/index.php\/2020\/10\/26\/domenec-agradece-o-gremio-por-ceder-ct-para-o-flamengo\/#primaryimage\"},\"thumbnailUrl\":\"https:\/\/www.gaveanews.com\/wp-content\/uploads\/Jordi-Guerrero-e-Domenec-durante-treinamento-do-Flamengo.webp\",\"datePublished\":\"2020-10-26T04:14:22+00:00\",\"dateModified\":\"2020-10-26T04:14:25+00:00\",\"author\":{\"@id\":\"https:\/\/www.gaveanews.com\/#\/schema\/person\/2ec14f73fb96be2caf28f91afb14749d\"},\"description\":\"Flamengo e Internacional, os dois primeiros colocados do Campeonato Brasileiro, empataram em 2 a 2 neste domingo, no Beira-Rio.\",\"breadcrumb\":{\"@id\":\"https:\/\/www.gaveanews.com\/index.php\/2020\/10\/26\/domenec-agradece-o-gremio-por-ceder-ct-para-o-flamengo\/#breadcrumb\"},\"inLanguage\":\"pt-BR\",\"potentialAction\":[{\"@type\":\"ReadAction\",\"target\":[\"https:\/\/www.gaveanews.com\/index.php\/2020\/10\/26\/domenec-agradece-o-gremio-por-ceder-ct-para-o-flamengo\/\"]}]},{\"@type\":\"ImageObject\",\"inLanguage\":\"pt-BR\",\"@id\":\"https:\/\/www.gaveanews.com\/index.php\/2020\/10\/26\/domenec-agradece-o-gremio-por-ceder-ct-para-o-flamengo\/#primaryimage\",\"url\":\"https:\/\/www.gaveanews.com\/wp-content\/uploads\/Jordi-Guerrero-e-Domenec-durante-treinamento-do-Flamengo.webp\",\"contentUrl\":\"https:\/\/www.gaveanews.com\/wp-content\/uploads\/Jordi-Guerrero-e-Domenec-durante-treinamento-do-Flamengo.webp\",\"width\":984,\"height\":655,\"caption\":\"Jordi Guerrero e Domenec durante treinamento do Flamengo (Foto: Alexandre Vidal\/Flamengo)\"},{\"@type\":\"BreadcrumbList\",\"@id\":\"https:\/\/www.gaveanews.com\/index.php\/2020\/10\/26\/domenec-agradece-o-gremio-por-ceder-ct-para-o-flamengo\/#breadcrumb\",\"itemListElement\":[{\"@type\":\"ListItem\",\"position\":1,\"name\":\"Home\",\"item\":\"https:\/\/www.gaveanews.com\/\"},{\"@type\":\"ListItem\",\"position\":2,\"name\":\"Dom\u00e8nec agradece o Gr\u00eamio por ceder CT para o Flamengo\"}]},{\"@type\":\"WebSite\",\"@id\":\"https:\/\/www.gaveanews.com\/#website\",\"url\":\"https:\/\/www.gaveanews.com\/\",\"name\":\"G\u00e1vea News\",\"description\":\"Veja todas as not\u00edcias sobre o Flamengo: Contrata\u00e7\u00f5es, categorias de base, resultados das partidas, tabela de classifica\u00e7\u00e3o, pr\u00f3ximos jogos!\",\"potentialAction\":[{\"@type\":\"SearchAction\",\"target\":{\"@type\":\"EntryPoint\",\"urlTemplate\":\"https:\/\/www.gaveanews.com\/?s={search_term_string}\"},\"query-input\":{\"@type\":\"PropertyValueSpecification\",\"valueRequired\":true,\"valueName\":\"search_term_string\"}}],\"inLanguage\":\"pt-BR\"},{\"@type\":\"Person\",\"@id\":\"https:\/\/www.gaveanews.com\/#\/schema\/person\/2ec14f73fb96be2caf28f91afb14749d\",\"name\":\"Equipe G\u00e1vea News\",\"image\":{\"@type\":\"ImageObject\",\"inLanguage\":\"pt-BR\",\"@id\":\"https:\/\/www.gaveanews.com\/#\/schema\/person\/image\/\",\"url\":\"https:\/\/secure.gravatar.com\/avatar\/1e1956f1facbffd3f8fa53a326721950116b3b9dc9bd44939c01180fd4a745a9?s=96&d=mm&r=g\",\"contentUrl\":\"https:\/\/secure.gravatar.com\/avatar\/1e1956f1facbffd3f8fa53a326721950116b3b9dc9bd44939c01180fd4a745a9?s=96&d=mm&r=g\",\"caption\":\"Equipe G\u00e1vea News\"}}]}<\/script>\n<!-- \/ Yoast SEO Premium plugin. -->","yoast_head_json":{"title":"Dom\u00e8nec agradece o Gr\u00eamio por ceder CT para o Flamengo","description":"Flamengo e Internacional, os dois primeiros colocados do Campeonato Brasileiro, empataram em 2 a 2 neste domingo, no Beira-Rio.","robots":{"index":"index","follow":"follow","max-snippet":"max-snippet:-1","max-image-preview":"max-image-preview:large","max-video-preview":"max-video-preview:-1"},"canonical":"https:\/\/www.gaveanews.com\/index.php\/2020\/10\/26\/domenec-agradece-o-gremio-por-ceder-ct-para-o-flamengo\/","og_locale":"pt_BR","og_type":"article","og_title":"Dom\u00e8nec agradece o Gr\u00eamio por ceder CT para o Flamengo","og_description":"Flamengo e Internacional, os dois primeiros colocados do Campeonato Brasileiro, empataram em 2 a 2 neste domingo, no Beira-Rio.","og_url":"https:\/\/www.gaveanews.com\/index.php\/2020\/10\/26\/domenec-agradece-o-gremio-por-ceder-ct-para-o-flamengo\/","og_site_name":"G\u00e1vea News","article_publisher":"https:\/\/facebook.com\/gaveaNews\/","article_published_time":"2020-10-26T04:14:22+00:00","article_modified_time":"2020-10-26T04:14:25+00:00","og_image":[{"width":984,"height":655,"url":"https:\/\/www.gaveanews.com\/wp-content\/uploads\/Jordi-Guerrero-e-Domenec-durante-treinamento-do-Flamengo.webp","type":"image\/jpeg"}],"author":"Equipe G\u00e1vea News","twitter_card":"summary_large_image","twitter_misc":{"Escrito por":"Equipe G\u00e1vea News","Est. tempo de leitura":"3 minutos"},"schema":{"@context":"https:\/\/schema.org","@graph":[{"@type":"NewsArticle","@id":"https:\/\/www.gaveanews.com\/index.php\/2020\/10\/26\/domenec-agradece-o-gremio-por-ceder-ct-para-o-flamengo\/#article","isPartOf":{"@id":"https:\/\/www.gaveanews.com\/index.php\/2020\/10\/26\/domenec-agradece-o-gremio-por-ceder-ct-para-o-flamengo\/"},"author":{"name":"Equipe G\u00e1vea News","@id":"https:\/\/www.gaveanews.com\/#\/schema\/person\/2ec14f73fb96be2caf28f91afb14749d"},"headline":"Dom\u00e8nec agradece o Gr\u00eamio por ceder CT para o Flamengo","datePublished":"2020-10-26T04:14:22+00:00","dateModified":"2020-10-26T04:14:25+00:00","mainEntityOfPage":{"@id":"https:\/\/www.gaveanews.com\/index.php\/2020\/10\/26\/domenec-agradece-o-gremio-por-ceder-ct-para-o-flamengo\/"},"wordCount":635,"commentCount":0,"image":{"@id":"https:\/\/www.gaveanews.com\/index.php\/2020\/10\/26\/domenec-agradece-o-gremio-por-ceder-ct-para-o-flamengo\/#primaryimage"},"thumbnailUrl":"https:\/\/www.gaveanews.com\/wp-content\/uploads\/Jordi-Guerrero-e-Domenec-durante-treinamento-do-Flamengo.webp","articleSection":["Flamengo"],"inLanguage":"pt-BR","potentialAction":[{"@type":"CommentAction","name":"Comment","target":["https:\/\/www.gaveanews.com\/index.php\/2020\/10\/26\/domenec-agradece-o-gremio-por-ceder-ct-para-o-flamengo\/#respond"]}],"copyrightYear":"2020","copyrightHolder":{"@id":"https:\/\/www.gaveanews.com\/#organization"}},{"@type":"WebPage","@id":"https:\/\/www.gaveanews.com\/index.php\/2020\/10\/26\/domenec-agradece-o-gremio-por-ceder-ct-para-o-flamengo\/","url":"https:\/\/www.gaveanews.com\/index.php\/2020\/10\/26\/domenec-agradece-o-gremio-por-ceder-ct-para-o-flamengo\/","name":"Dom\u00e8nec agradece o Gr\u00eamio por ceder CT para o Flamengo","isPartOf":{"@id":"https:\/\/www.gaveanews.com\/#website"},"primaryImageOfPage":{"@id":"https:\/\/www.gaveanews.com\/index.php\/2020\/10\/26\/domenec-agradece-o-gremio-por-ceder-ct-para-o-flamengo\/#primaryimage"},"image":{"@id":"https:\/\/www.gaveanews.com\/index.php\/2020\/10\/26\/domenec-agradece-o-gremio-por-ceder-ct-para-o-flamengo\/#primaryimage"},"thumbnailUrl":"https:\/\/www.gaveanews.com\/wp-content\/uploads\/Jordi-Guerrero-e-Domenec-durante-treinamento-do-Flamengo.webp","datePublished":"2020-10-26T04:14:22+00:00","dateModified":"2020-10-26T04:14:25+00:00","author":{"@id":"https:\/\/www.gaveanews.com\/#\/schema\/person\/2ec14f73fb96be2caf28f91afb14749d"},"description":"Flamengo e Internacional, os dois primeiros colocados do Campeonato Brasileiro, empataram em 2 a 2 neste domingo, no Beira-Rio.","breadcrumb":{"@id":"https:\/\/www.gaveanews.com\/index.php\/2020\/10\/26\/domenec-agradece-o-gremio-por-ceder-ct-para-o-flamengo\/#breadcrumb"},"inLanguage":"pt-BR","potentialAction":[{"@type":"ReadAction","target":["https:\/\/www.gaveanews.com\/index.php\/2020\/10\/26\/domenec-agradece-o-gremio-por-ceder-ct-para-o-flamengo\/"]}]},{"@type":"ImageObject","inLanguage":"pt-BR","@id":"https:\/\/www.gaveanews.com\/index.php\/2020\/10\/26\/domenec-agradece-o-gremio-por-ceder-ct-para-o-flamengo\/#primaryimage","url":"https:\/\/www.gaveanews.com\/wp-content\/uploads\/Jordi-Guerrero-e-Domenec-durante-treinamento-do-Flamengo.webp","contentUrl":"https:\/\/www.gaveanews.com\/wp-content\/uploads\/Jordi-Guerrero-e-Domenec-durante-treinamento-do-Flamengo.webp","width":984,"height":655,"caption":"Jordi Guerrero e Domenec durante treinamento do Flamengo (Foto: Alexandre Vidal\/Flamengo)"},{"@type":"BreadcrumbList","@id":"https:\/\/www.gaveanews.com\/index.php\/2020\/10\/26\/domenec-agradece-o-gremio-por-ceder-ct-para-o-flamengo\/#breadcrumb","itemListElement":[{"@type":"ListItem","position":1,"name":"Home","item":"https:\/\/www.gaveanews.com\/"},{"@type":"ListItem","position":2,"name":"Dom\u00e8nec agradece o Gr\u00eamio por ceder CT para o Flamengo"}]},{"@type":"WebSite","@id":"https:\/\/www.gaveanews.com\/#website","url":"https:\/\/www.gaveanews.com\/","name":"G\u00e1vea News","description":"Veja todas as not\u00edcias sobre o Flamengo: Contrata\u00e7\u00f5es, categorias de base, resultados das partidas, tabela de classifica\u00e7\u00e3o, pr\u00f3ximos jogos!","potentialAction":[{"@type":"SearchAction","target":{"@type":"EntryPoint","urlTemplate":"https:\/\/www.gaveanews.com\/?s={search_term_string}"},"query-input":{"@type":"PropertyValueSpecification","valueRequired":true,"valueName":"search_term_string"}}],"inLanguage":"pt-BR"},{"@type":"Person","@id":"https:\/\/www.gaveanews.com\/#\/schema\/person\/2ec14f73fb96be2caf28f91afb14749d","name":"Equipe G\u00e1vea News","image":{"@type":"ImageObject","inLanguage":"pt-BR","@id":"https:\/\/www.gaveanews.com\/#\/schema\/person\/image\/","url":"https:\/\/secure.gravatar.com\/avatar\/1e1956f1facbffd3f8fa53a326721950116b3b9dc9bd44939c01180fd4a745a9?s=96&d=mm&r=g","contentUrl":"https:\/\/secure.gravatar.com\/avatar\/1e1956f1facbffd3f8fa53a326721950116b3b9dc9bd44939c01180fd4a745a9?s=96&d=mm&r=g","caption":"Equipe G\u00e1vea News"}}]}},"_links":{"self":[{"href":"https:\/\/www.gaveanews.com\/index.php\/wp-json\/wp\/v2\/posts\/50060","targetHints":{"allow":["GET"]}}],"collection":[{"href":"https:\/\/www.gaveanews.com\/index.php\/wp-json\/wp\/v2\/posts"}],"about":[{"href":"https:\/\/www.gaveanews.com\/index.php\/wp-json\/wp\/v2\/types\/post"}],"author":[{"embeddable":true,"href":"https:\/\/www.gaveanews.com\/index.php\/wp-json\/wp\/v2\/users\/1"}],"replies":[{"embeddable":true,"href":"https:\/\/www.gaveanews.com\/index.php\/wp-json\/wp\/v2\/comments?post=50060"}],"version-history":[{"count":0,"href":"https:\/\/www.gaveanews.com\/index.php\/wp-json\/wp\/v2\/posts\/50060\/revisions"}],"wp:featuredmedia":[{"embeddable":true,"href":"https:\/\/www.gaveanews.com\/index.php\/wp-json\/wp\/v2\/media\/48071"}],"wp:attachment":[{"href":"https:\/\/www.gaveanews.com\/index.php\/wp-json\/wp\/v2\/media?parent=50060"}],"wp:term":[{"taxonomy":"category","embeddable":true,"href":"https:\/\/www.gaveanews.com\/index.php\/wp-json\/wp\/v2\/categories?post=50060"},{"taxonomy":"post_tag","embeddable":true,"href":"https:\/\/www.gaveanews.com\/index.php\/wp-json\/wp\/v2\/tags?post=50060"}],"curies":[{"name":"wp","href":"https:\/\/api.w.org\/{rel}","templated":true}]}}