{"id":50072,"date":"2020-10-26T03:10:45","date_gmt":"2020-10-26T06:10:45","guid":{"rendered":"https:\/\/www.gaveanews.com\/?p=50072"},"modified":"2021-08-12T00:50:49","modified_gmt":"2021-08-12T03:50:49","slug":"apos-falha-no-gol-do-inter-mauricio-isla-se-manifesta-nas-redes-sociais","status":"publish","type":"post","link":"https:\/\/www.gaveanews.com\/index.php\/2020\/10\/26\/apos-falha-no-gol-do-inter-mauricio-isla-se-manifesta-nas-redes-sociais\/","title":{"rendered":"Ap\u00f3s falha resultando em gol do Inter, Isla se manifesta nas redes sociais"},"content":{"rendered":"\n<p>No \u00faltimo domingo (25), o Flamengo enfrentou o ent\u00e3o l\u00edder da s\u00e9rie A do campeonato, Internacional, em partida pela 18\u00aa rodada do Brasileir\u00e3o.<\/p>\n\n\n\n<p>O duelo foi recheado de finaliza\u00e7\u00f5es e intensidade de ambos os times. Em resultado de muita press\u00e3o, o confronto terminou em empate por 2 a 2. <\/p>\n\n\n\n<p>E por falar em chances a gol, ap\u00f3s um dom\u00ednio n\u00e3o conclu\u00eddo por Maur\u00edcio Isla, aos 6 minutos do primeiro tempo, Patrick roubou a bola e passou para Abel Hernand\u00e9z, que abriu o placar da partida, marcando para o time do Internacional. <\/p>\n\n\n\n<p>A torcida, ao ver o mole dado por Isla, ficou revoltada com a a\u00e7\u00e3o do lateral. A internet se encheu de cr\u00edticas e cornetadas para o jogador, que pouco tempo depois, aos 11 minutos ainda do primeiro tempo, deu assist\u00eancia a Pedro no primeiro gol marcado pelo Flamengo.<\/p>\n\n\n\n<p>Ap\u00f3s o t\u00e9rmino da partida, Isla publicou em suas redes sociais uma foto do jogo. O chileno usou a descri\u00e7\u00e3o da mesma para mandar uma mensagem para a torcida. Na legenda, o camisa 44 admitiu o erro e disse que o importante \u00e9 n\u00e3o repetir o erro e continuar progredindo.<\/p>\n\n\n\n<p><strong>Confira a publica\u00e7\u00e3o de Maur\u00edcio Isla:<\/strong><\/p>\n\n\n\n<figure class=\"wp-block-image size-large\"><img decoding=\"async\" src=\"https:\/\/urubuinterativo.com\/wp-content\/uploads\/20201025_2300387186457070534294443.webp\" alt=\"\" \/><\/figure>\n\n\n\n<p><\/p>\n\n\n\n<p>Na pr\u00f3xima quarta-feira (28), o Flamengo jogar\u00e1 contra o Athletico paranaense em partida v\u00e1lida pelas oitavas de final da Copa do Brasil. A partida ocorrer\u00e1 \u00e0s 21:30h (hor\u00e1rio de Bras\u00edlia) na Arena da Baixada, casa do Furac\u00e3o.<\/p>\n","protected":false},"excerpt":{"rendered":"<p>No \u00faltimo domingo (25), o Flamengo enfrentou o ent\u00e3o l\u00edder da s\u00e9rie A do campeonato, Internacional, em partida pela 18\u00aa rodada do Brasileir\u00e3o. O duelo foi recheado de finaliza\u00e7\u00f5es e intensidade de ambos os times. Em resultado de muita press\u00e3o, o confronto terminou em empate por 2 a 2. E por falar em chances a [&hellip;]<\/p>\n","protected":false},"author":4,"featured_media":50081,"comment_status":"open","ping_status":"closed","sticky":false,"template":"","format":"standard","meta":{"footnotes":""},"categories":[1],"tags":[],"class_list":["post-50072","post","type-post","status-publish","format-standard","has-post-thumbnail","hentry","category-flamengo"],"yoast_head":"<!-- This site is optimized with the Yoast SEO Premium plugin v24.2 (Yoast SEO v26.9) - https:\/\/yoast.com\/product\/yoast-seo-premium-wordpress\/ -->\n<title>Ap\u00f3s falha resultando em gol do Inter, Isla se manifesta nas redes sociais<\/title>\n<meta name=\"description\" content=\"Ap\u00f3s dom\u00ednio n\u00e3o conclu\u00eddo por Isla, aos 6 minutos do 1\u00ba tempo, Patrick roubou a bola e passou para Hernand\u00e9z, que abriu o placar do jogo.\" \/>\n<meta name=\"robots\" content=\"index, follow, max-snippet:-1, max-image-preview:large, max-video-preview:-1\" \/>\n<link rel=\"canonical\" href=\"https:\/\/www.gaveanews.com\/index.php\/2020\/10\/26\/apos-falha-no-gol-do-inter-mauricio-isla-se-manifesta-nas-redes-sociais\/\" \/>\n<meta property=\"og:locale\" content=\"pt_BR\" \/>\n<meta property=\"og:type\" content=\"article\" \/>\n<meta property=\"og:title\" content=\"Ap\u00f3s falha resultando em gol do Inter, Isla se manifesta nas redes sociais\" \/>\n<meta property=\"og:description\" content=\"Ap\u00f3s dom\u00ednio n\u00e3o conclu\u00eddo por Isla, aos 6 minutos do 1\u00ba tempo, Patrick roubou a bola e passou para Hernand\u00e9z, que abriu o placar do jogo.\" \/>\n<meta property=\"og:url\" content=\"https:\/\/www.gaveanews.com\/index.php\/2020\/10\/26\/apos-falha-no-gol-do-inter-mauricio-isla-se-manifesta-nas-redes-sociais\/\" \/>\n<meta property=\"og:site_name\" content=\"G\u00e1vea News\" \/>\n<meta property=\"article:publisher\" content=\"https:\/\/facebook.com\/gaveaNews\/\" \/>\n<meta property=\"article:published_time\" content=\"2020-10-26T06:10:45+00:00\" \/>\n<meta property=\"article:modified_time\" content=\"2021-08-12T03:50:49+00:00\" \/>\n<meta property=\"og:image\" content=\"https:\/\/www.gaveanews.com\/wp-content\/uploads\/Mauricio-Isla-em-acao-pelo-Flamengo-contra-o-Internacional.webp\" \/>\n\t<meta property=\"og:image:width\" content=\"800\" \/>\n\t<meta property=\"og:image:height\" content=\"533\" \/>\n\t<meta property=\"og:image:type\" content=\"image\/jpeg\" \/>\n<meta name=\"author\" content=\"Let\u00edcia Gerheim\" \/>\n<meta name=\"twitter:card\" content=\"summary_large_image\" \/>\n<meta name=\"twitter:label1\" content=\"Escrito por\" \/>\n\t<meta name=\"twitter:data1\" content=\"Let\u00edcia Gerheim\" \/>\n\t<meta name=\"twitter:label2\" content=\"Est. tempo de leitura\" \/>\n\t<meta name=\"twitter:data2\" content=\"1 minuto\" \/>\n<script type=\"application\/ld+json\" class=\"yoast-schema-graph\">{\"@context\":\"https:\/\/schema.org\",\"@graph\":[{\"@type\":\"NewsArticle\",\"@id\":\"https:\/\/www.gaveanews.com\/index.php\/2020\/10\/26\/apos-falha-no-gol-do-inter-mauricio-isla-se-manifesta-nas-redes-sociais\/#article\",\"isPartOf\":{\"@id\":\"https:\/\/www.gaveanews.com\/index.php\/2020\/10\/26\/apos-falha-no-gol-do-inter-mauricio-isla-se-manifesta-nas-redes-sociais\/\"},\"author\":{\"name\":\"Let\u00edcia Gerheim\",\"@id\":\"https:\/\/www.gaveanews.com\/#\/schema\/person\/714c67050b836198af2450ba1c142a67\"},\"headline\":\"Ap\u00f3s falha resultando em gol do Inter, Isla se manifesta nas redes sociais\",\"datePublished\":\"2020-10-26T06:10:45+00:00\",\"dateModified\":\"2021-08-12T03:50:49+00:00\",\"mainEntityOfPage\":{\"@id\":\"https:\/\/www.gaveanews.com\/index.php\/2020\/10\/26\/apos-falha-no-gol-do-inter-mauricio-isla-se-manifesta-nas-redes-sociais\/\"},\"wordCount\":263,\"commentCount\":35,\"image\":{\"@id\":\"https:\/\/www.gaveanews.com\/index.php\/2020\/10\/26\/apos-falha-no-gol-do-inter-mauricio-isla-se-manifesta-nas-redes-sociais\/#primaryimage\"},\"thumbnailUrl\":\"https:\/\/www.gaveanews.com\/wp-content\/uploads\/Mauricio-Isla-em-acao-pelo-Flamengo-contra-o-Internacional.webp\",\"articleSection\":[\"Flamengo\"],\"inLanguage\":\"pt-BR\",\"potentialAction\":[{\"@type\":\"CommentAction\",\"name\":\"Comment\",\"target\":[\"https:\/\/www.gaveanews.com\/index.php\/2020\/10\/26\/apos-falha-no-gol-do-inter-mauricio-isla-se-manifesta-nas-redes-sociais\/#respond\"]}],\"copyrightYear\":\"2020\",\"copyrightHolder\":{\"@id\":\"https:\/\/www.gaveanews.com\/#organization\"}},{\"@type\":\"WebPage\",\"@id\":\"https:\/\/www.gaveanews.com\/index.php\/2020\/10\/26\/apos-falha-no-gol-do-inter-mauricio-isla-se-manifesta-nas-redes-sociais\/\",\"url\":\"https:\/\/www.gaveanews.com\/index.php\/2020\/10\/26\/apos-falha-no-gol-do-inter-mauricio-isla-se-manifesta-nas-redes-sociais\/\",\"name\":\"Ap\u00f3s falha resultando em gol do Inter, Isla se manifesta nas redes sociais\",\"isPartOf\":{\"@id\":\"https:\/\/www.gaveanews.com\/#website\"},\"primaryImageOfPage\":{\"@id\":\"https:\/\/www.gaveanews.com\/index.php\/2020\/10\/26\/apos-falha-no-gol-do-inter-mauricio-isla-se-manifesta-nas-redes-sociais\/#primaryimage\"},\"image\":{\"@id\":\"https:\/\/www.gaveanews.com\/index.php\/2020\/10\/26\/apos-falha-no-gol-do-inter-mauricio-isla-se-manifesta-nas-redes-sociais\/#primaryimage\"},\"thumbnailUrl\":\"https:\/\/www.gaveanews.com\/wp-content\/uploads\/Mauricio-Isla-em-acao-pelo-Flamengo-contra-o-Internacional.webp\",\"datePublished\":\"2020-10-26T06:10:45+00:00\",\"dateModified\":\"2021-08-12T03:50:49+00:00\",\"author\":{\"@id\":\"https:\/\/www.gaveanews.com\/#\/schema\/person\/714c67050b836198af2450ba1c142a67\"},\"description\":\"Ap\u00f3s dom\u00ednio n\u00e3o conclu\u00eddo por Isla, aos 6 minutos do 1\u00ba tempo, Patrick roubou a bola e passou para Hernand\u00e9z, que abriu o placar do jogo.\",\"breadcrumb\":{\"@id\":\"https:\/\/www.gaveanews.com\/index.php\/2020\/10\/26\/apos-falha-no-gol-do-inter-mauricio-isla-se-manifesta-nas-redes-sociais\/#breadcrumb\"},\"inLanguage\":\"pt-BR\",\"potentialAction\":[{\"@type\":\"ReadAction\",\"target\":[\"https:\/\/www.gaveanews.com\/index.php\/2020\/10\/26\/apos-falha-no-gol-do-inter-mauricio-isla-se-manifesta-nas-redes-sociais\/\"]}]},{\"@type\":\"ImageObject\",\"inLanguage\":\"pt-BR\",\"@id\":\"https:\/\/www.gaveanews.com\/index.php\/2020\/10\/26\/apos-falha-no-gol-do-inter-mauricio-isla-se-manifesta-nas-redes-sociais\/#primaryimage\",\"url\":\"https:\/\/www.gaveanews.com\/wp-content\/uploads\/Mauricio-Isla-em-acao-pelo-Flamengo-contra-o-Internacional.webp\",\"contentUrl\":\"https:\/\/www.gaveanews.com\/wp-content\/uploads\/Mauricio-Isla-em-acao-pelo-Flamengo-contra-o-Internacional.webp\",\"width\":800,\"height\":533,\"caption\":\"Maur\u00edcio Isla em a\u00e7\u00e3o pelo Flamengo contra o Internacional (Foto: Marcelo Cortes\/Flamengo)\"},{\"@type\":\"BreadcrumbList\",\"@id\":\"https:\/\/www.gaveanews.com\/index.php\/2020\/10\/26\/apos-falha-no-gol-do-inter-mauricio-isla-se-manifesta-nas-redes-sociais\/#breadcrumb\",\"itemListElement\":[{\"@type\":\"ListItem\",\"position\":1,\"name\":\"Home\",\"item\":\"https:\/\/www.gaveanews.com\/\"},{\"@type\":\"ListItem\",\"position\":2,\"name\":\"Ap\u00f3s falha resultando em gol do Inter, Isla se manifesta nas redes sociais\"}]},{\"@type\":\"WebSite\",\"@id\":\"https:\/\/www.gaveanews.com\/#website\",\"url\":\"https:\/\/www.gaveanews.com\/\",\"name\":\"G\u00e1vea News\",\"description\":\"Veja todas as not\u00edcias sobre o Flamengo: Contrata\u00e7\u00f5es, categorias de base, resultados das partidas, tabela de classifica\u00e7\u00e3o, pr\u00f3ximos jogos!\",\"potentialAction\":[{\"@type\":\"SearchAction\",\"target\":{\"@type\":\"EntryPoint\",\"urlTemplate\":\"https:\/\/www.gaveanews.com\/?s={search_term_string}\"},\"query-input\":{\"@type\":\"PropertyValueSpecification\",\"valueRequired\":true,\"valueName\":\"search_term_string\"}}],\"inLanguage\":\"pt-BR\"},{\"@type\":\"Person\",\"@id\":\"https:\/\/www.gaveanews.com\/#\/schema\/person\/714c67050b836198af2450ba1c142a67\",\"name\":\"Let\u00edcia Gerheim\",\"image\":{\"@type\":\"ImageObject\",\"inLanguage\":\"pt-BR\",\"@id\":\"https:\/\/www.gaveanews.com\/#\/schema\/person\/image\/\",\"url\":\"https:\/\/secure.gravatar.com\/avatar\/60734739c50fcebfbac509e2a826ccd0ff405c019bc73aab9354f19ecad1dcb4?s=96&d=mm&r=g\",\"contentUrl\":\"https:\/\/secure.gravatar.com\/avatar\/60734739c50fcebfbac509e2a826ccd0ff405c019bc73aab9354f19ecad1dcb4?s=96&d=mm&r=g\",\"caption\":\"Let\u00edcia Gerheim\"}}]}<\/script>\n<!-- \/ Yoast SEO Premium plugin. -->","yoast_head_json":{"title":"Ap\u00f3s falha resultando em gol do Inter, Isla se manifesta nas redes sociais","description":"Ap\u00f3s dom\u00ednio n\u00e3o conclu\u00eddo por Isla, aos 6 minutos do 1\u00ba tempo, Patrick roubou a bola e passou para Hernand\u00e9z, que abriu o placar do jogo.","robots":{"index":"index","follow":"follow","max-snippet":"max-snippet:-1","max-image-preview":"max-image-preview:large","max-video-preview":"max-video-preview:-1"},"canonical":"https:\/\/www.gaveanews.com\/index.php\/2020\/10\/26\/apos-falha-no-gol-do-inter-mauricio-isla-se-manifesta-nas-redes-sociais\/","og_locale":"pt_BR","og_type":"article","og_title":"Ap\u00f3s falha resultando em gol do Inter, Isla se manifesta nas redes sociais","og_description":"Ap\u00f3s dom\u00ednio n\u00e3o conclu\u00eddo por Isla, aos 6 minutos do 1\u00ba tempo, Patrick roubou a bola e passou para Hernand\u00e9z, que abriu o placar do jogo.","og_url":"https:\/\/www.gaveanews.com\/index.php\/2020\/10\/26\/apos-falha-no-gol-do-inter-mauricio-isla-se-manifesta-nas-redes-sociais\/","og_site_name":"G\u00e1vea News","article_publisher":"https:\/\/facebook.com\/gaveaNews\/","article_published_time":"2020-10-26T06:10:45+00:00","article_modified_time":"2021-08-12T03:50:49+00:00","og_image":[{"width":800,"height":533,"url":"https:\/\/www.gaveanews.com\/wp-content\/uploads\/Mauricio-Isla-em-acao-pelo-Flamengo-contra-o-Internacional.webp","type":"image\/jpeg"}],"author":"Let\u00edcia Gerheim","twitter_card":"summary_large_image","twitter_misc":{"Escrito por":"Let\u00edcia Gerheim","Est. tempo de leitura":"1 minuto"},"schema":{"@context":"https:\/\/schema.org","@graph":[{"@type":"NewsArticle","@id":"https:\/\/www.gaveanews.com\/index.php\/2020\/10\/26\/apos-falha-no-gol-do-inter-mauricio-isla-se-manifesta-nas-redes-sociais\/#article","isPartOf":{"@id":"https:\/\/www.gaveanews.com\/index.php\/2020\/10\/26\/apos-falha-no-gol-do-inter-mauricio-isla-se-manifesta-nas-redes-sociais\/"},"author":{"name":"Let\u00edcia Gerheim","@id":"https:\/\/www.gaveanews.com\/#\/schema\/person\/714c67050b836198af2450ba1c142a67"},"headline":"Ap\u00f3s falha resultando em gol do Inter, Isla se manifesta nas redes sociais","datePublished":"2020-10-26T06:10:45+00:00","dateModified":"2021-08-12T03:50:49+00:00","mainEntityOfPage":{"@id":"https:\/\/www.gaveanews.com\/index.php\/2020\/10\/26\/apos-falha-no-gol-do-inter-mauricio-isla-se-manifesta-nas-redes-sociais\/"},"wordCount":263,"commentCount":35,"image":{"@id":"https:\/\/www.gaveanews.com\/index.php\/2020\/10\/26\/apos-falha-no-gol-do-inter-mauricio-isla-se-manifesta-nas-redes-sociais\/#primaryimage"},"thumbnailUrl":"https:\/\/www.gaveanews.com\/wp-content\/uploads\/Mauricio-Isla-em-acao-pelo-Flamengo-contra-o-Internacional.webp","articleSection":["Flamengo"],"inLanguage":"pt-BR","potentialAction":[{"@type":"CommentAction","name":"Comment","target":["https:\/\/www.gaveanews.com\/index.php\/2020\/10\/26\/apos-falha-no-gol-do-inter-mauricio-isla-se-manifesta-nas-redes-sociais\/#respond"]}],"copyrightYear":"2020","copyrightHolder":{"@id":"https:\/\/www.gaveanews.com\/#organization"}},{"@type":"WebPage","@id":"https:\/\/www.gaveanews.com\/index.php\/2020\/10\/26\/apos-falha-no-gol-do-inter-mauricio-isla-se-manifesta-nas-redes-sociais\/","url":"https:\/\/www.gaveanews.com\/index.php\/2020\/10\/26\/apos-falha-no-gol-do-inter-mauricio-isla-se-manifesta-nas-redes-sociais\/","name":"Ap\u00f3s falha resultando em gol do Inter, Isla se manifesta nas redes sociais","isPartOf":{"@id":"https:\/\/www.gaveanews.com\/#website"},"primaryImageOfPage":{"@id":"https:\/\/www.gaveanews.com\/index.php\/2020\/10\/26\/apos-falha-no-gol-do-inter-mauricio-isla-se-manifesta-nas-redes-sociais\/#primaryimage"},"image":{"@id":"https:\/\/www.gaveanews.com\/index.php\/2020\/10\/26\/apos-falha-no-gol-do-inter-mauricio-isla-se-manifesta-nas-redes-sociais\/#primaryimage"},"thumbnailUrl":"https:\/\/www.gaveanews.com\/wp-content\/uploads\/Mauricio-Isla-em-acao-pelo-Flamengo-contra-o-Internacional.webp","datePublished":"2020-10-26T06:10:45+00:00","dateModified":"2021-08-12T03:50:49+00:00","author":{"@id":"https:\/\/www.gaveanews.com\/#\/schema\/person\/714c67050b836198af2450ba1c142a67"},"description":"Ap\u00f3s dom\u00ednio n\u00e3o conclu\u00eddo por Isla, aos 6 minutos do 1\u00ba tempo, Patrick roubou a bola e passou para Hernand\u00e9z, que abriu o placar do jogo.","breadcrumb":{"@id":"https:\/\/www.gaveanews.com\/index.php\/2020\/10\/26\/apos-falha-no-gol-do-inter-mauricio-isla-se-manifesta-nas-redes-sociais\/#breadcrumb"},"inLanguage":"pt-BR","potentialAction":[{"@type":"ReadAction","target":["https:\/\/www.gaveanews.com\/index.php\/2020\/10\/26\/apos-falha-no-gol-do-inter-mauricio-isla-se-manifesta-nas-redes-sociais\/"]}]},{"@type":"ImageObject","inLanguage":"pt-BR","@id":"https:\/\/www.gaveanews.com\/index.php\/2020\/10\/26\/apos-falha-no-gol-do-inter-mauricio-isla-se-manifesta-nas-redes-sociais\/#primaryimage","url":"https:\/\/www.gaveanews.com\/wp-content\/uploads\/Mauricio-Isla-em-acao-pelo-Flamengo-contra-o-Internacional.webp","contentUrl":"https:\/\/www.gaveanews.com\/wp-content\/uploads\/Mauricio-Isla-em-acao-pelo-Flamengo-contra-o-Internacional.webp","width":800,"height":533,"caption":"Maur\u00edcio Isla em a\u00e7\u00e3o pelo Flamengo contra o Internacional (Foto: Marcelo Cortes\/Flamengo)"},{"@type":"BreadcrumbList","@id":"https:\/\/www.gaveanews.com\/index.php\/2020\/10\/26\/apos-falha-no-gol-do-inter-mauricio-isla-se-manifesta-nas-redes-sociais\/#breadcrumb","itemListElement":[{"@type":"ListItem","position":1,"name":"Home","item":"https:\/\/www.gaveanews.com\/"},{"@type":"ListItem","position":2,"name":"Ap\u00f3s falha resultando em gol do Inter, Isla se manifesta nas redes sociais"}]},{"@type":"WebSite","@id":"https:\/\/www.gaveanews.com\/#website","url":"https:\/\/www.gaveanews.com\/","name":"G\u00e1vea News","description":"Veja todas as not\u00edcias sobre o Flamengo: Contrata\u00e7\u00f5es, categorias de base, resultados das partidas, tabela de classifica\u00e7\u00e3o, pr\u00f3ximos jogos!","potentialAction":[{"@type":"SearchAction","target":{"@type":"EntryPoint","urlTemplate":"https:\/\/www.gaveanews.com\/?s={search_term_string}"},"query-input":{"@type":"PropertyValueSpecification","valueRequired":true,"valueName":"search_term_string"}}],"inLanguage":"pt-BR"},{"@type":"Person","@id":"https:\/\/www.gaveanews.com\/#\/schema\/person\/714c67050b836198af2450ba1c142a67","name":"Let\u00edcia Gerheim","image":{"@type":"ImageObject","inLanguage":"pt-BR","@id":"https:\/\/www.gaveanews.com\/#\/schema\/person\/image\/","url":"https:\/\/secure.gravatar.com\/avatar\/60734739c50fcebfbac509e2a826ccd0ff405c019bc73aab9354f19ecad1dcb4?s=96&d=mm&r=g","contentUrl":"https:\/\/secure.gravatar.com\/avatar\/60734739c50fcebfbac509e2a826ccd0ff405c019bc73aab9354f19ecad1dcb4?s=96&d=mm&r=g","caption":"Let\u00edcia Gerheim"}}]}},"_links":{"self":[{"href":"https:\/\/www.gaveanews.com\/index.php\/wp-json\/wp\/v2\/posts\/50072","targetHints":{"allow":["GET"]}}],"collection":[{"href":"https:\/\/www.gaveanews.com\/index.php\/wp-json\/wp\/v2\/posts"}],"about":[{"href":"https:\/\/www.gaveanews.com\/index.php\/wp-json\/wp\/v2\/types\/post"}],"author":[{"embeddable":true,"href":"https:\/\/www.gaveanews.com\/index.php\/wp-json\/wp\/v2\/users\/4"}],"replies":[{"embeddable":true,"href":"https:\/\/www.gaveanews.com\/index.php\/wp-json\/wp\/v2\/comments?post=50072"}],"version-history":[{"count":0,"href":"https:\/\/www.gaveanews.com\/index.php\/wp-json\/wp\/v2\/posts\/50072\/revisions"}],"wp:featuredmedia":[{"embeddable":true,"href":"https:\/\/www.gaveanews.com\/index.php\/wp-json\/wp\/v2\/media\/50081"}],"wp:attachment":[{"href":"https:\/\/www.gaveanews.com\/index.php\/wp-json\/wp\/v2\/media?parent=50072"}],"wp:term":[{"taxonomy":"category","embeddable":true,"href":"https:\/\/www.gaveanews.com\/index.php\/wp-json\/wp\/v2\/categories?post=50072"},{"taxonomy":"post_tag","embeddable":true,"href":"https:\/\/www.gaveanews.com\/index.php\/wp-json\/wp\/v2\/tags?post=50072"}],"curies":[{"name":"wp","href":"https:\/\/api.w.org\/{rel}","templated":true}]}}