{"id":50074,"date":"2020-10-26T07:45:15","date_gmt":"2020-10-26T10:45:15","guid":{"rendered":"https:\/\/www.gaveanews.com\/?p=50074"},"modified":"2020-10-26T03:06:04","modified_gmt":"2020-10-26T06:06:04","slug":"coudet-elogia-duelo-pegado-entre-internacional-e-flamengo-grande-partida","status":"publish","type":"post","link":"https:\/\/www.gaveanews.com\/index.php\/2020\/10\/26\/coudet-elogia-duelo-pegado-entre-internacional-e-flamengo-grande-partida\/","title":{"rendered":"Coudet elogia duelo pegado entre Internacional e Flamengo: &#8220;Grande partida&#8221;"},"content":{"rendered":"\n<p>O&nbsp;<strong>Internacional&nbsp;<\/strong>empatou em dois gols contra o&nbsp;<strong>Flamengo<\/strong>&nbsp;na noite deste domingo no Beira-Rio.&nbsp;<strong>Abel<\/strong>&nbsp;e&nbsp;<strong>Thiago Galhardo&nbsp;<\/strong>marcaram para os ga\u00fachos enquanto&nbsp;<strong>Pedro<\/strong>&nbsp;e&nbsp;<strong>Everton Ribeiro<\/strong>&nbsp;anotaram os tentos rubro-negros.<\/p>\n\n\n\n<p>Ap\u00f3s o confronto,&nbsp;<strong>Eduardo Coudet&nbsp;<\/strong>avaliou o desempenho do Inter:&nbsp;<em>&#8220;Foi uma grande partida, fizemos um grande primeiro tempo. Creio que contra um rival deste n\u00edvel, que tem uma equipe muito boa, \u00e9 um bom resultado.&#8221;<\/em>&nbsp;observou.<\/p>\n\n\n\n<p>A respeito da pontua\u00e7\u00e3o, o t\u00e9cnico valorizou o trabalho que vem sendo realizado:\u00a0<em>&#8220;Temos que seguir trabalhando, sabemos das nossas limita\u00e7\u00f5es. Mesmo assim estamos fazendo um grande campeonato, n\u00e3o \u00e9 f\u00e1cil conseguir os nossos 35 pontos.&#8221;<\/em><\/p>\n\n\n\n<p>Retirado de: Vavel<\/p>\n","protected":false},"excerpt":{"rendered":"<p>O&nbsp;Internacional&nbsp;empatou em dois gols contra o&nbsp;Flamengo&nbsp;na noite deste domingo no Beira-Rio.&nbsp;Abel&nbsp;e&nbsp;Thiago Galhardo&nbsp;marcaram para os ga\u00fachos enquanto&nbsp;Pedro&nbsp;e&nbsp;Everton Ribeiro&nbsp;anotaram os tentos rubro-negros. Ap\u00f3s o confronto,&nbsp;Eduardo Coudet&nbsp;avaliou o desempenho do Inter:&nbsp;&#8220;Foi uma grande partida, fizemos um grande primeiro tempo. Creio que contra um rival deste n\u00edvel, que tem uma equipe muito boa, \u00e9 um bom resultado.&#8221;&nbsp;observou. A respeito [&hellip;]<\/p>\n","protected":false},"author":1,"featured_media":50070,"comment_status":"open","ping_status":"closed","sticky":false,"template":"","format":"standard","meta":{"footnotes":""},"categories":[1],"tags":[],"class_list":["post-50074","post","type-post","status-publish","format-standard","has-post-thumbnail","hentry","category-flamengo"],"yoast_head":"<!-- This site is optimized with the Yoast SEO Premium plugin v24.2 (Yoast SEO v26.9) - https:\/\/yoast.com\/product\/yoast-seo-premium-wordpress\/ -->\n<title>Coudet elogia duelo pegado entre Internacional e Flamengo: &quot;Grande partida&quot;<\/title>\n<meta name=\"robots\" content=\"index, follow, max-snippet:-1, max-image-preview:large, max-video-preview:-1\" \/>\n<link rel=\"canonical\" href=\"https:\/\/www.gaveanews.com\/index.php\/2020\/10\/26\/coudet-elogia-duelo-pegado-entre-internacional-e-flamengo-grande-partida\/\" \/>\n<meta property=\"og:locale\" content=\"pt_BR\" \/>\n<meta property=\"og:type\" content=\"article\" \/>\n<meta property=\"og:title\" content=\"Coudet elogia duelo pegado entre Internacional e Flamengo: &quot;Grande partida&quot;\" \/>\n<meta property=\"og:description\" content=\"O&nbsp;Internacional&nbsp;empatou em dois gols contra o&nbsp;Flamengo&nbsp;na noite deste domingo no Beira-Rio.&nbsp;Abel&nbsp;e&nbsp;Thiago Galhardo&nbsp;marcaram para os ga\u00fachos enquanto&nbsp;Pedro&nbsp;e&nbsp;Everton Ribeiro&nbsp;anotaram os tentos rubro-negros. Ap\u00f3s o confronto,&nbsp;Eduardo Coudet&nbsp;avaliou o desempenho do Inter:&nbsp;&#8220;Foi uma grande partida, fizemos um grande primeiro tempo. Creio que contra um rival deste n\u00edvel, que tem uma equipe muito boa, \u00e9 um bom resultado.&#8221;&nbsp;observou. A respeito [&hellip;]\" \/>\n<meta property=\"og:url\" content=\"https:\/\/www.gaveanews.com\/index.php\/2020\/10\/26\/coudet-elogia-duelo-pegado-entre-internacional-e-flamengo-grande-partida\/\" \/>\n<meta property=\"og:site_name\" content=\"G\u00e1vea News\" \/>\n<meta property=\"article:publisher\" content=\"https:\/\/facebook.com\/gaveaNews\/\" \/>\n<meta property=\"article:published_time\" content=\"2020-10-26T10:45:15+00:00\" \/>\n<meta property=\"og:image\" content=\"https:\/\/www.gaveanews.com\/wp-content\/uploads\/Pedro-em-acao-pelo-Flamengo-na-partida-contra-o-time-do-Internacional.webp\" \/>\n\t<meta property=\"og:image:width\" content=\"799\" \/>\n\t<meta property=\"og:image:height\" content=\"534\" \/>\n\t<meta property=\"og:image:type\" content=\"image\/jpeg\" \/>\n<meta name=\"author\" content=\"Equipe G\u00e1vea News\" \/>\n<meta name=\"twitter:card\" content=\"summary_large_image\" \/>\n<meta name=\"twitter:label1\" content=\"Escrito por\" \/>\n\t<meta name=\"twitter:data1\" content=\"Equipe G\u00e1vea News\" \/>\n\t<meta name=\"twitter:label2\" content=\"Est. tempo de leitura\" \/>\n\t<meta name=\"twitter:data2\" content=\"1 minuto\" \/>\n<script type=\"application\/ld+json\" class=\"yoast-schema-graph\">{\"@context\":\"https:\/\/schema.org\",\"@graph\":[{\"@type\":\"NewsArticle\",\"@id\":\"https:\/\/www.gaveanews.com\/index.php\/2020\/10\/26\/coudet-elogia-duelo-pegado-entre-internacional-e-flamengo-grande-partida\/#article\",\"isPartOf\":{\"@id\":\"https:\/\/www.gaveanews.com\/index.php\/2020\/10\/26\/coudet-elogia-duelo-pegado-entre-internacional-e-flamengo-grande-partida\/\"},\"author\":{\"name\":\"Equipe G\u00e1vea News\",\"@id\":\"https:\/\/www.gaveanews.com\/#\/schema\/person\/2ec14f73fb96be2caf28f91afb14749d\"},\"headline\":\"Coudet elogia duelo pegado entre Internacional e Flamengo: &#8220;Grande partida&#8221;\",\"datePublished\":\"2020-10-26T10:45:15+00:00\",\"mainEntityOfPage\":{\"@id\":\"https:\/\/www.gaveanews.com\/index.php\/2020\/10\/26\/coudet-elogia-duelo-pegado-entre-internacional-e-flamengo-grande-partida\/\"},\"wordCount\":139,\"commentCount\":3,\"image\":{\"@id\":\"https:\/\/www.gaveanews.com\/index.php\/2020\/10\/26\/coudet-elogia-duelo-pegado-entre-internacional-e-flamengo-grande-partida\/#primaryimage\"},\"thumbnailUrl\":\"https:\/\/www.gaveanews.com\/wp-content\/uploads\/Pedro-em-acao-pelo-Flamengo-na-partida-contra-o-time-do-Internacional.webp\",\"articleSection\":[\"Flamengo\"],\"inLanguage\":\"pt-BR\",\"potentialAction\":[{\"@type\":\"CommentAction\",\"name\":\"Comment\",\"target\":[\"https:\/\/www.gaveanews.com\/index.php\/2020\/10\/26\/coudet-elogia-duelo-pegado-entre-internacional-e-flamengo-grande-partida\/#respond\"]}],\"copyrightYear\":\"2020\",\"copyrightHolder\":{\"@id\":\"https:\/\/www.gaveanews.com\/#organization\"}},{\"@type\":\"WebPage\",\"@id\":\"https:\/\/www.gaveanews.com\/index.php\/2020\/10\/26\/coudet-elogia-duelo-pegado-entre-internacional-e-flamengo-grande-partida\/\",\"url\":\"https:\/\/www.gaveanews.com\/index.php\/2020\/10\/26\/coudet-elogia-duelo-pegado-entre-internacional-e-flamengo-grande-partida\/\",\"name\":\"Coudet elogia duelo pegado entre Internacional e Flamengo: \\\"Grande partida\\\"\",\"isPartOf\":{\"@id\":\"https:\/\/www.gaveanews.com\/#website\"},\"primaryImageOfPage\":{\"@id\":\"https:\/\/www.gaveanews.com\/index.php\/2020\/10\/26\/coudet-elogia-duelo-pegado-entre-internacional-e-flamengo-grande-partida\/#primaryimage\"},\"image\":{\"@id\":\"https:\/\/www.gaveanews.com\/index.php\/2020\/10\/26\/coudet-elogia-duelo-pegado-entre-internacional-e-flamengo-grande-partida\/#primaryimage\"},\"thumbnailUrl\":\"https:\/\/www.gaveanews.com\/wp-content\/uploads\/Pedro-em-acao-pelo-Flamengo-na-partida-contra-o-time-do-Internacional.webp\",\"datePublished\":\"2020-10-26T10:45:15+00:00\",\"author\":{\"@id\":\"https:\/\/www.gaveanews.com\/#\/schema\/person\/2ec14f73fb96be2caf28f91afb14749d\"},\"breadcrumb\":{\"@id\":\"https:\/\/www.gaveanews.com\/index.php\/2020\/10\/26\/coudet-elogia-duelo-pegado-entre-internacional-e-flamengo-grande-partida\/#breadcrumb\"},\"inLanguage\":\"pt-BR\",\"potentialAction\":[{\"@type\":\"ReadAction\",\"target\":[\"https:\/\/www.gaveanews.com\/index.php\/2020\/10\/26\/coudet-elogia-duelo-pegado-entre-internacional-e-flamengo-grande-partida\/\"]}]},{\"@type\":\"ImageObject\",\"inLanguage\":\"pt-BR\",\"@id\":\"https:\/\/www.gaveanews.com\/index.php\/2020\/10\/26\/coudet-elogia-duelo-pegado-entre-internacional-e-flamengo-grande-partida\/#primaryimage\",\"url\":\"https:\/\/www.gaveanews.com\/wp-content\/uploads\/Pedro-em-acao-pelo-Flamengo-na-partida-contra-o-time-do-Internacional.webp\",\"contentUrl\":\"https:\/\/www.gaveanews.com\/wp-content\/uploads\/Pedro-em-acao-pelo-Flamengo-na-partida-contra-o-time-do-Internacional.webp\",\"width\":799,\"height\":534,\"caption\":\"Pedro em a\u00e7\u00e3o pelo Flamengo na partida contra o time do Internacional (Foto: Marcelo Cortes\/Flamengo)\"},{\"@type\":\"BreadcrumbList\",\"@id\":\"https:\/\/www.gaveanews.com\/index.php\/2020\/10\/26\/coudet-elogia-duelo-pegado-entre-internacional-e-flamengo-grande-partida\/#breadcrumb\",\"itemListElement\":[{\"@type\":\"ListItem\",\"position\":1,\"name\":\"Home\",\"item\":\"https:\/\/www.gaveanews.com\/\"},{\"@type\":\"ListItem\",\"position\":2,\"name\":\"Coudet elogia duelo pegado entre Internacional e Flamengo: &#8220;Grande partida&#8221;\"}]},{\"@type\":\"WebSite\",\"@id\":\"https:\/\/www.gaveanews.com\/#website\",\"url\":\"https:\/\/www.gaveanews.com\/\",\"name\":\"G\u00e1vea News\",\"description\":\"Veja todas as not\u00edcias sobre o Flamengo: Contrata\u00e7\u00f5es, categorias de base, resultados das partidas, tabela de classifica\u00e7\u00e3o, pr\u00f3ximos jogos!\",\"potentialAction\":[{\"@type\":\"SearchAction\",\"target\":{\"@type\":\"EntryPoint\",\"urlTemplate\":\"https:\/\/www.gaveanews.com\/?s={search_term_string}\"},\"query-input\":{\"@type\":\"PropertyValueSpecification\",\"valueRequired\":true,\"valueName\":\"search_term_string\"}}],\"inLanguage\":\"pt-BR\"},{\"@type\":\"Person\",\"@id\":\"https:\/\/www.gaveanews.com\/#\/schema\/person\/2ec14f73fb96be2caf28f91afb14749d\",\"name\":\"Equipe G\u00e1vea News\",\"image\":{\"@type\":\"ImageObject\",\"inLanguage\":\"pt-BR\",\"@id\":\"https:\/\/www.gaveanews.com\/#\/schema\/person\/image\/\",\"url\":\"https:\/\/secure.gravatar.com\/avatar\/1e1956f1facbffd3f8fa53a326721950116b3b9dc9bd44939c01180fd4a745a9?s=96&d=mm&r=g\",\"contentUrl\":\"https:\/\/secure.gravatar.com\/avatar\/1e1956f1facbffd3f8fa53a326721950116b3b9dc9bd44939c01180fd4a745a9?s=96&d=mm&r=g\",\"caption\":\"Equipe G\u00e1vea News\"}}]}<\/script>\n<!-- \/ Yoast SEO Premium plugin. -->","yoast_head_json":{"title":"Coudet elogia duelo pegado entre Internacional e Flamengo: \"Grande partida\"","robots":{"index":"index","follow":"follow","max-snippet":"max-snippet:-1","max-image-preview":"max-image-preview:large","max-video-preview":"max-video-preview:-1"},"canonical":"https:\/\/www.gaveanews.com\/index.php\/2020\/10\/26\/coudet-elogia-duelo-pegado-entre-internacional-e-flamengo-grande-partida\/","og_locale":"pt_BR","og_type":"article","og_title":"Coudet elogia duelo pegado entre Internacional e Flamengo: \"Grande partida\"","og_description":"O&nbsp;Internacional&nbsp;empatou em dois gols contra o&nbsp;Flamengo&nbsp;na noite deste domingo no Beira-Rio.&nbsp;Abel&nbsp;e&nbsp;Thiago Galhardo&nbsp;marcaram para os ga\u00fachos enquanto&nbsp;Pedro&nbsp;e&nbsp;Everton Ribeiro&nbsp;anotaram os tentos rubro-negros. Ap\u00f3s o confronto,&nbsp;Eduardo Coudet&nbsp;avaliou o desempenho do Inter:&nbsp;&#8220;Foi uma grande partida, fizemos um grande primeiro tempo. Creio que contra um rival deste n\u00edvel, que tem uma equipe muito boa, \u00e9 um bom resultado.&#8221;&nbsp;observou. A respeito [&hellip;]","og_url":"https:\/\/www.gaveanews.com\/index.php\/2020\/10\/26\/coudet-elogia-duelo-pegado-entre-internacional-e-flamengo-grande-partida\/","og_site_name":"G\u00e1vea News","article_publisher":"https:\/\/facebook.com\/gaveaNews\/","article_published_time":"2020-10-26T10:45:15+00:00","og_image":[{"width":799,"height":534,"url":"https:\/\/www.gaveanews.com\/wp-content\/uploads\/Pedro-em-acao-pelo-Flamengo-na-partida-contra-o-time-do-Internacional.webp","type":"image\/jpeg"}],"author":"Equipe G\u00e1vea News","twitter_card":"summary_large_image","twitter_misc":{"Escrito por":"Equipe G\u00e1vea News","Est. tempo de leitura":"1 minuto"},"schema":{"@context":"https:\/\/schema.org","@graph":[{"@type":"NewsArticle","@id":"https:\/\/www.gaveanews.com\/index.php\/2020\/10\/26\/coudet-elogia-duelo-pegado-entre-internacional-e-flamengo-grande-partida\/#article","isPartOf":{"@id":"https:\/\/www.gaveanews.com\/index.php\/2020\/10\/26\/coudet-elogia-duelo-pegado-entre-internacional-e-flamengo-grande-partida\/"},"author":{"name":"Equipe G\u00e1vea News","@id":"https:\/\/www.gaveanews.com\/#\/schema\/person\/2ec14f73fb96be2caf28f91afb14749d"},"headline":"Coudet elogia duelo pegado entre Internacional e Flamengo: &#8220;Grande partida&#8221;","datePublished":"2020-10-26T10:45:15+00:00","mainEntityOfPage":{"@id":"https:\/\/www.gaveanews.com\/index.php\/2020\/10\/26\/coudet-elogia-duelo-pegado-entre-internacional-e-flamengo-grande-partida\/"},"wordCount":139,"commentCount":3,"image":{"@id":"https:\/\/www.gaveanews.com\/index.php\/2020\/10\/26\/coudet-elogia-duelo-pegado-entre-internacional-e-flamengo-grande-partida\/#primaryimage"},"thumbnailUrl":"https:\/\/www.gaveanews.com\/wp-content\/uploads\/Pedro-em-acao-pelo-Flamengo-na-partida-contra-o-time-do-Internacional.webp","articleSection":["Flamengo"],"inLanguage":"pt-BR","potentialAction":[{"@type":"CommentAction","name":"Comment","target":["https:\/\/www.gaveanews.com\/index.php\/2020\/10\/26\/coudet-elogia-duelo-pegado-entre-internacional-e-flamengo-grande-partida\/#respond"]}],"copyrightYear":"2020","copyrightHolder":{"@id":"https:\/\/www.gaveanews.com\/#organization"}},{"@type":"WebPage","@id":"https:\/\/www.gaveanews.com\/index.php\/2020\/10\/26\/coudet-elogia-duelo-pegado-entre-internacional-e-flamengo-grande-partida\/","url":"https:\/\/www.gaveanews.com\/index.php\/2020\/10\/26\/coudet-elogia-duelo-pegado-entre-internacional-e-flamengo-grande-partida\/","name":"Coudet elogia duelo pegado entre Internacional e Flamengo: \"Grande partida\"","isPartOf":{"@id":"https:\/\/www.gaveanews.com\/#website"},"primaryImageOfPage":{"@id":"https:\/\/www.gaveanews.com\/index.php\/2020\/10\/26\/coudet-elogia-duelo-pegado-entre-internacional-e-flamengo-grande-partida\/#primaryimage"},"image":{"@id":"https:\/\/www.gaveanews.com\/index.php\/2020\/10\/26\/coudet-elogia-duelo-pegado-entre-internacional-e-flamengo-grande-partida\/#primaryimage"},"thumbnailUrl":"https:\/\/www.gaveanews.com\/wp-content\/uploads\/Pedro-em-acao-pelo-Flamengo-na-partida-contra-o-time-do-Internacional.webp","datePublished":"2020-10-26T10:45:15+00:00","author":{"@id":"https:\/\/www.gaveanews.com\/#\/schema\/person\/2ec14f73fb96be2caf28f91afb14749d"},"breadcrumb":{"@id":"https:\/\/www.gaveanews.com\/index.php\/2020\/10\/26\/coudet-elogia-duelo-pegado-entre-internacional-e-flamengo-grande-partida\/#breadcrumb"},"inLanguage":"pt-BR","potentialAction":[{"@type":"ReadAction","target":["https:\/\/www.gaveanews.com\/index.php\/2020\/10\/26\/coudet-elogia-duelo-pegado-entre-internacional-e-flamengo-grande-partida\/"]}]},{"@type":"ImageObject","inLanguage":"pt-BR","@id":"https:\/\/www.gaveanews.com\/index.php\/2020\/10\/26\/coudet-elogia-duelo-pegado-entre-internacional-e-flamengo-grande-partida\/#primaryimage","url":"https:\/\/www.gaveanews.com\/wp-content\/uploads\/Pedro-em-acao-pelo-Flamengo-na-partida-contra-o-time-do-Internacional.webp","contentUrl":"https:\/\/www.gaveanews.com\/wp-content\/uploads\/Pedro-em-acao-pelo-Flamengo-na-partida-contra-o-time-do-Internacional.webp","width":799,"height":534,"caption":"Pedro em a\u00e7\u00e3o pelo Flamengo na partida contra o time do Internacional (Foto: Marcelo Cortes\/Flamengo)"},{"@type":"BreadcrumbList","@id":"https:\/\/www.gaveanews.com\/index.php\/2020\/10\/26\/coudet-elogia-duelo-pegado-entre-internacional-e-flamengo-grande-partida\/#breadcrumb","itemListElement":[{"@type":"ListItem","position":1,"name":"Home","item":"https:\/\/www.gaveanews.com\/"},{"@type":"ListItem","position":2,"name":"Coudet elogia duelo pegado entre Internacional e Flamengo: &#8220;Grande partida&#8221;"}]},{"@type":"WebSite","@id":"https:\/\/www.gaveanews.com\/#website","url":"https:\/\/www.gaveanews.com\/","name":"G\u00e1vea News","description":"Veja todas as not\u00edcias sobre o Flamengo: Contrata\u00e7\u00f5es, categorias de base, resultados das partidas, tabela de classifica\u00e7\u00e3o, pr\u00f3ximos jogos!","potentialAction":[{"@type":"SearchAction","target":{"@type":"EntryPoint","urlTemplate":"https:\/\/www.gaveanews.com\/?s={search_term_string}"},"query-input":{"@type":"PropertyValueSpecification","valueRequired":true,"valueName":"search_term_string"}}],"inLanguage":"pt-BR"},{"@type":"Person","@id":"https:\/\/www.gaveanews.com\/#\/schema\/person\/2ec14f73fb96be2caf28f91afb14749d","name":"Equipe G\u00e1vea News","image":{"@type":"ImageObject","inLanguage":"pt-BR","@id":"https:\/\/www.gaveanews.com\/#\/schema\/person\/image\/","url":"https:\/\/secure.gravatar.com\/avatar\/1e1956f1facbffd3f8fa53a326721950116b3b9dc9bd44939c01180fd4a745a9?s=96&d=mm&r=g","contentUrl":"https:\/\/secure.gravatar.com\/avatar\/1e1956f1facbffd3f8fa53a326721950116b3b9dc9bd44939c01180fd4a745a9?s=96&d=mm&r=g","caption":"Equipe G\u00e1vea News"}}]}},"_links":{"self":[{"href":"https:\/\/www.gaveanews.com\/index.php\/wp-json\/wp\/v2\/posts\/50074","targetHints":{"allow":["GET"]}}],"collection":[{"href":"https:\/\/www.gaveanews.com\/index.php\/wp-json\/wp\/v2\/posts"}],"about":[{"href":"https:\/\/www.gaveanews.com\/index.php\/wp-json\/wp\/v2\/types\/post"}],"author":[{"embeddable":true,"href":"https:\/\/www.gaveanews.com\/index.php\/wp-json\/wp\/v2\/users\/1"}],"replies":[{"embeddable":true,"href":"https:\/\/www.gaveanews.com\/index.php\/wp-json\/wp\/v2\/comments?post=50074"}],"version-history":[{"count":0,"href":"https:\/\/www.gaveanews.com\/index.php\/wp-json\/wp\/v2\/posts\/50074\/revisions"}],"wp:featuredmedia":[{"embeddable":true,"href":"https:\/\/www.gaveanews.com\/index.php\/wp-json\/wp\/v2\/media\/50070"}],"wp:attachment":[{"href":"https:\/\/www.gaveanews.com\/index.php\/wp-json\/wp\/v2\/media?parent=50074"}],"wp:term":[{"taxonomy":"category","embeddable":true,"href":"https:\/\/www.gaveanews.com\/index.php\/wp-json\/wp\/v2\/categories?post=50074"},{"taxonomy":"post_tag","embeddable":true,"href":"https:\/\/www.gaveanews.com\/index.php\/wp-json\/wp\/v2\/tags?post=50074"}],"curies":[{"name":"wp","href":"https:\/\/api.w.org\/{rel}","templated":true}]}}