{"id":50099,"date":"2020-10-26T12:36:54","date_gmt":"2020-10-26T15:36:54","guid":{"rendered":"https:\/\/www.gaveanews.com\/?p=50099"},"modified":"2021-08-12T00:50:47","modified_gmt":"2021-08-12T03:50:47","slug":"neneca-manda-recado-para-torcida-em-rodes-sociais-confira","status":"publish","type":"post","link":"https:\/\/www.gaveanews.com\/index.php\/2020\/10\/26\/neneca-manda-recado-para-torcida-em-rodes-sociais-confira\/","title":{"rendered":"Neneca manda recado para torcida em rodes sociais; confira"},"content":{"rendered":"\n<p>Em confronto pela 18\u00aa rodada do Brasileir\u00e3o, o Flamengo empatou com o Internacional por 2 a 2, no Est\u00e1dio Beira-Rio. A partida ocorreu \u00e0s 18:15h do \u00faltimo domingo (25).<\/p>\n\n\n\n<p>O goleiro Hugo Souza, que tem sido elogiado pela equipe t\u00e9cnica do time e pela torcida, mais uma vez realizou belas defesas pelo time do Meng\u00e3o. Entretanto, mesmo com os bloqueios, Hugo n\u00e3o conseguiu defender alguns dos lances do Inter, sofrendo dois gols.<\/p>\n\n\n\n<p>Ap\u00f3s a partida, Neneca publicou em suas redes sociais um recado para a Na\u00e7\u00e3o, onde ressaltou a for\u00e7a de toda a equipe e afirmou: <em><strong>&#8220;N\u00e3o foi o resultado que quer\u00edamos&#8221;<\/strong><\/em>, disse o atleta.<\/p>\n\n\n\n<p><strong>Confira a publica\u00e7\u00e3o de Hugo:<\/strong><\/p>\n\n\n\n<figure class=\"wp-block-embed-twitter wp-block-embed is-type-rich is-provider-twitter\"><div class=\"wp-block-embed__wrapper\">\n<blockquote class=\"twitter-tweet\" data-width=\"550\" data-dnt=\"true\"><p lang=\"pt\" dir=\"ltr\">TUA GL\u00d3RIA \u00c9 LUTAR, o resultado n\u00e3o foi o que quer\u00edamos, mas mostramos mais uma vez a for\u00e7a que tem nossa equipe, e que time, ISSO AQUI \u00c9 FLAMENGO!!!\u2764\ufe0f\ud83d\udda4\ud83d\udd25<br>Toda honra e gl\u00f3ria seja dada a Deus sempre!!!\ud83d\ude4c\ud83c\udffe\u2764\ufe0f <a href=\"https:\/\/t.co\/fz0tgBDIIn\">pic.twitter.com\/fz0tgBDIIn<\/a><\/p>&mdash; Hugo Souza (@Hugo99_) <a href=\"https:\/\/twitter.com\/Hugo99_\/status\/1320545117397258241?ref_src=twsrc%5Etfw\">October 26, 2020<\/a><\/blockquote><script async src=\"https:\/\/platform.twitter.com\/widgets.js\" charset=\"utf-8\"><\/script>\n<\/div><\/figure>\n\n\n\n<p>O pr\u00f3ximo jogo do Flamengo ser\u00e1 contra o Athletico paranaense e ocorrer\u00e1 \u00e0s 21:30h (hor\u00e1rio de Bras\u00edlia) desta quarta-feira (28). A partida ser\u00e1 v\u00e1lida pelas oitavas de final da Copa do Brasil.<\/p>\n","protected":false},"excerpt":{"rendered":"<p>Em confronto pela 18\u00aa rodada do Brasileir\u00e3o, o Flamengo empatou com o Internacional por 2 a 2, no Est\u00e1dio Beira-Rio. A partida ocorreu \u00e0s 18:15h do \u00faltimo domingo (25). O goleiro Hugo Souza, que tem sido elogiado pela equipe t\u00e9cnica do time e pela torcida, mais uma vez realizou belas defesas pelo time do Meng\u00e3o. [&hellip;]<\/p>\n","protected":false},"author":4,"featured_media":49247,"comment_status":"open","ping_status":"closed","sticky":false,"template":"","format":"standard","meta":{"footnotes":""},"categories":[1],"tags":[],"class_list":["post-50099","post","type-post","status-publish","format-standard","has-post-thumbnail","hentry","category-flamengo"],"yoast_head":"<!-- This site is optimized with the Yoast SEO Premium plugin v24.2 (Yoast SEO v26.9) - https:\/\/yoast.com\/product\/yoast-seo-premium-wordpress\/ -->\n<title>Neneca manda recado para torcida em rodes sociais; confira<\/title>\n<meta name=\"description\" content=\"Ap\u00f3s a partida, Neneca publicou em suas redes sociais um recado para a Na\u00e7\u00e3o, onde ressaltou a for\u00e7a de toda a equipe do Flamengo.\" \/>\n<meta name=\"robots\" content=\"index, follow, max-snippet:-1, max-image-preview:large, max-video-preview:-1\" \/>\n<link rel=\"canonical\" href=\"https:\/\/www.gaveanews.com\/index.php\/2020\/10\/26\/neneca-manda-recado-para-torcida-em-rodes-sociais-confira\/\" \/>\n<meta property=\"og:locale\" content=\"pt_BR\" \/>\n<meta property=\"og:type\" content=\"article\" \/>\n<meta property=\"og:title\" content=\"Neneca manda recado para torcida em rodes sociais; confira\" \/>\n<meta property=\"og:description\" content=\"Ap\u00f3s a partida, Neneca publicou em suas redes sociais um recado para a Na\u00e7\u00e3o, onde ressaltou a for\u00e7a de toda a equipe do Flamengo.\" \/>\n<meta property=\"og:url\" content=\"https:\/\/www.gaveanews.com\/index.php\/2020\/10\/26\/neneca-manda-recado-para-torcida-em-rodes-sociais-confira\/\" \/>\n<meta property=\"og:site_name\" content=\"G\u00e1vea News\" \/>\n<meta property=\"article:publisher\" content=\"https:\/\/facebook.com\/gaveaNews\/\" \/>\n<meta property=\"article:published_time\" content=\"2020-10-26T15:36:54+00:00\" \/>\n<meta property=\"article:modified_time\" content=\"2021-08-12T03:50:47+00:00\" \/>\n<meta property=\"og:image\" content=\"https:\/\/www.gaveanews.com\/wp-content\/uploads\/Hugo-em-acao-pelo-Flamengo-em-partida-contra-o-Bragantino.webp\" \/>\n\t<meta property=\"og:image:width\" content=\"799\" \/>\n\t<meta property=\"og:image:height\" content=\"532\" \/>\n\t<meta property=\"og:image:type\" content=\"image\/jpeg\" \/>\n<meta name=\"author\" content=\"Let\u00edcia Gerheim\" \/>\n<meta name=\"twitter:card\" content=\"summary_large_image\" \/>\n<meta name=\"twitter:label1\" content=\"Escrito por\" \/>\n\t<meta name=\"twitter:data1\" content=\"Let\u00edcia Gerheim\" \/>\n\t<meta name=\"twitter:label2\" content=\"Est. tempo de leitura\" \/>\n\t<meta name=\"twitter:data2\" content=\"1 minuto\" \/>\n<script type=\"application\/ld+json\" class=\"yoast-schema-graph\">{\"@context\":\"https:\/\/schema.org\",\"@graph\":[{\"@type\":\"NewsArticle\",\"@id\":\"https:\/\/www.gaveanews.com\/index.php\/2020\/10\/26\/neneca-manda-recado-para-torcida-em-rodes-sociais-confira\/#article\",\"isPartOf\":{\"@id\":\"https:\/\/www.gaveanews.com\/index.php\/2020\/10\/26\/neneca-manda-recado-para-torcida-em-rodes-sociais-confira\/\"},\"author\":{\"name\":\"Let\u00edcia Gerheim\",\"@id\":\"https:\/\/www.gaveanews.com\/#\/schema\/person\/714c67050b836198af2450ba1c142a67\"},\"headline\":\"Neneca manda recado para torcida em rodes sociais; confira\",\"datePublished\":\"2020-10-26T15:36:54+00:00\",\"dateModified\":\"2021-08-12T03:50:47+00:00\",\"mainEntityOfPage\":{\"@id\":\"https:\/\/www.gaveanews.com\/index.php\/2020\/10\/26\/neneca-manda-recado-para-torcida-em-rodes-sociais-confira\/\"},\"wordCount\":167,\"commentCount\":13,\"image\":{\"@id\":\"https:\/\/www.gaveanews.com\/index.php\/2020\/10\/26\/neneca-manda-recado-para-torcida-em-rodes-sociais-confira\/#primaryimage\"},\"thumbnailUrl\":\"https:\/\/www.gaveanews.com\/wp-content\/uploads\/Hugo-em-acao-pelo-Flamengo-em-partida-contra-o-Bragantino.webp\",\"articleSection\":[\"Flamengo\"],\"inLanguage\":\"pt-BR\",\"potentialAction\":[{\"@type\":\"CommentAction\",\"name\":\"Comment\",\"target\":[\"https:\/\/www.gaveanews.com\/index.php\/2020\/10\/26\/neneca-manda-recado-para-torcida-em-rodes-sociais-confira\/#respond\"]}],\"copyrightYear\":\"2020\",\"copyrightHolder\":{\"@id\":\"https:\/\/www.gaveanews.com\/#organization\"}},{\"@type\":\"WebPage\",\"@id\":\"https:\/\/www.gaveanews.com\/index.php\/2020\/10\/26\/neneca-manda-recado-para-torcida-em-rodes-sociais-confira\/\",\"url\":\"https:\/\/www.gaveanews.com\/index.php\/2020\/10\/26\/neneca-manda-recado-para-torcida-em-rodes-sociais-confira\/\",\"name\":\"Neneca manda recado para torcida em rodes sociais; confira\",\"isPartOf\":{\"@id\":\"https:\/\/www.gaveanews.com\/#website\"},\"primaryImageOfPage\":{\"@id\":\"https:\/\/www.gaveanews.com\/index.php\/2020\/10\/26\/neneca-manda-recado-para-torcida-em-rodes-sociais-confira\/#primaryimage\"},\"image\":{\"@id\":\"https:\/\/www.gaveanews.com\/index.php\/2020\/10\/26\/neneca-manda-recado-para-torcida-em-rodes-sociais-confira\/#primaryimage\"},\"thumbnailUrl\":\"https:\/\/www.gaveanews.com\/wp-content\/uploads\/Hugo-em-acao-pelo-Flamengo-em-partida-contra-o-Bragantino.webp\",\"datePublished\":\"2020-10-26T15:36:54+00:00\",\"dateModified\":\"2021-08-12T03:50:47+00:00\",\"author\":{\"@id\":\"https:\/\/www.gaveanews.com\/#\/schema\/person\/714c67050b836198af2450ba1c142a67\"},\"description\":\"Ap\u00f3s a partida, Neneca publicou em suas redes sociais um recado para a Na\u00e7\u00e3o, onde ressaltou a for\u00e7a de toda a equipe do Flamengo.\",\"breadcrumb\":{\"@id\":\"https:\/\/www.gaveanews.com\/index.php\/2020\/10\/26\/neneca-manda-recado-para-torcida-em-rodes-sociais-confira\/#breadcrumb\"},\"inLanguage\":\"pt-BR\",\"potentialAction\":[{\"@type\":\"ReadAction\",\"target\":[\"https:\/\/www.gaveanews.com\/index.php\/2020\/10\/26\/neneca-manda-recado-para-torcida-em-rodes-sociais-confira\/\"]}]},{\"@type\":\"ImageObject\",\"inLanguage\":\"pt-BR\",\"@id\":\"https:\/\/www.gaveanews.com\/index.php\/2020\/10\/26\/neneca-manda-recado-para-torcida-em-rodes-sociais-confira\/#primaryimage\",\"url\":\"https:\/\/www.gaveanews.com\/wp-content\/uploads\/Hugo-em-acao-pelo-Flamengo-em-partida-contra-o-Bragantino.webp\",\"contentUrl\":\"https:\/\/www.gaveanews.com\/wp-content\/uploads\/Hugo-em-acao-pelo-Flamengo-em-partida-contra-o-Bragantino.webp\",\"width\":799,\"height\":532,\"caption\":\"Hugo em a\u00e7\u00e3o pelo Flamengo em partida contra o Bragantino (Foto: Alexandre Vidal\/ Flamengo)\"},{\"@type\":\"BreadcrumbList\",\"@id\":\"https:\/\/www.gaveanews.com\/index.php\/2020\/10\/26\/neneca-manda-recado-para-torcida-em-rodes-sociais-confira\/#breadcrumb\",\"itemListElement\":[{\"@type\":\"ListItem\",\"position\":1,\"name\":\"Home\",\"item\":\"https:\/\/www.gaveanews.com\/\"},{\"@type\":\"ListItem\",\"position\":2,\"name\":\"Neneca manda recado para torcida em rodes sociais; confira\"}]},{\"@type\":\"WebSite\",\"@id\":\"https:\/\/www.gaveanews.com\/#website\",\"url\":\"https:\/\/www.gaveanews.com\/\",\"name\":\"G\u00e1vea News\",\"description\":\"Veja todas as not\u00edcias sobre o Flamengo: Contrata\u00e7\u00f5es, categorias de base, resultados das partidas, tabela de classifica\u00e7\u00e3o, pr\u00f3ximos jogos!\",\"potentialAction\":[{\"@type\":\"SearchAction\",\"target\":{\"@type\":\"EntryPoint\",\"urlTemplate\":\"https:\/\/www.gaveanews.com\/?s={search_term_string}\"},\"query-input\":{\"@type\":\"PropertyValueSpecification\",\"valueRequired\":true,\"valueName\":\"search_term_string\"}}],\"inLanguage\":\"pt-BR\"},{\"@type\":\"Person\",\"@id\":\"https:\/\/www.gaveanews.com\/#\/schema\/person\/714c67050b836198af2450ba1c142a67\",\"name\":\"Let\u00edcia Gerheim\",\"image\":{\"@type\":\"ImageObject\",\"inLanguage\":\"pt-BR\",\"@id\":\"https:\/\/www.gaveanews.com\/#\/schema\/person\/image\/\",\"url\":\"https:\/\/secure.gravatar.com\/avatar\/60734739c50fcebfbac509e2a826ccd0ff405c019bc73aab9354f19ecad1dcb4?s=96&d=mm&r=g\",\"contentUrl\":\"https:\/\/secure.gravatar.com\/avatar\/60734739c50fcebfbac509e2a826ccd0ff405c019bc73aab9354f19ecad1dcb4?s=96&d=mm&r=g\",\"caption\":\"Let\u00edcia Gerheim\"}}]}<\/script>\n<!-- \/ Yoast SEO Premium plugin. -->","yoast_head_json":{"title":"Neneca manda recado para torcida em rodes sociais; confira","description":"Ap\u00f3s a partida, Neneca publicou em suas redes sociais um recado para a Na\u00e7\u00e3o, onde ressaltou a for\u00e7a de toda a equipe do Flamengo.","robots":{"index":"index","follow":"follow","max-snippet":"max-snippet:-1","max-image-preview":"max-image-preview:large","max-video-preview":"max-video-preview:-1"},"canonical":"https:\/\/www.gaveanews.com\/index.php\/2020\/10\/26\/neneca-manda-recado-para-torcida-em-rodes-sociais-confira\/","og_locale":"pt_BR","og_type":"article","og_title":"Neneca manda recado para torcida em rodes sociais; confira","og_description":"Ap\u00f3s a partida, Neneca publicou em suas redes sociais um recado para a Na\u00e7\u00e3o, onde ressaltou a for\u00e7a de toda a equipe do Flamengo.","og_url":"https:\/\/www.gaveanews.com\/index.php\/2020\/10\/26\/neneca-manda-recado-para-torcida-em-rodes-sociais-confira\/","og_site_name":"G\u00e1vea News","article_publisher":"https:\/\/facebook.com\/gaveaNews\/","article_published_time":"2020-10-26T15:36:54+00:00","article_modified_time":"2021-08-12T03:50:47+00:00","og_image":[{"width":799,"height":532,"url":"https:\/\/www.gaveanews.com\/wp-content\/uploads\/Hugo-em-acao-pelo-Flamengo-em-partida-contra-o-Bragantino.webp","type":"image\/jpeg"}],"author":"Let\u00edcia Gerheim","twitter_card":"summary_large_image","twitter_misc":{"Escrito por":"Let\u00edcia Gerheim","Est. tempo de leitura":"1 minuto"},"schema":{"@context":"https:\/\/schema.org","@graph":[{"@type":"NewsArticle","@id":"https:\/\/www.gaveanews.com\/index.php\/2020\/10\/26\/neneca-manda-recado-para-torcida-em-rodes-sociais-confira\/#article","isPartOf":{"@id":"https:\/\/www.gaveanews.com\/index.php\/2020\/10\/26\/neneca-manda-recado-para-torcida-em-rodes-sociais-confira\/"},"author":{"name":"Let\u00edcia Gerheim","@id":"https:\/\/www.gaveanews.com\/#\/schema\/person\/714c67050b836198af2450ba1c142a67"},"headline":"Neneca manda recado para torcida em rodes sociais; confira","datePublished":"2020-10-26T15:36:54+00:00","dateModified":"2021-08-12T03:50:47+00:00","mainEntityOfPage":{"@id":"https:\/\/www.gaveanews.com\/index.php\/2020\/10\/26\/neneca-manda-recado-para-torcida-em-rodes-sociais-confira\/"},"wordCount":167,"commentCount":13,"image":{"@id":"https:\/\/www.gaveanews.com\/index.php\/2020\/10\/26\/neneca-manda-recado-para-torcida-em-rodes-sociais-confira\/#primaryimage"},"thumbnailUrl":"https:\/\/www.gaveanews.com\/wp-content\/uploads\/Hugo-em-acao-pelo-Flamengo-em-partida-contra-o-Bragantino.webp","articleSection":["Flamengo"],"inLanguage":"pt-BR","potentialAction":[{"@type":"CommentAction","name":"Comment","target":["https:\/\/www.gaveanews.com\/index.php\/2020\/10\/26\/neneca-manda-recado-para-torcida-em-rodes-sociais-confira\/#respond"]}],"copyrightYear":"2020","copyrightHolder":{"@id":"https:\/\/www.gaveanews.com\/#organization"}},{"@type":"WebPage","@id":"https:\/\/www.gaveanews.com\/index.php\/2020\/10\/26\/neneca-manda-recado-para-torcida-em-rodes-sociais-confira\/","url":"https:\/\/www.gaveanews.com\/index.php\/2020\/10\/26\/neneca-manda-recado-para-torcida-em-rodes-sociais-confira\/","name":"Neneca manda recado para torcida em rodes sociais; confira","isPartOf":{"@id":"https:\/\/www.gaveanews.com\/#website"},"primaryImageOfPage":{"@id":"https:\/\/www.gaveanews.com\/index.php\/2020\/10\/26\/neneca-manda-recado-para-torcida-em-rodes-sociais-confira\/#primaryimage"},"image":{"@id":"https:\/\/www.gaveanews.com\/index.php\/2020\/10\/26\/neneca-manda-recado-para-torcida-em-rodes-sociais-confira\/#primaryimage"},"thumbnailUrl":"https:\/\/www.gaveanews.com\/wp-content\/uploads\/Hugo-em-acao-pelo-Flamengo-em-partida-contra-o-Bragantino.webp","datePublished":"2020-10-26T15:36:54+00:00","dateModified":"2021-08-12T03:50:47+00:00","author":{"@id":"https:\/\/www.gaveanews.com\/#\/schema\/person\/714c67050b836198af2450ba1c142a67"},"description":"Ap\u00f3s a partida, Neneca publicou em suas redes sociais um recado para a Na\u00e7\u00e3o, onde ressaltou a for\u00e7a de toda a equipe do Flamengo.","breadcrumb":{"@id":"https:\/\/www.gaveanews.com\/index.php\/2020\/10\/26\/neneca-manda-recado-para-torcida-em-rodes-sociais-confira\/#breadcrumb"},"inLanguage":"pt-BR","potentialAction":[{"@type":"ReadAction","target":["https:\/\/www.gaveanews.com\/index.php\/2020\/10\/26\/neneca-manda-recado-para-torcida-em-rodes-sociais-confira\/"]}]},{"@type":"ImageObject","inLanguage":"pt-BR","@id":"https:\/\/www.gaveanews.com\/index.php\/2020\/10\/26\/neneca-manda-recado-para-torcida-em-rodes-sociais-confira\/#primaryimage","url":"https:\/\/www.gaveanews.com\/wp-content\/uploads\/Hugo-em-acao-pelo-Flamengo-em-partida-contra-o-Bragantino.webp","contentUrl":"https:\/\/www.gaveanews.com\/wp-content\/uploads\/Hugo-em-acao-pelo-Flamengo-em-partida-contra-o-Bragantino.webp","width":799,"height":532,"caption":"Hugo em a\u00e7\u00e3o pelo Flamengo em partida contra o Bragantino (Foto: Alexandre Vidal\/ Flamengo)"},{"@type":"BreadcrumbList","@id":"https:\/\/www.gaveanews.com\/index.php\/2020\/10\/26\/neneca-manda-recado-para-torcida-em-rodes-sociais-confira\/#breadcrumb","itemListElement":[{"@type":"ListItem","position":1,"name":"Home","item":"https:\/\/www.gaveanews.com\/"},{"@type":"ListItem","position":2,"name":"Neneca manda recado para torcida em rodes sociais; confira"}]},{"@type":"WebSite","@id":"https:\/\/www.gaveanews.com\/#website","url":"https:\/\/www.gaveanews.com\/","name":"G\u00e1vea News","description":"Veja todas as not\u00edcias sobre o Flamengo: Contrata\u00e7\u00f5es, categorias de base, resultados das partidas, tabela de classifica\u00e7\u00e3o, pr\u00f3ximos jogos!","potentialAction":[{"@type":"SearchAction","target":{"@type":"EntryPoint","urlTemplate":"https:\/\/www.gaveanews.com\/?s={search_term_string}"},"query-input":{"@type":"PropertyValueSpecification","valueRequired":true,"valueName":"search_term_string"}}],"inLanguage":"pt-BR"},{"@type":"Person","@id":"https:\/\/www.gaveanews.com\/#\/schema\/person\/714c67050b836198af2450ba1c142a67","name":"Let\u00edcia Gerheim","image":{"@type":"ImageObject","inLanguage":"pt-BR","@id":"https:\/\/www.gaveanews.com\/#\/schema\/person\/image\/","url":"https:\/\/secure.gravatar.com\/avatar\/60734739c50fcebfbac509e2a826ccd0ff405c019bc73aab9354f19ecad1dcb4?s=96&d=mm&r=g","contentUrl":"https:\/\/secure.gravatar.com\/avatar\/60734739c50fcebfbac509e2a826ccd0ff405c019bc73aab9354f19ecad1dcb4?s=96&d=mm&r=g","caption":"Let\u00edcia Gerheim"}}]}},"_links":{"self":[{"href":"https:\/\/www.gaveanews.com\/index.php\/wp-json\/wp\/v2\/posts\/50099","targetHints":{"allow":["GET"]}}],"collection":[{"href":"https:\/\/www.gaveanews.com\/index.php\/wp-json\/wp\/v2\/posts"}],"about":[{"href":"https:\/\/www.gaveanews.com\/index.php\/wp-json\/wp\/v2\/types\/post"}],"author":[{"embeddable":true,"href":"https:\/\/www.gaveanews.com\/index.php\/wp-json\/wp\/v2\/users\/4"}],"replies":[{"embeddable":true,"href":"https:\/\/www.gaveanews.com\/index.php\/wp-json\/wp\/v2\/comments?post=50099"}],"version-history":[{"count":0,"href":"https:\/\/www.gaveanews.com\/index.php\/wp-json\/wp\/v2\/posts\/50099\/revisions"}],"wp:featuredmedia":[{"embeddable":true,"href":"https:\/\/www.gaveanews.com\/index.php\/wp-json\/wp\/v2\/media\/49247"}],"wp:attachment":[{"href":"https:\/\/www.gaveanews.com\/index.php\/wp-json\/wp\/v2\/media?parent=50099"}],"wp:term":[{"taxonomy":"category","embeddable":true,"href":"https:\/\/www.gaveanews.com\/index.php\/wp-json\/wp\/v2\/categories?post=50099"},{"taxonomy":"post_tag","embeddable":true,"href":"https:\/\/www.gaveanews.com\/index.php\/wp-json\/wp\/v2\/tags?post=50099"}],"curies":[{"name":"wp","href":"https:\/\/api.w.org\/{rel}","templated":true}]}}