{"id":50117,"date":"2020-10-26T15:22:43","date_gmt":"2020-10-26T18:22:43","guid":{"rendered":"https:\/\/www.gaveanews.com\/?p=50117"},"modified":"2021-08-12T00:50:45","modified_gmt":"2021-08-12T03:50:45","slug":"selecao-da-18a-rodada-possui-apenas-um-jogador-do-flamengo","status":"publish","type":"post","link":"https:\/\/www.gaveanews.com\/index.php\/2020\/10\/26\/selecao-da-18a-rodada-possui-apenas-um-jogador-do-flamengo\/","title":{"rendered":"Sele\u00e7\u00e3o da 18\u00aa rodada possui apenas um jogador do Flamengo"},"content":{"rendered":"\n<p>Ap\u00f3s os jogos realizados pela 18\u00aa rodada do Campeonato Brasileiro, foi publicada na p\u00e1gina do Brasileir\u00e3o a Sele\u00e7\u00e3o da Rodada. A Sele\u00e7\u00e3o da rodada \u00e9 definida por meio de vota\u00e7\u00e3o dos torcedores pelo Twitter.<\/p>\n\n\n\n<p>Entre os jogadores mais votados da rodada, apenas um atua pelo time do Flamengo. Pedro, al\u00e9m de ser escalado, foi eleito o Cara da Rodada. O atacante marcou um gol na partida contra o Internacional e ainda teve direito a um chap\u00e9u absurdo dado em Lindoso.<\/p>\n\n\n\n<figure class=\"wp-block-embed-twitter wp-block-embed is-type-rich is-provider-twitter\"><div class=\"wp-block-embed__wrapper\">\n<blockquote class=\"twitter-tweet\" data-width=\"550\" data-dnt=\"true\"><p lang=\"pt\" dir=\"ltr\">Chapelou, criou, finalizou, guardou&#8230; Que atua\u00e7\u00e3o de <a href=\"https:\/\/twitter.com\/Pedro9oficial?ref_src=twsrc%5Etfw\">@Pedro9oficial<\/a> na <a href=\"https:\/\/twitter.com\/hashtag\/BR18?src=hash&amp;ref_src=twsrc%5Etfw\">#BR18<\/a>! Eleito o meu Cara da Rodada mais uma vez, o atacante do <a href=\"https:\/\/twitter.com\/Flamengo?ref_src=twsrc%5Etfw\">@Flamengo<\/a> vive grande momento! <a href=\"https:\/\/twitter.com\/hashtag\/BRCDR?src=hash&amp;ref_src=twsrc%5Etfw\">#BRCDR<\/a> <a href=\"https:\/\/t.co\/IwbH1MfokX\">pic.twitter.com\/IwbH1MfokX<\/a><\/p>&mdash; Brasileir\u00e3o (@Brasileirao) <a href=\"https:\/\/twitter.com\/Brasileirao\/status\/1320761709683003392?ref_src=twsrc%5Etfw\">October 26, 2020<\/a><\/blockquote><script async src=\"https:\/\/platform.twitter.com\/widgets.js\" charset=\"utf-8\"><\/script>\n<\/div><\/figure>\n\n\n\n<h2 class=\"wp-block-heading\" id=\"h-confira-a-sele-o-da-rodada\">Confira a Sele\u00e7\u00e3o da Rodada:<\/h2>\n\n\n\n<figure class=\"wp-block-embed-twitter wp-block-embed is-type-rich is-provider-twitter\"><div class=\"wp-block-embed__wrapper\">\n<blockquote class=\"twitter-tweet\" data-width=\"550\" data-dnt=\"true\"><p lang=\"pt\" dir=\"ltr\">\ud83d\udd30 Voc\u00ea votou, e a <a href=\"https:\/\/twitter.com\/hashtag\/Sele%C3%A7%C3%A3oDoTorcedorBR20?src=hash&amp;ref_src=twsrc%5Etfw\">#Sele\u00e7\u00e3oDoTorcedorBR20<\/a> da 18\u00aa rodada ficou assim&#8230;<br><br>Luan Polli, Heitor, Luiz Ot\u00e1vio, Luccas Claro e Danilo Barcelos; Dodi, Charles, Vina e Ganso; Luiz Adriano e Pedro; T\u00e9c: Odair Hellmann.<br><br>E a\u00ed, curtiu? \ud83c\udde7\ud83c\uddf7 <a href=\"https:\/\/twitter.com\/hashtag\/BRSDT?src=hash&amp;ref_src=twsrc%5Etfw\">#BRSDT<\/a> <a href=\"https:\/\/t.co\/YAxaXCrxCW\">pic.twitter.com\/YAxaXCrxCW<\/a><\/p>&mdash; Brasileir\u00e3o (@Brasileirao) <a href=\"https:\/\/twitter.com\/Brasileirao\/status\/1320744644557373441?ref_src=twsrc%5Etfw\">October 26, 2020<\/a><\/blockquote><script async src=\"https:\/\/platform.twitter.com\/widgets.js\" charset=\"utf-8\"><\/script>\n<\/div><\/figure>\n","protected":false},"excerpt":{"rendered":"<p>Ap\u00f3s os jogos realizados pela 18\u00aa rodada do Campeonato Brasileiro, foi publicada na p\u00e1gina do Brasileir\u00e3o a Sele\u00e7\u00e3o da Rodada. A Sele\u00e7\u00e3o da rodada \u00e9 definida por meio de vota\u00e7\u00e3o dos torcedores pelo Twitter. Entre os jogadores mais votados da rodada, apenas um atua pelo time do Flamengo. Pedro, al\u00e9m de ser escalado, foi eleito [&hellip;]<\/p>\n","protected":false},"author":4,"featured_media":50070,"comment_status":"open","ping_status":"closed","sticky":false,"template":"","format":"standard","meta":{"footnotes":""},"categories":[1],"tags":[],"class_list":["post-50117","post","type-post","status-publish","format-standard","has-post-thumbnail","hentry","category-flamengo"],"yoast_head":"<!-- This site is optimized with the Yoast SEO Premium plugin v24.2 (Yoast SEO v26.9) - https:\/\/yoast.com\/product\/yoast-seo-premium-wordpress\/ -->\n<title>Sele\u00e7\u00e3o da 18\u00aa rodada possui apenas um jogador do Flamengo<\/title>\n<meta name=\"description\" content=\"Entre os jogadores mais votados da rodada, apenas um atua pelo time do Flamengo. Pedro, al\u00e9m de ser escalado, foi eleito o Cara da Rodada.\" \/>\n<meta name=\"robots\" content=\"index, follow, max-snippet:-1, max-image-preview:large, max-video-preview:-1\" \/>\n<link rel=\"canonical\" href=\"https:\/\/www.gaveanews.com\/index.php\/2020\/10\/26\/selecao-da-18a-rodada-possui-apenas-um-jogador-do-flamengo\/\" \/>\n<meta property=\"og:locale\" content=\"pt_BR\" \/>\n<meta property=\"og:type\" content=\"article\" \/>\n<meta property=\"og:title\" content=\"Sele\u00e7\u00e3o da 18\u00aa rodada possui apenas um jogador do Flamengo\" \/>\n<meta property=\"og:description\" content=\"Entre os jogadores mais votados da rodada, apenas um atua pelo time do Flamengo. Pedro, al\u00e9m de ser escalado, foi eleito o Cara da Rodada.\" \/>\n<meta property=\"og:url\" content=\"https:\/\/www.gaveanews.com\/index.php\/2020\/10\/26\/selecao-da-18a-rodada-possui-apenas-um-jogador-do-flamengo\/\" \/>\n<meta property=\"og:site_name\" content=\"G\u00e1vea News\" \/>\n<meta property=\"article:publisher\" content=\"https:\/\/facebook.com\/gaveaNews\/\" \/>\n<meta property=\"article:published_time\" content=\"2020-10-26T18:22:43+00:00\" \/>\n<meta property=\"article:modified_time\" content=\"2021-08-12T03:50:45+00:00\" \/>\n<meta property=\"og:image\" content=\"https:\/\/www.gaveanews.com\/wp-content\/uploads\/Pedro-em-acao-pelo-Flamengo-na-partida-contra-o-time-do-Internacional.webp\" \/>\n\t<meta property=\"og:image:width\" content=\"799\" \/>\n\t<meta property=\"og:image:height\" content=\"534\" \/>\n\t<meta property=\"og:image:type\" content=\"image\/jpeg\" \/>\n<meta name=\"author\" content=\"Let\u00edcia Gerheim\" \/>\n<meta name=\"twitter:card\" content=\"summary_large_image\" \/>\n<meta name=\"twitter:label1\" content=\"Escrito por\" \/>\n\t<meta name=\"twitter:data1\" content=\"Let\u00edcia Gerheim\" \/>\n\t<meta name=\"twitter:label2\" content=\"Est. tempo de leitura\" \/>\n\t<meta name=\"twitter:data2\" content=\"1 minuto\" \/>\n<script type=\"application\/ld+json\" class=\"yoast-schema-graph\">{\"@context\":\"https:\/\/schema.org\",\"@graph\":[{\"@type\":\"NewsArticle\",\"@id\":\"https:\/\/www.gaveanews.com\/index.php\/2020\/10\/26\/selecao-da-18a-rodada-possui-apenas-um-jogador-do-flamengo\/#article\",\"isPartOf\":{\"@id\":\"https:\/\/www.gaveanews.com\/index.php\/2020\/10\/26\/selecao-da-18a-rodada-possui-apenas-um-jogador-do-flamengo\/\"},\"author\":{\"name\":\"Let\u00edcia Gerheim\",\"@id\":\"https:\/\/www.gaveanews.com\/#\/schema\/person\/714c67050b836198af2450ba1c142a67\"},\"headline\":\"Sele\u00e7\u00e3o da 18\u00aa rodada possui apenas um jogador do Flamengo\",\"datePublished\":\"2020-10-26T18:22:43+00:00\",\"dateModified\":\"2021-08-12T03:50:45+00:00\",\"mainEntityOfPage\":{\"@id\":\"https:\/\/www.gaveanews.com\/index.php\/2020\/10\/26\/selecao-da-18a-rodada-possui-apenas-um-jogador-do-flamengo\/\"},\"wordCount\":114,\"commentCount\":4,\"image\":{\"@id\":\"https:\/\/www.gaveanews.com\/index.php\/2020\/10\/26\/selecao-da-18a-rodada-possui-apenas-um-jogador-do-flamengo\/#primaryimage\"},\"thumbnailUrl\":\"https:\/\/www.gaveanews.com\/wp-content\/uploads\/Pedro-em-acao-pelo-Flamengo-na-partida-contra-o-time-do-Internacional.webp\",\"articleSection\":[\"Flamengo\"],\"inLanguage\":\"pt-BR\",\"potentialAction\":[{\"@type\":\"CommentAction\",\"name\":\"Comment\",\"target\":[\"https:\/\/www.gaveanews.com\/index.php\/2020\/10\/26\/selecao-da-18a-rodada-possui-apenas-um-jogador-do-flamengo\/#respond\"]}],\"copyrightYear\":\"2020\",\"copyrightHolder\":{\"@id\":\"https:\/\/www.gaveanews.com\/#organization\"}},{\"@type\":\"WebPage\",\"@id\":\"https:\/\/www.gaveanews.com\/index.php\/2020\/10\/26\/selecao-da-18a-rodada-possui-apenas-um-jogador-do-flamengo\/\",\"url\":\"https:\/\/www.gaveanews.com\/index.php\/2020\/10\/26\/selecao-da-18a-rodada-possui-apenas-um-jogador-do-flamengo\/\",\"name\":\"Sele\u00e7\u00e3o da 18\u00aa rodada possui apenas um jogador do Flamengo\",\"isPartOf\":{\"@id\":\"https:\/\/www.gaveanews.com\/#website\"},\"primaryImageOfPage\":{\"@id\":\"https:\/\/www.gaveanews.com\/index.php\/2020\/10\/26\/selecao-da-18a-rodada-possui-apenas-um-jogador-do-flamengo\/#primaryimage\"},\"image\":{\"@id\":\"https:\/\/www.gaveanews.com\/index.php\/2020\/10\/26\/selecao-da-18a-rodada-possui-apenas-um-jogador-do-flamengo\/#primaryimage\"},\"thumbnailUrl\":\"https:\/\/www.gaveanews.com\/wp-content\/uploads\/Pedro-em-acao-pelo-Flamengo-na-partida-contra-o-time-do-Internacional.webp\",\"datePublished\":\"2020-10-26T18:22:43+00:00\",\"dateModified\":\"2021-08-12T03:50:45+00:00\",\"author\":{\"@id\":\"https:\/\/www.gaveanews.com\/#\/schema\/person\/714c67050b836198af2450ba1c142a67\"},\"description\":\"Entre os jogadores mais votados da rodada, apenas um atua pelo time do Flamengo. Pedro, al\u00e9m de ser escalado, foi eleito o Cara da Rodada.\",\"breadcrumb\":{\"@id\":\"https:\/\/www.gaveanews.com\/index.php\/2020\/10\/26\/selecao-da-18a-rodada-possui-apenas-um-jogador-do-flamengo\/#breadcrumb\"},\"inLanguage\":\"pt-BR\",\"potentialAction\":[{\"@type\":\"ReadAction\",\"target\":[\"https:\/\/www.gaveanews.com\/index.php\/2020\/10\/26\/selecao-da-18a-rodada-possui-apenas-um-jogador-do-flamengo\/\"]}]},{\"@type\":\"ImageObject\",\"inLanguage\":\"pt-BR\",\"@id\":\"https:\/\/www.gaveanews.com\/index.php\/2020\/10\/26\/selecao-da-18a-rodada-possui-apenas-um-jogador-do-flamengo\/#primaryimage\",\"url\":\"https:\/\/www.gaveanews.com\/wp-content\/uploads\/Pedro-em-acao-pelo-Flamengo-na-partida-contra-o-time-do-Internacional.webp\",\"contentUrl\":\"https:\/\/www.gaveanews.com\/wp-content\/uploads\/Pedro-em-acao-pelo-Flamengo-na-partida-contra-o-time-do-Internacional.webp\",\"width\":799,\"height\":534,\"caption\":\"Pedro em a\u00e7\u00e3o pelo Flamengo na partida contra o time do Internacional (Foto: Marcelo Cortes\/Flamengo)\"},{\"@type\":\"BreadcrumbList\",\"@id\":\"https:\/\/www.gaveanews.com\/index.php\/2020\/10\/26\/selecao-da-18a-rodada-possui-apenas-um-jogador-do-flamengo\/#breadcrumb\",\"itemListElement\":[{\"@type\":\"ListItem\",\"position\":1,\"name\":\"Home\",\"item\":\"https:\/\/www.gaveanews.com\/\"},{\"@type\":\"ListItem\",\"position\":2,\"name\":\"Sele\u00e7\u00e3o da 18\u00aa rodada possui apenas um jogador do Flamengo\"}]},{\"@type\":\"WebSite\",\"@id\":\"https:\/\/www.gaveanews.com\/#website\",\"url\":\"https:\/\/www.gaveanews.com\/\",\"name\":\"G\u00e1vea News\",\"description\":\"Veja todas as not\u00edcias sobre o Flamengo: Contrata\u00e7\u00f5es, categorias de base, resultados das partidas, tabela de classifica\u00e7\u00e3o, pr\u00f3ximos jogos!\",\"potentialAction\":[{\"@type\":\"SearchAction\",\"target\":{\"@type\":\"EntryPoint\",\"urlTemplate\":\"https:\/\/www.gaveanews.com\/?s={search_term_string}\"},\"query-input\":{\"@type\":\"PropertyValueSpecification\",\"valueRequired\":true,\"valueName\":\"search_term_string\"}}],\"inLanguage\":\"pt-BR\"},{\"@type\":\"Person\",\"@id\":\"https:\/\/www.gaveanews.com\/#\/schema\/person\/714c67050b836198af2450ba1c142a67\",\"name\":\"Let\u00edcia Gerheim\",\"image\":{\"@type\":\"ImageObject\",\"inLanguage\":\"pt-BR\",\"@id\":\"https:\/\/www.gaveanews.com\/#\/schema\/person\/image\/\",\"url\":\"https:\/\/secure.gravatar.com\/avatar\/60734739c50fcebfbac509e2a826ccd0ff405c019bc73aab9354f19ecad1dcb4?s=96&d=mm&r=g\",\"contentUrl\":\"https:\/\/secure.gravatar.com\/avatar\/60734739c50fcebfbac509e2a826ccd0ff405c019bc73aab9354f19ecad1dcb4?s=96&d=mm&r=g\",\"caption\":\"Let\u00edcia Gerheim\"}}]}<\/script>\n<!-- \/ Yoast SEO Premium plugin. -->","yoast_head_json":{"title":"Sele\u00e7\u00e3o da 18\u00aa rodada possui apenas um jogador do Flamengo","description":"Entre os jogadores mais votados da rodada, apenas um atua pelo time do Flamengo. Pedro, al\u00e9m de ser escalado, foi eleito o Cara da Rodada.","robots":{"index":"index","follow":"follow","max-snippet":"max-snippet:-1","max-image-preview":"max-image-preview:large","max-video-preview":"max-video-preview:-1"},"canonical":"https:\/\/www.gaveanews.com\/index.php\/2020\/10\/26\/selecao-da-18a-rodada-possui-apenas-um-jogador-do-flamengo\/","og_locale":"pt_BR","og_type":"article","og_title":"Sele\u00e7\u00e3o da 18\u00aa rodada possui apenas um jogador do Flamengo","og_description":"Entre os jogadores mais votados da rodada, apenas um atua pelo time do Flamengo. Pedro, al\u00e9m de ser escalado, foi eleito o Cara da Rodada.","og_url":"https:\/\/www.gaveanews.com\/index.php\/2020\/10\/26\/selecao-da-18a-rodada-possui-apenas-um-jogador-do-flamengo\/","og_site_name":"G\u00e1vea News","article_publisher":"https:\/\/facebook.com\/gaveaNews\/","article_published_time":"2020-10-26T18:22:43+00:00","article_modified_time":"2021-08-12T03:50:45+00:00","og_image":[{"width":799,"height":534,"url":"https:\/\/www.gaveanews.com\/wp-content\/uploads\/Pedro-em-acao-pelo-Flamengo-na-partida-contra-o-time-do-Internacional.webp","type":"image\/jpeg"}],"author":"Let\u00edcia Gerheim","twitter_card":"summary_large_image","twitter_misc":{"Escrito por":"Let\u00edcia Gerheim","Est. tempo de leitura":"1 minuto"},"schema":{"@context":"https:\/\/schema.org","@graph":[{"@type":"NewsArticle","@id":"https:\/\/www.gaveanews.com\/index.php\/2020\/10\/26\/selecao-da-18a-rodada-possui-apenas-um-jogador-do-flamengo\/#article","isPartOf":{"@id":"https:\/\/www.gaveanews.com\/index.php\/2020\/10\/26\/selecao-da-18a-rodada-possui-apenas-um-jogador-do-flamengo\/"},"author":{"name":"Let\u00edcia Gerheim","@id":"https:\/\/www.gaveanews.com\/#\/schema\/person\/714c67050b836198af2450ba1c142a67"},"headline":"Sele\u00e7\u00e3o da 18\u00aa rodada possui apenas um jogador do Flamengo","datePublished":"2020-10-26T18:22:43+00:00","dateModified":"2021-08-12T03:50:45+00:00","mainEntityOfPage":{"@id":"https:\/\/www.gaveanews.com\/index.php\/2020\/10\/26\/selecao-da-18a-rodada-possui-apenas-um-jogador-do-flamengo\/"},"wordCount":114,"commentCount":4,"image":{"@id":"https:\/\/www.gaveanews.com\/index.php\/2020\/10\/26\/selecao-da-18a-rodada-possui-apenas-um-jogador-do-flamengo\/#primaryimage"},"thumbnailUrl":"https:\/\/www.gaveanews.com\/wp-content\/uploads\/Pedro-em-acao-pelo-Flamengo-na-partida-contra-o-time-do-Internacional.webp","articleSection":["Flamengo"],"inLanguage":"pt-BR","potentialAction":[{"@type":"CommentAction","name":"Comment","target":["https:\/\/www.gaveanews.com\/index.php\/2020\/10\/26\/selecao-da-18a-rodada-possui-apenas-um-jogador-do-flamengo\/#respond"]}],"copyrightYear":"2020","copyrightHolder":{"@id":"https:\/\/www.gaveanews.com\/#organization"}},{"@type":"WebPage","@id":"https:\/\/www.gaveanews.com\/index.php\/2020\/10\/26\/selecao-da-18a-rodada-possui-apenas-um-jogador-do-flamengo\/","url":"https:\/\/www.gaveanews.com\/index.php\/2020\/10\/26\/selecao-da-18a-rodada-possui-apenas-um-jogador-do-flamengo\/","name":"Sele\u00e7\u00e3o da 18\u00aa rodada possui apenas um jogador do Flamengo","isPartOf":{"@id":"https:\/\/www.gaveanews.com\/#website"},"primaryImageOfPage":{"@id":"https:\/\/www.gaveanews.com\/index.php\/2020\/10\/26\/selecao-da-18a-rodada-possui-apenas-um-jogador-do-flamengo\/#primaryimage"},"image":{"@id":"https:\/\/www.gaveanews.com\/index.php\/2020\/10\/26\/selecao-da-18a-rodada-possui-apenas-um-jogador-do-flamengo\/#primaryimage"},"thumbnailUrl":"https:\/\/www.gaveanews.com\/wp-content\/uploads\/Pedro-em-acao-pelo-Flamengo-na-partida-contra-o-time-do-Internacional.webp","datePublished":"2020-10-26T18:22:43+00:00","dateModified":"2021-08-12T03:50:45+00:00","author":{"@id":"https:\/\/www.gaveanews.com\/#\/schema\/person\/714c67050b836198af2450ba1c142a67"},"description":"Entre os jogadores mais votados da rodada, apenas um atua pelo time do Flamengo. Pedro, al\u00e9m de ser escalado, foi eleito o Cara da Rodada.","breadcrumb":{"@id":"https:\/\/www.gaveanews.com\/index.php\/2020\/10\/26\/selecao-da-18a-rodada-possui-apenas-um-jogador-do-flamengo\/#breadcrumb"},"inLanguage":"pt-BR","potentialAction":[{"@type":"ReadAction","target":["https:\/\/www.gaveanews.com\/index.php\/2020\/10\/26\/selecao-da-18a-rodada-possui-apenas-um-jogador-do-flamengo\/"]}]},{"@type":"ImageObject","inLanguage":"pt-BR","@id":"https:\/\/www.gaveanews.com\/index.php\/2020\/10\/26\/selecao-da-18a-rodada-possui-apenas-um-jogador-do-flamengo\/#primaryimage","url":"https:\/\/www.gaveanews.com\/wp-content\/uploads\/Pedro-em-acao-pelo-Flamengo-na-partida-contra-o-time-do-Internacional.webp","contentUrl":"https:\/\/www.gaveanews.com\/wp-content\/uploads\/Pedro-em-acao-pelo-Flamengo-na-partida-contra-o-time-do-Internacional.webp","width":799,"height":534,"caption":"Pedro em a\u00e7\u00e3o pelo Flamengo na partida contra o time do Internacional (Foto: Marcelo Cortes\/Flamengo)"},{"@type":"BreadcrumbList","@id":"https:\/\/www.gaveanews.com\/index.php\/2020\/10\/26\/selecao-da-18a-rodada-possui-apenas-um-jogador-do-flamengo\/#breadcrumb","itemListElement":[{"@type":"ListItem","position":1,"name":"Home","item":"https:\/\/www.gaveanews.com\/"},{"@type":"ListItem","position":2,"name":"Sele\u00e7\u00e3o da 18\u00aa rodada possui apenas um jogador do Flamengo"}]},{"@type":"WebSite","@id":"https:\/\/www.gaveanews.com\/#website","url":"https:\/\/www.gaveanews.com\/","name":"G\u00e1vea News","description":"Veja todas as not\u00edcias sobre o Flamengo: Contrata\u00e7\u00f5es, categorias de base, resultados das partidas, tabela de classifica\u00e7\u00e3o, pr\u00f3ximos jogos!","potentialAction":[{"@type":"SearchAction","target":{"@type":"EntryPoint","urlTemplate":"https:\/\/www.gaveanews.com\/?s={search_term_string}"},"query-input":{"@type":"PropertyValueSpecification","valueRequired":true,"valueName":"search_term_string"}}],"inLanguage":"pt-BR"},{"@type":"Person","@id":"https:\/\/www.gaveanews.com\/#\/schema\/person\/714c67050b836198af2450ba1c142a67","name":"Let\u00edcia Gerheim","image":{"@type":"ImageObject","inLanguage":"pt-BR","@id":"https:\/\/www.gaveanews.com\/#\/schema\/person\/image\/","url":"https:\/\/secure.gravatar.com\/avatar\/60734739c50fcebfbac509e2a826ccd0ff405c019bc73aab9354f19ecad1dcb4?s=96&d=mm&r=g","contentUrl":"https:\/\/secure.gravatar.com\/avatar\/60734739c50fcebfbac509e2a826ccd0ff405c019bc73aab9354f19ecad1dcb4?s=96&d=mm&r=g","caption":"Let\u00edcia Gerheim"}}]}},"_links":{"self":[{"href":"https:\/\/www.gaveanews.com\/index.php\/wp-json\/wp\/v2\/posts\/50117","targetHints":{"allow":["GET"]}}],"collection":[{"href":"https:\/\/www.gaveanews.com\/index.php\/wp-json\/wp\/v2\/posts"}],"about":[{"href":"https:\/\/www.gaveanews.com\/index.php\/wp-json\/wp\/v2\/types\/post"}],"author":[{"embeddable":true,"href":"https:\/\/www.gaveanews.com\/index.php\/wp-json\/wp\/v2\/users\/4"}],"replies":[{"embeddable":true,"href":"https:\/\/www.gaveanews.com\/index.php\/wp-json\/wp\/v2\/comments?post=50117"}],"version-history":[{"count":0,"href":"https:\/\/www.gaveanews.com\/index.php\/wp-json\/wp\/v2\/posts\/50117\/revisions"}],"wp:featuredmedia":[{"embeddable":true,"href":"https:\/\/www.gaveanews.com\/index.php\/wp-json\/wp\/v2\/media\/50070"}],"wp:attachment":[{"href":"https:\/\/www.gaveanews.com\/index.php\/wp-json\/wp\/v2\/media?parent=50117"}],"wp:term":[{"taxonomy":"category","embeddable":true,"href":"https:\/\/www.gaveanews.com\/index.php\/wp-json\/wp\/v2\/categories?post=50117"},{"taxonomy":"post_tag","embeddable":true,"href":"https:\/\/www.gaveanews.com\/index.php\/wp-json\/wp\/v2\/tags?post=50117"}],"curies":[{"name":"wp","href":"https:\/\/api.w.org\/{rel}","templated":true}]}}