{"id":50138,"date":"2020-10-26T18:36:53","date_gmt":"2020-10-26T21:36:53","guid":{"rendered":"https:\/\/www.gaveanews.com\/?p=50138"},"modified":"2020-10-26T18:36:55","modified_gmt":"2020-10-26T21:36:55","slug":"diego-chorou-no-vestiario-do-flamengo-para-encerrar-discussao-entre-gabigol-e-arao-apos-volta-em-2019","status":"publish","type":"post","link":"https:\/\/www.gaveanews.com\/index.php\/2020\/10\/26\/diego-chorou-no-vestiario-do-flamengo-para-encerrar-discussao-entre-gabigol-e-arao-apos-volta-em-2019\/","title":{"rendered":"Diego chorou no vesti\u00e1rio do Flamengo para encerrar discuss\u00e3o entre Gabigol e Ar\u00e3o ap\u00f3s volta em 2019"},"content":{"rendered":"\n<p>O Flamengo teve em 2019 um ano fant\u00e1stico dentro de campo, com Gabigol, Bruno Henrique, Arrascaeta e companhia voando sob o comando de Jorge Jesus. Fora das quatro linhas, um outro personagem ganhou destaque pela lideran\u00e7a dentro do elenco nas conquistas do Campeonato Brasileiro e Conmebol Libertadores: Diego Ribas.<\/p>\n\n\n\n<p>Depois de uma grave fratura no tornozelo direito diante do Emelec, no dia 24 de julho de 2019, pelas oitavas de final da Conmebol Libertadores, ele retornou a campo somente em outubro, no dia 23, no 5 a 0 contra o Gr\u00eamio, pela semifinal da competi\u00e7\u00e3o sul-americana. Sete dias depois, no turbulento empate em 2 a 2 com o Goi\u00e1s, Diego chegou a chorar no vesti\u00e1rio ap\u00f3s uma briga em campo.<\/p>\n\n\n\n<p>Na ocasi\u00e3o, o Flamengo levou o gol de empate nos minutos finais. Ap\u00f3s a partida, Willian Ar\u00e3o e Gabigol tiveram uma discuss\u00e3o feia ainda no gramado. No vesti\u00e1rio, o clima seguiu quente, algo que irritou bastante Jorge Jesus. Foi a\u00ed que o camisa 10 entrou em a\u00e7\u00e3o, com um discurso forte e at\u00e9 chorando para acalmar os \u00e2nimos.<\/p>\n\n\n\n<p>\u201cAconteceu uma discuss\u00e3o muito grande entre o Gabriel e o Ar\u00e3o. Isso acabou se prolongando muito, o treinador ficou muito chateado com a atitude do Ar\u00e3o e do Gabriel, e o Diego interviu nessa situa\u00e7\u00e3o. Entrou e come\u00e7ou a falar, falar, falar\u201d, conta Rodrigo Caio, no document\u00e1rio Mosaico, feito por Diego para retratar o retorno aos gramados ap\u00f3s a grave les\u00e3o.<\/p>\n\n\n\n<p>\u201cEle vazou tudo que ele tinha dentro. Soltou tudo para a gente. Chorou ali na frente do grupo, demonstrando o tamanho do interesse, da ambi\u00e7\u00e3o que ele tinha de ganhar aquele t\u00edtulo\u201d, completou Filipe Lu\u00eds.<\/p>\n\n\n\n<p>Quem tamb\u00e9m gostou da postura do capit\u00e3o do Flamengo foi Jorge Jesus. O treinador, inclusive, fazia quest\u00e3o de ter o camisa 10 sempre por perto, mesmo nos momentos em que Diego estava fora por les\u00e3o.<\/p>\n\n\n\n<p>\u201cQuando come\u00e7ou a poder se movimentar, procurei sempre t\u00ea-lo com a equipe no vesti\u00e1rio. Porque \u00e9 uma voz de comando para os colegas\u201d, disse o Mister.<\/p>\n\n\n\n<p>Atualmente, Diego \u00e9 reserva do time do Flamengo, atr\u00e1s em uma briga com Ar\u00e3o, Gerson e Thiago Maia. Ainda assim, ele \u00e9 muito aproveitado por Dom\u00e8nec Torrent, que costuma aproveitar todo o elenco nesta maratona de jogos da temporada.<\/p>\n\n\n\n<p>At\u00e9 o momento, Diego, que est\u00e1 fora por uma les\u00e3o no m\u00fasculo anterior da coxa direita, tem 31 jogos na temporada. No ano passado, ele entrou em campo 43 vezes.<\/p>\n\n\n\n<p>Retirado de: ESPN<\/p>\n","protected":false},"excerpt":{"rendered":"<p>O Flamengo teve em 2019 um ano fant\u00e1stico dentro de campo, com Gabigol, Bruno Henrique, Arrascaeta e companhia voando sob o comando de Jorge Jesus. Fora das quatro linhas, um outro personagem ganhou destaque pela lideran\u00e7a dentro do elenco nas conquistas do Campeonato Brasileiro e Conmebol Libertadores: Diego Ribas. Depois de uma grave fratura no [&hellip;]<\/p>\n","protected":false},"author":1,"featured_media":47311,"comment_status":"open","ping_status":"closed","sticky":false,"template":"","format":"standard","meta":{"footnotes":""},"categories":[47],"tags":[],"class_list":["post-50138","post","type-post","status-publish","format-standard","has-post-thumbnail","hentry","category-destaques"],"yoast_head":"<!-- This site is optimized with the Yoast SEO Premium plugin v24.2 (Yoast SEO v26.9) - https:\/\/yoast.com\/product\/yoast-seo-premium-wordpress\/ -->\n<title>Diego chorou no vesti\u00e1rio do Flamengo para encerrar discuss\u00e3o entre Gabigol e Ar\u00e3o ap\u00f3s volta em 2019<\/title>\n<meta name=\"robots\" content=\"index, follow, max-snippet:-1, max-image-preview:large, max-video-preview:-1\" \/>\n<link rel=\"canonical\" href=\"https:\/\/www.gaveanews.com\/index.php\/2020\/10\/26\/diego-chorou-no-vestiario-do-flamengo-para-encerrar-discussao-entre-gabigol-e-arao-apos-volta-em-2019\/\" \/>\n<meta property=\"og:locale\" content=\"pt_BR\" \/>\n<meta property=\"og:type\" content=\"article\" \/>\n<meta property=\"og:title\" content=\"Diego chorou no vesti\u00e1rio do Flamengo para encerrar discuss\u00e3o entre Gabigol e Ar\u00e3o ap\u00f3s volta em 2019\" \/>\n<meta property=\"og:description\" content=\"O Flamengo teve em 2019 um ano fant\u00e1stico dentro de campo, com Gabigol, Bruno Henrique, Arrascaeta e companhia voando sob o comando de Jorge Jesus. Fora das quatro linhas, um outro personagem ganhou destaque pela lideran\u00e7a dentro do elenco nas conquistas do Campeonato Brasileiro e Conmebol Libertadores: Diego Ribas. Depois de uma grave fratura no [&hellip;]\" \/>\n<meta property=\"og:url\" content=\"https:\/\/www.gaveanews.com\/index.php\/2020\/10\/26\/diego-chorou-no-vestiario-do-flamengo-para-encerrar-discussao-entre-gabigol-e-arao-apos-volta-em-2019\/\" \/>\n<meta property=\"og:site_name\" content=\"G\u00e1vea News\" \/>\n<meta property=\"article:publisher\" content=\"https:\/\/facebook.com\/gaveaNews\/\" \/>\n<meta property=\"article:published_time\" content=\"2020-10-26T21:36:53+00:00\" \/>\n<meta property=\"article:modified_time\" content=\"2020-10-26T21:36:55+00:00\" \/>\n<meta property=\"og:image\" content=\"https:\/\/www.gaveanews.com\/wp-content\/uploads\/Diego-Ribas-em-acao-pelo-Flamengo-na-partida-contra-o-Ceara.webp\" \/>\n\t<meta property=\"og:image:width\" content=\"800\" \/>\n\t<meta property=\"og:image:height\" content=\"533\" \/>\n\t<meta property=\"og:image:type\" content=\"image\/jpeg\" \/>\n<meta name=\"author\" content=\"Equipe G\u00e1vea News\" \/>\n<meta name=\"twitter:card\" content=\"summary_large_image\" \/>\n<meta name=\"twitter:label1\" content=\"Escrito por\" \/>\n\t<meta name=\"twitter:data1\" content=\"Equipe G\u00e1vea News\" \/>\n\t<meta name=\"twitter:label2\" content=\"Est. tempo de leitura\" \/>\n\t<meta name=\"twitter:data2\" content=\"2 minutos\" \/>\n<script type=\"application\/ld+json\" class=\"yoast-schema-graph\">{\"@context\":\"https:\/\/schema.org\",\"@graph\":[{\"@type\":\"NewsArticle\",\"@id\":\"https:\/\/www.gaveanews.com\/index.php\/2020\/10\/26\/diego-chorou-no-vestiario-do-flamengo-para-encerrar-discussao-entre-gabigol-e-arao-apos-volta-em-2019\/#article\",\"isPartOf\":{\"@id\":\"https:\/\/www.gaveanews.com\/index.php\/2020\/10\/26\/diego-chorou-no-vestiario-do-flamengo-para-encerrar-discussao-entre-gabigol-e-arao-apos-volta-em-2019\/\"},\"author\":{\"name\":\"Equipe G\u00e1vea News\",\"@id\":\"https:\/\/www.gaveanews.com\/#\/schema\/person\/2ec14f73fb96be2caf28f91afb14749d\"},\"headline\":\"Diego chorou no vesti\u00e1rio do Flamengo para encerrar discuss\u00e3o entre Gabigol e Ar\u00e3o ap\u00f3s volta em 2019\",\"datePublished\":\"2020-10-26T21:36:53+00:00\",\"dateModified\":\"2020-10-26T21:36:55+00:00\",\"mainEntityOfPage\":{\"@id\":\"https:\/\/www.gaveanews.com\/index.php\/2020\/10\/26\/diego-chorou-no-vestiario-do-flamengo-para-encerrar-discussao-entre-gabigol-e-arao-apos-volta-em-2019\/\"},\"wordCount\":448,\"commentCount\":52,\"image\":{\"@id\":\"https:\/\/www.gaveanews.com\/index.php\/2020\/10\/26\/diego-chorou-no-vestiario-do-flamengo-para-encerrar-discussao-entre-gabigol-e-arao-apos-volta-em-2019\/#primaryimage\"},\"thumbnailUrl\":\"https:\/\/www.gaveanews.com\/wp-content\/uploads\/Diego-Ribas-em-acao-pelo-Flamengo-na-partida-contra-o-Ceara.webp\",\"articleSection\":[\"Destaques\"],\"inLanguage\":\"pt-BR\",\"potentialAction\":[{\"@type\":\"CommentAction\",\"name\":\"Comment\",\"target\":[\"https:\/\/www.gaveanews.com\/index.php\/2020\/10\/26\/diego-chorou-no-vestiario-do-flamengo-para-encerrar-discussao-entre-gabigol-e-arao-apos-volta-em-2019\/#respond\"]}],\"copyrightYear\":\"2020\",\"copyrightHolder\":{\"@id\":\"https:\/\/www.gaveanews.com\/#organization\"}},{\"@type\":\"WebPage\",\"@id\":\"https:\/\/www.gaveanews.com\/index.php\/2020\/10\/26\/diego-chorou-no-vestiario-do-flamengo-para-encerrar-discussao-entre-gabigol-e-arao-apos-volta-em-2019\/\",\"url\":\"https:\/\/www.gaveanews.com\/index.php\/2020\/10\/26\/diego-chorou-no-vestiario-do-flamengo-para-encerrar-discussao-entre-gabigol-e-arao-apos-volta-em-2019\/\",\"name\":\"Diego chorou no vesti\u00e1rio do Flamengo para encerrar discuss\u00e3o entre Gabigol e Ar\u00e3o ap\u00f3s volta em 2019\",\"isPartOf\":{\"@id\":\"https:\/\/www.gaveanews.com\/#website\"},\"primaryImageOfPage\":{\"@id\":\"https:\/\/www.gaveanews.com\/index.php\/2020\/10\/26\/diego-chorou-no-vestiario-do-flamengo-para-encerrar-discussao-entre-gabigol-e-arao-apos-volta-em-2019\/#primaryimage\"},\"image\":{\"@id\":\"https:\/\/www.gaveanews.com\/index.php\/2020\/10\/26\/diego-chorou-no-vestiario-do-flamengo-para-encerrar-discussao-entre-gabigol-e-arao-apos-volta-em-2019\/#primaryimage\"},\"thumbnailUrl\":\"https:\/\/www.gaveanews.com\/wp-content\/uploads\/Diego-Ribas-em-acao-pelo-Flamengo-na-partida-contra-o-Ceara.webp\",\"datePublished\":\"2020-10-26T21:36:53+00:00\",\"dateModified\":\"2020-10-26T21:36:55+00:00\",\"author\":{\"@id\":\"https:\/\/www.gaveanews.com\/#\/schema\/person\/2ec14f73fb96be2caf28f91afb14749d\"},\"breadcrumb\":{\"@id\":\"https:\/\/www.gaveanews.com\/index.php\/2020\/10\/26\/diego-chorou-no-vestiario-do-flamengo-para-encerrar-discussao-entre-gabigol-e-arao-apos-volta-em-2019\/#breadcrumb\"},\"inLanguage\":\"pt-BR\",\"potentialAction\":[{\"@type\":\"ReadAction\",\"target\":[\"https:\/\/www.gaveanews.com\/index.php\/2020\/10\/26\/diego-chorou-no-vestiario-do-flamengo-para-encerrar-discussao-entre-gabigol-e-arao-apos-volta-em-2019\/\"]}]},{\"@type\":\"ImageObject\",\"inLanguage\":\"pt-BR\",\"@id\":\"https:\/\/www.gaveanews.com\/index.php\/2020\/10\/26\/diego-chorou-no-vestiario-do-flamengo-para-encerrar-discussao-entre-gabigol-e-arao-apos-volta-em-2019\/#primaryimage\",\"url\":\"https:\/\/www.gaveanews.com\/wp-content\/uploads\/Diego-Ribas-em-acao-pelo-Flamengo-na-partida-contra-o-Ceara.webp\",\"contentUrl\":\"https:\/\/www.gaveanews.com\/wp-content\/uploads\/Diego-Ribas-em-acao-pelo-Flamengo-na-partida-contra-o-Ceara.webp\",\"width\":800,\"height\":533,\"caption\":\"Diego Ribas em a\u00e7\u00e3o pelo Flamengo na partida contra o Cear\u00e1 (Foto: Alexandre Vidal\/Flamengo)\"},{\"@type\":\"BreadcrumbList\",\"@id\":\"https:\/\/www.gaveanews.com\/index.php\/2020\/10\/26\/diego-chorou-no-vestiario-do-flamengo-para-encerrar-discussao-entre-gabigol-e-arao-apos-volta-em-2019\/#breadcrumb\",\"itemListElement\":[{\"@type\":\"ListItem\",\"position\":1,\"name\":\"Home\",\"item\":\"https:\/\/www.gaveanews.com\/\"},{\"@type\":\"ListItem\",\"position\":2,\"name\":\"Diego chorou no vesti\u00e1rio do Flamengo para encerrar discuss\u00e3o entre Gabigol e Ar\u00e3o ap\u00f3s volta em 2019\"}]},{\"@type\":\"WebSite\",\"@id\":\"https:\/\/www.gaveanews.com\/#website\",\"url\":\"https:\/\/www.gaveanews.com\/\",\"name\":\"G\u00e1vea News\",\"description\":\"Veja todas as not\u00edcias sobre o Flamengo: Contrata\u00e7\u00f5es, categorias de base, resultados das partidas, tabela de classifica\u00e7\u00e3o, pr\u00f3ximos jogos!\",\"potentialAction\":[{\"@type\":\"SearchAction\",\"target\":{\"@type\":\"EntryPoint\",\"urlTemplate\":\"https:\/\/www.gaveanews.com\/?s={search_term_string}\"},\"query-input\":{\"@type\":\"PropertyValueSpecification\",\"valueRequired\":true,\"valueName\":\"search_term_string\"}}],\"inLanguage\":\"pt-BR\"},{\"@type\":\"Person\",\"@id\":\"https:\/\/www.gaveanews.com\/#\/schema\/person\/2ec14f73fb96be2caf28f91afb14749d\",\"name\":\"Equipe G\u00e1vea News\",\"image\":{\"@type\":\"ImageObject\",\"inLanguage\":\"pt-BR\",\"@id\":\"https:\/\/www.gaveanews.com\/#\/schema\/person\/image\/\",\"url\":\"https:\/\/secure.gravatar.com\/avatar\/1e1956f1facbffd3f8fa53a326721950116b3b9dc9bd44939c01180fd4a745a9?s=96&d=mm&r=g\",\"contentUrl\":\"https:\/\/secure.gravatar.com\/avatar\/1e1956f1facbffd3f8fa53a326721950116b3b9dc9bd44939c01180fd4a745a9?s=96&d=mm&r=g\",\"caption\":\"Equipe G\u00e1vea News\"}}]}<\/script>\n<!-- \/ Yoast SEO Premium plugin. -->","yoast_head_json":{"title":"Diego chorou no vesti\u00e1rio do Flamengo para encerrar discuss\u00e3o entre Gabigol e Ar\u00e3o ap\u00f3s volta em 2019","robots":{"index":"index","follow":"follow","max-snippet":"max-snippet:-1","max-image-preview":"max-image-preview:large","max-video-preview":"max-video-preview:-1"},"canonical":"https:\/\/www.gaveanews.com\/index.php\/2020\/10\/26\/diego-chorou-no-vestiario-do-flamengo-para-encerrar-discussao-entre-gabigol-e-arao-apos-volta-em-2019\/","og_locale":"pt_BR","og_type":"article","og_title":"Diego chorou no vesti\u00e1rio do Flamengo para encerrar discuss\u00e3o entre Gabigol e Ar\u00e3o ap\u00f3s volta em 2019","og_description":"O Flamengo teve em 2019 um ano fant\u00e1stico dentro de campo, com Gabigol, Bruno Henrique, Arrascaeta e companhia voando sob o comando de Jorge Jesus. Fora das quatro linhas, um outro personagem ganhou destaque pela lideran\u00e7a dentro do elenco nas conquistas do Campeonato Brasileiro e Conmebol Libertadores: Diego Ribas. Depois de uma grave fratura no [&hellip;]","og_url":"https:\/\/www.gaveanews.com\/index.php\/2020\/10\/26\/diego-chorou-no-vestiario-do-flamengo-para-encerrar-discussao-entre-gabigol-e-arao-apos-volta-em-2019\/","og_site_name":"G\u00e1vea News","article_publisher":"https:\/\/facebook.com\/gaveaNews\/","article_published_time":"2020-10-26T21:36:53+00:00","article_modified_time":"2020-10-26T21:36:55+00:00","og_image":[{"width":800,"height":533,"url":"https:\/\/www.gaveanews.com\/wp-content\/uploads\/Diego-Ribas-em-acao-pelo-Flamengo-na-partida-contra-o-Ceara.webp","type":"image\/jpeg"}],"author":"Equipe G\u00e1vea News","twitter_card":"summary_large_image","twitter_misc":{"Escrito por":"Equipe G\u00e1vea News","Est. tempo de leitura":"2 minutos"},"schema":{"@context":"https:\/\/schema.org","@graph":[{"@type":"NewsArticle","@id":"https:\/\/www.gaveanews.com\/index.php\/2020\/10\/26\/diego-chorou-no-vestiario-do-flamengo-para-encerrar-discussao-entre-gabigol-e-arao-apos-volta-em-2019\/#article","isPartOf":{"@id":"https:\/\/www.gaveanews.com\/index.php\/2020\/10\/26\/diego-chorou-no-vestiario-do-flamengo-para-encerrar-discussao-entre-gabigol-e-arao-apos-volta-em-2019\/"},"author":{"name":"Equipe G\u00e1vea News","@id":"https:\/\/www.gaveanews.com\/#\/schema\/person\/2ec14f73fb96be2caf28f91afb14749d"},"headline":"Diego chorou no vesti\u00e1rio do Flamengo para encerrar discuss\u00e3o entre Gabigol e Ar\u00e3o ap\u00f3s volta em 2019","datePublished":"2020-10-26T21:36:53+00:00","dateModified":"2020-10-26T21:36:55+00:00","mainEntityOfPage":{"@id":"https:\/\/www.gaveanews.com\/index.php\/2020\/10\/26\/diego-chorou-no-vestiario-do-flamengo-para-encerrar-discussao-entre-gabigol-e-arao-apos-volta-em-2019\/"},"wordCount":448,"commentCount":52,"image":{"@id":"https:\/\/www.gaveanews.com\/index.php\/2020\/10\/26\/diego-chorou-no-vestiario-do-flamengo-para-encerrar-discussao-entre-gabigol-e-arao-apos-volta-em-2019\/#primaryimage"},"thumbnailUrl":"https:\/\/www.gaveanews.com\/wp-content\/uploads\/Diego-Ribas-em-acao-pelo-Flamengo-na-partida-contra-o-Ceara.webp","articleSection":["Destaques"],"inLanguage":"pt-BR","potentialAction":[{"@type":"CommentAction","name":"Comment","target":["https:\/\/www.gaveanews.com\/index.php\/2020\/10\/26\/diego-chorou-no-vestiario-do-flamengo-para-encerrar-discussao-entre-gabigol-e-arao-apos-volta-em-2019\/#respond"]}],"copyrightYear":"2020","copyrightHolder":{"@id":"https:\/\/www.gaveanews.com\/#organization"}},{"@type":"WebPage","@id":"https:\/\/www.gaveanews.com\/index.php\/2020\/10\/26\/diego-chorou-no-vestiario-do-flamengo-para-encerrar-discussao-entre-gabigol-e-arao-apos-volta-em-2019\/","url":"https:\/\/www.gaveanews.com\/index.php\/2020\/10\/26\/diego-chorou-no-vestiario-do-flamengo-para-encerrar-discussao-entre-gabigol-e-arao-apos-volta-em-2019\/","name":"Diego chorou no vesti\u00e1rio do Flamengo para encerrar discuss\u00e3o entre Gabigol e Ar\u00e3o ap\u00f3s volta em 2019","isPartOf":{"@id":"https:\/\/www.gaveanews.com\/#website"},"primaryImageOfPage":{"@id":"https:\/\/www.gaveanews.com\/index.php\/2020\/10\/26\/diego-chorou-no-vestiario-do-flamengo-para-encerrar-discussao-entre-gabigol-e-arao-apos-volta-em-2019\/#primaryimage"},"image":{"@id":"https:\/\/www.gaveanews.com\/index.php\/2020\/10\/26\/diego-chorou-no-vestiario-do-flamengo-para-encerrar-discussao-entre-gabigol-e-arao-apos-volta-em-2019\/#primaryimage"},"thumbnailUrl":"https:\/\/www.gaveanews.com\/wp-content\/uploads\/Diego-Ribas-em-acao-pelo-Flamengo-na-partida-contra-o-Ceara.webp","datePublished":"2020-10-26T21:36:53+00:00","dateModified":"2020-10-26T21:36:55+00:00","author":{"@id":"https:\/\/www.gaveanews.com\/#\/schema\/person\/2ec14f73fb96be2caf28f91afb14749d"},"breadcrumb":{"@id":"https:\/\/www.gaveanews.com\/index.php\/2020\/10\/26\/diego-chorou-no-vestiario-do-flamengo-para-encerrar-discussao-entre-gabigol-e-arao-apos-volta-em-2019\/#breadcrumb"},"inLanguage":"pt-BR","potentialAction":[{"@type":"ReadAction","target":["https:\/\/www.gaveanews.com\/index.php\/2020\/10\/26\/diego-chorou-no-vestiario-do-flamengo-para-encerrar-discussao-entre-gabigol-e-arao-apos-volta-em-2019\/"]}]},{"@type":"ImageObject","inLanguage":"pt-BR","@id":"https:\/\/www.gaveanews.com\/index.php\/2020\/10\/26\/diego-chorou-no-vestiario-do-flamengo-para-encerrar-discussao-entre-gabigol-e-arao-apos-volta-em-2019\/#primaryimage","url":"https:\/\/www.gaveanews.com\/wp-content\/uploads\/Diego-Ribas-em-acao-pelo-Flamengo-na-partida-contra-o-Ceara.webp","contentUrl":"https:\/\/www.gaveanews.com\/wp-content\/uploads\/Diego-Ribas-em-acao-pelo-Flamengo-na-partida-contra-o-Ceara.webp","width":800,"height":533,"caption":"Diego Ribas em a\u00e7\u00e3o pelo Flamengo na partida contra o Cear\u00e1 (Foto: Alexandre Vidal\/Flamengo)"},{"@type":"BreadcrumbList","@id":"https:\/\/www.gaveanews.com\/index.php\/2020\/10\/26\/diego-chorou-no-vestiario-do-flamengo-para-encerrar-discussao-entre-gabigol-e-arao-apos-volta-em-2019\/#breadcrumb","itemListElement":[{"@type":"ListItem","position":1,"name":"Home","item":"https:\/\/www.gaveanews.com\/"},{"@type":"ListItem","position":2,"name":"Diego chorou no vesti\u00e1rio do Flamengo para encerrar discuss\u00e3o entre Gabigol e Ar\u00e3o ap\u00f3s volta em 2019"}]},{"@type":"WebSite","@id":"https:\/\/www.gaveanews.com\/#website","url":"https:\/\/www.gaveanews.com\/","name":"G\u00e1vea News","description":"Veja todas as not\u00edcias sobre o Flamengo: Contrata\u00e7\u00f5es, categorias de base, resultados das partidas, tabela de classifica\u00e7\u00e3o, pr\u00f3ximos jogos!","potentialAction":[{"@type":"SearchAction","target":{"@type":"EntryPoint","urlTemplate":"https:\/\/www.gaveanews.com\/?s={search_term_string}"},"query-input":{"@type":"PropertyValueSpecification","valueRequired":true,"valueName":"search_term_string"}}],"inLanguage":"pt-BR"},{"@type":"Person","@id":"https:\/\/www.gaveanews.com\/#\/schema\/person\/2ec14f73fb96be2caf28f91afb14749d","name":"Equipe G\u00e1vea News","image":{"@type":"ImageObject","inLanguage":"pt-BR","@id":"https:\/\/www.gaveanews.com\/#\/schema\/person\/image\/","url":"https:\/\/secure.gravatar.com\/avatar\/1e1956f1facbffd3f8fa53a326721950116b3b9dc9bd44939c01180fd4a745a9?s=96&d=mm&r=g","contentUrl":"https:\/\/secure.gravatar.com\/avatar\/1e1956f1facbffd3f8fa53a326721950116b3b9dc9bd44939c01180fd4a745a9?s=96&d=mm&r=g","caption":"Equipe G\u00e1vea News"}}]}},"_links":{"self":[{"href":"https:\/\/www.gaveanews.com\/index.php\/wp-json\/wp\/v2\/posts\/50138","targetHints":{"allow":["GET"]}}],"collection":[{"href":"https:\/\/www.gaveanews.com\/index.php\/wp-json\/wp\/v2\/posts"}],"about":[{"href":"https:\/\/www.gaveanews.com\/index.php\/wp-json\/wp\/v2\/types\/post"}],"author":[{"embeddable":true,"href":"https:\/\/www.gaveanews.com\/index.php\/wp-json\/wp\/v2\/users\/1"}],"replies":[{"embeddable":true,"href":"https:\/\/www.gaveanews.com\/index.php\/wp-json\/wp\/v2\/comments?post=50138"}],"version-history":[{"count":0,"href":"https:\/\/www.gaveanews.com\/index.php\/wp-json\/wp\/v2\/posts\/50138\/revisions"}],"wp:featuredmedia":[{"embeddable":true,"href":"https:\/\/www.gaveanews.com\/index.php\/wp-json\/wp\/v2\/media\/47311"}],"wp:attachment":[{"href":"https:\/\/www.gaveanews.com\/index.php\/wp-json\/wp\/v2\/media?parent=50138"}],"wp:term":[{"taxonomy":"category","embeddable":true,"href":"https:\/\/www.gaveanews.com\/index.php\/wp-json\/wp\/v2\/categories?post=50138"},{"taxonomy":"post_tag","embeddable":true,"href":"https:\/\/www.gaveanews.com\/index.php\/wp-json\/wp\/v2\/tags?post=50138"}],"curies":[{"name":"wp","href":"https:\/\/api.w.org\/{rel}","templated":true}]}}