{"id":50172,"date":"2020-10-27T07:15:13","date_gmt":"2020-10-27T10:15:13","guid":{"rendered":"https:\/\/www.gaveanews.com\/?p=50172"},"modified":"2020-10-27T03:20:52","modified_gmt":"2020-10-27T06:20:52","slug":"flamengo-ja-conversa-com-a-fiorentina-para-ter-pedro","status":"publish","type":"post","link":"https:\/\/www.gaveanews.com\/index.php\/2020\/10\/27\/flamengo-ja-conversa-com-a-fiorentina-para-ter-pedro\/","title":{"rendered":"Flamengo j\u00e1 conversa com a Fiorentina para ter Pedro"},"content":{"rendered":"\n<p>O atacante Pedro assumiu a artilharia do Flamengo em 2020, com 17 gols. Mas a compara\u00e7\u00e3o com outros goleadores do elenco, como Gabigol, que tem 16, e Bruno Henrique, com 14, \u00e9 s\u00f3 uma parte dos feitos do jogador, que tem contrato de empr\u00e9stimo at\u00e9 dezembro, e \u00e9 alvo da diretoria rubro-negra para uma compra definitiva junto \u00e0 Fiorentina, da It\u00e1lia. Os clubes j\u00e1 conversam para entender a melhor forma do neg\u00f3cio.<\/p>\n\n\n\n<p>Embora esteja atr\u00e1s de Thiago Galhardo, do Inter, no n\u00famero de gols no Brasileir\u00e3o, 13 contra nove, Pedro \u00e9 o centroavante que mais marcou na competi\u00e7\u00e3o. Al\u00e9m dos nove gols, tamb\u00e9m \u00e9 quem precisa de menos tempo para balan\u00e7ar as redes, 103 minutos. E lidera ainda nos quesitos finaliza\u00e7\u00f5es certas (21) e no n\u00famero de toques na bola at\u00e9 marcar os gols (34).<\/p>\n\n\n\n<p>A pontaria do camisa 21 chega a 70% nos chutes ao gol, o que deixa Pedro como segundo colocado na posi\u00e7\u00e3o, apenas atr\u00e1s de Marrony, do Atl\u00e9tico-MG.<\/p>\n\n\n\n<p>Apesar de j\u00e1 ter disputado 33 jogos pelo Flamengo, Pedro tem menos minutos em campo do que Gabigol e Bruno Henrique na temporada. S\u00e3o apenas 1615, contra 2266 de Bruno e 2128 de Gabigol. O per\u00edodo como reserva em suas primeiras atua\u00e7\u00f5es fazem a m\u00e9dia de gols se tornar ainda mais dif\u00edcil de ser alcan\u00e7ada no Brasil. Um a cada 95 minutos nos 18 jogos que fez como titular.<\/p>\n\n\n\n<p>Como Gabigol ainda n\u00e3o est\u00e1 integrado ao grupo, em fun\u00e7\u00e3o de uma tor\u00e7\u00e3o no tornozelo grave, Pedro seguir\u00e1 como principal atacante do Flamengo pelo menos at\u00e9 as oitavas de final da Libertadores, quando Gabigol volta.<\/p>\n\n\n\n<p>Retirado de: Extra<\/p>\n","protected":false},"excerpt":{"rendered":"<p>O atacante Pedro assumiu a artilharia do Flamengo em 2020, com 17 gols. Mas a compara\u00e7\u00e3o com outros goleadores do elenco, como Gabigol, que tem 16, e Bruno Henrique, com 14, \u00e9 s\u00f3 uma parte dos feitos do jogador, que tem contrato de empr\u00e9stimo at\u00e9 dezembro, e \u00e9 alvo da diretoria rubro-negra para uma compra [&hellip;]<\/p>\n","protected":false},"author":1,"featured_media":46963,"comment_status":"open","ping_status":"closed","sticky":false,"template":"","format":"standard","meta":{"footnotes":""},"categories":[48],"tags":[],"class_list":["post-50172","post","type-post","status-publish","format-standard","has-post-thumbnail","hentry","category-negociacoes"],"yoast_head":"<!-- This site is optimized with the Yoast SEO Premium plugin v24.2 (Yoast SEO v26.9) - https:\/\/yoast.com\/product\/yoast-seo-premium-wordpress\/ -->\n<title>Flamengo j\u00e1 conversa com a Fiorentina para ter Pedro<\/title>\n<meta name=\"description\" content=\"O atacante Pedro \u00e9 alvo da diretoria do Flamengo para uma compra definitiva junto \u00e0 Fiorentina, da It\u00e1lia.\" \/>\n<meta name=\"robots\" content=\"index, follow, max-snippet:-1, max-image-preview:large, max-video-preview:-1\" \/>\n<link rel=\"canonical\" href=\"https:\/\/www.gaveanews.com\/index.php\/2020\/10\/27\/flamengo-ja-conversa-com-a-fiorentina-para-ter-pedro\/\" \/>\n<meta property=\"og:locale\" content=\"pt_BR\" \/>\n<meta property=\"og:type\" content=\"article\" \/>\n<meta property=\"og:title\" content=\"Flamengo j\u00e1 conversa com a Fiorentina para ter Pedro\" \/>\n<meta property=\"og:description\" content=\"O atacante Pedro \u00e9 alvo da diretoria do Flamengo para uma compra definitiva junto \u00e0 Fiorentina, da It\u00e1lia.\" \/>\n<meta property=\"og:url\" content=\"https:\/\/www.gaveanews.com\/index.php\/2020\/10\/27\/flamengo-ja-conversa-com-a-fiorentina-para-ter-pedro\/\" \/>\n<meta property=\"og:site_name\" content=\"G\u00e1vea News\" \/>\n<meta property=\"article:publisher\" content=\"https:\/\/facebook.com\/gaveaNews\/\" \/>\n<meta property=\"article:published_time\" content=\"2020-10-27T10:15:13+00:00\" \/>\n<meta property=\"og:image\" content=\"https:\/\/www.gaveanews.com\/wp-content\/uploads\/Pedro-e-Everton-Ribeiro-comemoram-juntos-o-gol-do-Flamengo-no-Maracana.webp\" \/>\n\t<meta property=\"og:image:width\" content=\"799\" \/>\n\t<meta property=\"og:image:height\" content=\"532\" \/>\n\t<meta property=\"og:image:type\" content=\"image\/jpeg\" \/>\n<meta name=\"author\" content=\"Equipe G\u00e1vea News\" \/>\n<meta name=\"twitter:card\" content=\"summary_large_image\" \/>\n<meta name=\"twitter:label1\" content=\"Escrito por\" \/>\n\t<meta name=\"twitter:data1\" content=\"Equipe G\u00e1vea News\" \/>\n\t<meta name=\"twitter:label2\" content=\"Est. tempo de leitura\" \/>\n\t<meta name=\"twitter:data2\" content=\"1 minuto\" \/>\n<script type=\"application\/ld+json\" class=\"yoast-schema-graph\">{\"@context\":\"https:\/\/schema.org\",\"@graph\":[{\"@type\":\"NewsArticle\",\"@id\":\"https:\/\/www.gaveanews.com\/index.php\/2020\/10\/27\/flamengo-ja-conversa-com-a-fiorentina-para-ter-pedro\/#article\",\"isPartOf\":{\"@id\":\"https:\/\/www.gaveanews.com\/index.php\/2020\/10\/27\/flamengo-ja-conversa-com-a-fiorentina-para-ter-pedro\/\"},\"author\":{\"name\":\"Equipe G\u00e1vea News\",\"@id\":\"https:\/\/www.gaveanews.com\/#\/schema\/person\/2ec14f73fb96be2caf28f91afb14749d\"},\"headline\":\"Flamengo j\u00e1 conversa com a Fiorentina para ter Pedro\",\"datePublished\":\"2020-10-27T10:15:13+00:00\",\"mainEntityOfPage\":{\"@id\":\"https:\/\/www.gaveanews.com\/index.php\/2020\/10\/27\/flamengo-ja-conversa-com-a-fiorentina-para-ter-pedro\/\"},\"wordCount\":282,\"commentCount\":7,\"image\":{\"@id\":\"https:\/\/www.gaveanews.com\/index.php\/2020\/10\/27\/flamengo-ja-conversa-com-a-fiorentina-para-ter-pedro\/#primaryimage\"},\"thumbnailUrl\":\"https:\/\/www.gaveanews.com\/wp-content\/uploads\/Pedro-e-Everton-Ribeiro-comemoram-juntos-o-gol-do-Flamengo-no-Maracana.webp\",\"articleSection\":[\"Negocia\u00e7\u00f5es\"],\"inLanguage\":\"pt-BR\",\"potentialAction\":[{\"@type\":\"CommentAction\",\"name\":\"Comment\",\"target\":[\"https:\/\/www.gaveanews.com\/index.php\/2020\/10\/27\/flamengo-ja-conversa-com-a-fiorentina-para-ter-pedro\/#respond\"]}],\"copyrightYear\":\"2020\",\"copyrightHolder\":{\"@id\":\"https:\/\/www.gaveanews.com\/#organization\"}},{\"@type\":\"WebPage\",\"@id\":\"https:\/\/www.gaveanews.com\/index.php\/2020\/10\/27\/flamengo-ja-conversa-com-a-fiorentina-para-ter-pedro\/\",\"url\":\"https:\/\/www.gaveanews.com\/index.php\/2020\/10\/27\/flamengo-ja-conversa-com-a-fiorentina-para-ter-pedro\/\",\"name\":\"Flamengo j\u00e1 conversa com a Fiorentina para ter Pedro\",\"isPartOf\":{\"@id\":\"https:\/\/www.gaveanews.com\/#website\"},\"primaryImageOfPage\":{\"@id\":\"https:\/\/www.gaveanews.com\/index.php\/2020\/10\/27\/flamengo-ja-conversa-com-a-fiorentina-para-ter-pedro\/#primaryimage\"},\"image\":{\"@id\":\"https:\/\/www.gaveanews.com\/index.php\/2020\/10\/27\/flamengo-ja-conversa-com-a-fiorentina-para-ter-pedro\/#primaryimage\"},\"thumbnailUrl\":\"https:\/\/www.gaveanews.com\/wp-content\/uploads\/Pedro-e-Everton-Ribeiro-comemoram-juntos-o-gol-do-Flamengo-no-Maracana.webp\",\"datePublished\":\"2020-10-27T10:15:13+00:00\",\"author\":{\"@id\":\"https:\/\/www.gaveanews.com\/#\/schema\/person\/2ec14f73fb96be2caf28f91afb14749d\"},\"description\":\"O atacante Pedro \u00e9 alvo da diretoria do Flamengo para uma compra definitiva junto \u00e0 Fiorentina, da It\u00e1lia.\",\"breadcrumb\":{\"@id\":\"https:\/\/www.gaveanews.com\/index.php\/2020\/10\/27\/flamengo-ja-conversa-com-a-fiorentina-para-ter-pedro\/#breadcrumb\"},\"inLanguage\":\"pt-BR\",\"potentialAction\":[{\"@type\":\"ReadAction\",\"target\":[\"https:\/\/www.gaveanews.com\/index.php\/2020\/10\/27\/flamengo-ja-conversa-com-a-fiorentina-para-ter-pedro\/\"]}]},{\"@type\":\"ImageObject\",\"inLanguage\":\"pt-BR\",\"@id\":\"https:\/\/www.gaveanews.com\/index.php\/2020\/10\/27\/flamengo-ja-conversa-com-a-fiorentina-para-ter-pedro\/#primaryimage\",\"url\":\"https:\/\/www.gaveanews.com\/wp-content\/uploads\/Pedro-e-Everton-Ribeiro-comemoram-juntos-o-gol-do-Flamengo-no-Maracana.webp\",\"contentUrl\":\"https:\/\/www.gaveanews.com\/wp-content\/uploads\/Pedro-e-Everton-Ribeiro-comemoram-juntos-o-gol-do-Flamengo-no-Maracana.webp\",\"width\":799,\"height\":532,\"caption\":\"Pedro e Everton Ribeiro comemoram juntos o gol do Flamengo no Maracan\u00e3 (Foto: Alexandre Vidal\/Flamengo)\"},{\"@type\":\"BreadcrumbList\",\"@id\":\"https:\/\/www.gaveanews.com\/index.php\/2020\/10\/27\/flamengo-ja-conversa-com-a-fiorentina-para-ter-pedro\/#breadcrumb\",\"itemListElement\":[{\"@type\":\"ListItem\",\"position\":1,\"name\":\"Home\",\"item\":\"https:\/\/www.gaveanews.com\/\"},{\"@type\":\"ListItem\",\"position\":2,\"name\":\"Flamengo j\u00e1 conversa com a Fiorentina para ter Pedro\"}]},{\"@type\":\"WebSite\",\"@id\":\"https:\/\/www.gaveanews.com\/#website\",\"url\":\"https:\/\/www.gaveanews.com\/\",\"name\":\"G\u00e1vea News\",\"description\":\"Veja todas as not\u00edcias sobre o Flamengo: Contrata\u00e7\u00f5es, categorias de base, resultados das partidas, tabela de classifica\u00e7\u00e3o, pr\u00f3ximos jogos!\",\"potentialAction\":[{\"@type\":\"SearchAction\",\"target\":{\"@type\":\"EntryPoint\",\"urlTemplate\":\"https:\/\/www.gaveanews.com\/?s={search_term_string}\"},\"query-input\":{\"@type\":\"PropertyValueSpecification\",\"valueRequired\":true,\"valueName\":\"search_term_string\"}}],\"inLanguage\":\"pt-BR\"},{\"@type\":\"Person\",\"@id\":\"https:\/\/www.gaveanews.com\/#\/schema\/person\/2ec14f73fb96be2caf28f91afb14749d\",\"name\":\"Equipe G\u00e1vea News\",\"image\":{\"@type\":\"ImageObject\",\"inLanguage\":\"pt-BR\",\"@id\":\"https:\/\/www.gaveanews.com\/#\/schema\/person\/image\/\",\"url\":\"https:\/\/secure.gravatar.com\/avatar\/1e1956f1facbffd3f8fa53a326721950116b3b9dc9bd44939c01180fd4a745a9?s=96&d=mm&r=g\",\"contentUrl\":\"https:\/\/secure.gravatar.com\/avatar\/1e1956f1facbffd3f8fa53a326721950116b3b9dc9bd44939c01180fd4a745a9?s=96&d=mm&r=g\",\"caption\":\"Equipe G\u00e1vea News\"}}]}<\/script>\n<!-- \/ Yoast SEO Premium plugin. -->","yoast_head_json":{"title":"Flamengo j\u00e1 conversa com a Fiorentina para ter Pedro","description":"O atacante Pedro \u00e9 alvo da diretoria do Flamengo para uma compra definitiva junto \u00e0 Fiorentina, da It\u00e1lia.","robots":{"index":"index","follow":"follow","max-snippet":"max-snippet:-1","max-image-preview":"max-image-preview:large","max-video-preview":"max-video-preview:-1"},"canonical":"https:\/\/www.gaveanews.com\/index.php\/2020\/10\/27\/flamengo-ja-conversa-com-a-fiorentina-para-ter-pedro\/","og_locale":"pt_BR","og_type":"article","og_title":"Flamengo j\u00e1 conversa com a Fiorentina para ter Pedro","og_description":"O atacante Pedro \u00e9 alvo da diretoria do Flamengo para uma compra definitiva junto \u00e0 Fiorentina, da It\u00e1lia.","og_url":"https:\/\/www.gaveanews.com\/index.php\/2020\/10\/27\/flamengo-ja-conversa-com-a-fiorentina-para-ter-pedro\/","og_site_name":"G\u00e1vea News","article_publisher":"https:\/\/facebook.com\/gaveaNews\/","article_published_time":"2020-10-27T10:15:13+00:00","og_image":[{"width":799,"height":532,"url":"https:\/\/www.gaveanews.com\/wp-content\/uploads\/Pedro-e-Everton-Ribeiro-comemoram-juntos-o-gol-do-Flamengo-no-Maracana.webp","type":"image\/jpeg"}],"author":"Equipe G\u00e1vea News","twitter_card":"summary_large_image","twitter_misc":{"Escrito por":"Equipe G\u00e1vea News","Est. tempo de leitura":"1 minuto"},"schema":{"@context":"https:\/\/schema.org","@graph":[{"@type":"NewsArticle","@id":"https:\/\/www.gaveanews.com\/index.php\/2020\/10\/27\/flamengo-ja-conversa-com-a-fiorentina-para-ter-pedro\/#article","isPartOf":{"@id":"https:\/\/www.gaveanews.com\/index.php\/2020\/10\/27\/flamengo-ja-conversa-com-a-fiorentina-para-ter-pedro\/"},"author":{"name":"Equipe G\u00e1vea News","@id":"https:\/\/www.gaveanews.com\/#\/schema\/person\/2ec14f73fb96be2caf28f91afb14749d"},"headline":"Flamengo j\u00e1 conversa com a Fiorentina para ter Pedro","datePublished":"2020-10-27T10:15:13+00:00","mainEntityOfPage":{"@id":"https:\/\/www.gaveanews.com\/index.php\/2020\/10\/27\/flamengo-ja-conversa-com-a-fiorentina-para-ter-pedro\/"},"wordCount":282,"commentCount":7,"image":{"@id":"https:\/\/www.gaveanews.com\/index.php\/2020\/10\/27\/flamengo-ja-conversa-com-a-fiorentina-para-ter-pedro\/#primaryimage"},"thumbnailUrl":"https:\/\/www.gaveanews.com\/wp-content\/uploads\/Pedro-e-Everton-Ribeiro-comemoram-juntos-o-gol-do-Flamengo-no-Maracana.webp","articleSection":["Negocia\u00e7\u00f5es"],"inLanguage":"pt-BR","potentialAction":[{"@type":"CommentAction","name":"Comment","target":["https:\/\/www.gaveanews.com\/index.php\/2020\/10\/27\/flamengo-ja-conversa-com-a-fiorentina-para-ter-pedro\/#respond"]}],"copyrightYear":"2020","copyrightHolder":{"@id":"https:\/\/www.gaveanews.com\/#organization"}},{"@type":"WebPage","@id":"https:\/\/www.gaveanews.com\/index.php\/2020\/10\/27\/flamengo-ja-conversa-com-a-fiorentina-para-ter-pedro\/","url":"https:\/\/www.gaveanews.com\/index.php\/2020\/10\/27\/flamengo-ja-conversa-com-a-fiorentina-para-ter-pedro\/","name":"Flamengo j\u00e1 conversa com a Fiorentina para ter Pedro","isPartOf":{"@id":"https:\/\/www.gaveanews.com\/#website"},"primaryImageOfPage":{"@id":"https:\/\/www.gaveanews.com\/index.php\/2020\/10\/27\/flamengo-ja-conversa-com-a-fiorentina-para-ter-pedro\/#primaryimage"},"image":{"@id":"https:\/\/www.gaveanews.com\/index.php\/2020\/10\/27\/flamengo-ja-conversa-com-a-fiorentina-para-ter-pedro\/#primaryimage"},"thumbnailUrl":"https:\/\/www.gaveanews.com\/wp-content\/uploads\/Pedro-e-Everton-Ribeiro-comemoram-juntos-o-gol-do-Flamengo-no-Maracana.webp","datePublished":"2020-10-27T10:15:13+00:00","author":{"@id":"https:\/\/www.gaveanews.com\/#\/schema\/person\/2ec14f73fb96be2caf28f91afb14749d"},"description":"O atacante Pedro \u00e9 alvo da diretoria do Flamengo para uma compra definitiva junto \u00e0 Fiorentina, da It\u00e1lia.","breadcrumb":{"@id":"https:\/\/www.gaveanews.com\/index.php\/2020\/10\/27\/flamengo-ja-conversa-com-a-fiorentina-para-ter-pedro\/#breadcrumb"},"inLanguage":"pt-BR","potentialAction":[{"@type":"ReadAction","target":["https:\/\/www.gaveanews.com\/index.php\/2020\/10\/27\/flamengo-ja-conversa-com-a-fiorentina-para-ter-pedro\/"]}]},{"@type":"ImageObject","inLanguage":"pt-BR","@id":"https:\/\/www.gaveanews.com\/index.php\/2020\/10\/27\/flamengo-ja-conversa-com-a-fiorentina-para-ter-pedro\/#primaryimage","url":"https:\/\/www.gaveanews.com\/wp-content\/uploads\/Pedro-e-Everton-Ribeiro-comemoram-juntos-o-gol-do-Flamengo-no-Maracana.webp","contentUrl":"https:\/\/www.gaveanews.com\/wp-content\/uploads\/Pedro-e-Everton-Ribeiro-comemoram-juntos-o-gol-do-Flamengo-no-Maracana.webp","width":799,"height":532,"caption":"Pedro e Everton Ribeiro comemoram juntos o gol do Flamengo no Maracan\u00e3 (Foto: Alexandre Vidal\/Flamengo)"},{"@type":"BreadcrumbList","@id":"https:\/\/www.gaveanews.com\/index.php\/2020\/10\/27\/flamengo-ja-conversa-com-a-fiorentina-para-ter-pedro\/#breadcrumb","itemListElement":[{"@type":"ListItem","position":1,"name":"Home","item":"https:\/\/www.gaveanews.com\/"},{"@type":"ListItem","position":2,"name":"Flamengo j\u00e1 conversa com a Fiorentina para ter Pedro"}]},{"@type":"WebSite","@id":"https:\/\/www.gaveanews.com\/#website","url":"https:\/\/www.gaveanews.com\/","name":"G\u00e1vea News","description":"Veja todas as not\u00edcias sobre o Flamengo: Contrata\u00e7\u00f5es, categorias de base, resultados das partidas, tabela de classifica\u00e7\u00e3o, pr\u00f3ximos jogos!","potentialAction":[{"@type":"SearchAction","target":{"@type":"EntryPoint","urlTemplate":"https:\/\/www.gaveanews.com\/?s={search_term_string}"},"query-input":{"@type":"PropertyValueSpecification","valueRequired":true,"valueName":"search_term_string"}}],"inLanguage":"pt-BR"},{"@type":"Person","@id":"https:\/\/www.gaveanews.com\/#\/schema\/person\/2ec14f73fb96be2caf28f91afb14749d","name":"Equipe G\u00e1vea News","image":{"@type":"ImageObject","inLanguage":"pt-BR","@id":"https:\/\/www.gaveanews.com\/#\/schema\/person\/image\/","url":"https:\/\/secure.gravatar.com\/avatar\/1e1956f1facbffd3f8fa53a326721950116b3b9dc9bd44939c01180fd4a745a9?s=96&d=mm&r=g","contentUrl":"https:\/\/secure.gravatar.com\/avatar\/1e1956f1facbffd3f8fa53a326721950116b3b9dc9bd44939c01180fd4a745a9?s=96&d=mm&r=g","caption":"Equipe G\u00e1vea News"}}]}},"_links":{"self":[{"href":"https:\/\/www.gaveanews.com\/index.php\/wp-json\/wp\/v2\/posts\/50172","targetHints":{"allow":["GET"]}}],"collection":[{"href":"https:\/\/www.gaveanews.com\/index.php\/wp-json\/wp\/v2\/posts"}],"about":[{"href":"https:\/\/www.gaveanews.com\/index.php\/wp-json\/wp\/v2\/types\/post"}],"author":[{"embeddable":true,"href":"https:\/\/www.gaveanews.com\/index.php\/wp-json\/wp\/v2\/users\/1"}],"replies":[{"embeddable":true,"href":"https:\/\/www.gaveanews.com\/index.php\/wp-json\/wp\/v2\/comments?post=50172"}],"version-history":[{"count":0,"href":"https:\/\/www.gaveanews.com\/index.php\/wp-json\/wp\/v2\/posts\/50172\/revisions"}],"wp:featuredmedia":[{"embeddable":true,"href":"https:\/\/www.gaveanews.com\/index.php\/wp-json\/wp\/v2\/media\/46963"}],"wp:attachment":[{"href":"https:\/\/www.gaveanews.com\/index.php\/wp-json\/wp\/v2\/media?parent=50172"}],"wp:term":[{"taxonomy":"category","embeddable":true,"href":"https:\/\/www.gaveanews.com\/index.php\/wp-json\/wp\/v2\/categories?post=50172"},{"taxonomy":"post_tag","embeddable":true,"href":"https:\/\/www.gaveanews.com\/index.php\/wp-json\/wp\/v2\/tags?post=50172"}],"curies":[{"name":"wp","href":"https:\/\/api.w.org\/{rel}","templated":true}]}}