{"id":50209,"date":"2020-10-27T14:15:15","date_gmt":"2020-10-27T17:15:15","guid":{"rendered":"https:\/\/www.gaveanews.com\/?p=50209"},"modified":"2020-10-27T14:15:16","modified_gmt":"2020-10-27T17:15:16","slug":"jornalista-ironiza-candidatura-de-marcos-braz-a-vereador-vote-nele-para-trabalhar-pelo-flamengo","status":"publish","type":"post","link":"https:\/\/www.gaveanews.com\/index.php\/2020\/10\/27\/jornalista-ironiza-candidatura-de-marcos-braz-a-vereador-vote-nele-para-trabalhar-pelo-flamengo\/","title":{"rendered":"Jornalista ironiza candidatura de Marcos Braz a vereador: &#8216;Vote nele para trabalhar pelo Flamengo&#8217;"},"content":{"rendered":"\n<p>Conhecido pelas posi\u00e7\u00f5es fortes, o jornalista Juca Kfouri usou o seu blog, na noite da \u00faltima segunda-feira, para ironizar a candidatura a vereador do vice-presidente de futebol do Flamengo, Marcos Braz. O dirigente rubro-negro concorre a uma vaga na C\u00e2mara Municipal do Rio de Janeiro no pleito do dia 15 de novembro.<\/p>\n\n\n\n<p>Com o t\u00edtulo &#8220;Vote nele para trabalhar pelo Flamengo&#8221;, Kfouri fez um post em que compartilhou mensagem de Braz pedindo votos e tranquilizado torcedores ao dizer que n\u00e3o ir\u00e1 se afastar das fun\u00e7\u00f5es no clube.<\/p>\n\n\n\n<p>Marcos Braz concorre pelo Partido Liberal. Questionado no in\u00edcio do m\u00eas sobre como faria para exercer as duas fun\u00e7\u00f5es, ele se disse &#8220;tranquilo&#8221;.<\/p>\n\n\n\n<p>\u2014 Eu s\u00f3 saio do Flamengo demitido ou campe\u00e3o do mundo. O trabalho vai continuar normalmente com muito carinho, com muito respeito sempre. Vamos nos dois. Pode ficar tranquilo que eu vou fazer os dois. D\u00e1 para fazer normalmente, \u00e9 no Rio de Janeiro, n\u00e3o \u00e9 viagem, n\u00e3o tem hor\u00e1rio de jogo duas, tr\u00eas da tarde. Estou muito tranquilo quanto a isso a\u00ed &#8211; disse o VP do Flamengo \u2013 afirmou Braz, em entrevista ao canal &#8220;Paparazzo Rubro-Negro&#8221;.<\/p>\n\n\n\n<p>O dirigente est\u00e1 no comando da pasta no clube da G\u00e1vea desde janeiro de 2019. O nome forte do futebol do Flamengo alcan\u00e7ou grandes resultados na \u00faltima temporada e em 2020, com os t\u00edtulos estaduais, da Recopa Sul-Americana, Supercopa do Brasil, do Brasileir\u00e3o e da Libertadores.<\/p>\n\n\n\n<p>Retirado de: Lance<\/p>\n","protected":false},"excerpt":{"rendered":"<p>Conhecido pelas posi\u00e7\u00f5es fortes, o jornalista Juca Kfouri usou o seu blog, na noite da \u00faltima segunda-feira, para ironizar a candidatura a vereador do vice-presidente de futebol do Flamengo, Marcos Braz. O dirigente rubro-negro concorre a uma vaga na C\u00e2mara Municipal do Rio de Janeiro no pleito do dia 15 de novembro. Com o t\u00edtulo [&hellip;]<\/p>\n","protected":false},"author":1,"featured_media":23694,"comment_status":"open","ping_status":"closed","sticky":false,"template":"","format":"standard","meta":{"footnotes":""},"categories":[47],"tags":[],"class_list":["post-50209","post","type-post","status-publish","format-standard","has-post-thumbnail","hentry","category-destaques"],"yoast_head":"<!-- This site is optimized with the Yoast SEO Premium plugin v24.2 (Yoast SEO v26.9) - https:\/\/yoast.com\/product\/yoast-seo-premium-wordpress\/ -->\n<title>Jornalista ironiza candidatura de Marcos Braz, do Flamengo, a vereador<\/title>\n<meta name=\"description\" content=\"Marcos Braz concorre pelo Partido Liberal. Questionado sobre como faria para exercer as duas fun\u00e7\u00f5es, ele se disse &quot;tranquilo&quot;.\" \/>\n<meta name=\"robots\" content=\"index, follow, max-snippet:-1, max-image-preview:large, max-video-preview:-1\" \/>\n<link rel=\"canonical\" href=\"https:\/\/www.gaveanews.com\/index.php\/2020\/10\/27\/jornalista-ironiza-candidatura-de-marcos-braz-a-vereador-vote-nele-para-trabalhar-pelo-flamengo\/\" \/>\n<meta property=\"og:locale\" content=\"pt_BR\" \/>\n<meta property=\"og:type\" content=\"article\" \/>\n<meta property=\"og:title\" content=\"Jornalista ironiza candidatura de Marcos Braz a vereador: &#039;Vote nele para trabalhar pelo Flamengo&#039;\" \/>\n<meta property=\"og:description\" content=\"Marcos Braz concorre pelo Partido Liberal. Questionado sobre como faria para exercer as duas fun\u00e7\u00f5es, ele se disse &quot;tranquilo&quot;.\" \/>\n<meta property=\"og:url\" content=\"https:\/\/www.gaveanews.com\/index.php\/2020\/10\/27\/jornalista-ironiza-candidatura-de-marcos-braz-a-vereador-vote-nele-para-trabalhar-pelo-flamengo\/\" \/>\n<meta property=\"og:site_name\" content=\"G\u00e1vea News\" \/>\n<meta property=\"article:publisher\" content=\"https:\/\/facebook.com\/gaveaNews\/\" \/>\n<meta property=\"article:published_time\" content=\"2020-10-27T17:15:15+00:00\" \/>\n<meta property=\"article:modified_time\" content=\"2020-10-27T17:15:16+00:00\" \/>\n<meta property=\"og:image\" content=\"https:\/\/www.gaveanews.com\/wp-content\/uploads\/2019\/07\/Marcos-Braz-durante-coletiva-de-imprensa-no-Ninho-do-Urubu.webp\" \/>\n\t<meta property=\"og:image:width\" content=\"846\" \/>\n\t<meta property=\"og:image:height\" content=\"563\" \/>\n\t<meta property=\"og:image:type\" content=\"image\/jpeg\" \/>\n<meta name=\"author\" content=\"Equipe G\u00e1vea News\" \/>\n<meta name=\"twitter:card\" content=\"summary_large_image\" \/>\n<meta name=\"twitter:label1\" content=\"Escrito por\" \/>\n\t<meta name=\"twitter:data1\" content=\"Equipe G\u00e1vea News\" \/>\n\t<meta name=\"twitter:label2\" content=\"Est. tempo de leitura\" \/>\n\t<meta name=\"twitter:data2\" content=\"1 minuto\" \/>\n<script type=\"application\/ld+json\" class=\"yoast-schema-graph\">{\"@context\":\"https:\/\/schema.org\",\"@graph\":[{\"@type\":\"NewsArticle\",\"@id\":\"https:\/\/www.gaveanews.com\/index.php\/2020\/10\/27\/jornalista-ironiza-candidatura-de-marcos-braz-a-vereador-vote-nele-para-trabalhar-pelo-flamengo\/#article\",\"isPartOf\":{\"@id\":\"https:\/\/www.gaveanews.com\/index.php\/2020\/10\/27\/jornalista-ironiza-candidatura-de-marcos-braz-a-vereador-vote-nele-para-trabalhar-pelo-flamengo\/\"},\"author\":{\"name\":\"Equipe G\u00e1vea News\",\"@id\":\"https:\/\/www.gaveanews.com\/#\/schema\/person\/2ec14f73fb96be2caf28f91afb14749d\"},\"headline\":\"Jornalista ironiza candidatura de Marcos Braz a vereador: &#8216;Vote nele para trabalhar pelo Flamengo&#8217;\",\"datePublished\":\"2020-10-27T17:15:15+00:00\",\"dateModified\":\"2020-10-27T17:15:16+00:00\",\"mainEntityOfPage\":{\"@id\":\"https:\/\/www.gaveanews.com\/index.php\/2020\/10\/27\/jornalista-ironiza-candidatura-de-marcos-braz-a-vereador-vote-nele-para-trabalhar-pelo-flamengo\/\"},\"wordCount\":261,\"commentCount\":22,\"image\":{\"@id\":\"https:\/\/www.gaveanews.com\/index.php\/2020\/10\/27\/jornalista-ironiza-candidatura-de-marcos-braz-a-vereador-vote-nele-para-trabalhar-pelo-flamengo\/#primaryimage\"},\"thumbnailUrl\":\"https:\/\/www.gaveanews.com\/wp-content\/uploads\/2019\/07\/Marcos-Braz-durante-coletiva-de-imprensa-no-Ninho-do-Urubu.webp\",\"articleSection\":[\"Destaques\"],\"inLanguage\":\"pt-BR\",\"potentialAction\":[{\"@type\":\"CommentAction\",\"name\":\"Comment\",\"target\":[\"https:\/\/www.gaveanews.com\/index.php\/2020\/10\/27\/jornalista-ironiza-candidatura-de-marcos-braz-a-vereador-vote-nele-para-trabalhar-pelo-flamengo\/#respond\"]}],\"copyrightYear\":\"2020\",\"copyrightHolder\":{\"@id\":\"https:\/\/www.gaveanews.com\/#organization\"}},{\"@type\":\"WebPage\",\"@id\":\"https:\/\/www.gaveanews.com\/index.php\/2020\/10\/27\/jornalista-ironiza-candidatura-de-marcos-braz-a-vereador-vote-nele-para-trabalhar-pelo-flamengo\/\",\"url\":\"https:\/\/www.gaveanews.com\/index.php\/2020\/10\/27\/jornalista-ironiza-candidatura-de-marcos-braz-a-vereador-vote-nele-para-trabalhar-pelo-flamengo\/\",\"name\":\"Jornalista ironiza candidatura de Marcos Braz, do Flamengo, a vereador\",\"isPartOf\":{\"@id\":\"https:\/\/www.gaveanews.com\/#website\"},\"primaryImageOfPage\":{\"@id\":\"https:\/\/www.gaveanews.com\/index.php\/2020\/10\/27\/jornalista-ironiza-candidatura-de-marcos-braz-a-vereador-vote-nele-para-trabalhar-pelo-flamengo\/#primaryimage\"},\"image\":{\"@id\":\"https:\/\/www.gaveanews.com\/index.php\/2020\/10\/27\/jornalista-ironiza-candidatura-de-marcos-braz-a-vereador-vote-nele-para-trabalhar-pelo-flamengo\/#primaryimage\"},\"thumbnailUrl\":\"https:\/\/www.gaveanews.com\/wp-content\/uploads\/2019\/07\/Marcos-Braz-durante-coletiva-de-imprensa-no-Ninho-do-Urubu.webp\",\"datePublished\":\"2020-10-27T17:15:15+00:00\",\"dateModified\":\"2020-10-27T17:15:16+00:00\",\"author\":{\"@id\":\"https:\/\/www.gaveanews.com\/#\/schema\/person\/2ec14f73fb96be2caf28f91afb14749d\"},\"description\":\"Marcos Braz concorre pelo Partido Liberal. Questionado sobre como faria para exercer as duas fun\u00e7\u00f5es, ele se disse \\\"tranquilo\\\".\",\"breadcrumb\":{\"@id\":\"https:\/\/www.gaveanews.com\/index.php\/2020\/10\/27\/jornalista-ironiza-candidatura-de-marcos-braz-a-vereador-vote-nele-para-trabalhar-pelo-flamengo\/#breadcrumb\"},\"inLanguage\":\"pt-BR\",\"potentialAction\":[{\"@type\":\"ReadAction\",\"target\":[\"https:\/\/www.gaveanews.com\/index.php\/2020\/10\/27\/jornalista-ironiza-candidatura-de-marcos-braz-a-vereador-vote-nele-para-trabalhar-pelo-flamengo\/\"]}]},{\"@type\":\"ImageObject\",\"inLanguage\":\"pt-BR\",\"@id\":\"https:\/\/www.gaveanews.com\/index.php\/2020\/10\/27\/jornalista-ironiza-candidatura-de-marcos-braz-a-vereador-vote-nele-para-trabalhar-pelo-flamengo\/#primaryimage\",\"url\":\"https:\/\/www.gaveanews.com\/wp-content\/uploads\/2019\/07\/Marcos-Braz-durante-coletiva-de-imprensa-no-Ninho-do-Urubu.webp\",\"contentUrl\":\"https:\/\/www.gaveanews.com\/wp-content\/uploads\/2019\/07\/Marcos-Braz-durante-coletiva-de-imprensa-no-Ninho-do-Urubu.webp\",\"width\":846,\"height\":563,\"caption\":\"Marcos Braz durante coletiva de imprensa no Ninho do Urubu (Foto: Alexandre Vidal\/Flamengo)\"},{\"@type\":\"BreadcrumbList\",\"@id\":\"https:\/\/www.gaveanews.com\/index.php\/2020\/10\/27\/jornalista-ironiza-candidatura-de-marcos-braz-a-vereador-vote-nele-para-trabalhar-pelo-flamengo\/#breadcrumb\",\"itemListElement\":[{\"@type\":\"ListItem\",\"position\":1,\"name\":\"Home\",\"item\":\"https:\/\/www.gaveanews.com\/\"},{\"@type\":\"ListItem\",\"position\":2,\"name\":\"Jornalista ironiza candidatura de Marcos Braz a vereador: &#8216;Vote nele para trabalhar pelo Flamengo&#8217;\"}]},{\"@type\":\"WebSite\",\"@id\":\"https:\/\/www.gaveanews.com\/#website\",\"url\":\"https:\/\/www.gaveanews.com\/\",\"name\":\"G\u00e1vea News\",\"description\":\"Veja todas as not\u00edcias sobre o Flamengo: Contrata\u00e7\u00f5es, categorias de base, resultados das partidas, tabela de classifica\u00e7\u00e3o, pr\u00f3ximos jogos!\",\"potentialAction\":[{\"@type\":\"SearchAction\",\"target\":{\"@type\":\"EntryPoint\",\"urlTemplate\":\"https:\/\/www.gaveanews.com\/?s={search_term_string}\"},\"query-input\":{\"@type\":\"PropertyValueSpecification\",\"valueRequired\":true,\"valueName\":\"search_term_string\"}}],\"inLanguage\":\"pt-BR\"},{\"@type\":\"Person\",\"@id\":\"https:\/\/www.gaveanews.com\/#\/schema\/person\/2ec14f73fb96be2caf28f91afb14749d\",\"name\":\"Equipe G\u00e1vea News\",\"image\":{\"@type\":\"ImageObject\",\"inLanguage\":\"pt-BR\",\"@id\":\"https:\/\/www.gaveanews.com\/#\/schema\/person\/image\/\",\"url\":\"https:\/\/secure.gravatar.com\/avatar\/1e1956f1facbffd3f8fa53a326721950116b3b9dc9bd44939c01180fd4a745a9?s=96&d=mm&r=g\",\"contentUrl\":\"https:\/\/secure.gravatar.com\/avatar\/1e1956f1facbffd3f8fa53a326721950116b3b9dc9bd44939c01180fd4a745a9?s=96&d=mm&r=g\",\"caption\":\"Equipe G\u00e1vea News\"}}]}<\/script>\n<!-- \/ Yoast SEO Premium plugin. -->","yoast_head_json":{"title":"Jornalista ironiza candidatura de Marcos Braz, do Flamengo, a vereador","description":"Marcos Braz concorre pelo Partido Liberal. Questionado sobre como faria para exercer as duas fun\u00e7\u00f5es, ele se disse \"tranquilo\".","robots":{"index":"index","follow":"follow","max-snippet":"max-snippet:-1","max-image-preview":"max-image-preview:large","max-video-preview":"max-video-preview:-1"},"canonical":"https:\/\/www.gaveanews.com\/index.php\/2020\/10\/27\/jornalista-ironiza-candidatura-de-marcos-braz-a-vereador-vote-nele-para-trabalhar-pelo-flamengo\/","og_locale":"pt_BR","og_type":"article","og_title":"Jornalista ironiza candidatura de Marcos Braz a vereador: 'Vote nele para trabalhar pelo Flamengo'","og_description":"Marcos Braz concorre pelo Partido Liberal. Questionado sobre como faria para exercer as duas fun\u00e7\u00f5es, ele se disse \"tranquilo\".","og_url":"https:\/\/www.gaveanews.com\/index.php\/2020\/10\/27\/jornalista-ironiza-candidatura-de-marcos-braz-a-vereador-vote-nele-para-trabalhar-pelo-flamengo\/","og_site_name":"G\u00e1vea News","article_publisher":"https:\/\/facebook.com\/gaveaNews\/","article_published_time":"2020-10-27T17:15:15+00:00","article_modified_time":"2020-10-27T17:15:16+00:00","og_image":[{"width":846,"height":563,"url":"https:\/\/www.gaveanews.com\/wp-content\/uploads\/2019\/07\/Marcos-Braz-durante-coletiva-de-imprensa-no-Ninho-do-Urubu.webp","type":"image\/jpeg"}],"author":"Equipe G\u00e1vea News","twitter_card":"summary_large_image","twitter_misc":{"Escrito por":"Equipe G\u00e1vea News","Est. tempo de leitura":"1 minuto"},"schema":{"@context":"https:\/\/schema.org","@graph":[{"@type":"NewsArticle","@id":"https:\/\/www.gaveanews.com\/index.php\/2020\/10\/27\/jornalista-ironiza-candidatura-de-marcos-braz-a-vereador-vote-nele-para-trabalhar-pelo-flamengo\/#article","isPartOf":{"@id":"https:\/\/www.gaveanews.com\/index.php\/2020\/10\/27\/jornalista-ironiza-candidatura-de-marcos-braz-a-vereador-vote-nele-para-trabalhar-pelo-flamengo\/"},"author":{"name":"Equipe G\u00e1vea News","@id":"https:\/\/www.gaveanews.com\/#\/schema\/person\/2ec14f73fb96be2caf28f91afb14749d"},"headline":"Jornalista ironiza candidatura de Marcos Braz a vereador: &#8216;Vote nele para trabalhar pelo Flamengo&#8217;","datePublished":"2020-10-27T17:15:15+00:00","dateModified":"2020-10-27T17:15:16+00:00","mainEntityOfPage":{"@id":"https:\/\/www.gaveanews.com\/index.php\/2020\/10\/27\/jornalista-ironiza-candidatura-de-marcos-braz-a-vereador-vote-nele-para-trabalhar-pelo-flamengo\/"},"wordCount":261,"commentCount":22,"image":{"@id":"https:\/\/www.gaveanews.com\/index.php\/2020\/10\/27\/jornalista-ironiza-candidatura-de-marcos-braz-a-vereador-vote-nele-para-trabalhar-pelo-flamengo\/#primaryimage"},"thumbnailUrl":"https:\/\/www.gaveanews.com\/wp-content\/uploads\/2019\/07\/Marcos-Braz-durante-coletiva-de-imprensa-no-Ninho-do-Urubu.webp","articleSection":["Destaques"],"inLanguage":"pt-BR","potentialAction":[{"@type":"CommentAction","name":"Comment","target":["https:\/\/www.gaveanews.com\/index.php\/2020\/10\/27\/jornalista-ironiza-candidatura-de-marcos-braz-a-vereador-vote-nele-para-trabalhar-pelo-flamengo\/#respond"]}],"copyrightYear":"2020","copyrightHolder":{"@id":"https:\/\/www.gaveanews.com\/#organization"}},{"@type":"WebPage","@id":"https:\/\/www.gaveanews.com\/index.php\/2020\/10\/27\/jornalista-ironiza-candidatura-de-marcos-braz-a-vereador-vote-nele-para-trabalhar-pelo-flamengo\/","url":"https:\/\/www.gaveanews.com\/index.php\/2020\/10\/27\/jornalista-ironiza-candidatura-de-marcos-braz-a-vereador-vote-nele-para-trabalhar-pelo-flamengo\/","name":"Jornalista ironiza candidatura de Marcos Braz, do Flamengo, a vereador","isPartOf":{"@id":"https:\/\/www.gaveanews.com\/#website"},"primaryImageOfPage":{"@id":"https:\/\/www.gaveanews.com\/index.php\/2020\/10\/27\/jornalista-ironiza-candidatura-de-marcos-braz-a-vereador-vote-nele-para-trabalhar-pelo-flamengo\/#primaryimage"},"image":{"@id":"https:\/\/www.gaveanews.com\/index.php\/2020\/10\/27\/jornalista-ironiza-candidatura-de-marcos-braz-a-vereador-vote-nele-para-trabalhar-pelo-flamengo\/#primaryimage"},"thumbnailUrl":"https:\/\/www.gaveanews.com\/wp-content\/uploads\/2019\/07\/Marcos-Braz-durante-coletiva-de-imprensa-no-Ninho-do-Urubu.webp","datePublished":"2020-10-27T17:15:15+00:00","dateModified":"2020-10-27T17:15:16+00:00","author":{"@id":"https:\/\/www.gaveanews.com\/#\/schema\/person\/2ec14f73fb96be2caf28f91afb14749d"},"description":"Marcos Braz concorre pelo Partido Liberal. Questionado sobre como faria para exercer as duas fun\u00e7\u00f5es, ele se disse \"tranquilo\".","breadcrumb":{"@id":"https:\/\/www.gaveanews.com\/index.php\/2020\/10\/27\/jornalista-ironiza-candidatura-de-marcos-braz-a-vereador-vote-nele-para-trabalhar-pelo-flamengo\/#breadcrumb"},"inLanguage":"pt-BR","potentialAction":[{"@type":"ReadAction","target":["https:\/\/www.gaveanews.com\/index.php\/2020\/10\/27\/jornalista-ironiza-candidatura-de-marcos-braz-a-vereador-vote-nele-para-trabalhar-pelo-flamengo\/"]}]},{"@type":"ImageObject","inLanguage":"pt-BR","@id":"https:\/\/www.gaveanews.com\/index.php\/2020\/10\/27\/jornalista-ironiza-candidatura-de-marcos-braz-a-vereador-vote-nele-para-trabalhar-pelo-flamengo\/#primaryimage","url":"https:\/\/www.gaveanews.com\/wp-content\/uploads\/2019\/07\/Marcos-Braz-durante-coletiva-de-imprensa-no-Ninho-do-Urubu.webp","contentUrl":"https:\/\/www.gaveanews.com\/wp-content\/uploads\/2019\/07\/Marcos-Braz-durante-coletiva-de-imprensa-no-Ninho-do-Urubu.webp","width":846,"height":563,"caption":"Marcos Braz durante coletiva de imprensa no Ninho do Urubu (Foto: Alexandre Vidal\/Flamengo)"},{"@type":"BreadcrumbList","@id":"https:\/\/www.gaveanews.com\/index.php\/2020\/10\/27\/jornalista-ironiza-candidatura-de-marcos-braz-a-vereador-vote-nele-para-trabalhar-pelo-flamengo\/#breadcrumb","itemListElement":[{"@type":"ListItem","position":1,"name":"Home","item":"https:\/\/www.gaveanews.com\/"},{"@type":"ListItem","position":2,"name":"Jornalista ironiza candidatura de Marcos Braz a vereador: &#8216;Vote nele para trabalhar pelo Flamengo&#8217;"}]},{"@type":"WebSite","@id":"https:\/\/www.gaveanews.com\/#website","url":"https:\/\/www.gaveanews.com\/","name":"G\u00e1vea News","description":"Veja todas as not\u00edcias sobre o Flamengo: Contrata\u00e7\u00f5es, categorias de base, resultados das partidas, tabela de classifica\u00e7\u00e3o, pr\u00f3ximos jogos!","potentialAction":[{"@type":"SearchAction","target":{"@type":"EntryPoint","urlTemplate":"https:\/\/www.gaveanews.com\/?s={search_term_string}"},"query-input":{"@type":"PropertyValueSpecification","valueRequired":true,"valueName":"search_term_string"}}],"inLanguage":"pt-BR"},{"@type":"Person","@id":"https:\/\/www.gaveanews.com\/#\/schema\/person\/2ec14f73fb96be2caf28f91afb14749d","name":"Equipe G\u00e1vea News","image":{"@type":"ImageObject","inLanguage":"pt-BR","@id":"https:\/\/www.gaveanews.com\/#\/schema\/person\/image\/","url":"https:\/\/secure.gravatar.com\/avatar\/1e1956f1facbffd3f8fa53a326721950116b3b9dc9bd44939c01180fd4a745a9?s=96&d=mm&r=g","contentUrl":"https:\/\/secure.gravatar.com\/avatar\/1e1956f1facbffd3f8fa53a326721950116b3b9dc9bd44939c01180fd4a745a9?s=96&d=mm&r=g","caption":"Equipe G\u00e1vea News"}}]}},"_links":{"self":[{"href":"https:\/\/www.gaveanews.com\/index.php\/wp-json\/wp\/v2\/posts\/50209","targetHints":{"allow":["GET"]}}],"collection":[{"href":"https:\/\/www.gaveanews.com\/index.php\/wp-json\/wp\/v2\/posts"}],"about":[{"href":"https:\/\/www.gaveanews.com\/index.php\/wp-json\/wp\/v2\/types\/post"}],"author":[{"embeddable":true,"href":"https:\/\/www.gaveanews.com\/index.php\/wp-json\/wp\/v2\/users\/1"}],"replies":[{"embeddable":true,"href":"https:\/\/www.gaveanews.com\/index.php\/wp-json\/wp\/v2\/comments?post=50209"}],"version-history":[{"count":0,"href":"https:\/\/www.gaveanews.com\/index.php\/wp-json\/wp\/v2\/posts\/50209\/revisions"}],"wp:featuredmedia":[{"embeddable":true,"href":"https:\/\/www.gaveanews.com\/index.php\/wp-json\/wp\/v2\/media\/23694"}],"wp:attachment":[{"href":"https:\/\/www.gaveanews.com\/index.php\/wp-json\/wp\/v2\/media?parent=50209"}],"wp:term":[{"taxonomy":"category","embeddable":true,"href":"https:\/\/www.gaveanews.com\/index.php\/wp-json\/wp\/v2\/categories?post=50209"},{"taxonomy":"post_tag","embeddable":true,"href":"https:\/\/www.gaveanews.com\/index.php\/wp-json\/wp\/v2\/tags?post=50209"}],"curies":[{"name":"wp","href":"https:\/\/api.w.org\/{rel}","templated":true}]}}