{"id":50266,"date":"2020-10-28T01:06:20","date_gmt":"2020-10-28T04:06:20","guid":{"rendered":"https:\/\/www.gaveanews.com\/?p=50266"},"modified":"2020-10-28T01:06:43","modified_gmt":"2020-10-28T04:06:43","slug":"idolo-de-flamengo-e-real-madrid-savio-conta-detalhes-do-pior-treinador-que-teve","status":"publish","type":"post","link":"https:\/\/www.gaveanews.com\/index.php\/2020\/10\/28\/idolo-de-flamengo-e-real-madrid-savio-conta-detalhes-do-pior-treinador-que-teve\/","title":{"rendered":"\u00cddolo de Flamengo e Real Madrid, S\u00e1vio conta detalhes do pior treinador que teve"},"content":{"rendered":"\n<p>Tricampe\u00e3o da Champions League vestindo a camisa do Real Madrid, o ex-atacante S\u00e1vio teve, ao longo das cinco temporadas que jogou no clube merengue, grandes treinadores. Jupp Heynckes, Guss Hiddink e Vicente del Bosque foram alguns dos nomes que o brasileiro teve o prazer de ser comandado na capital espanhola. No entanto, um foi apontado pelo ex-jogador como o pior que teve em sua carreira.<\/p>\n\n\n\n<p>Em entrevista ao portal ESPN, S\u00e1vio apontou os motivos que fizeram com que o gal\u00eas John Toschak ficasse com o posto nada nobre de sua jornada no futebol.<\/p>\n\n\n\n<p>&#8220;O pior? Alguns, hein (risos). Tive um que n\u00e3o gostei no Real Madrid. Que foi um gal\u00eas, o Toshack. Esse foi um trabalho muito ruim, n\u00e3o gostei. Foi o que menos gostei, vamos dizer assim. Eu n\u00e3o gostava do trabalho dele do dia a dia. Era um trabalho que, para mim, n\u00e3o acrescentava muita coisa. Os treinamentos, a maneira de trabalhar, de lidar com o grupo, taticamente dentro de campo, posicionamento. Por todos esses motivos, n\u00e3o achei o trabalho dele bom&#8221;, disse.<\/p>\n\n\n\n<p>Dentro de campo, S\u00e1vio, durante sua \u00faltima temporada no Real Madrid, teve a possibilidade de trabalhar com Zinedine Zidane, atual treinador do clube espanhol. Para ele, o franc\u00eas j\u00e1 demonstrava ser um grande l\u00edder dentro de campo.<\/p>\n\n\n\n<p>\u201cO Zidane ainda, apesar das conquistas que teve recentemente, \u00e9 um treinador com a trajet\u00f3ria curta. Tem muita coisa pela frente. At\u00e9 ele deve pensar nisso de melhorar, aperfei\u00e7oar. N\u00e3o \u00e9 s\u00f3 pelas tr\u00eas Champions que \u00e9 o maior da hist\u00f3ria do Real Madrid. Tenho certeza que ele vai aprender muito ainda com o futebol\u201d.<\/p>\n\n\n\n<p>\u201cNa \u00e9poca, via o Zidane quando jogava com uma lideran\u00e7a muito maior dentro de campo. N\u00e3o tanto fora dele, porque era muito calado como atleta. T\u00ednhamos outros no grupo com a lideran\u00e7a forte, por exemplo, o Fernando Hierro, que era um l\u00edder nato, ainda o pr\u00f3prio Ra\u00fal, mesmo jovem, antes tamb\u00e9m tinha o Fernando Redondo. Mas, dentro de campo, o Zidane assumia sua lideran\u00e7a com talento, com sua t\u00e9cnica&#8221;, complementou.<\/p>\n\n\n\n<p>Retirado de: ESPN<\/p>\n","protected":false},"excerpt":{"rendered":"<p>Tricampe\u00e3o da Champions League vestindo a camisa do Real Madrid, o ex-atacante S\u00e1vio teve, ao longo das cinco temporadas que jogou no clube merengue, grandes treinadores. Jupp Heynckes, Guss Hiddink e Vicente del Bosque foram alguns dos nomes que o brasileiro teve o prazer de ser comandado na capital espanhola. No entanto, um foi apontado [&hellip;]<\/p>\n","protected":false},"author":1,"featured_media":50267,"comment_status":"open","ping_status":"closed","sticky":false,"template":"","format":"standard","meta":{"footnotes":""},"categories":[47],"tags":[],"class_list":["post-50266","post","type-post","status-publish","format-standard","has-post-thumbnail","hentry","category-destaques"],"yoast_head":"<!-- This site is optimized with the Yoast SEO Premium plugin v24.2 (Yoast SEO v26.9) - https:\/\/yoast.com\/product\/yoast-seo-premium-wordpress\/ -->\n<title>\u00cddolo de Flamengo e Real Madrid, S\u00e1vio conta detalhes do pior treinador que teve<\/title>\n<meta name=\"robots\" content=\"index, follow, max-snippet:-1, max-image-preview:large, max-video-preview:-1\" \/>\n<link rel=\"canonical\" href=\"https:\/\/www.gaveanews.com\/index.php\/2020\/10\/28\/idolo-de-flamengo-e-real-madrid-savio-conta-detalhes-do-pior-treinador-que-teve\/\" \/>\n<meta property=\"og:locale\" content=\"pt_BR\" \/>\n<meta property=\"og:type\" content=\"article\" \/>\n<meta property=\"og:title\" content=\"\u00cddolo de Flamengo e Real Madrid, S\u00e1vio conta detalhes do pior treinador que teve\" \/>\n<meta property=\"og:description\" content=\"Tricampe\u00e3o da Champions League vestindo a camisa do Real Madrid, o ex-atacante S\u00e1vio teve, ao longo das cinco temporadas que jogou no clube merengue, grandes treinadores. Jupp Heynckes, Guss Hiddink e Vicente del Bosque foram alguns dos nomes que o brasileiro teve o prazer de ser comandado na capital espanhola. No entanto, um foi apontado [&hellip;]\" \/>\n<meta property=\"og:url\" content=\"https:\/\/www.gaveanews.com\/index.php\/2020\/10\/28\/idolo-de-flamengo-e-real-madrid-savio-conta-detalhes-do-pior-treinador-que-teve\/\" \/>\n<meta property=\"og:site_name\" content=\"G\u00e1vea News\" \/>\n<meta property=\"article:publisher\" content=\"https:\/\/facebook.com\/gaveaNews\/\" \/>\n<meta property=\"article:published_time\" content=\"2020-10-28T04:06:20+00:00\" \/>\n<meta property=\"article:modified_time\" content=\"2020-10-28T04:06:43+00:00\" \/>\n<meta property=\"og:image\" content=\"https:\/\/www.gaveanews.com\/wp-content\/uploads\/Savio-comemora-apos-marcar-pelo-Flamengo.webp\" \/>\n\t<meta property=\"og:image:width\" content=\"622\" \/>\n\t<meta property=\"og:image:height\" content=\"350\" \/>\n\t<meta property=\"og:image:type\" content=\"image\/jpeg\" \/>\n<meta name=\"author\" content=\"Equipe G\u00e1vea News\" \/>\n<meta name=\"twitter:card\" content=\"summary_large_image\" \/>\n<meta name=\"twitter:label1\" content=\"Escrito por\" \/>\n\t<meta name=\"twitter:data1\" content=\"Equipe G\u00e1vea News\" \/>\n\t<meta name=\"twitter:label2\" content=\"Est. tempo de leitura\" \/>\n\t<meta name=\"twitter:data2\" content=\"2 minutos\" \/>\n<script type=\"application\/ld+json\" class=\"yoast-schema-graph\">{\"@context\":\"https:\/\/schema.org\",\"@graph\":[{\"@type\":\"NewsArticle\",\"@id\":\"https:\/\/www.gaveanews.com\/index.php\/2020\/10\/28\/idolo-de-flamengo-e-real-madrid-savio-conta-detalhes-do-pior-treinador-que-teve\/#article\",\"isPartOf\":{\"@id\":\"https:\/\/www.gaveanews.com\/index.php\/2020\/10\/28\/idolo-de-flamengo-e-real-madrid-savio-conta-detalhes-do-pior-treinador-que-teve\/\"},\"author\":{\"name\":\"Equipe G\u00e1vea News\",\"@id\":\"https:\/\/www.gaveanews.com\/#\/schema\/person\/2ec14f73fb96be2caf28f91afb14749d\"},\"headline\":\"\u00cddolo de Flamengo e Real Madrid, S\u00e1vio conta detalhes do pior treinador que teve\",\"datePublished\":\"2020-10-28T04:06:20+00:00\",\"dateModified\":\"2020-10-28T04:06:43+00:00\",\"mainEntityOfPage\":{\"@id\":\"https:\/\/www.gaveanews.com\/index.php\/2020\/10\/28\/idolo-de-flamengo-e-real-madrid-savio-conta-detalhes-do-pior-treinador-que-teve\/\"},\"wordCount\":380,\"commentCount\":6,\"image\":{\"@id\":\"https:\/\/www.gaveanews.com\/index.php\/2020\/10\/28\/idolo-de-flamengo-e-real-madrid-savio-conta-detalhes-do-pior-treinador-que-teve\/#primaryimage\"},\"thumbnailUrl\":\"https:\/\/www.gaveanews.com\/wp-content\/uploads\/Savio-comemora-apos-marcar-pelo-Flamengo.webp\",\"articleSection\":[\"Destaques\"],\"inLanguage\":\"pt-BR\",\"potentialAction\":[{\"@type\":\"CommentAction\",\"name\":\"Comment\",\"target\":[\"https:\/\/www.gaveanews.com\/index.php\/2020\/10\/28\/idolo-de-flamengo-e-real-madrid-savio-conta-detalhes-do-pior-treinador-que-teve\/#respond\"]}],\"copyrightYear\":\"2020\",\"copyrightHolder\":{\"@id\":\"https:\/\/www.gaveanews.com\/#organization\"}},{\"@type\":\"WebPage\",\"@id\":\"https:\/\/www.gaveanews.com\/index.php\/2020\/10\/28\/idolo-de-flamengo-e-real-madrid-savio-conta-detalhes-do-pior-treinador-que-teve\/\",\"url\":\"https:\/\/www.gaveanews.com\/index.php\/2020\/10\/28\/idolo-de-flamengo-e-real-madrid-savio-conta-detalhes-do-pior-treinador-que-teve\/\",\"name\":\"\u00cddolo de Flamengo e Real Madrid, S\u00e1vio conta detalhes do pior treinador que teve\",\"isPartOf\":{\"@id\":\"https:\/\/www.gaveanews.com\/#website\"},\"primaryImageOfPage\":{\"@id\":\"https:\/\/www.gaveanews.com\/index.php\/2020\/10\/28\/idolo-de-flamengo-e-real-madrid-savio-conta-detalhes-do-pior-treinador-que-teve\/#primaryimage\"},\"image\":{\"@id\":\"https:\/\/www.gaveanews.com\/index.php\/2020\/10\/28\/idolo-de-flamengo-e-real-madrid-savio-conta-detalhes-do-pior-treinador-que-teve\/#primaryimage\"},\"thumbnailUrl\":\"https:\/\/www.gaveanews.com\/wp-content\/uploads\/Savio-comemora-apos-marcar-pelo-Flamengo.webp\",\"datePublished\":\"2020-10-28T04:06:20+00:00\",\"dateModified\":\"2020-10-28T04:06:43+00:00\",\"author\":{\"@id\":\"https:\/\/www.gaveanews.com\/#\/schema\/person\/2ec14f73fb96be2caf28f91afb14749d\"},\"breadcrumb\":{\"@id\":\"https:\/\/www.gaveanews.com\/index.php\/2020\/10\/28\/idolo-de-flamengo-e-real-madrid-savio-conta-detalhes-do-pior-treinador-que-teve\/#breadcrumb\"},\"inLanguage\":\"pt-BR\",\"potentialAction\":[{\"@type\":\"ReadAction\",\"target\":[\"https:\/\/www.gaveanews.com\/index.php\/2020\/10\/28\/idolo-de-flamengo-e-real-madrid-savio-conta-detalhes-do-pior-treinador-que-teve\/\"]}]},{\"@type\":\"ImageObject\",\"inLanguage\":\"pt-BR\",\"@id\":\"https:\/\/www.gaveanews.com\/index.php\/2020\/10\/28\/idolo-de-flamengo-e-real-madrid-savio-conta-detalhes-do-pior-treinador-que-teve\/#primaryimage\",\"url\":\"https:\/\/www.gaveanews.com\/wp-content\/uploads\/Savio-comemora-apos-marcar-pelo-Flamengo.webp\",\"contentUrl\":\"https:\/\/www.gaveanews.com\/wp-content\/uploads\/Savio-comemora-apos-marcar-pelo-Flamengo.webp\",\"width\":622,\"height\":350,\"caption\":\"S\u00e1vio comemora ap\u00f3s marcar pelo Flamengo (Foto: Divulga\u00e7\u00e3o)\"},{\"@type\":\"BreadcrumbList\",\"@id\":\"https:\/\/www.gaveanews.com\/index.php\/2020\/10\/28\/idolo-de-flamengo-e-real-madrid-savio-conta-detalhes-do-pior-treinador-que-teve\/#breadcrumb\",\"itemListElement\":[{\"@type\":\"ListItem\",\"position\":1,\"name\":\"Home\",\"item\":\"https:\/\/www.gaveanews.com\/\"},{\"@type\":\"ListItem\",\"position\":2,\"name\":\"\u00cddolo de Flamengo e Real Madrid, S\u00e1vio conta detalhes do pior treinador que teve\"}]},{\"@type\":\"WebSite\",\"@id\":\"https:\/\/www.gaveanews.com\/#website\",\"url\":\"https:\/\/www.gaveanews.com\/\",\"name\":\"G\u00e1vea News\",\"description\":\"Veja todas as not\u00edcias sobre o Flamengo: Contrata\u00e7\u00f5es, categorias de base, resultados das partidas, tabela de classifica\u00e7\u00e3o, pr\u00f3ximos jogos!\",\"potentialAction\":[{\"@type\":\"SearchAction\",\"target\":{\"@type\":\"EntryPoint\",\"urlTemplate\":\"https:\/\/www.gaveanews.com\/?s={search_term_string}\"},\"query-input\":{\"@type\":\"PropertyValueSpecification\",\"valueRequired\":true,\"valueName\":\"search_term_string\"}}],\"inLanguage\":\"pt-BR\"},{\"@type\":\"Person\",\"@id\":\"https:\/\/www.gaveanews.com\/#\/schema\/person\/2ec14f73fb96be2caf28f91afb14749d\",\"name\":\"Equipe G\u00e1vea News\",\"image\":{\"@type\":\"ImageObject\",\"inLanguage\":\"pt-BR\",\"@id\":\"https:\/\/www.gaveanews.com\/#\/schema\/person\/image\/\",\"url\":\"https:\/\/secure.gravatar.com\/avatar\/1e1956f1facbffd3f8fa53a326721950116b3b9dc9bd44939c01180fd4a745a9?s=96&d=mm&r=g\",\"contentUrl\":\"https:\/\/secure.gravatar.com\/avatar\/1e1956f1facbffd3f8fa53a326721950116b3b9dc9bd44939c01180fd4a745a9?s=96&d=mm&r=g\",\"caption\":\"Equipe G\u00e1vea News\"}}]}<\/script>\n<!-- \/ Yoast SEO Premium plugin. -->","yoast_head_json":{"title":"\u00cddolo de Flamengo e Real Madrid, S\u00e1vio conta detalhes do pior treinador que teve","robots":{"index":"index","follow":"follow","max-snippet":"max-snippet:-1","max-image-preview":"max-image-preview:large","max-video-preview":"max-video-preview:-1"},"canonical":"https:\/\/www.gaveanews.com\/index.php\/2020\/10\/28\/idolo-de-flamengo-e-real-madrid-savio-conta-detalhes-do-pior-treinador-que-teve\/","og_locale":"pt_BR","og_type":"article","og_title":"\u00cddolo de Flamengo e Real Madrid, S\u00e1vio conta detalhes do pior treinador que teve","og_description":"Tricampe\u00e3o da Champions League vestindo a camisa do Real Madrid, o ex-atacante S\u00e1vio teve, ao longo das cinco temporadas que jogou no clube merengue, grandes treinadores. Jupp Heynckes, Guss Hiddink e Vicente del Bosque foram alguns dos nomes que o brasileiro teve o prazer de ser comandado na capital espanhola. No entanto, um foi apontado [&hellip;]","og_url":"https:\/\/www.gaveanews.com\/index.php\/2020\/10\/28\/idolo-de-flamengo-e-real-madrid-savio-conta-detalhes-do-pior-treinador-que-teve\/","og_site_name":"G\u00e1vea News","article_publisher":"https:\/\/facebook.com\/gaveaNews\/","article_published_time":"2020-10-28T04:06:20+00:00","article_modified_time":"2020-10-28T04:06:43+00:00","og_image":[{"width":622,"height":350,"url":"https:\/\/www.gaveanews.com\/wp-content\/uploads\/Savio-comemora-apos-marcar-pelo-Flamengo.webp","type":"image\/jpeg"}],"author":"Equipe G\u00e1vea News","twitter_card":"summary_large_image","twitter_misc":{"Escrito por":"Equipe G\u00e1vea News","Est. tempo de leitura":"2 minutos"},"schema":{"@context":"https:\/\/schema.org","@graph":[{"@type":"NewsArticle","@id":"https:\/\/www.gaveanews.com\/index.php\/2020\/10\/28\/idolo-de-flamengo-e-real-madrid-savio-conta-detalhes-do-pior-treinador-que-teve\/#article","isPartOf":{"@id":"https:\/\/www.gaveanews.com\/index.php\/2020\/10\/28\/idolo-de-flamengo-e-real-madrid-savio-conta-detalhes-do-pior-treinador-que-teve\/"},"author":{"name":"Equipe G\u00e1vea News","@id":"https:\/\/www.gaveanews.com\/#\/schema\/person\/2ec14f73fb96be2caf28f91afb14749d"},"headline":"\u00cddolo de Flamengo e Real Madrid, S\u00e1vio conta detalhes do pior treinador que teve","datePublished":"2020-10-28T04:06:20+00:00","dateModified":"2020-10-28T04:06:43+00:00","mainEntityOfPage":{"@id":"https:\/\/www.gaveanews.com\/index.php\/2020\/10\/28\/idolo-de-flamengo-e-real-madrid-savio-conta-detalhes-do-pior-treinador-que-teve\/"},"wordCount":380,"commentCount":6,"image":{"@id":"https:\/\/www.gaveanews.com\/index.php\/2020\/10\/28\/idolo-de-flamengo-e-real-madrid-savio-conta-detalhes-do-pior-treinador-que-teve\/#primaryimage"},"thumbnailUrl":"https:\/\/www.gaveanews.com\/wp-content\/uploads\/Savio-comemora-apos-marcar-pelo-Flamengo.webp","articleSection":["Destaques"],"inLanguage":"pt-BR","potentialAction":[{"@type":"CommentAction","name":"Comment","target":["https:\/\/www.gaveanews.com\/index.php\/2020\/10\/28\/idolo-de-flamengo-e-real-madrid-savio-conta-detalhes-do-pior-treinador-que-teve\/#respond"]}],"copyrightYear":"2020","copyrightHolder":{"@id":"https:\/\/www.gaveanews.com\/#organization"}},{"@type":"WebPage","@id":"https:\/\/www.gaveanews.com\/index.php\/2020\/10\/28\/idolo-de-flamengo-e-real-madrid-savio-conta-detalhes-do-pior-treinador-que-teve\/","url":"https:\/\/www.gaveanews.com\/index.php\/2020\/10\/28\/idolo-de-flamengo-e-real-madrid-savio-conta-detalhes-do-pior-treinador-que-teve\/","name":"\u00cddolo de Flamengo e Real Madrid, S\u00e1vio conta detalhes do pior treinador que teve","isPartOf":{"@id":"https:\/\/www.gaveanews.com\/#website"},"primaryImageOfPage":{"@id":"https:\/\/www.gaveanews.com\/index.php\/2020\/10\/28\/idolo-de-flamengo-e-real-madrid-savio-conta-detalhes-do-pior-treinador-que-teve\/#primaryimage"},"image":{"@id":"https:\/\/www.gaveanews.com\/index.php\/2020\/10\/28\/idolo-de-flamengo-e-real-madrid-savio-conta-detalhes-do-pior-treinador-que-teve\/#primaryimage"},"thumbnailUrl":"https:\/\/www.gaveanews.com\/wp-content\/uploads\/Savio-comemora-apos-marcar-pelo-Flamengo.webp","datePublished":"2020-10-28T04:06:20+00:00","dateModified":"2020-10-28T04:06:43+00:00","author":{"@id":"https:\/\/www.gaveanews.com\/#\/schema\/person\/2ec14f73fb96be2caf28f91afb14749d"},"breadcrumb":{"@id":"https:\/\/www.gaveanews.com\/index.php\/2020\/10\/28\/idolo-de-flamengo-e-real-madrid-savio-conta-detalhes-do-pior-treinador-que-teve\/#breadcrumb"},"inLanguage":"pt-BR","potentialAction":[{"@type":"ReadAction","target":["https:\/\/www.gaveanews.com\/index.php\/2020\/10\/28\/idolo-de-flamengo-e-real-madrid-savio-conta-detalhes-do-pior-treinador-que-teve\/"]}]},{"@type":"ImageObject","inLanguage":"pt-BR","@id":"https:\/\/www.gaveanews.com\/index.php\/2020\/10\/28\/idolo-de-flamengo-e-real-madrid-savio-conta-detalhes-do-pior-treinador-que-teve\/#primaryimage","url":"https:\/\/www.gaveanews.com\/wp-content\/uploads\/Savio-comemora-apos-marcar-pelo-Flamengo.webp","contentUrl":"https:\/\/www.gaveanews.com\/wp-content\/uploads\/Savio-comemora-apos-marcar-pelo-Flamengo.webp","width":622,"height":350,"caption":"S\u00e1vio comemora ap\u00f3s marcar pelo Flamengo (Foto: Divulga\u00e7\u00e3o)"},{"@type":"BreadcrumbList","@id":"https:\/\/www.gaveanews.com\/index.php\/2020\/10\/28\/idolo-de-flamengo-e-real-madrid-savio-conta-detalhes-do-pior-treinador-que-teve\/#breadcrumb","itemListElement":[{"@type":"ListItem","position":1,"name":"Home","item":"https:\/\/www.gaveanews.com\/"},{"@type":"ListItem","position":2,"name":"\u00cddolo de Flamengo e Real Madrid, S\u00e1vio conta detalhes do pior treinador que teve"}]},{"@type":"WebSite","@id":"https:\/\/www.gaveanews.com\/#website","url":"https:\/\/www.gaveanews.com\/","name":"G\u00e1vea News","description":"Veja todas as not\u00edcias sobre o Flamengo: Contrata\u00e7\u00f5es, categorias de base, resultados das partidas, tabela de classifica\u00e7\u00e3o, pr\u00f3ximos jogos!","potentialAction":[{"@type":"SearchAction","target":{"@type":"EntryPoint","urlTemplate":"https:\/\/www.gaveanews.com\/?s={search_term_string}"},"query-input":{"@type":"PropertyValueSpecification","valueRequired":true,"valueName":"search_term_string"}}],"inLanguage":"pt-BR"},{"@type":"Person","@id":"https:\/\/www.gaveanews.com\/#\/schema\/person\/2ec14f73fb96be2caf28f91afb14749d","name":"Equipe G\u00e1vea News","image":{"@type":"ImageObject","inLanguage":"pt-BR","@id":"https:\/\/www.gaveanews.com\/#\/schema\/person\/image\/","url":"https:\/\/secure.gravatar.com\/avatar\/1e1956f1facbffd3f8fa53a326721950116b3b9dc9bd44939c01180fd4a745a9?s=96&d=mm&r=g","contentUrl":"https:\/\/secure.gravatar.com\/avatar\/1e1956f1facbffd3f8fa53a326721950116b3b9dc9bd44939c01180fd4a745a9?s=96&d=mm&r=g","caption":"Equipe G\u00e1vea News"}}]}},"_links":{"self":[{"href":"https:\/\/www.gaveanews.com\/index.php\/wp-json\/wp\/v2\/posts\/50266","targetHints":{"allow":["GET"]}}],"collection":[{"href":"https:\/\/www.gaveanews.com\/index.php\/wp-json\/wp\/v2\/posts"}],"about":[{"href":"https:\/\/www.gaveanews.com\/index.php\/wp-json\/wp\/v2\/types\/post"}],"author":[{"embeddable":true,"href":"https:\/\/www.gaveanews.com\/index.php\/wp-json\/wp\/v2\/users\/1"}],"replies":[{"embeddable":true,"href":"https:\/\/www.gaveanews.com\/index.php\/wp-json\/wp\/v2\/comments?post=50266"}],"version-history":[{"count":0,"href":"https:\/\/www.gaveanews.com\/index.php\/wp-json\/wp\/v2\/posts\/50266\/revisions"}],"wp:featuredmedia":[{"embeddable":true,"href":"https:\/\/www.gaveanews.com\/index.php\/wp-json\/wp\/v2\/media\/50267"}],"wp:attachment":[{"href":"https:\/\/www.gaveanews.com\/index.php\/wp-json\/wp\/v2\/media?parent=50266"}],"wp:term":[{"taxonomy":"category","embeddable":true,"href":"https:\/\/www.gaveanews.com\/index.php\/wp-json\/wp\/v2\/categories?post=50266"},{"taxonomy":"post_tag","embeddable":true,"href":"https:\/\/www.gaveanews.com\/index.php\/wp-json\/wp\/v2\/tags?post=50266"}],"curies":[{"name":"wp","href":"https:\/\/api.w.org\/{rel}","templated":true}]}}