{"id":50278,"date":"2020-10-28T11:27:06","date_gmt":"2020-10-28T14:27:06","guid":{"rendered":"https:\/\/www.gaveanews.com\/?p=50278"},"modified":"2021-08-12T00:50:32","modified_gmt":"2021-08-12T03:50:32","slug":"gerson-tambem-ganha-musica-do-flamengo-confira","status":"publish","type":"post","link":"https:\/\/www.gaveanews.com\/index.php\/2020\/10\/28\/gerson-tambem-ganha-musica-do-flamengo-confira\/","title":{"rendered":"Gerson tamb\u00e9m ganha m\u00fasica do Flamengo; confira"},"content":{"rendered":"\n<p><a href=\"https:\/\/www.gaveanews.com\/index.php\/2020\/10\/26\/flamengo-lanca-musica-em-homenagem-a-everton-ribeiro-confira\/\">Na \u00faltima segunda-feira (26), Everton Ribeiro postou em suas redes sociais uma m\u00fasica que o Flamengo fez em sua homenagem.<\/a><\/p>\n\n\n\n<p>Ontem (27) foi a vez do outro meia, Gerson. O jogador, que \u00e9 conhecido pela torcida rubro-negra como &#8220;coringa do Flamengo&#8221;, tamb\u00e9m foi homenageado pelo do time do Fla e presenteado com uma m\u00fasica.<\/p>\n\n\n\n<p>Em momentos complicados para o time carioca, cheio de desfalques por conta de les\u00f5es, Covid e convoca\u00e7\u00f5es, o atleta por diversas vezes assumiu o controle e comandou o time, que melhorou o desempenho e trouxe vit\u00f3rias para casa. <\/p>\n\n\n\n<p>O camisa 8 j\u00e1 atuou como meia-central, meia-esquerda, ponta-direita, ponta-esquerda e como armador, fazendo valer o apelido de &#8220;coringa&#8221; como a carta, que em jogos de baralho possui diversas utilidades. <\/p>\n\n\n\n<p>Al\u00e9m da admira\u00e7\u00e3o da torcida, Gerson tamb\u00e9m \u00e9 visto com \u00f3timos olhos pelo t\u00e9cnico Dome, que falou sobre o jogador em uma de suas entrevistas coletivas:<strong> <em>\u201cMuito importante. Temos v\u00e1rios como o Gerson que podem jogar em distintas posi\u00e7\u00f5es. Mas o Gerson jogou de extremo direito, esquerdo, de 10\u2026 Tem muito futuro, \u00e9 jovem. Estamos encantados com ele. Sempre est\u00e1 pronto para jogar em qualquer posi\u00e7\u00e3o. Para mim ele melhorou muito fisicamente tamb\u00e9m.&#8221;<\/em><\/strong><\/p>\n\n\n\n<p><strong>Confira a m\u00fasica publicada:<\/strong><\/p>\n\n\n\n<figure class=\"wp-block-embed-twitter wp-block-embed is-type-rich is-provider-twitter\"><div class=\"wp-block-embed__wrapper\">\n<blockquote class=\"twitter-tweet\" data-width=\"550\" data-dnt=\"true\"><p lang=\"lt\" dir=\"ltr\">VAPO VAPO VAPO VAPO! Aulas, <a href=\"https:\/\/twitter.com\/Flamengo?ref_src=twsrc%5Etfw\">@Flamengo<\/a> \ud83d\ude45\ud83c\udffe\u200d\u2642\ufe0f <a href=\"https:\/\/t.co\/GlVoWxajtI\">https:\/\/t.co\/GlVoWxajtI<\/a><\/p>&mdash; Gerson Santos (@GersonSantos08) <a href=\"https:\/\/twitter.com\/GersonSantos08\/status\/1321233021190754308?ref_src=twsrc%5Etfw\">October 27, 2020<\/a><\/blockquote><script async src=\"https:\/\/platform.twitter.com\/widgets.js\" charset=\"utf-8\"><\/script>\n<\/div><\/figure>\n","protected":false},"excerpt":{"rendered":"<p>Na \u00faltima segunda-feira (26), Everton Ribeiro postou em suas redes sociais uma m\u00fasica que o Flamengo fez em sua homenagem. Ontem (27) foi a vez do outro meia, Gerson. O jogador, que \u00e9 conhecido pela torcida rubro-negra como &#8220;coringa do Flamengo&#8221;, tamb\u00e9m foi homenageado pelo do time do Fla e presenteado com uma m\u00fasica. Em [&hellip;]<\/p>\n","protected":false},"author":4,"featured_media":48822,"comment_status":"open","ping_status":"closed","sticky":false,"template":"","format":"standard","meta":{"footnotes":""},"categories":[1],"tags":[],"class_list":["post-50278","post","type-post","status-publish","format-standard","has-post-thumbnail","hentry","category-flamengo"],"yoast_head":"<!-- This site is optimized with the Yoast SEO Premium plugin v24.2 (Yoast SEO v26.9) - https:\/\/yoast.com\/product\/yoast-seo-premium-wordpress\/ -->\n<title>Gerson tamb\u00e9m ganha m\u00fasica do Flamengo; confira<\/title>\n<meta name=\"description\" content=\"O jogador, que \u00e9 conhecido pela torcida rubro-negra como &quot;coringa do Flamengo&quot;, tamb\u00e9m ganhou uma m\u00fasica em sua homenagem do time do Fla.\" \/>\n<meta name=\"robots\" content=\"index, follow, max-snippet:-1, max-image-preview:large, max-video-preview:-1\" \/>\n<link rel=\"canonical\" href=\"https:\/\/www.gaveanews.com\/index.php\/2020\/10\/28\/gerson-tambem-ganha-musica-do-flamengo-confira\/\" \/>\n<meta property=\"og:locale\" content=\"pt_BR\" \/>\n<meta property=\"og:type\" content=\"article\" \/>\n<meta property=\"og:title\" content=\"Gerson tamb\u00e9m ganha m\u00fasica do Flamengo; confira\" \/>\n<meta property=\"og:description\" content=\"O jogador, que \u00e9 conhecido pela torcida rubro-negra como &quot;coringa do Flamengo&quot;, tamb\u00e9m ganhou uma m\u00fasica em sua homenagem do time do Fla.\" \/>\n<meta property=\"og:url\" content=\"https:\/\/www.gaveanews.com\/index.php\/2020\/10\/28\/gerson-tambem-ganha-musica-do-flamengo-confira\/\" \/>\n<meta property=\"og:site_name\" content=\"G\u00e1vea News\" \/>\n<meta property=\"article:publisher\" content=\"https:\/\/facebook.com\/gaveaNews\/\" \/>\n<meta property=\"article:published_time\" content=\"2020-10-28T14:27:06+00:00\" \/>\n<meta property=\"article:modified_time\" content=\"2021-08-12T03:50:32+00:00\" \/>\n<meta property=\"og:image\" content=\"https:\/\/www.gaveanews.com\/wp-content\/uploads\/Gerson-em-acao-pelo-Flamengo-no-estadio-do-Maracana.webp\" \/>\n\t<meta property=\"og:image:width\" content=\"900\" \/>\n\t<meta property=\"og:image:height\" content=\"598\" \/>\n\t<meta property=\"og:image:type\" content=\"image\/jpeg\" \/>\n<meta name=\"author\" content=\"Let\u00edcia Gerheim\" \/>\n<meta name=\"twitter:card\" content=\"summary_large_image\" \/>\n<meta name=\"twitter:label1\" content=\"Escrito por\" \/>\n\t<meta name=\"twitter:data1\" content=\"Let\u00edcia Gerheim\" \/>\n\t<meta name=\"twitter:label2\" content=\"Est. tempo de leitura\" \/>\n\t<meta name=\"twitter:data2\" content=\"1 minuto\" \/>\n<script type=\"application\/ld+json\" class=\"yoast-schema-graph\">{\"@context\":\"https:\/\/schema.org\",\"@graph\":[{\"@type\":\"NewsArticle\",\"@id\":\"https:\/\/www.gaveanews.com\/index.php\/2020\/10\/28\/gerson-tambem-ganha-musica-do-flamengo-confira\/#article\",\"isPartOf\":{\"@id\":\"https:\/\/www.gaveanews.com\/index.php\/2020\/10\/28\/gerson-tambem-ganha-musica-do-flamengo-confira\/\"},\"author\":{\"name\":\"Let\u00edcia Gerheim\",\"@id\":\"https:\/\/www.gaveanews.com\/#\/schema\/person\/714c67050b836198af2450ba1c142a67\"},\"headline\":\"Gerson tamb\u00e9m ganha m\u00fasica do Flamengo; confira\",\"datePublished\":\"2020-10-28T14:27:06+00:00\",\"dateModified\":\"2021-08-12T03:50:32+00:00\",\"mainEntityOfPage\":{\"@id\":\"https:\/\/www.gaveanews.com\/index.php\/2020\/10\/28\/gerson-tambem-ganha-musica-do-flamengo-confira\/\"},\"wordCount\":222,\"commentCount\":2,\"image\":{\"@id\":\"https:\/\/www.gaveanews.com\/index.php\/2020\/10\/28\/gerson-tambem-ganha-musica-do-flamengo-confira\/#primaryimage\"},\"thumbnailUrl\":\"https:\/\/www.gaveanews.com\/wp-content\/uploads\/Gerson-em-acao-pelo-Flamengo-no-estadio-do-Maracana.webp\",\"articleSection\":[\"Flamengo\"],\"inLanguage\":\"pt-BR\",\"potentialAction\":[{\"@type\":\"CommentAction\",\"name\":\"Comment\",\"target\":[\"https:\/\/www.gaveanews.com\/index.php\/2020\/10\/28\/gerson-tambem-ganha-musica-do-flamengo-confira\/#respond\"]}],\"copyrightYear\":\"2020\",\"copyrightHolder\":{\"@id\":\"https:\/\/www.gaveanews.com\/#organization\"}},{\"@type\":\"WebPage\",\"@id\":\"https:\/\/www.gaveanews.com\/index.php\/2020\/10\/28\/gerson-tambem-ganha-musica-do-flamengo-confira\/\",\"url\":\"https:\/\/www.gaveanews.com\/index.php\/2020\/10\/28\/gerson-tambem-ganha-musica-do-flamengo-confira\/\",\"name\":\"Gerson tamb\u00e9m ganha m\u00fasica do Flamengo; confira\",\"isPartOf\":{\"@id\":\"https:\/\/www.gaveanews.com\/#website\"},\"primaryImageOfPage\":{\"@id\":\"https:\/\/www.gaveanews.com\/index.php\/2020\/10\/28\/gerson-tambem-ganha-musica-do-flamengo-confira\/#primaryimage\"},\"image\":{\"@id\":\"https:\/\/www.gaveanews.com\/index.php\/2020\/10\/28\/gerson-tambem-ganha-musica-do-flamengo-confira\/#primaryimage\"},\"thumbnailUrl\":\"https:\/\/www.gaveanews.com\/wp-content\/uploads\/Gerson-em-acao-pelo-Flamengo-no-estadio-do-Maracana.webp\",\"datePublished\":\"2020-10-28T14:27:06+00:00\",\"dateModified\":\"2021-08-12T03:50:32+00:00\",\"author\":{\"@id\":\"https:\/\/www.gaveanews.com\/#\/schema\/person\/714c67050b836198af2450ba1c142a67\"},\"description\":\"O jogador, que \u00e9 conhecido pela torcida rubro-negra como \\\"coringa do Flamengo\\\", tamb\u00e9m ganhou uma m\u00fasica em sua homenagem do time do Fla.\",\"breadcrumb\":{\"@id\":\"https:\/\/www.gaveanews.com\/index.php\/2020\/10\/28\/gerson-tambem-ganha-musica-do-flamengo-confira\/#breadcrumb\"},\"inLanguage\":\"pt-BR\",\"potentialAction\":[{\"@type\":\"ReadAction\",\"target\":[\"https:\/\/www.gaveanews.com\/index.php\/2020\/10\/28\/gerson-tambem-ganha-musica-do-flamengo-confira\/\"]}]},{\"@type\":\"ImageObject\",\"inLanguage\":\"pt-BR\",\"@id\":\"https:\/\/www.gaveanews.com\/index.php\/2020\/10\/28\/gerson-tambem-ganha-musica-do-flamengo-confira\/#primaryimage\",\"url\":\"https:\/\/www.gaveanews.com\/wp-content\/uploads\/Gerson-em-acao-pelo-Flamengo-no-estadio-do-Maracana.webp\",\"contentUrl\":\"https:\/\/www.gaveanews.com\/wp-content\/uploads\/Gerson-em-acao-pelo-Flamengo-no-estadio-do-Maracana.webp\",\"width\":900,\"height\":598,\"caption\":\"Gerson em a\u00e7\u00e3o pelo Flamengo no est\u00e1dio do Maracan\u00e3 (Foto: Twitter\/ Reprodu\u00e7\u00e3o\/GersonSantos08)\"},{\"@type\":\"BreadcrumbList\",\"@id\":\"https:\/\/www.gaveanews.com\/index.php\/2020\/10\/28\/gerson-tambem-ganha-musica-do-flamengo-confira\/#breadcrumb\",\"itemListElement\":[{\"@type\":\"ListItem\",\"position\":1,\"name\":\"Home\",\"item\":\"https:\/\/www.gaveanews.com\/\"},{\"@type\":\"ListItem\",\"position\":2,\"name\":\"Gerson tamb\u00e9m ganha m\u00fasica do Flamengo; confira\"}]},{\"@type\":\"WebSite\",\"@id\":\"https:\/\/www.gaveanews.com\/#website\",\"url\":\"https:\/\/www.gaveanews.com\/\",\"name\":\"G\u00e1vea News\",\"description\":\"Veja todas as not\u00edcias sobre o Flamengo: Contrata\u00e7\u00f5es, categorias de base, resultados das partidas, tabela de classifica\u00e7\u00e3o, pr\u00f3ximos jogos!\",\"potentialAction\":[{\"@type\":\"SearchAction\",\"target\":{\"@type\":\"EntryPoint\",\"urlTemplate\":\"https:\/\/www.gaveanews.com\/?s={search_term_string}\"},\"query-input\":{\"@type\":\"PropertyValueSpecification\",\"valueRequired\":true,\"valueName\":\"search_term_string\"}}],\"inLanguage\":\"pt-BR\"},{\"@type\":\"Person\",\"@id\":\"https:\/\/www.gaveanews.com\/#\/schema\/person\/714c67050b836198af2450ba1c142a67\",\"name\":\"Let\u00edcia Gerheim\",\"image\":{\"@type\":\"ImageObject\",\"inLanguage\":\"pt-BR\",\"@id\":\"https:\/\/www.gaveanews.com\/#\/schema\/person\/image\/\",\"url\":\"https:\/\/secure.gravatar.com\/avatar\/60734739c50fcebfbac509e2a826ccd0ff405c019bc73aab9354f19ecad1dcb4?s=96&d=mm&r=g\",\"contentUrl\":\"https:\/\/secure.gravatar.com\/avatar\/60734739c50fcebfbac509e2a826ccd0ff405c019bc73aab9354f19ecad1dcb4?s=96&d=mm&r=g\",\"caption\":\"Let\u00edcia Gerheim\"}}]}<\/script>\n<!-- \/ Yoast SEO Premium plugin. -->","yoast_head_json":{"title":"Gerson tamb\u00e9m ganha m\u00fasica do Flamengo; confira","description":"O jogador, que \u00e9 conhecido pela torcida rubro-negra como \"coringa do Flamengo\", tamb\u00e9m ganhou uma m\u00fasica em sua homenagem do time do Fla.","robots":{"index":"index","follow":"follow","max-snippet":"max-snippet:-1","max-image-preview":"max-image-preview:large","max-video-preview":"max-video-preview:-1"},"canonical":"https:\/\/www.gaveanews.com\/index.php\/2020\/10\/28\/gerson-tambem-ganha-musica-do-flamengo-confira\/","og_locale":"pt_BR","og_type":"article","og_title":"Gerson tamb\u00e9m ganha m\u00fasica do Flamengo; confira","og_description":"O jogador, que \u00e9 conhecido pela torcida rubro-negra como \"coringa do Flamengo\", tamb\u00e9m ganhou uma m\u00fasica em sua homenagem do time do Fla.","og_url":"https:\/\/www.gaveanews.com\/index.php\/2020\/10\/28\/gerson-tambem-ganha-musica-do-flamengo-confira\/","og_site_name":"G\u00e1vea News","article_publisher":"https:\/\/facebook.com\/gaveaNews\/","article_published_time":"2020-10-28T14:27:06+00:00","article_modified_time":"2021-08-12T03:50:32+00:00","og_image":[{"width":900,"height":598,"url":"https:\/\/www.gaveanews.com\/wp-content\/uploads\/Gerson-em-acao-pelo-Flamengo-no-estadio-do-Maracana.webp","type":"image\/jpeg"}],"author":"Let\u00edcia Gerheim","twitter_card":"summary_large_image","twitter_misc":{"Escrito por":"Let\u00edcia Gerheim","Est. tempo de leitura":"1 minuto"},"schema":{"@context":"https:\/\/schema.org","@graph":[{"@type":"NewsArticle","@id":"https:\/\/www.gaveanews.com\/index.php\/2020\/10\/28\/gerson-tambem-ganha-musica-do-flamengo-confira\/#article","isPartOf":{"@id":"https:\/\/www.gaveanews.com\/index.php\/2020\/10\/28\/gerson-tambem-ganha-musica-do-flamengo-confira\/"},"author":{"name":"Let\u00edcia Gerheim","@id":"https:\/\/www.gaveanews.com\/#\/schema\/person\/714c67050b836198af2450ba1c142a67"},"headline":"Gerson tamb\u00e9m ganha m\u00fasica do Flamengo; confira","datePublished":"2020-10-28T14:27:06+00:00","dateModified":"2021-08-12T03:50:32+00:00","mainEntityOfPage":{"@id":"https:\/\/www.gaveanews.com\/index.php\/2020\/10\/28\/gerson-tambem-ganha-musica-do-flamengo-confira\/"},"wordCount":222,"commentCount":2,"image":{"@id":"https:\/\/www.gaveanews.com\/index.php\/2020\/10\/28\/gerson-tambem-ganha-musica-do-flamengo-confira\/#primaryimage"},"thumbnailUrl":"https:\/\/www.gaveanews.com\/wp-content\/uploads\/Gerson-em-acao-pelo-Flamengo-no-estadio-do-Maracana.webp","articleSection":["Flamengo"],"inLanguage":"pt-BR","potentialAction":[{"@type":"CommentAction","name":"Comment","target":["https:\/\/www.gaveanews.com\/index.php\/2020\/10\/28\/gerson-tambem-ganha-musica-do-flamengo-confira\/#respond"]}],"copyrightYear":"2020","copyrightHolder":{"@id":"https:\/\/www.gaveanews.com\/#organization"}},{"@type":"WebPage","@id":"https:\/\/www.gaveanews.com\/index.php\/2020\/10\/28\/gerson-tambem-ganha-musica-do-flamengo-confira\/","url":"https:\/\/www.gaveanews.com\/index.php\/2020\/10\/28\/gerson-tambem-ganha-musica-do-flamengo-confira\/","name":"Gerson tamb\u00e9m ganha m\u00fasica do Flamengo; confira","isPartOf":{"@id":"https:\/\/www.gaveanews.com\/#website"},"primaryImageOfPage":{"@id":"https:\/\/www.gaveanews.com\/index.php\/2020\/10\/28\/gerson-tambem-ganha-musica-do-flamengo-confira\/#primaryimage"},"image":{"@id":"https:\/\/www.gaveanews.com\/index.php\/2020\/10\/28\/gerson-tambem-ganha-musica-do-flamengo-confira\/#primaryimage"},"thumbnailUrl":"https:\/\/www.gaveanews.com\/wp-content\/uploads\/Gerson-em-acao-pelo-Flamengo-no-estadio-do-Maracana.webp","datePublished":"2020-10-28T14:27:06+00:00","dateModified":"2021-08-12T03:50:32+00:00","author":{"@id":"https:\/\/www.gaveanews.com\/#\/schema\/person\/714c67050b836198af2450ba1c142a67"},"description":"O jogador, que \u00e9 conhecido pela torcida rubro-negra como \"coringa do Flamengo\", tamb\u00e9m ganhou uma m\u00fasica em sua homenagem do time do Fla.","breadcrumb":{"@id":"https:\/\/www.gaveanews.com\/index.php\/2020\/10\/28\/gerson-tambem-ganha-musica-do-flamengo-confira\/#breadcrumb"},"inLanguage":"pt-BR","potentialAction":[{"@type":"ReadAction","target":["https:\/\/www.gaveanews.com\/index.php\/2020\/10\/28\/gerson-tambem-ganha-musica-do-flamengo-confira\/"]}]},{"@type":"ImageObject","inLanguage":"pt-BR","@id":"https:\/\/www.gaveanews.com\/index.php\/2020\/10\/28\/gerson-tambem-ganha-musica-do-flamengo-confira\/#primaryimage","url":"https:\/\/www.gaveanews.com\/wp-content\/uploads\/Gerson-em-acao-pelo-Flamengo-no-estadio-do-Maracana.webp","contentUrl":"https:\/\/www.gaveanews.com\/wp-content\/uploads\/Gerson-em-acao-pelo-Flamengo-no-estadio-do-Maracana.webp","width":900,"height":598,"caption":"Gerson em a\u00e7\u00e3o pelo Flamengo no est\u00e1dio do Maracan\u00e3 (Foto: Twitter\/ Reprodu\u00e7\u00e3o\/GersonSantos08)"},{"@type":"BreadcrumbList","@id":"https:\/\/www.gaveanews.com\/index.php\/2020\/10\/28\/gerson-tambem-ganha-musica-do-flamengo-confira\/#breadcrumb","itemListElement":[{"@type":"ListItem","position":1,"name":"Home","item":"https:\/\/www.gaveanews.com\/"},{"@type":"ListItem","position":2,"name":"Gerson tamb\u00e9m ganha m\u00fasica do Flamengo; confira"}]},{"@type":"WebSite","@id":"https:\/\/www.gaveanews.com\/#website","url":"https:\/\/www.gaveanews.com\/","name":"G\u00e1vea News","description":"Veja todas as not\u00edcias sobre o Flamengo: Contrata\u00e7\u00f5es, categorias de base, resultados das partidas, tabela de classifica\u00e7\u00e3o, pr\u00f3ximos jogos!","potentialAction":[{"@type":"SearchAction","target":{"@type":"EntryPoint","urlTemplate":"https:\/\/www.gaveanews.com\/?s={search_term_string}"},"query-input":{"@type":"PropertyValueSpecification","valueRequired":true,"valueName":"search_term_string"}}],"inLanguage":"pt-BR"},{"@type":"Person","@id":"https:\/\/www.gaveanews.com\/#\/schema\/person\/714c67050b836198af2450ba1c142a67","name":"Let\u00edcia Gerheim","image":{"@type":"ImageObject","inLanguage":"pt-BR","@id":"https:\/\/www.gaveanews.com\/#\/schema\/person\/image\/","url":"https:\/\/secure.gravatar.com\/avatar\/60734739c50fcebfbac509e2a826ccd0ff405c019bc73aab9354f19ecad1dcb4?s=96&d=mm&r=g","contentUrl":"https:\/\/secure.gravatar.com\/avatar\/60734739c50fcebfbac509e2a826ccd0ff405c019bc73aab9354f19ecad1dcb4?s=96&d=mm&r=g","caption":"Let\u00edcia Gerheim"}}]}},"_links":{"self":[{"href":"https:\/\/www.gaveanews.com\/index.php\/wp-json\/wp\/v2\/posts\/50278","targetHints":{"allow":["GET"]}}],"collection":[{"href":"https:\/\/www.gaveanews.com\/index.php\/wp-json\/wp\/v2\/posts"}],"about":[{"href":"https:\/\/www.gaveanews.com\/index.php\/wp-json\/wp\/v2\/types\/post"}],"author":[{"embeddable":true,"href":"https:\/\/www.gaveanews.com\/index.php\/wp-json\/wp\/v2\/users\/4"}],"replies":[{"embeddable":true,"href":"https:\/\/www.gaveanews.com\/index.php\/wp-json\/wp\/v2\/comments?post=50278"}],"version-history":[{"count":0,"href":"https:\/\/www.gaveanews.com\/index.php\/wp-json\/wp\/v2\/posts\/50278\/revisions"}],"wp:featuredmedia":[{"embeddable":true,"href":"https:\/\/www.gaveanews.com\/index.php\/wp-json\/wp\/v2\/media\/48822"}],"wp:attachment":[{"href":"https:\/\/www.gaveanews.com\/index.php\/wp-json\/wp\/v2\/media?parent=50278"}],"wp:term":[{"taxonomy":"category","embeddable":true,"href":"https:\/\/www.gaveanews.com\/index.php\/wp-json\/wp\/v2\/categories?post=50278"},{"taxonomy":"post_tag","embeddable":true,"href":"https:\/\/www.gaveanews.com\/index.php\/wp-json\/wp\/v2\/tags?post=50278"}],"curies":[{"name":"wp","href":"https:\/\/api.w.org\/{rel}","templated":true}]}}