{"id":50293,"date":"2020-10-28T13:27:08","date_gmt":"2020-10-28T16:27:08","guid":{"rendered":"https:\/\/www.gaveanews.com\/?p=50293"},"modified":"2020-10-28T13:27:13","modified_gmt":"2020-10-28T16:27:13","slug":"narrador-da-globo-mostra-boneco-rubro-negro-e-web-brinca-e-flamenguista","status":"publish","type":"post","link":"https:\/\/www.gaveanews.com\/index.php\/2020\/10\/28\/narrador-da-globo-mostra-boneco-rubro-negro-e-web-brinca-e-flamenguista\/","title":{"rendered":"Narrador da Globo mostra boneco rubro-negro e web brinca: \u201c\u00c9 flamenguista\u201d"},"content":{"rendered":"\n<p>Milton Leite, do Grupo Globo, divertiu os internautas na manh\u00e3 desta quarta-feira (28), durante o programa \u201cReda\u00e7\u00e3o SporTV\u201d. O narrador exibiu um boneco que sua filha fez, mas um detalhe foi o que gerou repercuss\u00e3o.<\/p>\n\n\n\n<p>O boneco aparece com listras vermelhas e pretas, cores do Flamengo. O que foi percebido pelos internautas (veja foto abaixo).<\/p>\n\n\n\n<p>\u201cA Camila (Carelli) me causa inveja toda vez que ela entra no programa porque ela tem uma bonequinha atr\u00e1s dela, uma Camilinha, ent\u00e3o hoje eu trouxe aqui o Miltinho, o boneco de pano que a minha filha fez. Ele vai ficar comigo aqui hoje para participar do programa\u201d, disse o narrador quando mostrou o boneco.<\/p>\n\n\n\n<figure class=\"wp-block-image size-large\"><img decoding=\"async\" src=\"https:\/\/static-wp-tor15-prd.torcedores.com\/wp-content\/uploads\/2020\/10\/repr.webp\" alt=\"\"\/><\/figure>\n\n\n\n<h3 class=\"wp-block-heading\" id=\"h-confira-a-repercuss-o-abaixo\"><strong>Confira a repercuss\u00e3o abaixo:<\/strong><\/h3>\n\n\n\n<figure class=\"wp-block-embed-twitter wp-block-embed is-type-rich is-provider-twitter\"><div class=\"wp-block-embed__wrapper\">\n<blockquote class=\"twitter-tweet\" data-width=\"550\" data-dnt=\"true\"><p lang=\"pt\" dir=\"ltr\">Milton Leite com boneco do Flamengo#redacaosportv e Camila com boneco do Inter? Como assim\ud83d\ude01<\/p>&mdash; Marcio Silva (@MarcioS25437900) <a href=\"https:\/\/twitter.com\/MarcioS25437900\/status\/1321440163487252482?ref_src=twsrc%5Etfw\">October 28, 2020<\/a><\/blockquote><script async src=\"https:\/\/platform.twitter.com\/widgets.js\" charset=\"utf-8\"><\/script>\n<\/div><\/figure>\n\n\n\n<figure class=\"wp-block-embed-twitter wp-block-embed is-type-rich is-provider-twitter\"><div class=\"wp-block-embed__wrapper\">\n<blockquote class=\"twitter-tweet\" data-width=\"550\" data-dnt=\"true\"><p lang=\"pt\" dir=\"ltr\">Bela homenagem do Milton Leite ao Dia do Flamenguista com esse boneco rubro-negro. Obrigado. <a href=\"https:\/\/twitter.com\/hashtag\/redacaosportv?src=hash&amp;ref_src=twsrc%5Etfw\">#redacaosportv<\/a><\/p>&mdash; Anderson Silva (@andersonitb) <a href=\"https:\/\/twitter.com\/andersonitb\/status\/1321437993098502144?ref_src=twsrc%5Etfw\">October 28, 2020<\/a><\/blockquote><script async src=\"https:\/\/platform.twitter.com\/widgets.js\" charset=\"utf-8\"><\/script>\n<\/div><\/figure>\n\n\n\n<figure class=\"wp-block-embed-twitter wp-block-embed is-type-rich is-provider-twitter\"><div class=\"wp-block-embed__wrapper\">\n<blockquote class=\"twitter-tweet\" data-width=\"550\" data-dnt=\"true\"><p lang=\"pt\" dir=\"ltr\">O boneco do Milton Leite \u00e9 Meng\u00e3o! Viva o Dia do Flamenguista&#8230; <a href=\"https:\/\/twitter.com\/hashtag\/redacaosportv?src=hash&amp;ref_src=twsrc%5Etfw\">#redacaosportv<\/a> <a href=\"https:\/\/twitter.com\/hashtag\/DiadoFlamenguista?src=hash&amp;ref_src=twsrc%5Etfw\">#DiadoFlamenguista<\/a><\/p>&mdash; Maur\u00edcio Brand\u00e3o (@MaurcioMotta1) <a href=\"https:\/\/twitter.com\/MaurcioMotta1\/status\/1321439066731253762?ref_src=twsrc%5Etfw\">October 28, 2020<\/a><\/blockquote><script async src=\"https:\/\/platform.twitter.com\/widgets.js\" charset=\"utf-8\"><\/script>\n<\/div><\/figure>\n\n\n\n<figure class=\"wp-block-embed-twitter wp-block-embed is-type-rich is-provider-twitter\"><div class=\"wp-block-embed__wrapper\">\n<blockquote class=\"twitter-tweet\" data-width=\"550\" data-dnt=\"true\"><p lang=\"pt\" dir=\"ltr\">O boneco da filha do <a href=\"https:\/\/twitter.com\/hashtag\/MiltonLeite?src=hash&amp;ref_src=twsrc%5Etfw\">#MiltonLeite<\/a> \u00e9 <a href=\"https:\/\/twitter.com\/hashtag\/Flamengo?src=hash&amp;ref_src=twsrc%5Etfw\">#Flamengo<\/a> acho que o <a href=\"https:\/\/twitter.com\/hashtag\/Gabigol?src=hash&amp;ref_src=twsrc%5Etfw\">#Gabigol<\/a> eu vi em <a href=\"https:\/\/twitter.com\/hashtag\/redacaosportv?src=hash&amp;ref_src=twsrc%5Etfw\">#redacaosportv<\/a> <a href=\"https:\/\/twitter.com\/hashtag\/marcelobarreto?src=hash&amp;ref_src=twsrc%5Etfw\">#marcelobarreto<\/a> . <a href=\"https:\/\/t.co\/ur5aIEWLkE\">pic.twitter.com\/ur5aIEWLkE<\/a><\/p>&mdash; Kadinho (@Kadinhoboa) <a href=\"https:\/\/twitter.com\/Kadinhoboa\/status\/1321438294488551431?ref_src=twsrc%5Etfw\">October 28, 2020<\/a><\/blockquote><script async src=\"https:\/\/platform.twitter.com\/widgets.js\" charset=\"utf-8\"><\/script>\n<\/div><\/figure>\n\n\n\n<figure class=\"wp-block-embed-twitter wp-block-embed is-type-rich is-provider-twitter\"><div class=\"wp-block-embed__wrapper\">\n<blockquote class=\"twitter-tweet\" data-width=\"550\" data-dnt=\"true\"><p lang=\"pt\" dir=\"ltr\">O Milton Leite falando e eu s\u00f3 consigo olhar para o bonequinho rubro negro na frente da linda foto do rei <a href=\"https:\/\/twitter.com\/Pele?ref_src=twsrc%5Etfw\">@Pele<\/a> beijando o rosto de rei Mohamade Ali! <a href=\"https:\/\/twitter.com\/hashtag\/redacaosportv?src=hash&amp;ref_src=twsrc%5Etfw\">#redacaosportv<\/a><\/p>&mdash; Andr\u00e9 (@deo29_ssa) <a href=\"https:\/\/twitter.com\/deo29_ssa\/status\/1321466000181731335?ref_src=twsrc%5Etfw\">October 28, 2020<\/a><\/blockquote><script async src=\"https:\/\/platform.twitter.com\/widgets.js\" charset=\"utf-8\"><\/script>\n<\/div><\/figure>\n\n\n\n<figure class=\"wp-block-embed-twitter wp-block-embed is-type-rich is-provider-twitter\"><div class=\"wp-block-embed__wrapper\">\n<blockquote class=\"twitter-tweet\" data-width=\"550\" data-dnt=\"true\"><p lang=\"pt\" dir=\"ltr\">O Boneco do Milton Leite entregou que ele \u00e9 flamenguista <a href=\"https:\/\/twitter.com\/hashtag\/redacaosportv?src=hash&amp;ref_src=twsrc%5Etfw\">#redacaosportv<\/a><\/p>&mdash; Rodrigo Vargas (@rodrigocpilchas) <a href=\"https:\/\/twitter.com\/rodrigocpilchas\/status\/1321439297980059648?ref_src=twsrc%5Etfw\">October 28, 2020<\/a><\/blockquote><script async src=\"https:\/\/platform.twitter.com\/widgets.js\" charset=\"utf-8\"><\/script>\n<\/div><\/figure>\n\n\n\n<p>Retirado de: Torcedores<\/p>\n","protected":false},"excerpt":{"rendered":"<p>Milton Leite, do Grupo Globo, divertiu os internautas na manh\u00e3 desta quarta-feira (28), durante o programa \u201cReda\u00e7\u00e3o SporTV\u201d. O narrador exibiu um boneco que sua filha fez, mas um detalhe foi o que gerou repercuss\u00e3o. O boneco aparece com listras vermelhas e pretas, cores do Flamengo. O que foi percebido pelos internautas (veja foto abaixo). [&hellip;]<\/p>\n","protected":false},"author":1,"featured_media":15081,"comment_status":"open","ping_status":"closed","sticky":false,"template":"","format":"standard","meta":{"footnotes":""},"categories":[1],"tags":[],"class_list":["post-50293","post","type-post","status-publish","format-standard","has-post-thumbnail","hentry","category-flamengo"],"yoast_head":"<!-- This site is optimized with the Yoast SEO Premium plugin v24.2 (Yoast SEO v26.9) - https:\/\/yoast.com\/product\/yoast-seo-premium-wordpress\/ -->\n<title>Narrador da Globo mostra boneco rubro-negro e web brinca: \u201c\u00c9 flamenguista\u201d<\/title>\n<meta name=\"robots\" content=\"index, follow, max-snippet:-1, max-image-preview:large, max-video-preview:-1\" \/>\n<link rel=\"canonical\" href=\"https:\/\/www.gaveanews.com\/index.php\/2020\/10\/28\/narrador-da-globo-mostra-boneco-rubro-negro-e-web-brinca-e-flamenguista\/\" \/>\n<meta property=\"og:locale\" content=\"pt_BR\" \/>\n<meta property=\"og:type\" content=\"article\" \/>\n<meta property=\"og:title\" content=\"Narrador da Globo mostra boneco rubro-negro e web brinca: \u201c\u00c9 flamenguista\u201d\" \/>\n<meta property=\"og:description\" content=\"Milton Leite, do Grupo Globo, divertiu os internautas na manh\u00e3 desta quarta-feira (28), durante o programa \u201cReda\u00e7\u00e3o SporTV\u201d. O narrador exibiu um boneco que sua filha fez, mas um detalhe foi o que gerou repercuss\u00e3o. O boneco aparece com listras vermelhas e pretas, cores do Flamengo. O que foi percebido pelos internautas (veja foto abaixo). [&hellip;]\" \/>\n<meta property=\"og:url\" content=\"https:\/\/www.gaveanews.com\/index.php\/2020\/10\/28\/narrador-da-globo-mostra-boneco-rubro-negro-e-web-brinca-e-flamenguista\/\" \/>\n<meta property=\"og:site_name\" content=\"G\u00e1vea News\" \/>\n<meta property=\"article:publisher\" content=\"https:\/\/facebook.com\/gaveaNews\/\" \/>\n<meta property=\"article:published_time\" content=\"2020-10-28T16:27:08+00:00\" \/>\n<meta property=\"article:modified_time\" content=\"2020-10-28T16:27:13+00:00\" \/>\n<meta property=\"og:image\" content=\"https:\/\/www.gaveanews.com\/wp-content\/uploads\/2019\/03\/Escudo-do-Flamengo-e-exposto-proximo-a-um-dos-gols-no-gramado-do-Maracana.webp\" \/>\n\t<meta property=\"og:image:width\" content=\"1\" \/>\n\t<meta property=\"og:image:height\" content=\"1\" \/>\n\t<meta property=\"og:image:type\" content=\"image\/jpeg\" \/>\n<meta name=\"author\" content=\"Equipe G\u00e1vea News\" \/>\n<meta name=\"twitter:card\" content=\"summary_large_image\" \/>\n<meta name=\"twitter:label1\" content=\"Escrito por\" \/>\n\t<meta name=\"twitter:data1\" content=\"Equipe G\u00e1vea News\" \/>\n\t<meta name=\"twitter:label2\" content=\"Est. tempo de leitura\" \/>\n\t<meta name=\"twitter:data2\" content=\"1 minuto\" \/>\n<script type=\"application\/ld+json\" class=\"yoast-schema-graph\">{\"@context\":\"https:\/\/schema.org\",\"@graph\":[{\"@type\":\"NewsArticle\",\"@id\":\"https:\/\/www.gaveanews.com\/index.php\/2020\/10\/28\/narrador-da-globo-mostra-boneco-rubro-negro-e-web-brinca-e-flamenguista\/#article\",\"isPartOf\":{\"@id\":\"https:\/\/www.gaveanews.com\/index.php\/2020\/10\/28\/narrador-da-globo-mostra-boneco-rubro-negro-e-web-brinca-e-flamenguista\/\"},\"author\":{\"name\":\"Equipe G\u00e1vea News\",\"@id\":\"https:\/\/www.gaveanews.com\/#\/schema\/person\/2ec14f73fb96be2caf28f91afb14749d\"},\"headline\":\"Narrador da Globo mostra boneco rubro-negro e web brinca: \u201c\u00c9 flamenguista\u201d\",\"datePublished\":\"2020-10-28T16:27:08+00:00\",\"dateModified\":\"2020-10-28T16:27:13+00:00\",\"mainEntityOfPage\":{\"@id\":\"https:\/\/www.gaveanews.com\/index.php\/2020\/10\/28\/narrador-da-globo-mostra-boneco-rubro-negro-e-web-brinca-e-flamenguista\/\"},\"wordCount\":306,\"commentCount\":5,\"image\":{\"@id\":\"https:\/\/www.gaveanews.com\/index.php\/2020\/10\/28\/narrador-da-globo-mostra-boneco-rubro-negro-e-web-brinca-e-flamenguista\/#primaryimage\"},\"thumbnailUrl\":\"https:\/\/www.gaveanews.com\/wp-content\/uploads\/2019\/03\/Escudo-do-Flamengo-e-exposto-proximo-a-um-dos-gols-no-gramado-do-Maracana.webp\",\"articleSection\":[\"Flamengo\"],\"inLanguage\":\"pt-BR\",\"potentialAction\":[{\"@type\":\"CommentAction\",\"name\":\"Comment\",\"target\":[\"https:\/\/www.gaveanews.com\/index.php\/2020\/10\/28\/narrador-da-globo-mostra-boneco-rubro-negro-e-web-brinca-e-flamenguista\/#respond\"]}],\"copyrightYear\":\"2020\",\"copyrightHolder\":{\"@id\":\"https:\/\/www.gaveanews.com\/#organization\"}},{\"@type\":\"WebPage\",\"@id\":\"https:\/\/www.gaveanews.com\/index.php\/2020\/10\/28\/narrador-da-globo-mostra-boneco-rubro-negro-e-web-brinca-e-flamenguista\/\",\"url\":\"https:\/\/www.gaveanews.com\/index.php\/2020\/10\/28\/narrador-da-globo-mostra-boneco-rubro-negro-e-web-brinca-e-flamenguista\/\",\"name\":\"Narrador da Globo mostra boneco rubro-negro e web brinca: \u201c\u00c9 flamenguista\u201d\",\"isPartOf\":{\"@id\":\"https:\/\/www.gaveanews.com\/#website\"},\"primaryImageOfPage\":{\"@id\":\"https:\/\/www.gaveanews.com\/index.php\/2020\/10\/28\/narrador-da-globo-mostra-boneco-rubro-negro-e-web-brinca-e-flamenguista\/#primaryimage\"},\"image\":{\"@id\":\"https:\/\/www.gaveanews.com\/index.php\/2020\/10\/28\/narrador-da-globo-mostra-boneco-rubro-negro-e-web-brinca-e-flamenguista\/#primaryimage\"},\"thumbnailUrl\":\"https:\/\/www.gaveanews.com\/wp-content\/uploads\/2019\/03\/Escudo-do-Flamengo-e-exposto-proximo-a-um-dos-gols-no-gramado-do-Maracana.webp\",\"datePublished\":\"2020-10-28T16:27:08+00:00\",\"dateModified\":\"2020-10-28T16:27:13+00:00\",\"author\":{\"@id\":\"https:\/\/www.gaveanews.com\/#\/schema\/person\/2ec14f73fb96be2caf28f91afb14749d\"},\"breadcrumb\":{\"@id\":\"https:\/\/www.gaveanews.com\/index.php\/2020\/10\/28\/narrador-da-globo-mostra-boneco-rubro-negro-e-web-brinca-e-flamenguista\/#breadcrumb\"},\"inLanguage\":\"pt-BR\",\"potentialAction\":[{\"@type\":\"ReadAction\",\"target\":[\"https:\/\/www.gaveanews.com\/index.php\/2020\/10\/28\/narrador-da-globo-mostra-boneco-rubro-negro-e-web-brinca-e-flamenguista\/\"]}]},{\"@type\":\"ImageObject\",\"inLanguage\":\"pt-BR\",\"@id\":\"https:\/\/www.gaveanews.com\/index.php\/2020\/10\/28\/narrador-da-globo-mostra-boneco-rubro-negro-e-web-brinca-e-flamenguista\/#primaryimage\",\"url\":\"https:\/\/www.gaveanews.com\/wp-content\/uploads\/2019\/03\/Escudo-do-Flamengo-e-exposto-proximo-a-um-dos-gols-no-gramado-do-Maracana.webp\",\"contentUrl\":\"https:\/\/www.gaveanews.com\/wp-content\/uploads\/2019\/03\/Escudo-do-Flamengo-e-exposto-proximo-a-um-dos-gols-no-gramado-do-Maracana.webp\",\"caption\":\"Escudo do Flamengo \u00e9 exposto pr\u00f3ximo a um dos gols, no gramado do Maracan\u00e3 (Foto: Daniel Castelo Branco)\"},{\"@type\":\"BreadcrumbList\",\"@id\":\"https:\/\/www.gaveanews.com\/index.php\/2020\/10\/28\/narrador-da-globo-mostra-boneco-rubro-negro-e-web-brinca-e-flamenguista\/#breadcrumb\",\"itemListElement\":[{\"@type\":\"ListItem\",\"position\":1,\"name\":\"Home\",\"item\":\"https:\/\/www.gaveanews.com\/\"},{\"@type\":\"ListItem\",\"position\":2,\"name\":\"Narrador da Globo mostra boneco rubro-negro e web brinca: \u201c\u00c9 flamenguista\u201d\"}]},{\"@type\":\"WebSite\",\"@id\":\"https:\/\/www.gaveanews.com\/#website\",\"url\":\"https:\/\/www.gaveanews.com\/\",\"name\":\"G\u00e1vea News\",\"description\":\"Veja todas as not\u00edcias sobre o Flamengo: Contrata\u00e7\u00f5es, categorias de base, resultados das partidas, tabela de classifica\u00e7\u00e3o, pr\u00f3ximos jogos!\",\"potentialAction\":[{\"@type\":\"SearchAction\",\"target\":{\"@type\":\"EntryPoint\",\"urlTemplate\":\"https:\/\/www.gaveanews.com\/?s={search_term_string}\"},\"query-input\":{\"@type\":\"PropertyValueSpecification\",\"valueRequired\":true,\"valueName\":\"search_term_string\"}}],\"inLanguage\":\"pt-BR\"},{\"@type\":\"Person\",\"@id\":\"https:\/\/www.gaveanews.com\/#\/schema\/person\/2ec14f73fb96be2caf28f91afb14749d\",\"name\":\"Equipe G\u00e1vea News\",\"image\":{\"@type\":\"ImageObject\",\"inLanguage\":\"pt-BR\",\"@id\":\"https:\/\/www.gaveanews.com\/#\/schema\/person\/image\/\",\"url\":\"https:\/\/secure.gravatar.com\/avatar\/1e1956f1facbffd3f8fa53a326721950116b3b9dc9bd44939c01180fd4a745a9?s=96&d=mm&r=g\",\"contentUrl\":\"https:\/\/secure.gravatar.com\/avatar\/1e1956f1facbffd3f8fa53a326721950116b3b9dc9bd44939c01180fd4a745a9?s=96&d=mm&r=g\",\"caption\":\"Equipe G\u00e1vea News\"}}]}<\/script>\n<!-- \/ Yoast SEO Premium plugin. -->","yoast_head_json":{"title":"Narrador da Globo mostra boneco rubro-negro e web brinca: \u201c\u00c9 flamenguista\u201d","robots":{"index":"index","follow":"follow","max-snippet":"max-snippet:-1","max-image-preview":"max-image-preview:large","max-video-preview":"max-video-preview:-1"},"canonical":"https:\/\/www.gaveanews.com\/index.php\/2020\/10\/28\/narrador-da-globo-mostra-boneco-rubro-negro-e-web-brinca-e-flamenguista\/","og_locale":"pt_BR","og_type":"article","og_title":"Narrador da Globo mostra boneco rubro-negro e web brinca: \u201c\u00c9 flamenguista\u201d","og_description":"Milton Leite, do Grupo Globo, divertiu os internautas na manh\u00e3 desta quarta-feira (28), durante o programa \u201cReda\u00e7\u00e3o SporTV\u201d. O narrador exibiu um boneco que sua filha fez, mas um detalhe foi o que gerou repercuss\u00e3o. O boneco aparece com listras vermelhas e pretas, cores do Flamengo. O que foi percebido pelos internautas (veja foto abaixo). [&hellip;]","og_url":"https:\/\/www.gaveanews.com\/index.php\/2020\/10\/28\/narrador-da-globo-mostra-boneco-rubro-negro-e-web-brinca-e-flamenguista\/","og_site_name":"G\u00e1vea News","article_publisher":"https:\/\/facebook.com\/gaveaNews\/","article_published_time":"2020-10-28T16:27:08+00:00","article_modified_time":"2020-10-28T16:27:13+00:00","og_image":[{"url":"https:\/\/www.gaveanews.com\/wp-content\/uploads\/2019\/03\/Escudo-do-Flamengo-e-exposto-proximo-a-um-dos-gols-no-gramado-do-Maracana.webp","width":1,"height":1,"type":"image\/jpeg"}],"author":"Equipe G\u00e1vea News","twitter_card":"summary_large_image","twitter_misc":{"Escrito por":"Equipe G\u00e1vea News","Est. tempo de leitura":"1 minuto"},"schema":{"@context":"https:\/\/schema.org","@graph":[{"@type":"NewsArticle","@id":"https:\/\/www.gaveanews.com\/index.php\/2020\/10\/28\/narrador-da-globo-mostra-boneco-rubro-negro-e-web-brinca-e-flamenguista\/#article","isPartOf":{"@id":"https:\/\/www.gaveanews.com\/index.php\/2020\/10\/28\/narrador-da-globo-mostra-boneco-rubro-negro-e-web-brinca-e-flamenguista\/"},"author":{"name":"Equipe G\u00e1vea News","@id":"https:\/\/www.gaveanews.com\/#\/schema\/person\/2ec14f73fb96be2caf28f91afb14749d"},"headline":"Narrador da Globo mostra boneco rubro-negro e web brinca: \u201c\u00c9 flamenguista\u201d","datePublished":"2020-10-28T16:27:08+00:00","dateModified":"2020-10-28T16:27:13+00:00","mainEntityOfPage":{"@id":"https:\/\/www.gaveanews.com\/index.php\/2020\/10\/28\/narrador-da-globo-mostra-boneco-rubro-negro-e-web-brinca-e-flamenguista\/"},"wordCount":306,"commentCount":5,"image":{"@id":"https:\/\/www.gaveanews.com\/index.php\/2020\/10\/28\/narrador-da-globo-mostra-boneco-rubro-negro-e-web-brinca-e-flamenguista\/#primaryimage"},"thumbnailUrl":"https:\/\/www.gaveanews.com\/wp-content\/uploads\/2019\/03\/Escudo-do-Flamengo-e-exposto-proximo-a-um-dos-gols-no-gramado-do-Maracana.webp","articleSection":["Flamengo"],"inLanguage":"pt-BR","potentialAction":[{"@type":"CommentAction","name":"Comment","target":["https:\/\/www.gaveanews.com\/index.php\/2020\/10\/28\/narrador-da-globo-mostra-boneco-rubro-negro-e-web-brinca-e-flamenguista\/#respond"]}],"copyrightYear":"2020","copyrightHolder":{"@id":"https:\/\/www.gaveanews.com\/#organization"}},{"@type":"WebPage","@id":"https:\/\/www.gaveanews.com\/index.php\/2020\/10\/28\/narrador-da-globo-mostra-boneco-rubro-negro-e-web-brinca-e-flamenguista\/","url":"https:\/\/www.gaveanews.com\/index.php\/2020\/10\/28\/narrador-da-globo-mostra-boneco-rubro-negro-e-web-brinca-e-flamenguista\/","name":"Narrador da Globo mostra boneco rubro-negro e web brinca: \u201c\u00c9 flamenguista\u201d","isPartOf":{"@id":"https:\/\/www.gaveanews.com\/#website"},"primaryImageOfPage":{"@id":"https:\/\/www.gaveanews.com\/index.php\/2020\/10\/28\/narrador-da-globo-mostra-boneco-rubro-negro-e-web-brinca-e-flamenguista\/#primaryimage"},"image":{"@id":"https:\/\/www.gaveanews.com\/index.php\/2020\/10\/28\/narrador-da-globo-mostra-boneco-rubro-negro-e-web-brinca-e-flamenguista\/#primaryimage"},"thumbnailUrl":"https:\/\/www.gaveanews.com\/wp-content\/uploads\/2019\/03\/Escudo-do-Flamengo-e-exposto-proximo-a-um-dos-gols-no-gramado-do-Maracana.webp","datePublished":"2020-10-28T16:27:08+00:00","dateModified":"2020-10-28T16:27:13+00:00","author":{"@id":"https:\/\/www.gaveanews.com\/#\/schema\/person\/2ec14f73fb96be2caf28f91afb14749d"},"breadcrumb":{"@id":"https:\/\/www.gaveanews.com\/index.php\/2020\/10\/28\/narrador-da-globo-mostra-boneco-rubro-negro-e-web-brinca-e-flamenguista\/#breadcrumb"},"inLanguage":"pt-BR","potentialAction":[{"@type":"ReadAction","target":["https:\/\/www.gaveanews.com\/index.php\/2020\/10\/28\/narrador-da-globo-mostra-boneco-rubro-negro-e-web-brinca-e-flamenguista\/"]}]},{"@type":"ImageObject","inLanguage":"pt-BR","@id":"https:\/\/www.gaveanews.com\/index.php\/2020\/10\/28\/narrador-da-globo-mostra-boneco-rubro-negro-e-web-brinca-e-flamenguista\/#primaryimage","url":"https:\/\/www.gaveanews.com\/wp-content\/uploads\/2019\/03\/Escudo-do-Flamengo-e-exposto-proximo-a-um-dos-gols-no-gramado-do-Maracana.webp","contentUrl":"https:\/\/www.gaveanews.com\/wp-content\/uploads\/2019\/03\/Escudo-do-Flamengo-e-exposto-proximo-a-um-dos-gols-no-gramado-do-Maracana.webp","caption":"Escudo do Flamengo \u00e9 exposto pr\u00f3ximo a um dos gols, no gramado do Maracan\u00e3 (Foto: Daniel Castelo Branco)"},{"@type":"BreadcrumbList","@id":"https:\/\/www.gaveanews.com\/index.php\/2020\/10\/28\/narrador-da-globo-mostra-boneco-rubro-negro-e-web-brinca-e-flamenguista\/#breadcrumb","itemListElement":[{"@type":"ListItem","position":1,"name":"Home","item":"https:\/\/www.gaveanews.com\/"},{"@type":"ListItem","position":2,"name":"Narrador da Globo mostra boneco rubro-negro e web brinca: \u201c\u00c9 flamenguista\u201d"}]},{"@type":"WebSite","@id":"https:\/\/www.gaveanews.com\/#website","url":"https:\/\/www.gaveanews.com\/","name":"G\u00e1vea News","description":"Veja todas as not\u00edcias sobre o Flamengo: Contrata\u00e7\u00f5es, categorias de base, resultados das partidas, tabela de classifica\u00e7\u00e3o, pr\u00f3ximos jogos!","potentialAction":[{"@type":"SearchAction","target":{"@type":"EntryPoint","urlTemplate":"https:\/\/www.gaveanews.com\/?s={search_term_string}"},"query-input":{"@type":"PropertyValueSpecification","valueRequired":true,"valueName":"search_term_string"}}],"inLanguage":"pt-BR"},{"@type":"Person","@id":"https:\/\/www.gaveanews.com\/#\/schema\/person\/2ec14f73fb96be2caf28f91afb14749d","name":"Equipe G\u00e1vea News","image":{"@type":"ImageObject","inLanguage":"pt-BR","@id":"https:\/\/www.gaveanews.com\/#\/schema\/person\/image\/","url":"https:\/\/secure.gravatar.com\/avatar\/1e1956f1facbffd3f8fa53a326721950116b3b9dc9bd44939c01180fd4a745a9?s=96&d=mm&r=g","contentUrl":"https:\/\/secure.gravatar.com\/avatar\/1e1956f1facbffd3f8fa53a326721950116b3b9dc9bd44939c01180fd4a745a9?s=96&d=mm&r=g","caption":"Equipe G\u00e1vea News"}}]}},"_links":{"self":[{"href":"https:\/\/www.gaveanews.com\/index.php\/wp-json\/wp\/v2\/posts\/50293","targetHints":{"allow":["GET"]}}],"collection":[{"href":"https:\/\/www.gaveanews.com\/index.php\/wp-json\/wp\/v2\/posts"}],"about":[{"href":"https:\/\/www.gaveanews.com\/index.php\/wp-json\/wp\/v2\/types\/post"}],"author":[{"embeddable":true,"href":"https:\/\/www.gaveanews.com\/index.php\/wp-json\/wp\/v2\/users\/1"}],"replies":[{"embeddable":true,"href":"https:\/\/www.gaveanews.com\/index.php\/wp-json\/wp\/v2\/comments?post=50293"}],"version-history":[{"count":0,"href":"https:\/\/www.gaveanews.com\/index.php\/wp-json\/wp\/v2\/posts\/50293\/revisions"}],"wp:featuredmedia":[{"embeddable":true,"href":"https:\/\/www.gaveanews.com\/index.php\/wp-json\/wp\/v2\/media\/15081"}],"wp:attachment":[{"href":"https:\/\/www.gaveanews.com\/index.php\/wp-json\/wp\/v2\/media?parent=50293"}],"wp:term":[{"taxonomy":"category","embeddable":true,"href":"https:\/\/www.gaveanews.com\/index.php\/wp-json\/wp\/v2\/categories?post=50293"},{"taxonomy":"post_tag","embeddable":true,"href":"https:\/\/www.gaveanews.com\/index.php\/wp-json\/wp\/v2\/tags?post=50293"}],"curies":[{"name":"wp","href":"https:\/\/api.w.org\/{rel}","templated":true}]}}