{"id":50464,"date":"2020-10-29T21:08:53","date_gmt":"2020-10-30T00:08:53","guid":{"rendered":"https:\/\/www.gaveanews.com\/?p=50464"},"modified":"2020-10-29T21:08:57","modified_gmt":"2020-10-30T00:08:57","slug":"flamengo-treina-no-ninho-de-olho-no-sao-paulo","status":"publish","type":"post","link":"https:\/\/www.gaveanews.com\/index.php\/2020\/10\/29\/flamengo-treina-no-ninho-de-olho-no-sao-paulo\/","title":{"rendered":"Flamengo treina no Ninho de olho no S\u00e3o Paulo"},"content":{"rendered":"\n<p>Ap\u00f3s disputar sua nona partida em 28 dias, o elenco do Flamengo retornou ao Rio de Janeiro na manh\u00e3 desta quinta-feira e foi direto para o Ninho do Urubu. Os jogadores que atuaram na vit\u00f3ria sobre o Athletico-PR fizeram um trabalho de recupera\u00e7\u00e3o na academia, mas para os que ficaram de fora do jogo ou entraram no segundo tempo, o trabalho foi no campo.<\/p>\n\n\n\n<p>O Rubro-Negro tem um importante compromisso no pr\u00f3ximo domingo diante do S\u00e3o Paulo, concorrente direto pelo t\u00edtulo do Brasileir\u00e3o. O duelo da 19\u00aa rodada fecha a participa\u00e7\u00e3o do Flamengo no primeiro turno, enquanto o Tricolor ainda ter\u00e1 de disputar tr\u00eas jogos adiados.<\/p>\n\n\n\n<p>Sem poder contar com Willian Ar\u00e3o e Thiago Maia, suspensos por terem recebido o terceiro cart\u00e3o amarelo na \u00faltima partida, o t\u00e9cnico Dome vai ter de escalar um jovem da base para compor o setor de meio campo. Jo\u00e3o Gomes e Daniel Cabral s\u00e3o as op\u00e7\u00f5es do treinador.<\/p>\n\n\n\n<p>Quem tamb\u00e9m pode reaparecer no time \u00e9 o atacante Pedro Rocha, que se recuperou de les\u00e3o muscular e est\u00e1 \u00e0 disposi\u00e7\u00e3o. J\u00e1 Arrascaeta e Gabigol, que n\u00e3o acompanharam a delega\u00e7\u00e3o nos jogos no Sul contra Inter e Athletico-PR, podem ser as principais novidades para o confronto.<\/p>\n\n\n\n<p>O meia uruguaio n\u00e3o atua desde que retornou da sele\u00e7\u00e3o de seu pa\u00eds com uma les\u00e3o na coxa, h\u00e1 duas semanas. Recuperado e de volta aos treinos, sentiu dores no joelho no final da semana passada e ficou no Rio em tratamento.<\/p>\n\n\n\n<p>J\u00e1 Gabigol, que sofreu uma tor\u00e7\u00e3o no tornozelo h\u00e1 um m\u00eas, iniciou a transi\u00e7\u00e3o para o campo no in\u00edcio da semana.<\/p>\n\n\n\n<p>O elenco, exceto os que se recuperam de les\u00f5es, receber\u00e1 folga nesta sexta-feira. A equipe vai finalizar a prepara\u00e7\u00e3o para a o jogo contra o S\u00e3o Paulo com um treino no s\u00e1bado.<\/p>\n\n\n\n<p>O Flamengo \u00e9 o vice-l\u00edder do Brasileir\u00e3o com 35 pontos, mesma contagem do l\u00edder Inter, que tem melhor saldo de gols. O S\u00e3o Paulo \u00e9 o quinto colocado com 27 pontos, mas tem tr\u00eas jogos a menos que os dois l\u00edderes.<\/p>\n\n\n\n<p>Depois de enfrentar a equipe paulista, o Flamengo decidir\u00e1 na pr\u00f3xima quarta-feira a vaga nas quartas de final da Copa do Brasil. O confronto decisivo com o Athletico-PR ser\u00e1 no Maracan\u00e3, e o Rubro-Negro entra com a vantagem do empate.<\/p>\n\n\n\n<p>Retirado de: Gazeta Esportiva<\/p>\n","protected":false},"excerpt":{"rendered":"<p>Ap\u00f3s disputar sua nona partida em 28 dias, o elenco do Flamengo retornou ao Rio de Janeiro na manh\u00e3 desta quinta-feira e foi direto para o Ninho do Urubu. Os jogadores que atuaram na vit\u00f3ria sobre o Athletico-PR fizeram um trabalho de recupera\u00e7\u00e3o na academia, mas para os que ficaram de fora do jogo ou [&hellip;]<\/p>\n","protected":false},"author":1,"featured_media":50432,"comment_status":"open","ping_status":"closed","sticky":false,"template":"","format":"standard","meta":{"footnotes":""},"categories":[1],"tags":[],"class_list":["post-50464","post","type-post","status-publish","format-standard","has-post-thumbnail","hentry","category-flamengo"],"yoast_head":"<!-- This site is optimized with the Yoast SEO Premium plugin v24.2 (Yoast SEO v26.9) - https:\/\/yoast.com\/product\/yoast-seo-premium-wordpress\/ -->\n<title>Flamengo treina no Ninho de olho no S\u00e3o Paulo<\/title>\n<meta name=\"robots\" content=\"index, follow, max-snippet:-1, max-image-preview:large, max-video-preview:-1\" \/>\n<link rel=\"canonical\" href=\"https:\/\/www.gaveanews.com\/index.php\/2020\/10\/29\/flamengo-treina-no-ninho-de-olho-no-sao-paulo\/\" \/>\n<meta property=\"og:locale\" content=\"pt_BR\" \/>\n<meta property=\"og:type\" content=\"article\" \/>\n<meta property=\"og:title\" content=\"Flamengo treina no Ninho de olho no S\u00e3o Paulo\" \/>\n<meta property=\"og:description\" content=\"Ap\u00f3s disputar sua nona partida em 28 dias, o elenco do Flamengo retornou ao Rio de Janeiro na manh\u00e3 desta quinta-feira e foi direto para o Ninho do Urubu. Os jogadores que atuaram na vit\u00f3ria sobre o Athletico-PR fizeram um trabalho de recupera\u00e7\u00e3o na academia, mas para os que ficaram de fora do jogo ou [&hellip;]\" \/>\n<meta property=\"og:url\" content=\"https:\/\/www.gaveanews.com\/index.php\/2020\/10\/29\/flamengo-treina-no-ninho-de-olho-no-sao-paulo\/\" \/>\n<meta property=\"og:site_name\" content=\"G\u00e1vea News\" \/>\n<meta property=\"article:publisher\" content=\"https:\/\/facebook.com\/gaveaNews\/\" \/>\n<meta property=\"article:published_time\" content=\"2020-10-30T00:08:53+00:00\" \/>\n<meta property=\"article:modified_time\" content=\"2020-10-30T00:08:57+00:00\" \/>\n<meta property=\"og:image\" content=\"https:\/\/www.gaveanews.com\/wp-content\/uploads\/Everton-Ribeiro-em-acao-pelo-Flamengo-contra-o-Sao-Paulo.webp\" \/>\n\t<meta property=\"og:image:width\" content=\"799\" \/>\n\t<meta property=\"og:image:height\" content=\"532\" \/>\n\t<meta property=\"og:image:type\" content=\"image\/jpeg\" \/>\n<meta name=\"author\" content=\"Equipe G\u00e1vea News\" \/>\n<meta name=\"twitter:card\" content=\"summary_large_image\" \/>\n<meta name=\"twitter:label1\" content=\"Escrito por\" \/>\n\t<meta name=\"twitter:data1\" content=\"Equipe G\u00e1vea News\" \/>\n\t<meta name=\"twitter:label2\" content=\"Est. tempo de leitura\" \/>\n\t<meta name=\"twitter:data2\" content=\"2 minutos\" \/>\n<script type=\"application\/ld+json\" class=\"yoast-schema-graph\">{\"@context\":\"https:\/\/schema.org\",\"@graph\":[{\"@type\":\"NewsArticle\",\"@id\":\"https:\/\/www.gaveanews.com\/index.php\/2020\/10\/29\/flamengo-treina-no-ninho-de-olho-no-sao-paulo\/#article\",\"isPartOf\":{\"@id\":\"https:\/\/www.gaveanews.com\/index.php\/2020\/10\/29\/flamengo-treina-no-ninho-de-olho-no-sao-paulo\/\"},\"author\":{\"name\":\"Equipe G\u00e1vea News\",\"@id\":\"https:\/\/www.gaveanews.com\/#\/schema\/person\/2ec14f73fb96be2caf28f91afb14749d\"},\"headline\":\"Flamengo treina no Ninho de olho no S\u00e3o Paulo\",\"datePublished\":\"2020-10-30T00:08:53+00:00\",\"dateModified\":\"2020-10-30T00:08:57+00:00\",\"mainEntityOfPage\":{\"@id\":\"https:\/\/www.gaveanews.com\/index.php\/2020\/10\/29\/flamengo-treina-no-ninho-de-olho-no-sao-paulo\/\"},\"wordCount\":421,\"commentCount\":16,\"image\":{\"@id\":\"https:\/\/www.gaveanews.com\/index.php\/2020\/10\/29\/flamengo-treina-no-ninho-de-olho-no-sao-paulo\/#primaryimage\"},\"thumbnailUrl\":\"https:\/\/www.gaveanews.com\/wp-content\/uploads\/Everton-Ribeiro-em-acao-pelo-Flamengo-contra-o-Sao-Paulo.webp\",\"articleSection\":[\"Flamengo\"],\"inLanguage\":\"pt-BR\",\"potentialAction\":[{\"@type\":\"CommentAction\",\"name\":\"Comment\",\"target\":[\"https:\/\/www.gaveanews.com\/index.php\/2020\/10\/29\/flamengo-treina-no-ninho-de-olho-no-sao-paulo\/#respond\"]}],\"copyrightYear\":\"2020\",\"copyrightHolder\":{\"@id\":\"https:\/\/www.gaveanews.com\/#organization\"}},{\"@type\":\"WebPage\",\"@id\":\"https:\/\/www.gaveanews.com\/index.php\/2020\/10\/29\/flamengo-treina-no-ninho-de-olho-no-sao-paulo\/\",\"url\":\"https:\/\/www.gaveanews.com\/index.php\/2020\/10\/29\/flamengo-treina-no-ninho-de-olho-no-sao-paulo\/\",\"name\":\"Flamengo treina no Ninho de olho no S\u00e3o Paulo\",\"isPartOf\":{\"@id\":\"https:\/\/www.gaveanews.com\/#website\"},\"primaryImageOfPage\":{\"@id\":\"https:\/\/www.gaveanews.com\/index.php\/2020\/10\/29\/flamengo-treina-no-ninho-de-olho-no-sao-paulo\/#primaryimage\"},\"image\":{\"@id\":\"https:\/\/www.gaveanews.com\/index.php\/2020\/10\/29\/flamengo-treina-no-ninho-de-olho-no-sao-paulo\/#primaryimage\"},\"thumbnailUrl\":\"https:\/\/www.gaveanews.com\/wp-content\/uploads\/Everton-Ribeiro-em-acao-pelo-Flamengo-contra-o-Sao-Paulo.webp\",\"datePublished\":\"2020-10-30T00:08:53+00:00\",\"dateModified\":\"2020-10-30T00:08:57+00:00\",\"author\":{\"@id\":\"https:\/\/www.gaveanews.com\/#\/schema\/person\/2ec14f73fb96be2caf28f91afb14749d\"},\"breadcrumb\":{\"@id\":\"https:\/\/www.gaveanews.com\/index.php\/2020\/10\/29\/flamengo-treina-no-ninho-de-olho-no-sao-paulo\/#breadcrumb\"},\"inLanguage\":\"pt-BR\",\"potentialAction\":[{\"@type\":\"ReadAction\",\"target\":[\"https:\/\/www.gaveanews.com\/index.php\/2020\/10\/29\/flamengo-treina-no-ninho-de-olho-no-sao-paulo\/\"]}]},{\"@type\":\"ImageObject\",\"inLanguage\":\"pt-BR\",\"@id\":\"https:\/\/www.gaveanews.com\/index.php\/2020\/10\/29\/flamengo-treina-no-ninho-de-olho-no-sao-paulo\/#primaryimage\",\"url\":\"https:\/\/www.gaveanews.com\/wp-content\/uploads\/Everton-Ribeiro-em-acao-pelo-Flamengo-contra-o-Sao-Paulo.webp\",\"contentUrl\":\"https:\/\/www.gaveanews.com\/wp-content\/uploads\/Everton-Ribeiro-em-acao-pelo-Flamengo-contra-o-Sao-Paulo.webp\",\"width\":799,\"height\":532,\"caption\":\"Everton Ribeiro em a\u00e7\u00e3o pelo Flamengo contra o S\u00e3o Paulo (Foto: Alexandre Vidal, Marcelo Cortes e Paula Reis\/Flamengo)\"},{\"@type\":\"BreadcrumbList\",\"@id\":\"https:\/\/www.gaveanews.com\/index.php\/2020\/10\/29\/flamengo-treina-no-ninho-de-olho-no-sao-paulo\/#breadcrumb\",\"itemListElement\":[{\"@type\":\"ListItem\",\"position\":1,\"name\":\"Home\",\"item\":\"https:\/\/www.gaveanews.com\/\"},{\"@type\":\"ListItem\",\"position\":2,\"name\":\"Flamengo treina no Ninho de olho no S\u00e3o Paulo\"}]},{\"@type\":\"WebSite\",\"@id\":\"https:\/\/www.gaveanews.com\/#website\",\"url\":\"https:\/\/www.gaveanews.com\/\",\"name\":\"G\u00e1vea News\",\"description\":\"Veja todas as not\u00edcias sobre o Flamengo: Contrata\u00e7\u00f5es, categorias de base, resultados das partidas, tabela de classifica\u00e7\u00e3o, pr\u00f3ximos jogos!\",\"potentialAction\":[{\"@type\":\"SearchAction\",\"target\":{\"@type\":\"EntryPoint\",\"urlTemplate\":\"https:\/\/www.gaveanews.com\/?s={search_term_string}\"},\"query-input\":{\"@type\":\"PropertyValueSpecification\",\"valueRequired\":true,\"valueName\":\"search_term_string\"}}],\"inLanguage\":\"pt-BR\"},{\"@type\":\"Person\",\"@id\":\"https:\/\/www.gaveanews.com\/#\/schema\/person\/2ec14f73fb96be2caf28f91afb14749d\",\"name\":\"Equipe G\u00e1vea News\",\"image\":{\"@type\":\"ImageObject\",\"inLanguage\":\"pt-BR\",\"@id\":\"https:\/\/www.gaveanews.com\/#\/schema\/person\/image\/\",\"url\":\"https:\/\/secure.gravatar.com\/avatar\/1e1956f1facbffd3f8fa53a326721950116b3b9dc9bd44939c01180fd4a745a9?s=96&d=mm&r=g\",\"contentUrl\":\"https:\/\/secure.gravatar.com\/avatar\/1e1956f1facbffd3f8fa53a326721950116b3b9dc9bd44939c01180fd4a745a9?s=96&d=mm&r=g\",\"caption\":\"Equipe G\u00e1vea News\"}}]}<\/script>\n<!-- \/ Yoast SEO Premium plugin. -->","yoast_head_json":{"title":"Flamengo treina no Ninho de olho no S\u00e3o Paulo","robots":{"index":"index","follow":"follow","max-snippet":"max-snippet:-1","max-image-preview":"max-image-preview:large","max-video-preview":"max-video-preview:-1"},"canonical":"https:\/\/www.gaveanews.com\/index.php\/2020\/10\/29\/flamengo-treina-no-ninho-de-olho-no-sao-paulo\/","og_locale":"pt_BR","og_type":"article","og_title":"Flamengo treina no Ninho de olho no S\u00e3o Paulo","og_description":"Ap\u00f3s disputar sua nona partida em 28 dias, o elenco do Flamengo retornou ao Rio de Janeiro na manh\u00e3 desta quinta-feira e foi direto para o Ninho do Urubu. Os jogadores que atuaram na vit\u00f3ria sobre o Athletico-PR fizeram um trabalho de recupera\u00e7\u00e3o na academia, mas para os que ficaram de fora do jogo ou [&hellip;]","og_url":"https:\/\/www.gaveanews.com\/index.php\/2020\/10\/29\/flamengo-treina-no-ninho-de-olho-no-sao-paulo\/","og_site_name":"G\u00e1vea News","article_publisher":"https:\/\/facebook.com\/gaveaNews\/","article_published_time":"2020-10-30T00:08:53+00:00","article_modified_time":"2020-10-30T00:08:57+00:00","og_image":[{"width":799,"height":532,"url":"https:\/\/www.gaveanews.com\/wp-content\/uploads\/Everton-Ribeiro-em-acao-pelo-Flamengo-contra-o-Sao-Paulo.webp","type":"image\/jpeg"}],"author":"Equipe G\u00e1vea News","twitter_card":"summary_large_image","twitter_misc":{"Escrito por":"Equipe G\u00e1vea News","Est. tempo de leitura":"2 minutos"},"schema":{"@context":"https:\/\/schema.org","@graph":[{"@type":"NewsArticle","@id":"https:\/\/www.gaveanews.com\/index.php\/2020\/10\/29\/flamengo-treina-no-ninho-de-olho-no-sao-paulo\/#article","isPartOf":{"@id":"https:\/\/www.gaveanews.com\/index.php\/2020\/10\/29\/flamengo-treina-no-ninho-de-olho-no-sao-paulo\/"},"author":{"name":"Equipe G\u00e1vea News","@id":"https:\/\/www.gaveanews.com\/#\/schema\/person\/2ec14f73fb96be2caf28f91afb14749d"},"headline":"Flamengo treina no Ninho de olho no S\u00e3o Paulo","datePublished":"2020-10-30T00:08:53+00:00","dateModified":"2020-10-30T00:08:57+00:00","mainEntityOfPage":{"@id":"https:\/\/www.gaveanews.com\/index.php\/2020\/10\/29\/flamengo-treina-no-ninho-de-olho-no-sao-paulo\/"},"wordCount":421,"commentCount":16,"image":{"@id":"https:\/\/www.gaveanews.com\/index.php\/2020\/10\/29\/flamengo-treina-no-ninho-de-olho-no-sao-paulo\/#primaryimage"},"thumbnailUrl":"https:\/\/www.gaveanews.com\/wp-content\/uploads\/Everton-Ribeiro-em-acao-pelo-Flamengo-contra-o-Sao-Paulo.webp","articleSection":["Flamengo"],"inLanguage":"pt-BR","potentialAction":[{"@type":"CommentAction","name":"Comment","target":["https:\/\/www.gaveanews.com\/index.php\/2020\/10\/29\/flamengo-treina-no-ninho-de-olho-no-sao-paulo\/#respond"]}],"copyrightYear":"2020","copyrightHolder":{"@id":"https:\/\/www.gaveanews.com\/#organization"}},{"@type":"WebPage","@id":"https:\/\/www.gaveanews.com\/index.php\/2020\/10\/29\/flamengo-treina-no-ninho-de-olho-no-sao-paulo\/","url":"https:\/\/www.gaveanews.com\/index.php\/2020\/10\/29\/flamengo-treina-no-ninho-de-olho-no-sao-paulo\/","name":"Flamengo treina no Ninho de olho no S\u00e3o Paulo","isPartOf":{"@id":"https:\/\/www.gaveanews.com\/#website"},"primaryImageOfPage":{"@id":"https:\/\/www.gaveanews.com\/index.php\/2020\/10\/29\/flamengo-treina-no-ninho-de-olho-no-sao-paulo\/#primaryimage"},"image":{"@id":"https:\/\/www.gaveanews.com\/index.php\/2020\/10\/29\/flamengo-treina-no-ninho-de-olho-no-sao-paulo\/#primaryimage"},"thumbnailUrl":"https:\/\/www.gaveanews.com\/wp-content\/uploads\/Everton-Ribeiro-em-acao-pelo-Flamengo-contra-o-Sao-Paulo.webp","datePublished":"2020-10-30T00:08:53+00:00","dateModified":"2020-10-30T00:08:57+00:00","author":{"@id":"https:\/\/www.gaveanews.com\/#\/schema\/person\/2ec14f73fb96be2caf28f91afb14749d"},"breadcrumb":{"@id":"https:\/\/www.gaveanews.com\/index.php\/2020\/10\/29\/flamengo-treina-no-ninho-de-olho-no-sao-paulo\/#breadcrumb"},"inLanguage":"pt-BR","potentialAction":[{"@type":"ReadAction","target":["https:\/\/www.gaveanews.com\/index.php\/2020\/10\/29\/flamengo-treina-no-ninho-de-olho-no-sao-paulo\/"]}]},{"@type":"ImageObject","inLanguage":"pt-BR","@id":"https:\/\/www.gaveanews.com\/index.php\/2020\/10\/29\/flamengo-treina-no-ninho-de-olho-no-sao-paulo\/#primaryimage","url":"https:\/\/www.gaveanews.com\/wp-content\/uploads\/Everton-Ribeiro-em-acao-pelo-Flamengo-contra-o-Sao-Paulo.webp","contentUrl":"https:\/\/www.gaveanews.com\/wp-content\/uploads\/Everton-Ribeiro-em-acao-pelo-Flamengo-contra-o-Sao-Paulo.webp","width":799,"height":532,"caption":"Everton Ribeiro em a\u00e7\u00e3o pelo Flamengo contra o S\u00e3o Paulo (Foto: Alexandre Vidal, Marcelo Cortes e Paula Reis\/Flamengo)"},{"@type":"BreadcrumbList","@id":"https:\/\/www.gaveanews.com\/index.php\/2020\/10\/29\/flamengo-treina-no-ninho-de-olho-no-sao-paulo\/#breadcrumb","itemListElement":[{"@type":"ListItem","position":1,"name":"Home","item":"https:\/\/www.gaveanews.com\/"},{"@type":"ListItem","position":2,"name":"Flamengo treina no Ninho de olho no S\u00e3o Paulo"}]},{"@type":"WebSite","@id":"https:\/\/www.gaveanews.com\/#website","url":"https:\/\/www.gaveanews.com\/","name":"G\u00e1vea News","description":"Veja todas as not\u00edcias sobre o Flamengo: Contrata\u00e7\u00f5es, categorias de base, resultados das partidas, tabela de classifica\u00e7\u00e3o, pr\u00f3ximos jogos!","potentialAction":[{"@type":"SearchAction","target":{"@type":"EntryPoint","urlTemplate":"https:\/\/www.gaveanews.com\/?s={search_term_string}"},"query-input":{"@type":"PropertyValueSpecification","valueRequired":true,"valueName":"search_term_string"}}],"inLanguage":"pt-BR"},{"@type":"Person","@id":"https:\/\/www.gaveanews.com\/#\/schema\/person\/2ec14f73fb96be2caf28f91afb14749d","name":"Equipe G\u00e1vea News","image":{"@type":"ImageObject","inLanguage":"pt-BR","@id":"https:\/\/www.gaveanews.com\/#\/schema\/person\/image\/","url":"https:\/\/secure.gravatar.com\/avatar\/1e1956f1facbffd3f8fa53a326721950116b3b9dc9bd44939c01180fd4a745a9?s=96&d=mm&r=g","contentUrl":"https:\/\/secure.gravatar.com\/avatar\/1e1956f1facbffd3f8fa53a326721950116b3b9dc9bd44939c01180fd4a745a9?s=96&d=mm&r=g","caption":"Equipe G\u00e1vea News"}}]}},"_links":{"self":[{"href":"https:\/\/www.gaveanews.com\/index.php\/wp-json\/wp\/v2\/posts\/50464","targetHints":{"allow":["GET"]}}],"collection":[{"href":"https:\/\/www.gaveanews.com\/index.php\/wp-json\/wp\/v2\/posts"}],"about":[{"href":"https:\/\/www.gaveanews.com\/index.php\/wp-json\/wp\/v2\/types\/post"}],"author":[{"embeddable":true,"href":"https:\/\/www.gaveanews.com\/index.php\/wp-json\/wp\/v2\/users\/1"}],"replies":[{"embeddable":true,"href":"https:\/\/www.gaveanews.com\/index.php\/wp-json\/wp\/v2\/comments?post=50464"}],"version-history":[{"count":0,"href":"https:\/\/www.gaveanews.com\/index.php\/wp-json\/wp\/v2\/posts\/50464\/revisions"}],"wp:featuredmedia":[{"embeddable":true,"href":"https:\/\/www.gaveanews.com\/index.php\/wp-json\/wp\/v2\/media\/50432"}],"wp:attachment":[{"href":"https:\/\/www.gaveanews.com\/index.php\/wp-json\/wp\/v2\/media?parent=50464"}],"wp:term":[{"taxonomy":"category","embeddable":true,"href":"https:\/\/www.gaveanews.com\/index.php\/wp-json\/wp\/v2\/categories?post=50464"},{"taxonomy":"post_tag","embeddable":true,"href":"https:\/\/www.gaveanews.com\/index.php\/wp-json\/wp\/v2\/tags?post=50464"}],"curies":[{"name":"wp","href":"https:\/\/api.w.org\/{rel}","templated":true}]}}