{"id":50471,"date":"2020-10-31T06:55:51","date_gmt":"2020-10-31T09:55:51","guid":{"rendered":"https:\/\/www.gaveanews.com\/?p=50471"},"modified":"2021-08-12T00:50:20","modified_gmt":"2021-08-12T03:50:20","slug":"confira-a-provavel-escalacao-do-flamengo-contra-o-sao-paulo","status":"publish","type":"post","link":"https:\/\/www.gaveanews.com\/index.php\/2020\/10\/31\/confira-a-provavel-escalacao-do-flamengo-contra-o-sao-paulo\/","title":{"rendered":"Confira a prov\u00e1vel escala\u00e7\u00e3o do Flamengo contra o S\u00e3o Paulo"},"content":{"rendered":"\n<p>Neste domingo (01), o Mais Querido enfrentar\u00e1 o S\u00e3o Paulo pela 19\u00aa rodada do Campeonato Brasileiro.<\/p>\n\n\n\n<p>O confronto ocorrer\u00e1 \u00e0s 16h (hor\u00e1rios de Bras\u00edlia), no Maracan\u00e3. As equipes se encontram em fases diferentes da competi\u00e7\u00e3o. Enquanto o Fla procurar\u00e1 a vit\u00f3ria para continuar na briga pela lideran\u00e7a na tabela, o time paulista lutar\u00e1 para se manter no G6 do campeonato. Entretanto, ambos se encontram empatados com outros times em n\u00famero de pontos e buscar\u00e3o a vit\u00f3ria para encontrarem um poss\u00edvel desempate.<\/p>\n\n\n\n<p>Tanto o time carioca quanto o time paulista possuem listas importantes de desfalques. <a href=\"https:\/\/www.gaveanews.com\/index.php\/2020\/10\/29\/sao-paulo-possui-cinco-desfalques-contra-o-flamengo\/\">O S\u00e3o Paulo, soma cinco jogadores lesionados que n\u00e3o poder\u00e3o atuar pelo time<\/a>. Por outro lado, <a href=\"https:\/\/www.gaveanews.com\/index.php\/2020\/10\/29\/flamengo-possui-6-desfalques-para-a-partida-contra-sao-paulo\/\">o Flamengo possui cinco baixas confirmadas (3 lesionados e 2 suspensos)<\/a>. Havia um expetativa pelo retorno de Rodrigo Caio, mas o zagueiro teve constatada uma nova les\u00e3o na panturrilha direita confirmada ontem (30).<\/p>\n\n\n\n<h2 class=\"wp-block-heading\" id=\"h-confira-a-prov-vel-escala-o-do-flamengo\">Confira a prov\u00e1vel escala\u00e7\u00e3o do Flamengo: <\/h2>\n\n\n\n<p>Hugo; Isla, Gustavo Henrique, Natan, Filipe Lu\u00eds; Gerson, Daniel Cabral, Vitinho; Everton Ribeiro, Bruno Henrique e Pedro.<\/p>\n\n\n\n<hr class=\"wp-block-separator\"\/>\n\n\n\n<p><strong>Opini\u00e3o da na\u00e7\u00e3o! Qual time voc\u00ea escalaria para o jogo contra o S\u00e3o Paulo? Deixe sua resposta nos coment\u00e1rios!<\/strong><\/p>\n","protected":false},"excerpt":{"rendered":"<p>Neste domingo (01), o Mais Querido enfrentar\u00e1 o S\u00e3o Paulo pela 19\u00aa rodada do Campeonato Brasileiro. O confronto ocorrer\u00e1 \u00e0s 16h (hor\u00e1rios de Bras\u00edlia), no Maracan\u00e3. As equipes se encontram em fases diferentes da competi\u00e7\u00e3o. Enquanto o Fla procurar\u00e1 a vit\u00f3ria para continuar na briga pela lideran\u00e7a na tabela, o time paulista lutar\u00e1 para se [&hellip;]<\/p>\n","protected":false},"author":4,"featured_media":50132,"comment_status":"open","ping_status":"closed","sticky":false,"template":"","format":"standard","meta":{"footnotes":""},"categories":[1],"tags":[],"class_list":["post-50471","post","type-post","status-publish","format-standard","has-post-thumbnail","hentry","category-flamengo"],"yoast_head":"<!-- This site is optimized with the Yoast SEO Premium plugin v24.2 (Yoast SEO v26.9) - https:\/\/yoast.com\/product\/yoast-seo-premium-wordpress\/ -->\n<title>Confira a prov\u00e1vel escala\u00e7\u00e3o do Flamengo contra o S\u00e3o Paulo<\/title>\n<meta name=\"description\" content=\"Neste domingo (01), o Mais Querido enfrentar\u00e1 o S\u00e3o Paulo pela 19\u00aa rodada do Campeonato Brasileiro. O confronto ocorrer\u00e1 \u00e0s 16h, no Maracan\u00e3.\" \/>\n<meta name=\"robots\" content=\"index, follow, max-snippet:-1, max-image-preview:large, max-video-preview:-1\" \/>\n<link rel=\"canonical\" href=\"https:\/\/www.gaveanews.com\/index.php\/2020\/10\/31\/confira-a-provavel-escalacao-do-flamengo-contra-o-sao-paulo\/\" \/>\n<meta property=\"og:locale\" content=\"pt_BR\" \/>\n<meta property=\"og:type\" content=\"article\" \/>\n<meta property=\"og:title\" content=\"Confira a prov\u00e1vel escala\u00e7\u00e3o do Flamengo contra o S\u00e3o Paulo\" \/>\n<meta property=\"og:description\" content=\"Neste domingo (01), o Mais Querido enfrentar\u00e1 o S\u00e3o Paulo pela 19\u00aa rodada do Campeonato Brasileiro. O confronto ocorrer\u00e1 \u00e0s 16h, no Maracan\u00e3.\" \/>\n<meta property=\"og:url\" content=\"https:\/\/www.gaveanews.com\/index.php\/2020\/10\/31\/confira-a-provavel-escalacao-do-flamengo-contra-o-sao-paulo\/\" \/>\n<meta property=\"og:site_name\" content=\"G\u00e1vea News\" \/>\n<meta property=\"article:publisher\" content=\"https:\/\/facebook.com\/gaveaNews\/\" \/>\n<meta property=\"article:published_time\" content=\"2020-10-31T09:55:51+00:00\" \/>\n<meta property=\"article:modified_time\" content=\"2021-08-12T03:50:20+00:00\" \/>\n<meta property=\"og:image\" content=\"https:\/\/www.gaveanews.com\/wp-content\/uploads\/Jogadores-do-Flamengo-comemorando-gol-em-partida-contra-o-Internacional.webp\" \/>\n\t<meta property=\"og:image:width\" content=\"800\" \/>\n\t<meta property=\"og:image:height\" content=\"533\" \/>\n\t<meta property=\"og:image:type\" content=\"image\/jpeg\" \/>\n<meta name=\"author\" content=\"Let\u00edcia Gerheim\" \/>\n<meta name=\"twitter:card\" content=\"summary_large_image\" \/>\n<meta name=\"twitter:label1\" content=\"Escrito por\" \/>\n\t<meta name=\"twitter:data1\" content=\"Let\u00edcia Gerheim\" \/>\n\t<meta name=\"twitter:label2\" content=\"Est. tempo de leitura\" \/>\n\t<meta name=\"twitter:data2\" content=\"1 minuto\" \/>\n<script type=\"application\/ld+json\" class=\"yoast-schema-graph\">{\"@context\":\"https:\/\/schema.org\",\"@graph\":[{\"@type\":\"NewsArticle\",\"@id\":\"https:\/\/www.gaveanews.com\/index.php\/2020\/10\/31\/confira-a-provavel-escalacao-do-flamengo-contra-o-sao-paulo\/#article\",\"isPartOf\":{\"@id\":\"https:\/\/www.gaveanews.com\/index.php\/2020\/10\/31\/confira-a-provavel-escalacao-do-flamengo-contra-o-sao-paulo\/\"},\"author\":{\"name\":\"Let\u00edcia Gerheim\",\"@id\":\"https:\/\/www.gaveanews.com\/#\/schema\/person\/714c67050b836198af2450ba1c142a67\"},\"headline\":\"Confira a prov\u00e1vel escala\u00e7\u00e3o do Flamengo contra o S\u00e3o Paulo\",\"datePublished\":\"2020-10-31T09:55:51+00:00\",\"dateModified\":\"2021-08-12T03:50:20+00:00\",\"mainEntityOfPage\":{\"@id\":\"https:\/\/www.gaveanews.com\/index.php\/2020\/10\/31\/confira-a-provavel-escalacao-do-flamengo-contra-o-sao-paulo\/\"},\"wordCount\":214,\"commentCount\":68,\"image\":{\"@id\":\"https:\/\/www.gaveanews.com\/index.php\/2020\/10\/31\/confira-a-provavel-escalacao-do-flamengo-contra-o-sao-paulo\/#primaryimage\"},\"thumbnailUrl\":\"https:\/\/www.gaveanews.com\/wp-content\/uploads\/Jogadores-do-Flamengo-comemorando-gol-em-partida-contra-o-Internacional.webp\",\"articleSection\":[\"Flamengo\"],\"inLanguage\":\"pt-BR\",\"potentialAction\":[{\"@type\":\"CommentAction\",\"name\":\"Comment\",\"target\":[\"https:\/\/www.gaveanews.com\/index.php\/2020\/10\/31\/confira-a-provavel-escalacao-do-flamengo-contra-o-sao-paulo\/#respond\"]}],\"copyrightYear\":\"2020\",\"copyrightHolder\":{\"@id\":\"https:\/\/www.gaveanews.com\/#organization\"}},{\"@type\":\"WebPage\",\"@id\":\"https:\/\/www.gaveanews.com\/index.php\/2020\/10\/31\/confira-a-provavel-escalacao-do-flamengo-contra-o-sao-paulo\/\",\"url\":\"https:\/\/www.gaveanews.com\/index.php\/2020\/10\/31\/confira-a-provavel-escalacao-do-flamengo-contra-o-sao-paulo\/\",\"name\":\"Confira a prov\u00e1vel escala\u00e7\u00e3o do Flamengo contra o S\u00e3o Paulo\",\"isPartOf\":{\"@id\":\"https:\/\/www.gaveanews.com\/#website\"},\"primaryImageOfPage\":{\"@id\":\"https:\/\/www.gaveanews.com\/index.php\/2020\/10\/31\/confira-a-provavel-escalacao-do-flamengo-contra-o-sao-paulo\/#primaryimage\"},\"image\":{\"@id\":\"https:\/\/www.gaveanews.com\/index.php\/2020\/10\/31\/confira-a-provavel-escalacao-do-flamengo-contra-o-sao-paulo\/#primaryimage\"},\"thumbnailUrl\":\"https:\/\/www.gaveanews.com\/wp-content\/uploads\/Jogadores-do-Flamengo-comemorando-gol-em-partida-contra-o-Internacional.webp\",\"datePublished\":\"2020-10-31T09:55:51+00:00\",\"dateModified\":\"2021-08-12T03:50:20+00:00\",\"author\":{\"@id\":\"https:\/\/www.gaveanews.com\/#\/schema\/person\/714c67050b836198af2450ba1c142a67\"},\"description\":\"Neste domingo (01), o Mais Querido enfrentar\u00e1 o S\u00e3o Paulo pela 19\u00aa rodada do Campeonato Brasileiro. O confronto ocorrer\u00e1 \u00e0s 16h, no Maracan\u00e3.\",\"breadcrumb\":{\"@id\":\"https:\/\/www.gaveanews.com\/index.php\/2020\/10\/31\/confira-a-provavel-escalacao-do-flamengo-contra-o-sao-paulo\/#breadcrumb\"},\"inLanguage\":\"pt-BR\",\"potentialAction\":[{\"@type\":\"ReadAction\",\"target\":[\"https:\/\/www.gaveanews.com\/index.php\/2020\/10\/31\/confira-a-provavel-escalacao-do-flamengo-contra-o-sao-paulo\/\"]}]},{\"@type\":\"ImageObject\",\"inLanguage\":\"pt-BR\",\"@id\":\"https:\/\/www.gaveanews.com\/index.php\/2020\/10\/31\/confira-a-provavel-escalacao-do-flamengo-contra-o-sao-paulo\/#primaryimage\",\"url\":\"https:\/\/www.gaveanews.com\/wp-content\/uploads\/Jogadores-do-Flamengo-comemorando-gol-em-partida-contra-o-Internacional.webp\",\"contentUrl\":\"https:\/\/www.gaveanews.com\/wp-content\/uploads\/Jogadores-do-Flamengo-comemorando-gol-em-partida-contra-o-Internacional.webp\",\"width\":800,\"height\":533,\"caption\":\"Jogadores do Flamengo comemorando gol em partida contra o Internacional (Foto: Marcelo Cortes\/Flamengo)\"},{\"@type\":\"BreadcrumbList\",\"@id\":\"https:\/\/www.gaveanews.com\/index.php\/2020\/10\/31\/confira-a-provavel-escalacao-do-flamengo-contra-o-sao-paulo\/#breadcrumb\",\"itemListElement\":[{\"@type\":\"ListItem\",\"position\":1,\"name\":\"Home\",\"item\":\"https:\/\/www.gaveanews.com\/\"},{\"@type\":\"ListItem\",\"position\":2,\"name\":\"Confira a prov\u00e1vel escala\u00e7\u00e3o do Flamengo contra o S\u00e3o Paulo\"}]},{\"@type\":\"WebSite\",\"@id\":\"https:\/\/www.gaveanews.com\/#website\",\"url\":\"https:\/\/www.gaveanews.com\/\",\"name\":\"G\u00e1vea News\",\"description\":\"Veja todas as not\u00edcias sobre o Flamengo: Contrata\u00e7\u00f5es, categorias de base, resultados das partidas, tabela de classifica\u00e7\u00e3o, pr\u00f3ximos jogos!\",\"potentialAction\":[{\"@type\":\"SearchAction\",\"target\":{\"@type\":\"EntryPoint\",\"urlTemplate\":\"https:\/\/www.gaveanews.com\/?s={search_term_string}\"},\"query-input\":{\"@type\":\"PropertyValueSpecification\",\"valueRequired\":true,\"valueName\":\"search_term_string\"}}],\"inLanguage\":\"pt-BR\"},{\"@type\":\"Person\",\"@id\":\"https:\/\/www.gaveanews.com\/#\/schema\/person\/714c67050b836198af2450ba1c142a67\",\"name\":\"Let\u00edcia Gerheim\",\"image\":{\"@type\":\"ImageObject\",\"inLanguage\":\"pt-BR\",\"@id\":\"https:\/\/www.gaveanews.com\/#\/schema\/person\/image\/\",\"url\":\"https:\/\/secure.gravatar.com\/avatar\/60734739c50fcebfbac509e2a826ccd0ff405c019bc73aab9354f19ecad1dcb4?s=96&d=mm&r=g\",\"contentUrl\":\"https:\/\/secure.gravatar.com\/avatar\/60734739c50fcebfbac509e2a826ccd0ff405c019bc73aab9354f19ecad1dcb4?s=96&d=mm&r=g\",\"caption\":\"Let\u00edcia Gerheim\"}}]}<\/script>\n<!-- \/ Yoast SEO Premium plugin. -->","yoast_head_json":{"title":"Confira a prov\u00e1vel escala\u00e7\u00e3o do Flamengo contra o S\u00e3o Paulo","description":"Neste domingo (01), o Mais Querido enfrentar\u00e1 o S\u00e3o Paulo pela 19\u00aa rodada do Campeonato Brasileiro. O confronto ocorrer\u00e1 \u00e0s 16h, no Maracan\u00e3.","robots":{"index":"index","follow":"follow","max-snippet":"max-snippet:-1","max-image-preview":"max-image-preview:large","max-video-preview":"max-video-preview:-1"},"canonical":"https:\/\/www.gaveanews.com\/index.php\/2020\/10\/31\/confira-a-provavel-escalacao-do-flamengo-contra-o-sao-paulo\/","og_locale":"pt_BR","og_type":"article","og_title":"Confira a prov\u00e1vel escala\u00e7\u00e3o do Flamengo contra o S\u00e3o Paulo","og_description":"Neste domingo (01), o Mais Querido enfrentar\u00e1 o S\u00e3o Paulo pela 19\u00aa rodada do Campeonato Brasileiro. O confronto ocorrer\u00e1 \u00e0s 16h, no Maracan\u00e3.","og_url":"https:\/\/www.gaveanews.com\/index.php\/2020\/10\/31\/confira-a-provavel-escalacao-do-flamengo-contra-o-sao-paulo\/","og_site_name":"G\u00e1vea News","article_publisher":"https:\/\/facebook.com\/gaveaNews\/","article_published_time":"2020-10-31T09:55:51+00:00","article_modified_time":"2021-08-12T03:50:20+00:00","og_image":[{"width":800,"height":533,"url":"https:\/\/www.gaveanews.com\/wp-content\/uploads\/Jogadores-do-Flamengo-comemorando-gol-em-partida-contra-o-Internacional.webp","type":"image\/jpeg"}],"author":"Let\u00edcia Gerheim","twitter_card":"summary_large_image","twitter_misc":{"Escrito por":"Let\u00edcia Gerheim","Est. tempo de leitura":"1 minuto"},"schema":{"@context":"https:\/\/schema.org","@graph":[{"@type":"NewsArticle","@id":"https:\/\/www.gaveanews.com\/index.php\/2020\/10\/31\/confira-a-provavel-escalacao-do-flamengo-contra-o-sao-paulo\/#article","isPartOf":{"@id":"https:\/\/www.gaveanews.com\/index.php\/2020\/10\/31\/confira-a-provavel-escalacao-do-flamengo-contra-o-sao-paulo\/"},"author":{"name":"Let\u00edcia Gerheim","@id":"https:\/\/www.gaveanews.com\/#\/schema\/person\/714c67050b836198af2450ba1c142a67"},"headline":"Confira a prov\u00e1vel escala\u00e7\u00e3o do Flamengo contra o S\u00e3o Paulo","datePublished":"2020-10-31T09:55:51+00:00","dateModified":"2021-08-12T03:50:20+00:00","mainEntityOfPage":{"@id":"https:\/\/www.gaveanews.com\/index.php\/2020\/10\/31\/confira-a-provavel-escalacao-do-flamengo-contra-o-sao-paulo\/"},"wordCount":214,"commentCount":68,"image":{"@id":"https:\/\/www.gaveanews.com\/index.php\/2020\/10\/31\/confira-a-provavel-escalacao-do-flamengo-contra-o-sao-paulo\/#primaryimage"},"thumbnailUrl":"https:\/\/www.gaveanews.com\/wp-content\/uploads\/Jogadores-do-Flamengo-comemorando-gol-em-partida-contra-o-Internacional.webp","articleSection":["Flamengo"],"inLanguage":"pt-BR","potentialAction":[{"@type":"CommentAction","name":"Comment","target":["https:\/\/www.gaveanews.com\/index.php\/2020\/10\/31\/confira-a-provavel-escalacao-do-flamengo-contra-o-sao-paulo\/#respond"]}],"copyrightYear":"2020","copyrightHolder":{"@id":"https:\/\/www.gaveanews.com\/#organization"}},{"@type":"WebPage","@id":"https:\/\/www.gaveanews.com\/index.php\/2020\/10\/31\/confira-a-provavel-escalacao-do-flamengo-contra-o-sao-paulo\/","url":"https:\/\/www.gaveanews.com\/index.php\/2020\/10\/31\/confira-a-provavel-escalacao-do-flamengo-contra-o-sao-paulo\/","name":"Confira a prov\u00e1vel escala\u00e7\u00e3o do Flamengo contra o S\u00e3o Paulo","isPartOf":{"@id":"https:\/\/www.gaveanews.com\/#website"},"primaryImageOfPage":{"@id":"https:\/\/www.gaveanews.com\/index.php\/2020\/10\/31\/confira-a-provavel-escalacao-do-flamengo-contra-o-sao-paulo\/#primaryimage"},"image":{"@id":"https:\/\/www.gaveanews.com\/index.php\/2020\/10\/31\/confira-a-provavel-escalacao-do-flamengo-contra-o-sao-paulo\/#primaryimage"},"thumbnailUrl":"https:\/\/www.gaveanews.com\/wp-content\/uploads\/Jogadores-do-Flamengo-comemorando-gol-em-partida-contra-o-Internacional.webp","datePublished":"2020-10-31T09:55:51+00:00","dateModified":"2021-08-12T03:50:20+00:00","author":{"@id":"https:\/\/www.gaveanews.com\/#\/schema\/person\/714c67050b836198af2450ba1c142a67"},"description":"Neste domingo (01), o Mais Querido enfrentar\u00e1 o S\u00e3o Paulo pela 19\u00aa rodada do Campeonato Brasileiro. O confronto ocorrer\u00e1 \u00e0s 16h, no Maracan\u00e3.","breadcrumb":{"@id":"https:\/\/www.gaveanews.com\/index.php\/2020\/10\/31\/confira-a-provavel-escalacao-do-flamengo-contra-o-sao-paulo\/#breadcrumb"},"inLanguage":"pt-BR","potentialAction":[{"@type":"ReadAction","target":["https:\/\/www.gaveanews.com\/index.php\/2020\/10\/31\/confira-a-provavel-escalacao-do-flamengo-contra-o-sao-paulo\/"]}]},{"@type":"ImageObject","inLanguage":"pt-BR","@id":"https:\/\/www.gaveanews.com\/index.php\/2020\/10\/31\/confira-a-provavel-escalacao-do-flamengo-contra-o-sao-paulo\/#primaryimage","url":"https:\/\/www.gaveanews.com\/wp-content\/uploads\/Jogadores-do-Flamengo-comemorando-gol-em-partida-contra-o-Internacional.webp","contentUrl":"https:\/\/www.gaveanews.com\/wp-content\/uploads\/Jogadores-do-Flamengo-comemorando-gol-em-partida-contra-o-Internacional.webp","width":800,"height":533,"caption":"Jogadores do Flamengo comemorando gol em partida contra o Internacional (Foto: Marcelo Cortes\/Flamengo)"},{"@type":"BreadcrumbList","@id":"https:\/\/www.gaveanews.com\/index.php\/2020\/10\/31\/confira-a-provavel-escalacao-do-flamengo-contra-o-sao-paulo\/#breadcrumb","itemListElement":[{"@type":"ListItem","position":1,"name":"Home","item":"https:\/\/www.gaveanews.com\/"},{"@type":"ListItem","position":2,"name":"Confira a prov\u00e1vel escala\u00e7\u00e3o do Flamengo contra o S\u00e3o Paulo"}]},{"@type":"WebSite","@id":"https:\/\/www.gaveanews.com\/#website","url":"https:\/\/www.gaveanews.com\/","name":"G\u00e1vea News","description":"Veja todas as not\u00edcias sobre o Flamengo: Contrata\u00e7\u00f5es, categorias de base, resultados das partidas, tabela de classifica\u00e7\u00e3o, pr\u00f3ximos jogos!","potentialAction":[{"@type":"SearchAction","target":{"@type":"EntryPoint","urlTemplate":"https:\/\/www.gaveanews.com\/?s={search_term_string}"},"query-input":{"@type":"PropertyValueSpecification","valueRequired":true,"valueName":"search_term_string"}}],"inLanguage":"pt-BR"},{"@type":"Person","@id":"https:\/\/www.gaveanews.com\/#\/schema\/person\/714c67050b836198af2450ba1c142a67","name":"Let\u00edcia Gerheim","image":{"@type":"ImageObject","inLanguage":"pt-BR","@id":"https:\/\/www.gaveanews.com\/#\/schema\/person\/image\/","url":"https:\/\/secure.gravatar.com\/avatar\/60734739c50fcebfbac509e2a826ccd0ff405c019bc73aab9354f19ecad1dcb4?s=96&d=mm&r=g","contentUrl":"https:\/\/secure.gravatar.com\/avatar\/60734739c50fcebfbac509e2a826ccd0ff405c019bc73aab9354f19ecad1dcb4?s=96&d=mm&r=g","caption":"Let\u00edcia Gerheim"}}]}},"_links":{"self":[{"href":"https:\/\/www.gaveanews.com\/index.php\/wp-json\/wp\/v2\/posts\/50471","targetHints":{"allow":["GET"]}}],"collection":[{"href":"https:\/\/www.gaveanews.com\/index.php\/wp-json\/wp\/v2\/posts"}],"about":[{"href":"https:\/\/www.gaveanews.com\/index.php\/wp-json\/wp\/v2\/types\/post"}],"author":[{"embeddable":true,"href":"https:\/\/www.gaveanews.com\/index.php\/wp-json\/wp\/v2\/users\/4"}],"replies":[{"embeddable":true,"href":"https:\/\/www.gaveanews.com\/index.php\/wp-json\/wp\/v2\/comments?post=50471"}],"version-history":[{"count":0,"href":"https:\/\/www.gaveanews.com\/index.php\/wp-json\/wp\/v2\/posts\/50471\/revisions"}],"wp:featuredmedia":[{"embeddable":true,"href":"https:\/\/www.gaveanews.com\/index.php\/wp-json\/wp\/v2\/media\/50132"}],"wp:attachment":[{"href":"https:\/\/www.gaveanews.com\/index.php\/wp-json\/wp\/v2\/media?parent=50471"}],"wp:term":[{"taxonomy":"category","embeddable":true,"href":"https:\/\/www.gaveanews.com\/index.php\/wp-json\/wp\/v2\/categories?post=50471"},{"taxonomy":"post_tag","embeddable":true,"href":"https:\/\/www.gaveanews.com\/index.php\/wp-json\/wp\/v2\/tags?post=50471"}],"curies":[{"name":"wp","href":"https:\/\/api.w.org\/{rel}","templated":true}]}}