{"id":50473,"date":"2020-10-30T10:44:38","date_gmt":"2020-10-30T13:44:38","guid":{"rendered":"https:\/\/www.gaveanews.com\/?p=50473"},"modified":"2020-10-30T10:44:41","modified_gmt":"2020-10-30T13:44:41","slug":"preservado-na-copa-do-brasil-gerson-tende-a-ser-referencia-do-meio-no-domingo","status":"publish","type":"post","link":"https:\/\/www.gaveanews.com\/index.php\/2020\/10\/30\/preservado-na-copa-do-brasil-gerson-tende-a-ser-referencia-do-meio-no-domingo\/","title":{"rendered":"Preservado na Copa do Brasil, Gerson tende a ser refer\u00eancia do meio no domingo"},"content":{"rendered":"\n<p>O Flamengo guardou uma carta na manga para este domingo, quando receber\u00e1 o S\u00e3o Paulo pelo t\u00edtulo simb\u00f3lico do primeiro turno do Campeonato Brasileiro, no Maracan\u00e3. E \u00e9 o &#8220;Coringa&#8221;. Contra o Athletico-PR, na \u00faltima quarta e pela Copa do Brasil, Gerson foi poupado e nem sequer saiu do banco de reservas na vit\u00f3ria por 1 a 0, em Curitiba, pela ida das oitavas de final.<\/p>\n\n\n\n<p>Assim, ser\u00e1 pe\u00e7a-chave, do meio para frente, e com mais combust\u00edvel para usufruir diante do Tricolor. E o camisa 8 ter\u00e1 uma responsabilidade ainda maior, tanto para destruir quanto para construir. Isso porque, Wilian Ar\u00e3o e Thiago Maia ser\u00e3o desfalques por suspens\u00e3o, al\u00e9m de Arrascaeta seguir fora.<\/p>\n\n\n\n<p>\u00c9 poss\u00edvel que Gerson atue na linha de volantes ao lado de um Garoto do Ninho &#8211; Gomes, de volta da Sele\u00e7\u00e3o Brasileira sub-20, ou Daniel Cabral, que estreou neste meio de semana. Responsabilidade como tutor.<\/p>\n\n\n\n<h2 class=\"wp-block-heading\" id=\"h-l-der-dos-dribles-certos\">L\u00edder dos dribles certos<\/h2>\n\n\n\n<p>E a versatilidade de Gerson ser\u00e1 fundamental para servir ao setor ofensivo. A sua maior liberdade sob o comando de Dom\u00e8nec Torrent, por exemplo, o permite que a responsabilidade na cria\u00e7\u00e3o aumente. A resposta \u00e9 positiva ao ponto de ser o meio-campista a liderar o quesito dribles certos no Brasileir\u00e3o: s\u00e3o 42, ao todo &#8211; Patrick, do Internacional, e Everton Ribeiro, tamb\u00e9m do Fla, v\u00eam logo atr\u00e1s, com 38 e 35, respectivamente, de acordo com o site Sofascore.<\/p>\n\n\n\n<p>\u2014 \u00c9 muito importante (a versatilidade de Gerson). Temos v\u00e1rios como o Gerson que podem jogar em distintas posi\u00e7\u00f5es. Mas o Gerson jogou de extremo direito, esquerdo, de 10\u2026 tem muito futuro, \u00e9 jovem. Estamos encantados com ele. Sempre est\u00e1 pronto para jogar em qualquer posi\u00e7\u00e3o. Para mim ele melhorou muito fisicamente tamb\u00e9m &#8211; destacou Dome, no in\u00edcio do m\u00eas.<\/p>\n\n\n\n<p>Em evolu\u00e7\u00e3o, Gerson ter\u00e1 a miss\u00e3o de comandar a meiuca do Flamengo em prol da lideran\u00e7a in\u00e9dita do Brasileir\u00e3o-2020. O jogo contra o S\u00e3o Paulo iniciar\u00e1 \u00e0s 16h deste domingo.<\/p>\n\n\n\n<p>Retirado de: Lance<\/p>\n","protected":false},"excerpt":{"rendered":"<p>O Flamengo guardou uma carta na manga para este domingo, quando receber\u00e1 o S\u00e3o Paulo pelo t\u00edtulo simb\u00f3lico do primeiro turno do Campeonato Brasileiro, no Maracan\u00e3. E \u00e9 o &#8220;Coringa&#8221;. Contra o Athletico-PR, na \u00faltima quarta e pela Copa do Brasil, Gerson foi poupado e nem sequer saiu do banco de reservas na vit\u00f3ria por [&hellip;]<\/p>\n","protected":false},"author":1,"featured_media":49310,"comment_status":"open","ping_status":"closed","sticky":false,"template":"","format":"standard","meta":{"footnotes":""},"categories":[1],"tags":[],"class_list":["post-50473","post","type-post","status-publish","format-standard","has-post-thumbnail","hentry","category-flamengo"],"yoast_head":"<!-- This site is optimized with the Yoast SEO Premium plugin v24.2 (Yoast SEO v26.9) - https:\/\/yoast.com\/product\/yoast-seo-premium-wordpress\/ -->\n<title>Preservado na Copa do Brasil, Gerson tende a ser refer\u00eancia do meio no domingo<\/title>\n<meta name=\"robots\" content=\"index, follow, max-snippet:-1, max-image-preview:large, max-video-preview:-1\" \/>\n<link rel=\"canonical\" href=\"https:\/\/www.gaveanews.com\/index.php\/2020\/10\/30\/preservado-na-copa-do-brasil-gerson-tende-a-ser-referencia-do-meio-no-domingo\/\" \/>\n<meta property=\"og:locale\" content=\"pt_BR\" \/>\n<meta property=\"og:type\" content=\"article\" \/>\n<meta property=\"og:title\" content=\"Preservado na Copa do Brasil, Gerson tende a ser refer\u00eancia do meio no domingo\" \/>\n<meta property=\"og:description\" content=\"O Flamengo guardou uma carta na manga para este domingo, quando receber\u00e1 o S\u00e3o Paulo pelo t\u00edtulo simb\u00f3lico do primeiro turno do Campeonato Brasileiro, no Maracan\u00e3. E \u00e9 o &#8220;Coringa&#8221;. Contra o Athletico-PR, na \u00faltima quarta e pela Copa do Brasil, Gerson foi poupado e nem sequer saiu do banco de reservas na vit\u00f3ria por [&hellip;]\" \/>\n<meta property=\"og:url\" content=\"https:\/\/www.gaveanews.com\/index.php\/2020\/10\/30\/preservado-na-copa-do-brasil-gerson-tende-a-ser-referencia-do-meio-no-domingo\/\" \/>\n<meta property=\"og:site_name\" content=\"G\u00e1vea News\" \/>\n<meta property=\"article:publisher\" content=\"https:\/\/facebook.com\/gaveaNews\/\" \/>\n<meta property=\"article:published_time\" content=\"2020-10-30T13:44:38+00:00\" \/>\n<meta property=\"article:modified_time\" content=\"2020-10-30T13:44:41+00:00\" \/>\n<meta property=\"og:image\" content=\"https:\/\/www.gaveanews.com\/wp-content\/uploads\/Gerson-durante-um-treinamento-do-Flamengo-no-Ninho-do-Urubu.webp\" \/>\n\t<meta property=\"og:image:width\" content=\"799\" \/>\n\t<meta property=\"og:image:height\" content=\"532\" \/>\n\t<meta property=\"og:image:type\" content=\"image\/jpeg\" \/>\n<meta name=\"author\" content=\"Equipe G\u00e1vea News\" \/>\n<meta name=\"twitter:card\" content=\"summary_large_image\" \/>\n<meta name=\"twitter:label1\" content=\"Escrito por\" \/>\n\t<meta name=\"twitter:data1\" content=\"Equipe G\u00e1vea News\" \/>\n\t<meta name=\"twitter:label2\" content=\"Est. tempo de leitura\" \/>\n\t<meta name=\"twitter:data2\" content=\"2 minutos\" \/>\n<script type=\"application\/ld+json\" class=\"yoast-schema-graph\">{\"@context\":\"https:\/\/schema.org\",\"@graph\":[{\"@type\":\"NewsArticle\",\"@id\":\"https:\/\/www.gaveanews.com\/index.php\/2020\/10\/30\/preservado-na-copa-do-brasil-gerson-tende-a-ser-referencia-do-meio-no-domingo\/#article\",\"isPartOf\":{\"@id\":\"https:\/\/www.gaveanews.com\/index.php\/2020\/10\/30\/preservado-na-copa-do-brasil-gerson-tende-a-ser-referencia-do-meio-no-domingo\/\"},\"author\":{\"name\":\"Equipe G\u00e1vea News\",\"@id\":\"https:\/\/www.gaveanews.com\/#\/schema\/person\/2ec14f73fb96be2caf28f91afb14749d\"},\"headline\":\"Preservado na Copa do Brasil, Gerson tende a ser refer\u00eancia do meio no domingo\",\"datePublished\":\"2020-10-30T13:44:38+00:00\",\"dateModified\":\"2020-10-30T13:44:41+00:00\",\"mainEntityOfPage\":{\"@id\":\"https:\/\/www.gaveanews.com\/index.php\/2020\/10\/30\/preservado-na-copa-do-brasil-gerson-tende-a-ser-referencia-do-meio-no-domingo\/\"},\"wordCount\":358,\"commentCount\":6,\"image\":{\"@id\":\"https:\/\/www.gaveanews.com\/index.php\/2020\/10\/30\/preservado-na-copa-do-brasil-gerson-tende-a-ser-referencia-do-meio-no-domingo\/#primaryimage\"},\"thumbnailUrl\":\"https:\/\/www.gaveanews.com\/wp-content\/uploads\/Gerson-durante-um-treinamento-do-Flamengo-no-Ninho-do-Urubu.webp\",\"articleSection\":[\"Flamengo\"],\"inLanguage\":\"pt-BR\",\"potentialAction\":[{\"@type\":\"CommentAction\",\"name\":\"Comment\",\"target\":[\"https:\/\/www.gaveanews.com\/index.php\/2020\/10\/30\/preservado-na-copa-do-brasil-gerson-tende-a-ser-referencia-do-meio-no-domingo\/#respond\"]}],\"copyrightYear\":\"2020\",\"copyrightHolder\":{\"@id\":\"https:\/\/www.gaveanews.com\/#organization\"}},{\"@type\":\"WebPage\",\"@id\":\"https:\/\/www.gaveanews.com\/index.php\/2020\/10\/30\/preservado-na-copa-do-brasil-gerson-tende-a-ser-referencia-do-meio-no-domingo\/\",\"url\":\"https:\/\/www.gaveanews.com\/index.php\/2020\/10\/30\/preservado-na-copa-do-brasil-gerson-tende-a-ser-referencia-do-meio-no-domingo\/\",\"name\":\"Preservado na Copa do Brasil, Gerson tende a ser refer\u00eancia do meio no domingo\",\"isPartOf\":{\"@id\":\"https:\/\/www.gaveanews.com\/#website\"},\"primaryImageOfPage\":{\"@id\":\"https:\/\/www.gaveanews.com\/index.php\/2020\/10\/30\/preservado-na-copa-do-brasil-gerson-tende-a-ser-referencia-do-meio-no-domingo\/#primaryimage\"},\"image\":{\"@id\":\"https:\/\/www.gaveanews.com\/index.php\/2020\/10\/30\/preservado-na-copa-do-brasil-gerson-tende-a-ser-referencia-do-meio-no-domingo\/#primaryimage\"},\"thumbnailUrl\":\"https:\/\/www.gaveanews.com\/wp-content\/uploads\/Gerson-durante-um-treinamento-do-Flamengo-no-Ninho-do-Urubu.webp\",\"datePublished\":\"2020-10-30T13:44:38+00:00\",\"dateModified\":\"2020-10-30T13:44:41+00:00\",\"author\":{\"@id\":\"https:\/\/www.gaveanews.com\/#\/schema\/person\/2ec14f73fb96be2caf28f91afb14749d\"},\"breadcrumb\":{\"@id\":\"https:\/\/www.gaveanews.com\/index.php\/2020\/10\/30\/preservado-na-copa-do-brasil-gerson-tende-a-ser-referencia-do-meio-no-domingo\/#breadcrumb\"},\"inLanguage\":\"pt-BR\",\"potentialAction\":[{\"@type\":\"ReadAction\",\"target\":[\"https:\/\/www.gaveanews.com\/index.php\/2020\/10\/30\/preservado-na-copa-do-brasil-gerson-tende-a-ser-referencia-do-meio-no-domingo\/\"]}]},{\"@type\":\"ImageObject\",\"inLanguage\":\"pt-BR\",\"@id\":\"https:\/\/www.gaveanews.com\/index.php\/2020\/10\/30\/preservado-na-copa-do-brasil-gerson-tende-a-ser-referencia-do-meio-no-domingo\/#primaryimage\",\"url\":\"https:\/\/www.gaveanews.com\/wp-content\/uploads\/Gerson-durante-um-treinamento-do-Flamengo-no-Ninho-do-Urubu.webp\",\"contentUrl\":\"https:\/\/www.gaveanews.com\/wp-content\/uploads\/Gerson-durante-um-treinamento-do-Flamengo-no-Ninho-do-Urubu.webp\",\"width\":799,\"height\":532,\"caption\":\"Gerson durante um treinamento do Flamengo no Ninho do Urubu (Foto: Alexandre Vidal\/ Flamengo)\"},{\"@type\":\"BreadcrumbList\",\"@id\":\"https:\/\/www.gaveanews.com\/index.php\/2020\/10\/30\/preservado-na-copa-do-brasil-gerson-tende-a-ser-referencia-do-meio-no-domingo\/#breadcrumb\",\"itemListElement\":[{\"@type\":\"ListItem\",\"position\":1,\"name\":\"Home\",\"item\":\"https:\/\/www.gaveanews.com\/\"},{\"@type\":\"ListItem\",\"position\":2,\"name\":\"Preservado na Copa do Brasil, Gerson tende a ser refer\u00eancia do meio no domingo\"}]},{\"@type\":\"WebSite\",\"@id\":\"https:\/\/www.gaveanews.com\/#website\",\"url\":\"https:\/\/www.gaveanews.com\/\",\"name\":\"G\u00e1vea News\",\"description\":\"Veja todas as not\u00edcias sobre o Flamengo: Contrata\u00e7\u00f5es, categorias de base, resultados das partidas, tabela de classifica\u00e7\u00e3o, pr\u00f3ximos jogos!\",\"potentialAction\":[{\"@type\":\"SearchAction\",\"target\":{\"@type\":\"EntryPoint\",\"urlTemplate\":\"https:\/\/www.gaveanews.com\/?s={search_term_string}\"},\"query-input\":{\"@type\":\"PropertyValueSpecification\",\"valueRequired\":true,\"valueName\":\"search_term_string\"}}],\"inLanguage\":\"pt-BR\"},{\"@type\":\"Person\",\"@id\":\"https:\/\/www.gaveanews.com\/#\/schema\/person\/2ec14f73fb96be2caf28f91afb14749d\",\"name\":\"Equipe G\u00e1vea News\",\"image\":{\"@type\":\"ImageObject\",\"inLanguage\":\"pt-BR\",\"@id\":\"https:\/\/www.gaveanews.com\/#\/schema\/person\/image\/\",\"url\":\"https:\/\/secure.gravatar.com\/avatar\/1e1956f1facbffd3f8fa53a326721950116b3b9dc9bd44939c01180fd4a745a9?s=96&d=mm&r=g\",\"contentUrl\":\"https:\/\/secure.gravatar.com\/avatar\/1e1956f1facbffd3f8fa53a326721950116b3b9dc9bd44939c01180fd4a745a9?s=96&d=mm&r=g\",\"caption\":\"Equipe G\u00e1vea News\"}}]}<\/script>\n<!-- \/ Yoast SEO Premium plugin. -->","yoast_head_json":{"title":"Preservado na Copa do Brasil, Gerson tende a ser refer\u00eancia do meio no domingo","robots":{"index":"index","follow":"follow","max-snippet":"max-snippet:-1","max-image-preview":"max-image-preview:large","max-video-preview":"max-video-preview:-1"},"canonical":"https:\/\/www.gaveanews.com\/index.php\/2020\/10\/30\/preservado-na-copa-do-brasil-gerson-tende-a-ser-referencia-do-meio-no-domingo\/","og_locale":"pt_BR","og_type":"article","og_title":"Preservado na Copa do Brasil, Gerson tende a ser refer\u00eancia do meio no domingo","og_description":"O Flamengo guardou uma carta na manga para este domingo, quando receber\u00e1 o S\u00e3o Paulo pelo t\u00edtulo simb\u00f3lico do primeiro turno do Campeonato Brasileiro, no Maracan\u00e3. E \u00e9 o &#8220;Coringa&#8221;. Contra o Athletico-PR, na \u00faltima quarta e pela Copa do Brasil, Gerson foi poupado e nem sequer saiu do banco de reservas na vit\u00f3ria por [&hellip;]","og_url":"https:\/\/www.gaveanews.com\/index.php\/2020\/10\/30\/preservado-na-copa-do-brasil-gerson-tende-a-ser-referencia-do-meio-no-domingo\/","og_site_name":"G\u00e1vea News","article_publisher":"https:\/\/facebook.com\/gaveaNews\/","article_published_time":"2020-10-30T13:44:38+00:00","article_modified_time":"2020-10-30T13:44:41+00:00","og_image":[{"width":799,"height":532,"url":"https:\/\/www.gaveanews.com\/wp-content\/uploads\/Gerson-durante-um-treinamento-do-Flamengo-no-Ninho-do-Urubu.webp","type":"image\/jpeg"}],"author":"Equipe G\u00e1vea News","twitter_card":"summary_large_image","twitter_misc":{"Escrito por":"Equipe G\u00e1vea News","Est. tempo de leitura":"2 minutos"},"schema":{"@context":"https:\/\/schema.org","@graph":[{"@type":"NewsArticle","@id":"https:\/\/www.gaveanews.com\/index.php\/2020\/10\/30\/preservado-na-copa-do-brasil-gerson-tende-a-ser-referencia-do-meio-no-domingo\/#article","isPartOf":{"@id":"https:\/\/www.gaveanews.com\/index.php\/2020\/10\/30\/preservado-na-copa-do-brasil-gerson-tende-a-ser-referencia-do-meio-no-domingo\/"},"author":{"name":"Equipe G\u00e1vea News","@id":"https:\/\/www.gaveanews.com\/#\/schema\/person\/2ec14f73fb96be2caf28f91afb14749d"},"headline":"Preservado na Copa do Brasil, Gerson tende a ser refer\u00eancia do meio no domingo","datePublished":"2020-10-30T13:44:38+00:00","dateModified":"2020-10-30T13:44:41+00:00","mainEntityOfPage":{"@id":"https:\/\/www.gaveanews.com\/index.php\/2020\/10\/30\/preservado-na-copa-do-brasil-gerson-tende-a-ser-referencia-do-meio-no-domingo\/"},"wordCount":358,"commentCount":6,"image":{"@id":"https:\/\/www.gaveanews.com\/index.php\/2020\/10\/30\/preservado-na-copa-do-brasil-gerson-tende-a-ser-referencia-do-meio-no-domingo\/#primaryimage"},"thumbnailUrl":"https:\/\/www.gaveanews.com\/wp-content\/uploads\/Gerson-durante-um-treinamento-do-Flamengo-no-Ninho-do-Urubu.webp","articleSection":["Flamengo"],"inLanguage":"pt-BR","potentialAction":[{"@type":"CommentAction","name":"Comment","target":["https:\/\/www.gaveanews.com\/index.php\/2020\/10\/30\/preservado-na-copa-do-brasil-gerson-tende-a-ser-referencia-do-meio-no-domingo\/#respond"]}],"copyrightYear":"2020","copyrightHolder":{"@id":"https:\/\/www.gaveanews.com\/#organization"}},{"@type":"WebPage","@id":"https:\/\/www.gaveanews.com\/index.php\/2020\/10\/30\/preservado-na-copa-do-brasil-gerson-tende-a-ser-referencia-do-meio-no-domingo\/","url":"https:\/\/www.gaveanews.com\/index.php\/2020\/10\/30\/preservado-na-copa-do-brasil-gerson-tende-a-ser-referencia-do-meio-no-domingo\/","name":"Preservado na Copa do Brasil, Gerson tende a ser refer\u00eancia do meio no domingo","isPartOf":{"@id":"https:\/\/www.gaveanews.com\/#website"},"primaryImageOfPage":{"@id":"https:\/\/www.gaveanews.com\/index.php\/2020\/10\/30\/preservado-na-copa-do-brasil-gerson-tende-a-ser-referencia-do-meio-no-domingo\/#primaryimage"},"image":{"@id":"https:\/\/www.gaveanews.com\/index.php\/2020\/10\/30\/preservado-na-copa-do-brasil-gerson-tende-a-ser-referencia-do-meio-no-domingo\/#primaryimage"},"thumbnailUrl":"https:\/\/www.gaveanews.com\/wp-content\/uploads\/Gerson-durante-um-treinamento-do-Flamengo-no-Ninho-do-Urubu.webp","datePublished":"2020-10-30T13:44:38+00:00","dateModified":"2020-10-30T13:44:41+00:00","author":{"@id":"https:\/\/www.gaveanews.com\/#\/schema\/person\/2ec14f73fb96be2caf28f91afb14749d"},"breadcrumb":{"@id":"https:\/\/www.gaveanews.com\/index.php\/2020\/10\/30\/preservado-na-copa-do-brasil-gerson-tende-a-ser-referencia-do-meio-no-domingo\/#breadcrumb"},"inLanguage":"pt-BR","potentialAction":[{"@type":"ReadAction","target":["https:\/\/www.gaveanews.com\/index.php\/2020\/10\/30\/preservado-na-copa-do-brasil-gerson-tende-a-ser-referencia-do-meio-no-domingo\/"]}]},{"@type":"ImageObject","inLanguage":"pt-BR","@id":"https:\/\/www.gaveanews.com\/index.php\/2020\/10\/30\/preservado-na-copa-do-brasil-gerson-tende-a-ser-referencia-do-meio-no-domingo\/#primaryimage","url":"https:\/\/www.gaveanews.com\/wp-content\/uploads\/Gerson-durante-um-treinamento-do-Flamengo-no-Ninho-do-Urubu.webp","contentUrl":"https:\/\/www.gaveanews.com\/wp-content\/uploads\/Gerson-durante-um-treinamento-do-Flamengo-no-Ninho-do-Urubu.webp","width":799,"height":532,"caption":"Gerson durante um treinamento do Flamengo no Ninho do Urubu (Foto: Alexandre Vidal\/ Flamengo)"},{"@type":"BreadcrumbList","@id":"https:\/\/www.gaveanews.com\/index.php\/2020\/10\/30\/preservado-na-copa-do-brasil-gerson-tende-a-ser-referencia-do-meio-no-domingo\/#breadcrumb","itemListElement":[{"@type":"ListItem","position":1,"name":"Home","item":"https:\/\/www.gaveanews.com\/"},{"@type":"ListItem","position":2,"name":"Preservado na Copa do Brasil, Gerson tende a ser refer\u00eancia do meio no domingo"}]},{"@type":"WebSite","@id":"https:\/\/www.gaveanews.com\/#website","url":"https:\/\/www.gaveanews.com\/","name":"G\u00e1vea News","description":"Veja todas as not\u00edcias sobre o Flamengo: Contrata\u00e7\u00f5es, categorias de base, resultados das partidas, tabela de classifica\u00e7\u00e3o, pr\u00f3ximos jogos!","potentialAction":[{"@type":"SearchAction","target":{"@type":"EntryPoint","urlTemplate":"https:\/\/www.gaveanews.com\/?s={search_term_string}"},"query-input":{"@type":"PropertyValueSpecification","valueRequired":true,"valueName":"search_term_string"}}],"inLanguage":"pt-BR"},{"@type":"Person","@id":"https:\/\/www.gaveanews.com\/#\/schema\/person\/2ec14f73fb96be2caf28f91afb14749d","name":"Equipe G\u00e1vea News","image":{"@type":"ImageObject","inLanguage":"pt-BR","@id":"https:\/\/www.gaveanews.com\/#\/schema\/person\/image\/","url":"https:\/\/secure.gravatar.com\/avatar\/1e1956f1facbffd3f8fa53a326721950116b3b9dc9bd44939c01180fd4a745a9?s=96&d=mm&r=g","contentUrl":"https:\/\/secure.gravatar.com\/avatar\/1e1956f1facbffd3f8fa53a326721950116b3b9dc9bd44939c01180fd4a745a9?s=96&d=mm&r=g","caption":"Equipe G\u00e1vea News"}}]}},"_links":{"self":[{"href":"https:\/\/www.gaveanews.com\/index.php\/wp-json\/wp\/v2\/posts\/50473","targetHints":{"allow":["GET"]}}],"collection":[{"href":"https:\/\/www.gaveanews.com\/index.php\/wp-json\/wp\/v2\/posts"}],"about":[{"href":"https:\/\/www.gaveanews.com\/index.php\/wp-json\/wp\/v2\/types\/post"}],"author":[{"embeddable":true,"href":"https:\/\/www.gaveanews.com\/index.php\/wp-json\/wp\/v2\/users\/1"}],"replies":[{"embeddable":true,"href":"https:\/\/www.gaveanews.com\/index.php\/wp-json\/wp\/v2\/comments?post=50473"}],"version-history":[{"count":0,"href":"https:\/\/www.gaveanews.com\/index.php\/wp-json\/wp\/v2\/posts\/50473\/revisions"}],"wp:featuredmedia":[{"embeddable":true,"href":"https:\/\/www.gaveanews.com\/index.php\/wp-json\/wp\/v2\/media\/49310"}],"wp:attachment":[{"href":"https:\/\/www.gaveanews.com\/index.php\/wp-json\/wp\/v2\/media?parent=50473"}],"wp:term":[{"taxonomy":"category","embeddable":true,"href":"https:\/\/www.gaveanews.com\/index.php\/wp-json\/wp\/v2\/categories?post=50473"},{"taxonomy":"post_tag","embeddable":true,"href":"https:\/\/www.gaveanews.com\/index.php\/wp-json\/wp\/v2\/tags?post=50473"}],"curies":[{"name":"wp","href":"https:\/\/api.w.org\/{rel}","templated":true}]}}