{"id":50475,"date":"2020-11-01T14:06:37","date_gmt":"2020-11-01T17:06:37","guid":{"rendered":"https:\/\/www.gaveanews.com\/?p=50475"},"modified":"2021-08-12T00:50:18","modified_gmt":"2021-08-12T03:50:18","slug":"saiu-confira-a-escalacao-do-flamengo-contra-o-sao-paulo","status":"publish","type":"post","link":"https:\/\/www.gaveanews.com\/index.php\/2020\/11\/01\/saiu-confira-a-escalacao-do-flamengo-contra-o-sao-paulo\/","title":{"rendered":"Saiu! Confira a escala\u00e7\u00e3o do Flamengo contra o S\u00e3o Paulo"},"content":{"rendered":"\n<p>Logo mais, \u00e0s 16h (hor\u00e1rio de Bras\u00edlia), o Flamengo duelar\u00e1 com o S\u00e3o Paulo em partida v\u00e1lida pela 19\u00aa rodada do Brasileir\u00e3o.<\/p>\n\n\n\n<p>Os times, que est\u00e3o em fases distintas na competi\u00e7\u00e3o, entrar\u00e3o em campo em busca de levar mais uma vit\u00f3ria para casa. Entretanto, ambos possuem desafios no quesito de disbonibilidade do elenco. O rubro-negro possui sete desfalques importantes no time, s\u00e3o estes:<\/p>\n\n\n\n<ul class=\"wp-block-list\" id=\"block-e50f6a69-e253-4f4a-9892-f78faf3435df\"><li><a href=\"https:\/\/www.gaveanews.com\/index.php\/2020\/10\/11\/meia-do-flamengo-de-arrascaeta-sofre-lesao-durante-treino-do-uruguai\/\"><strong>Arrascaeta: <\/strong>que trata les\u00e3o na coxa esquerda;<\/a><\/li><li><a href=\"https:\/\/www.gaveanews.com\/index.php\/2020\/10\/23\/quando-o-flamengo-tera-gabigol-a-disposicao-entenda-as-fases-de-recuperacao\/\"><strong>Gabigol:<\/strong> que trata les\u00e3o no tornozelo direito;<\/a><\/li><li><a href=\"https:\/\/www.gaveanews.com\/index.php\/2020\/10\/27\/diego-ribas-ficara-fora-de-ao-menos-4-partidas-pelo-flamengo\/\"><strong>Diego Ribas:<\/strong> que trata les\u00e3o na coxa direita;<\/a><\/li><li><strong>Pedro Rocha:<\/strong> que les\u00e3o no m\u00fasculo posterior da coxa esquerda;<\/li><li><strong>Rodrigo Caio:<\/strong> que trata les\u00e3o na panturrilha direita;<\/li><li><strong>Thiago Maia:<\/strong> cumprindo suspens\u00e3o pelo 3\u00ba cart\u00e3o amarelo recebido;<\/li><li><strong>Willian Ar\u00e3o:<\/strong> cumprindo suspens\u00e3o pelo 3\u00ba cart\u00e3o amarelo recebido.<\/li><\/ul>\n\n\n\n<p><a href=\"https:\/\/www.gaveanews.com\/index.php\/2020\/10\/29\/sao-paulo-possui-cinco-desfalques-contra-o-flamengo\/\">J\u00e1 o time paulista possui cinco aus\u00eancias importantes na equipe. S\u00e3o eles: Liziero, Juanfran, Walce, Lucas Perri e Rojas.<\/a> <\/p>\n\n\n\n<h2 class=\"wp-block-heading\" id=\"h-escala-o-do-flamengo\">Escala\u00e7\u00e3o do Flamengo:<\/h2>\n\n\n\n<p>Hugo Souza; Maur\u00edcio Isla, Gustavo Henrique, Natan, Filipe Lu\u00eds; Gerson, Gomes, Vitinho; Everton Ribeiro, Bruno Henrique e Pedro Guilherme.<\/p>\n\n\n\n<h2 class=\"wp-block-heading\" id=\"h-banco-de-reservas-do-flamengo\">Banco de reservas do Flamengo:<\/h2>\n\n\n\n<p>Diego Alves, C\u00e9sar, Jo\u00e3o Lucas, Matheuzinho, Thuler, Noga, L\u00e9o Pereira, Ren\u00ea, Ramon, Daniel Cabral, Michael e Lincoln.<\/p>\n","protected":false},"excerpt":{"rendered":"<p>Logo mais, \u00e0s 16h (hor\u00e1rio de Bras\u00edlia), o Flamengo duelar\u00e1 com o S\u00e3o Paulo em partida v\u00e1lida pela 19\u00aa rodada do Brasileir\u00e3o. Os times, que est\u00e3o em fases distintas na competi\u00e7\u00e3o, entrar\u00e3o em campo em busca de levar mais uma vit\u00f3ria para casa. Entretanto, ambos possuem desafios no quesito de disbonibilidade do elenco. O rubro-negro [&hellip;]<\/p>\n","protected":false},"author":4,"featured_media":30000,"comment_status":"open","ping_status":"closed","sticky":false,"template":"","format":"standard","meta":{"footnotes":""},"categories":[1],"tags":[],"class_list":["post-50475","post","type-post","status-publish","format-standard","has-post-thumbnail","hentry","category-flamengo"],"yoast_head":"<!-- This site is optimized with the Yoast SEO Premium plugin v24.2 (Yoast SEO v26.9) - https:\/\/yoast.com\/product\/yoast-seo-premium-wordpress\/ -->\n<title>Saiu! Confira a escala\u00e7\u00e3o do Flamengo contra o S\u00e3o Paulo<\/title>\n<meta name=\"description\" content=\"Logo mais, \u00e0s 16h (hor\u00e1rio de Bras\u00edlia), o Flamengo duelar\u00e1 com o S\u00e3o Paulo em partida v\u00e1lida pela 19\u00aa rodada do Brasileir\u00e3o.\" \/>\n<meta name=\"robots\" content=\"index, follow, max-snippet:-1, max-image-preview:large, max-video-preview:-1\" \/>\n<link rel=\"canonical\" href=\"https:\/\/www.gaveanews.com\/index.php\/2020\/11\/01\/saiu-confira-a-escalacao-do-flamengo-contra-o-sao-paulo\/\" \/>\n<meta property=\"og:locale\" content=\"pt_BR\" \/>\n<meta property=\"og:type\" content=\"article\" \/>\n<meta property=\"og:title\" content=\"Saiu! Confira a escala\u00e7\u00e3o do Flamengo contra o S\u00e3o Paulo\" \/>\n<meta property=\"og:description\" content=\"Logo mais, \u00e0s 16h (hor\u00e1rio de Bras\u00edlia), o Flamengo duelar\u00e1 com o S\u00e3o Paulo em partida v\u00e1lida pela 19\u00aa rodada do Brasileir\u00e3o.\" \/>\n<meta property=\"og:url\" content=\"https:\/\/www.gaveanews.com\/index.php\/2020\/11\/01\/saiu-confira-a-escalacao-do-flamengo-contra-o-sao-paulo\/\" \/>\n<meta property=\"og:site_name\" content=\"G\u00e1vea News\" \/>\n<meta property=\"article:publisher\" content=\"https:\/\/facebook.com\/gaveaNews\/\" \/>\n<meta property=\"article:published_time\" content=\"2020-11-01T17:06:37+00:00\" \/>\n<meta property=\"article:modified_time\" content=\"2021-08-12T03:50:18+00:00\" \/>\n<meta property=\"og:image\" content=\"https:\/\/www.gaveanews.com\/wp-content\/uploads\/Escalacao-oficial-do-Flamengo.webp\" \/>\n\t<meta property=\"og:image:width\" content=\"1\" \/>\n\t<meta property=\"og:image:height\" content=\"1\" \/>\n\t<meta property=\"og:image:type\" content=\"image\/jpeg\" \/>\n<meta name=\"author\" content=\"Let\u00edcia Gerheim\" \/>\n<meta name=\"twitter:card\" content=\"summary_large_image\" \/>\n<meta name=\"twitter:label1\" content=\"Escrito por\" \/>\n\t<meta name=\"twitter:data1\" content=\"Let\u00edcia Gerheim\" \/>\n\t<meta name=\"twitter:label2\" content=\"Est. tempo de leitura\" \/>\n\t<meta name=\"twitter:data2\" content=\"1 minuto\" \/>\n<script type=\"application\/ld+json\" class=\"yoast-schema-graph\">{\"@context\":\"https:\/\/schema.org\",\"@graph\":[{\"@type\":\"NewsArticle\",\"@id\":\"https:\/\/www.gaveanews.com\/index.php\/2020\/11\/01\/saiu-confira-a-escalacao-do-flamengo-contra-o-sao-paulo\/#article\",\"isPartOf\":{\"@id\":\"https:\/\/www.gaveanews.com\/index.php\/2020\/11\/01\/saiu-confira-a-escalacao-do-flamengo-contra-o-sao-paulo\/\"},\"author\":{\"name\":\"Let\u00edcia Gerheim\",\"@id\":\"https:\/\/www.gaveanews.com\/#\/schema\/person\/714c67050b836198af2450ba1c142a67\"},\"headline\":\"Saiu! Confira a escala\u00e7\u00e3o do Flamengo contra o S\u00e3o Paulo\",\"datePublished\":\"2020-11-01T17:06:37+00:00\",\"dateModified\":\"2021-08-12T03:50:18+00:00\",\"mainEntityOfPage\":{\"@id\":\"https:\/\/www.gaveanews.com\/index.php\/2020\/11\/01\/saiu-confira-a-escalacao-do-flamengo-contra-o-sao-paulo\/\"},\"wordCount\":222,\"commentCount\":35,\"image\":{\"@id\":\"https:\/\/www.gaveanews.com\/index.php\/2020\/11\/01\/saiu-confira-a-escalacao-do-flamengo-contra-o-sao-paulo\/#primaryimage\"},\"thumbnailUrl\":\"https:\/\/www.gaveanews.com\/wp-content\/uploads\/Escalacao-oficial-do-Flamengo.webp\",\"articleSection\":[\"Flamengo\"],\"inLanguage\":\"pt-BR\",\"potentialAction\":[{\"@type\":\"CommentAction\",\"name\":\"Comment\",\"target\":[\"https:\/\/www.gaveanews.com\/index.php\/2020\/11\/01\/saiu-confira-a-escalacao-do-flamengo-contra-o-sao-paulo\/#respond\"]}],\"copyrightYear\":\"2020\",\"copyrightHolder\":{\"@id\":\"https:\/\/www.gaveanews.com\/#organization\"}},{\"@type\":\"WebPage\",\"@id\":\"https:\/\/www.gaveanews.com\/index.php\/2020\/11\/01\/saiu-confira-a-escalacao-do-flamengo-contra-o-sao-paulo\/\",\"url\":\"https:\/\/www.gaveanews.com\/index.php\/2020\/11\/01\/saiu-confira-a-escalacao-do-flamengo-contra-o-sao-paulo\/\",\"name\":\"Saiu! Confira a escala\u00e7\u00e3o do Flamengo contra o S\u00e3o Paulo\",\"isPartOf\":{\"@id\":\"https:\/\/www.gaveanews.com\/#website\"},\"primaryImageOfPage\":{\"@id\":\"https:\/\/www.gaveanews.com\/index.php\/2020\/11\/01\/saiu-confira-a-escalacao-do-flamengo-contra-o-sao-paulo\/#primaryimage\"},\"image\":{\"@id\":\"https:\/\/www.gaveanews.com\/index.php\/2020\/11\/01\/saiu-confira-a-escalacao-do-flamengo-contra-o-sao-paulo\/#primaryimage\"},\"thumbnailUrl\":\"https:\/\/www.gaveanews.com\/wp-content\/uploads\/Escalacao-oficial-do-Flamengo.webp\",\"datePublished\":\"2020-11-01T17:06:37+00:00\",\"dateModified\":\"2021-08-12T03:50:18+00:00\",\"author\":{\"@id\":\"https:\/\/www.gaveanews.com\/#\/schema\/person\/714c67050b836198af2450ba1c142a67\"},\"description\":\"Logo mais, \u00e0s 16h (hor\u00e1rio de Bras\u00edlia), o Flamengo duelar\u00e1 com o S\u00e3o Paulo em partida v\u00e1lida pela 19\u00aa rodada do Brasileir\u00e3o.\",\"breadcrumb\":{\"@id\":\"https:\/\/www.gaveanews.com\/index.php\/2020\/11\/01\/saiu-confira-a-escalacao-do-flamengo-contra-o-sao-paulo\/#breadcrumb\"},\"inLanguage\":\"pt-BR\",\"potentialAction\":[{\"@type\":\"ReadAction\",\"target\":[\"https:\/\/www.gaveanews.com\/index.php\/2020\/11\/01\/saiu-confira-a-escalacao-do-flamengo-contra-o-sao-paulo\/\"]}]},{\"@type\":\"ImageObject\",\"inLanguage\":\"pt-BR\",\"@id\":\"https:\/\/www.gaveanews.com\/index.php\/2020\/11\/01\/saiu-confira-a-escalacao-do-flamengo-contra-o-sao-paulo\/#primaryimage\",\"url\":\"https:\/\/www.gaveanews.com\/wp-content\/uploads\/Escalacao-oficial-do-Flamengo.webp\",\"contentUrl\":\"https:\/\/www.gaveanews.com\/wp-content\/uploads\/Escalacao-oficial-do-Flamengo.webp\",\"caption\":\"Confira a escala\u00e7\u00e3o oficial do Flamengo (Ilustra\u00e7\u00e3o: Editoria de Arte\/GaveaNews.com)\"},{\"@type\":\"BreadcrumbList\",\"@id\":\"https:\/\/www.gaveanews.com\/index.php\/2020\/11\/01\/saiu-confira-a-escalacao-do-flamengo-contra-o-sao-paulo\/#breadcrumb\",\"itemListElement\":[{\"@type\":\"ListItem\",\"position\":1,\"name\":\"Home\",\"item\":\"https:\/\/www.gaveanews.com\/\"},{\"@type\":\"ListItem\",\"position\":2,\"name\":\"Saiu! Confira a escala\u00e7\u00e3o do Flamengo contra o S\u00e3o Paulo\"}]},{\"@type\":\"WebSite\",\"@id\":\"https:\/\/www.gaveanews.com\/#website\",\"url\":\"https:\/\/www.gaveanews.com\/\",\"name\":\"G\u00e1vea News\",\"description\":\"Veja todas as not\u00edcias sobre o Flamengo: Contrata\u00e7\u00f5es, categorias de base, resultados das partidas, tabela de classifica\u00e7\u00e3o, pr\u00f3ximos jogos!\",\"potentialAction\":[{\"@type\":\"SearchAction\",\"target\":{\"@type\":\"EntryPoint\",\"urlTemplate\":\"https:\/\/www.gaveanews.com\/?s={search_term_string}\"},\"query-input\":{\"@type\":\"PropertyValueSpecification\",\"valueRequired\":true,\"valueName\":\"search_term_string\"}}],\"inLanguage\":\"pt-BR\"},{\"@type\":\"Person\",\"@id\":\"https:\/\/www.gaveanews.com\/#\/schema\/person\/714c67050b836198af2450ba1c142a67\",\"name\":\"Let\u00edcia Gerheim\",\"image\":{\"@type\":\"ImageObject\",\"inLanguage\":\"pt-BR\",\"@id\":\"https:\/\/www.gaveanews.com\/#\/schema\/person\/image\/\",\"url\":\"https:\/\/secure.gravatar.com\/avatar\/60734739c50fcebfbac509e2a826ccd0ff405c019bc73aab9354f19ecad1dcb4?s=96&d=mm&r=g\",\"contentUrl\":\"https:\/\/secure.gravatar.com\/avatar\/60734739c50fcebfbac509e2a826ccd0ff405c019bc73aab9354f19ecad1dcb4?s=96&d=mm&r=g\",\"caption\":\"Let\u00edcia Gerheim\"}}]}<\/script>\n<!-- \/ Yoast SEO Premium plugin. -->","yoast_head_json":{"title":"Saiu! Confira a escala\u00e7\u00e3o do Flamengo contra o S\u00e3o Paulo","description":"Logo mais, \u00e0s 16h (hor\u00e1rio de Bras\u00edlia), o Flamengo duelar\u00e1 com o S\u00e3o Paulo em partida v\u00e1lida pela 19\u00aa rodada do Brasileir\u00e3o.","robots":{"index":"index","follow":"follow","max-snippet":"max-snippet:-1","max-image-preview":"max-image-preview:large","max-video-preview":"max-video-preview:-1"},"canonical":"https:\/\/www.gaveanews.com\/index.php\/2020\/11\/01\/saiu-confira-a-escalacao-do-flamengo-contra-o-sao-paulo\/","og_locale":"pt_BR","og_type":"article","og_title":"Saiu! Confira a escala\u00e7\u00e3o do Flamengo contra o S\u00e3o Paulo","og_description":"Logo mais, \u00e0s 16h (hor\u00e1rio de Bras\u00edlia), o Flamengo duelar\u00e1 com o S\u00e3o Paulo em partida v\u00e1lida pela 19\u00aa rodada do Brasileir\u00e3o.","og_url":"https:\/\/www.gaveanews.com\/index.php\/2020\/11\/01\/saiu-confira-a-escalacao-do-flamengo-contra-o-sao-paulo\/","og_site_name":"G\u00e1vea News","article_publisher":"https:\/\/facebook.com\/gaveaNews\/","article_published_time":"2020-11-01T17:06:37+00:00","article_modified_time":"2021-08-12T03:50:18+00:00","og_image":[{"url":"https:\/\/www.gaveanews.com\/wp-content\/uploads\/Escalacao-oficial-do-Flamengo.webp","width":1,"height":1,"type":"image\/jpeg"}],"author":"Let\u00edcia Gerheim","twitter_card":"summary_large_image","twitter_misc":{"Escrito por":"Let\u00edcia Gerheim","Est. tempo de leitura":"1 minuto"},"schema":{"@context":"https:\/\/schema.org","@graph":[{"@type":"NewsArticle","@id":"https:\/\/www.gaveanews.com\/index.php\/2020\/11\/01\/saiu-confira-a-escalacao-do-flamengo-contra-o-sao-paulo\/#article","isPartOf":{"@id":"https:\/\/www.gaveanews.com\/index.php\/2020\/11\/01\/saiu-confira-a-escalacao-do-flamengo-contra-o-sao-paulo\/"},"author":{"name":"Let\u00edcia Gerheim","@id":"https:\/\/www.gaveanews.com\/#\/schema\/person\/714c67050b836198af2450ba1c142a67"},"headline":"Saiu! Confira a escala\u00e7\u00e3o do Flamengo contra o S\u00e3o Paulo","datePublished":"2020-11-01T17:06:37+00:00","dateModified":"2021-08-12T03:50:18+00:00","mainEntityOfPage":{"@id":"https:\/\/www.gaveanews.com\/index.php\/2020\/11\/01\/saiu-confira-a-escalacao-do-flamengo-contra-o-sao-paulo\/"},"wordCount":222,"commentCount":35,"image":{"@id":"https:\/\/www.gaveanews.com\/index.php\/2020\/11\/01\/saiu-confira-a-escalacao-do-flamengo-contra-o-sao-paulo\/#primaryimage"},"thumbnailUrl":"https:\/\/www.gaveanews.com\/wp-content\/uploads\/Escalacao-oficial-do-Flamengo.webp","articleSection":["Flamengo"],"inLanguage":"pt-BR","potentialAction":[{"@type":"CommentAction","name":"Comment","target":["https:\/\/www.gaveanews.com\/index.php\/2020\/11\/01\/saiu-confira-a-escalacao-do-flamengo-contra-o-sao-paulo\/#respond"]}],"copyrightYear":"2020","copyrightHolder":{"@id":"https:\/\/www.gaveanews.com\/#organization"}},{"@type":"WebPage","@id":"https:\/\/www.gaveanews.com\/index.php\/2020\/11\/01\/saiu-confira-a-escalacao-do-flamengo-contra-o-sao-paulo\/","url":"https:\/\/www.gaveanews.com\/index.php\/2020\/11\/01\/saiu-confira-a-escalacao-do-flamengo-contra-o-sao-paulo\/","name":"Saiu! Confira a escala\u00e7\u00e3o do Flamengo contra o S\u00e3o Paulo","isPartOf":{"@id":"https:\/\/www.gaveanews.com\/#website"},"primaryImageOfPage":{"@id":"https:\/\/www.gaveanews.com\/index.php\/2020\/11\/01\/saiu-confira-a-escalacao-do-flamengo-contra-o-sao-paulo\/#primaryimage"},"image":{"@id":"https:\/\/www.gaveanews.com\/index.php\/2020\/11\/01\/saiu-confira-a-escalacao-do-flamengo-contra-o-sao-paulo\/#primaryimage"},"thumbnailUrl":"https:\/\/www.gaveanews.com\/wp-content\/uploads\/Escalacao-oficial-do-Flamengo.webp","datePublished":"2020-11-01T17:06:37+00:00","dateModified":"2021-08-12T03:50:18+00:00","author":{"@id":"https:\/\/www.gaveanews.com\/#\/schema\/person\/714c67050b836198af2450ba1c142a67"},"description":"Logo mais, \u00e0s 16h (hor\u00e1rio de Bras\u00edlia), o Flamengo duelar\u00e1 com o S\u00e3o Paulo em partida v\u00e1lida pela 19\u00aa rodada do Brasileir\u00e3o.","breadcrumb":{"@id":"https:\/\/www.gaveanews.com\/index.php\/2020\/11\/01\/saiu-confira-a-escalacao-do-flamengo-contra-o-sao-paulo\/#breadcrumb"},"inLanguage":"pt-BR","potentialAction":[{"@type":"ReadAction","target":["https:\/\/www.gaveanews.com\/index.php\/2020\/11\/01\/saiu-confira-a-escalacao-do-flamengo-contra-o-sao-paulo\/"]}]},{"@type":"ImageObject","inLanguage":"pt-BR","@id":"https:\/\/www.gaveanews.com\/index.php\/2020\/11\/01\/saiu-confira-a-escalacao-do-flamengo-contra-o-sao-paulo\/#primaryimage","url":"https:\/\/www.gaveanews.com\/wp-content\/uploads\/Escalacao-oficial-do-Flamengo.webp","contentUrl":"https:\/\/www.gaveanews.com\/wp-content\/uploads\/Escalacao-oficial-do-Flamengo.webp","caption":"Confira a escala\u00e7\u00e3o oficial do Flamengo (Ilustra\u00e7\u00e3o: Editoria de Arte\/GaveaNews.com)"},{"@type":"BreadcrumbList","@id":"https:\/\/www.gaveanews.com\/index.php\/2020\/11\/01\/saiu-confira-a-escalacao-do-flamengo-contra-o-sao-paulo\/#breadcrumb","itemListElement":[{"@type":"ListItem","position":1,"name":"Home","item":"https:\/\/www.gaveanews.com\/"},{"@type":"ListItem","position":2,"name":"Saiu! Confira a escala\u00e7\u00e3o do Flamengo contra o S\u00e3o Paulo"}]},{"@type":"WebSite","@id":"https:\/\/www.gaveanews.com\/#website","url":"https:\/\/www.gaveanews.com\/","name":"G\u00e1vea News","description":"Veja todas as not\u00edcias sobre o Flamengo: Contrata\u00e7\u00f5es, categorias de base, resultados das partidas, tabela de classifica\u00e7\u00e3o, pr\u00f3ximos jogos!","potentialAction":[{"@type":"SearchAction","target":{"@type":"EntryPoint","urlTemplate":"https:\/\/www.gaveanews.com\/?s={search_term_string}"},"query-input":{"@type":"PropertyValueSpecification","valueRequired":true,"valueName":"search_term_string"}}],"inLanguage":"pt-BR"},{"@type":"Person","@id":"https:\/\/www.gaveanews.com\/#\/schema\/person\/714c67050b836198af2450ba1c142a67","name":"Let\u00edcia Gerheim","image":{"@type":"ImageObject","inLanguage":"pt-BR","@id":"https:\/\/www.gaveanews.com\/#\/schema\/person\/image\/","url":"https:\/\/secure.gravatar.com\/avatar\/60734739c50fcebfbac509e2a826ccd0ff405c019bc73aab9354f19ecad1dcb4?s=96&d=mm&r=g","contentUrl":"https:\/\/secure.gravatar.com\/avatar\/60734739c50fcebfbac509e2a826ccd0ff405c019bc73aab9354f19ecad1dcb4?s=96&d=mm&r=g","caption":"Let\u00edcia Gerheim"}}]}},"_links":{"self":[{"href":"https:\/\/www.gaveanews.com\/index.php\/wp-json\/wp\/v2\/posts\/50475","targetHints":{"allow":["GET"]}}],"collection":[{"href":"https:\/\/www.gaveanews.com\/index.php\/wp-json\/wp\/v2\/posts"}],"about":[{"href":"https:\/\/www.gaveanews.com\/index.php\/wp-json\/wp\/v2\/types\/post"}],"author":[{"embeddable":true,"href":"https:\/\/www.gaveanews.com\/index.php\/wp-json\/wp\/v2\/users\/4"}],"replies":[{"embeddable":true,"href":"https:\/\/www.gaveanews.com\/index.php\/wp-json\/wp\/v2\/comments?post=50475"}],"version-history":[{"count":0,"href":"https:\/\/www.gaveanews.com\/index.php\/wp-json\/wp\/v2\/posts\/50475\/revisions"}],"wp:featuredmedia":[{"embeddable":true,"href":"https:\/\/www.gaveanews.com\/index.php\/wp-json\/wp\/v2\/media\/30000"}],"wp:attachment":[{"href":"https:\/\/www.gaveanews.com\/index.php\/wp-json\/wp\/v2\/media?parent=50475"}],"wp:term":[{"taxonomy":"category","embeddable":true,"href":"https:\/\/www.gaveanews.com\/index.php\/wp-json\/wp\/v2\/categories?post=50475"},{"taxonomy":"post_tag","embeddable":true,"href":"https:\/\/www.gaveanews.com\/index.php\/wp-json\/wp\/v2\/tags?post=50475"}],"curies":[{"name":"wp","href":"https:\/\/api.w.org\/{rel}","templated":true}]}}