{"id":50479,"date":"2020-10-30T13:31:47","date_gmt":"2020-10-30T16:31:47","guid":{"rendered":"https:\/\/www.gaveanews.com\/?p=50479"},"modified":"2020-10-30T16:02:48","modified_gmt":"2020-10-30T19:02:48","slug":"hugo-neneca-do-flamengo-compra-carro-avaliado-em-r400-mil-veja-fo","status":"publish","type":"post","link":"https:\/\/www.gaveanews.com\/index.php\/2020\/10\/30\/hugo-neneca-do-flamengo-compra-carro-avaliado-em-r400-mil-veja-fo\/","title":{"rendered":"Hugo &#8216;Neneca&#8217; do Flamengo compra carro avaliado em R$400 mil ; veja fotos"},"content":{"rendered":"\n<p>O jovem goleiro do Flamengo Hugo Souza, o Neneca, est\u00e1 de carro novo. Em boa fase dentro de campo, ele est\u00e1 prestes a renovar o contrato com o Flamengo at\u00e9 2025 com aumento salarial significativo. Diante da mudan\u00e7a de remunera\u00e7\u00e3o ele j\u00e1 gastou com um novo ve\u00edculo avaliado em carca de R$400 mil.<\/p>\n\n\n\n<p>Hugo adquiriu um Jaguar, modelo F-Pace Prestige, no \u00faltimo dia 16 de outubro, ao lado da noiva, Nathassia Brito. O casal esteve em uma concession\u00e1ria da Barra da Tijuca.<\/p>\n\n\n\n<p><strong>Veja fotos do ve\u00edculo abaixo:<\/strong><\/p>\n\n\n\n<figure class=\"wp-block-image size-large\"><img decoding=\"async\" src=\"https:\/\/www.lance.com.br\/files\/article_main\/uploads\/2020\/10\/30\/5f9c3914b4873.webp\" alt=\"\"\/><\/figure>\n\n\n\n<figure class=\"wp-block-image size-large is-resized\"><img loading=\"lazy\" decoding=\"async\" src=\"https:\/\/pictures.dealer.com\/i\/imperialmotorsjaguaroflakebluffjag\/0032\/4e7775b749a1149d574b4649dbaed15bx.webp\" alt=\"\" width=\"580\" height=\"435\"\/><figcaption>(Foto: Reprodu\u00e7\u00e3o\/Imperial Motors Jaguar Of Lake Bluff)<\/figcaption><\/figure>\n\n\n\n<figure class=\"wp-block-image size-large\"><img decoding=\"async\" src=\"https:\/\/pictures.dealer.com\/i\/imperialmotorsjaguaroflakebluffjag\/1036\/15caa41017e7e4aee8650ecf836df5eax.webp\" alt=\"\"\/><figcaption>(Foto: Reprodu\u00e7\u00e3o\/Imperial Motors Jaguar Of Lake Bluff)<\/figcaption><\/figure>\n\n\n\n<figure class=\"wp-block-image size-large\"><img decoding=\"async\" src=\"https:\/\/pictures.dealer.com\/i\/imperialmotorsjaguaroflakebluffjag\/0119\/f6f6c23b9d9d298d93cafc355876f0fex.webp\" alt=\"\"\/><figcaption>(Foto: Reprodu\u00e7\u00e3o\/Imperial Motors Jaguar Of Lake Bluff)<\/figcaption><\/figure>\n\n\n\n<figure class=\"wp-block-image size-large\"><img decoding=\"async\" src=\"https:\/\/pictures.dealer.com\/i\/imperialmotorsjaguaroflakebluffjag\/1299\/ac1f545e33509249b56923dee2fb5a44x.webp\" alt=\"\"\/><figcaption>(Foto: Reprodu\u00e7\u00e3o\/Imperial Motors Jaguar Of Lake Bluff)<\/figcaption><\/figure>\n\n\n\n<figure class=\"wp-block-image size-large\"><img decoding=\"async\" src=\"https:\/\/pictures.dealer.com\/i\/imperialmotorsjaguaroflakebluffjag\/1474\/d11958893ab681826cd67d961dbe7e69x.webp\" alt=\"\"\/><figcaption>(Foto: Reprodu\u00e7\u00e3o\/Imperial Motors Jaguar Of Lake Bluff)<\/figcaption><\/figure>\n\n\n\n<figure class=\"wp-block-image size-large\"><img decoding=\"async\" src=\"https:\/\/pictures.dealer.com\/i\/imperialmotorsjaguaroflakebluffjag\/0267\/fd084c248963ecc98b061cbb220793b3x.webp\" alt=\"\"\/><figcaption>(Foto: Reprodu\u00e7\u00e3o\/Imperial Motors Jaguar Of Lake Bluff)<\/figcaption><\/figure>\n\n\n\n<figure class=\"wp-block-image size-large\"><img decoding=\"async\" src=\"https:\/\/pictures.dealer.com\/i\/imperialmotorsjaguaroflakebluffjag\/0273\/f4b8fff9611efeaf2d3783a3c0a3f9a3x.webp\" alt=\"\"\/><figcaption>(Foto: Reprodu\u00e7\u00e3o\/Imperial Motors Jaguar Of Lake Bluff)<\/figcaption><\/figure>\n\n\n\n<figure class=\"wp-block-image size-large\"><img decoding=\"async\" src=\"https:\/\/pictures.dealer.com\/i\/imperialmotorsjaguaroflakebluffjag\/0793\/1b3aa11a5473187a7b7ba3fd765d07f2x.webp\" alt=\"\"\/><figcaption>(Foto: Reprodu\u00e7\u00e3o\/Imperial Motors Jaguar Of Lake Bluff)<\/figcaption><\/figure>\n\n\n\n<figure class=\"wp-block-image size-large\"><img decoding=\"async\" src=\"https:\/\/pictures.dealer.com\/i\/imperialmotorsjaguaroflakebluffjag\/0829\/d47082aa4518c87d75eef36cfaee060ex.webp\" alt=\"\"\/><figcaption>(Foto: Reprodu\u00e7\u00e3o\/Imperial Motors Jaguar Of Lake Bluff)<\/figcaption><\/figure>\n\n\n\n<figure class=\"wp-block-image size-large\"><img decoding=\"async\" src=\"https:\/\/pictures.dealer.com\/i\/imperialmotorsjaguaroflakebluffjag\/1479\/65a42cf9f5c65038c499c94bb8c534cex.webp\" alt=\"\"\/><figcaption>(Foto: Reprodu\u00e7\u00e3o\/Imperial Motors Jaguar Of Lake Bluff)<\/figcaption><\/figure>\n\n\n\n<figure class=\"wp-block-image size-large\"><img decoding=\"async\" src=\"https:\/\/pictures.dealer.com\/i\/imperialmotorsjaguaroflakebluffjag\/1052\/03151b82fc898cb76ab110696eeff1c9x.webp\" alt=\"\"\/><figcaption>(Foto: Reprodu\u00e7\u00e3o\/Imperial Motors Jaguar Of Lake Bluff)<\/figcaption><\/figure>\n\n\n\n<figure class=\"wp-block-image size-large\"><img decoding=\"async\" src=\"https:\/\/pictures.dealer.com\/i\/imperialmotorsjaguaroflakebluffjag\/0151\/0a345abd4af34b89985f02df6ad0c819x.webp\" alt=\"\"\/><figcaption>(Foto: Reprodu\u00e7\u00e3o\/Imperial Motors Jaguar Of Lake Bluff)<\/figcaption><\/figure>\n\n\n\n<figure class=\"wp-block-image size-large\"><img decoding=\"async\" src=\"https:\/\/pictures.dealer.com\/i\/imperialmotorsjaguaroflakebluffjag\/1052\/3c71cac6db47984acfc1ed003697d667x.webp\" alt=\"\"\/><figcaption>(Foto: Reprodu\u00e7\u00e3o\/Imperial Motors Jaguar Of Lake Bluff)<\/figcaption><\/figure>\n\n\n\n<figure class=\"wp-block-image size-large\"><img decoding=\"async\" src=\"https:\/\/pictures.dealer.com\/i\/imperialmotorsjaguaroflakebluffjag\/1435\/f5d64f74dfb12b22cef3a06986063f14x.webp\" alt=\"\"\/><figcaption>(Foto: Reprodu\u00e7\u00e3o\/Imperial Motors Jaguar Of Lake Bluff)<\/figcaption><\/figure>\n\n\n\n<figure class=\"wp-block-image size-large\"><img decoding=\"async\" src=\"https:\/\/pictures.dealer.com\/i\/imperialmotorsjaguaroflakebluffjag\/0560\/c5b18d4e937da6e7f923d6d7d967bfefx.webp\" alt=\"\"\/><figcaption>(Foto: Reprodu\u00e7\u00e3o\/Imperial Motors Jaguar Of Lake Bluff)<\/figcaption><\/figure>\n\n\n\n<figure class=\"wp-block-image size-large\"><img decoding=\"async\" src=\"https:\/\/pictures.dealer.com\/i\/imperialmotorsjaguaroflakebluffjag\/1603\/12c955250aee1bdf6994d73a7a533f2cx.webp\" alt=\"\"\/><figcaption>(Foto: Reprodu\u00e7\u00e3o\/Imperial Motors Jaguar Of Lake Bluff)<\/figcaption><\/figure>\n\n\n\n<figure class=\"wp-block-image size-large\"><img decoding=\"async\" src=\"https:\/\/pictures.dealer.com\/i\/imperialmotorsjaguaroflakebluffjag\/0674\/88eced10d5e149ddb620e88173ab700ex.webp\" alt=\"\"\/><figcaption>(Foto: Reprodu\u00e7\u00e3o\/Imperial Motors Jaguar Of Lake Bluff)<\/figcaption><\/figure>\n\n\n\n<figure class=\"wp-block-image size-large\"><img decoding=\"async\" src=\"https:\/\/pictures.dealer.com\/i\/imperialmotorsjaguaroflakebluffjag\/0192\/9440a4a2f924ade53d21b8062e603344x.webp\" alt=\"\"\/><figcaption>(Foto: Reprodu\u00e7\u00e3o\/Imperial Motors Jaguar Of Lake Bluff)<\/figcaption><\/figure>\n\n\n\n<figure class=\"wp-block-image size-large\"><img decoding=\"async\" src=\"https:\/\/pictures.dealer.com\/i\/imperialmotorsjaguaroflakebluffjag\/0814\/644532a8218e3356da2d9d06e7cc1bc4x.webp\" alt=\"\"\/><figcaption>(Foto: Reprodu\u00e7\u00e3o\/Imperial Motors Jaguar Of Lake Bluff)<\/figcaption><\/figure>\n\n\n\n<figure class=\"wp-block-image size-large\"><img decoding=\"async\" src=\"https:\/\/pictures.dealer.com\/i\/imperialmotorsjaguaroflakebluffjag\/0722\/1a6ca105b0b5a09f55ced90fa22a52f8x.webp\" alt=\"\"\/><figcaption>(Foto: Reprodu\u00e7\u00e3o\/Imperial Motors Jaguar Of Lake Bluff)<\/figcaption><\/figure>\n\n\n\n<figure class=\"wp-block-image size-large\"><img decoding=\"async\" src=\"https:\/\/pictures.dealer.com\/i\/imperialmotorsjaguaroflakebluffjag\/0286\/0df8aa7dc88239f60ac83b0e39dfbc68x.webp\" alt=\"\"\/><figcaption>(Foto: Reprodu\u00e7\u00e3o\/Imperial Motors Jaguar Of Lake Bluff)<\/figcaption><\/figure>\n\n\n\n<figure class=\"wp-block-image size-large\"><img decoding=\"async\" src=\"https:\/\/pictures.dealer.com\/i\/imperialmotorsjaguaroflakebluffjag\/1293\/d3848c1496a12f853c4d1c2460300c07x.webp\" alt=\"\"\/><figcaption>(Foto: Reprodu\u00e7\u00e3o\/Imperial Motors Jaguar Of Lake Bluff)<\/figcaption><\/figure>\n\n\n\n<figure class=\"wp-block-image size-large\"><img decoding=\"async\" src=\"https:\/\/pictures.dealer.com\/i\/imperialmotorsjaguaroflakebluffjag\/0021\/14f89d70f1d08b289830ecd1e4a9eac8x.webp\" alt=\"\"\/><figcaption>(Foto: Reprodu\u00e7\u00e3o\/Imperial Motors Jaguar Of Lake Bluff)<\/figcaption><\/figure>\n\n\n\n<figure class=\"wp-block-image size-large\"><img decoding=\"async\" src=\"https:\/\/pictures.dealer.com\/i\/imperialmotorsjaguaroflakebluffjag\/1252\/e12b0b8b1a54cb79fc8e85411b1b531dx.webp\" alt=\"\"\/><figcaption>(Foto: Reprodu\u00e7\u00e3o\/Imperial Motors Jaguar Of Lake Bluff)<\/figcaption><\/figure>\n\n\n\n<figure class=\"wp-block-image size-large\"><img decoding=\"async\" src=\"https:\/\/pictures.dealer.com\/i\/imperialmotorsjaguaroflakebluffjag\/1277\/f5bfd33a1bc6e1f17a81eff56a962731x.webp\" alt=\"\"\/><figcaption>(Foto: Reprodu\u00e7\u00e3o\/Imperial Motors Jaguar Of Lake Bluff)<\/figcaption><\/figure>\n\n\n\n<figure class=\"wp-block-image size-large\"><img decoding=\"async\" src=\"https:\/\/pictures.dealer.com\/i\/imperialmotorsjaguaroflakebluffjag\/0721\/c216079ec3150403617c378ce570c9a9x.webp\" alt=\"\"\/><figcaption>(Foto: Reprodu\u00e7\u00e3o\/Imperial Motors Jaguar Of Lake Bluff)<\/figcaption><\/figure>\n\n\n\n<figure class=\"wp-block-image size-large\"><img decoding=\"async\" src=\"https:\/\/pictures.dealer.com\/i\/imperialmotorsjaguaroflakebluffjag\/1006\/d9d4fe0e4bd586b0b5e712561d5c1d1dx.webp\" alt=\"\"\/><figcaption>(Foto: Reprodu\u00e7\u00e3o\/Imperial Motors Jaguar Of Lake Bluff)<\/figcaption><\/figure>\n\n\n\n<figure class=\"wp-block-image size-large\"><img decoding=\"async\" src=\"https:\/\/pictures.dealer.com\/i\/imperialmotorsjaguaroflakebluffjag\/1941\/54c196f18206cd181dfb6c697f791f74x.webp\" alt=\"\"\/><figcaption>(Foto: Reprodu\u00e7\u00e3o\/Imperial Motors Jaguar Of Lake Bluff)<\/figcaption><\/figure>\n\n\n\n<figure class=\"wp-block-image size-large\"><img decoding=\"async\" src=\"https:\/\/pictures.dealer.com\/i\/imperialmotorsjaguaroflakebluffjag\/0631\/100bf0790a81d3329e353a70c6bb1e3bx.webp\" alt=\"\"\/><figcaption>(Foto: Reprodu\u00e7\u00e3o\/Imperial Motors Jaguar Of Lake Bluff)<\/figcaption><\/figure>\n\n\n\n<figure class=\"wp-block-image size-large\"><img decoding=\"async\" src=\"https:\/\/pictures.dealer.com\/i\/imperialmotorsjaguaroflakebluffjag\/0435\/9dc6920e8655798cd37b031b3ea61d72x.webp\" alt=\"\"\/><figcaption>(Foto: Reprodu\u00e7\u00e3o\/Imperial Motors Jaguar Of Lake Bluff)<\/figcaption><\/figure>\n\n\n\n<figure class=\"wp-block-image size-large\"><img decoding=\"async\" src=\"https:\/\/pictures.dealer.com\/i\/imperialmotorsjaguaroflakebluffjag\/0802\/a7a917accf549615998fb9acb05d3c9cx.webp\" alt=\"\"\/><figcaption>(Foto: Reprodu\u00e7\u00e3o\/Imperial Motors Jaguar Of Lake Bluff)<\/figcaption><\/figure>\n\n\n\n<figure class=\"wp-block-image size-large\"><img decoding=\"async\" src=\"https:\/\/pictures.dealer.com\/i\/imperialmotorsjaguaroflakebluffjag\/0396\/c3147222b5b2adc148f16cddbb37ce4bx.webp\" alt=\"\"\/><figcaption>(Foto: Reprodu\u00e7\u00e3o\/Imperial Motors Jaguar Of Lake Bluff)<\/figcaption><\/figure>\n\n\n\n<figure class=\"wp-block-image size-large\"><img decoding=\"async\" src=\"https:\/\/pictures.dealer.com\/i\/imperialmotorsjaguaroflakebluffjag\/1531\/b1faa3948f91be9724412c0764106ce4x.webp\" alt=\"\"\/><figcaption>(Foto: Reprodu\u00e7\u00e3o\/Imperial Motors Jaguar Of Lake Bluff)<\/figcaption><\/figure>\n\n\n\n<figure class=\"wp-block-image size-large\"><img decoding=\"async\" src=\"https:\/\/pictures.dealer.com\/i\/imperialmotorsjaguaroflakebluffjag\/0666\/982a33abbefe923ea0a9c73d4ec361c8x.webp\" alt=\"\"\/><figcaption>(Foto: Reprodu\u00e7\u00e3o\/Imperial Motors Jaguar Of Lake Bluff)<\/figcaption><\/figure>\n\n\n\n<figure class=\"wp-block-image size-large\"><img decoding=\"async\" src=\"https:\/\/pictures.dealer.com\/i\/imperialmotorsjaguaroflakebluffjag\/0863\/fd3ad8a35550b12e5810812e260b9485x.webp\" alt=\"\"\/><figcaption>(Foto: Reprodu\u00e7\u00e3o\/Imperial Motors Jaguar Of Lake Bluff)<\/figcaption><\/figure>\n\n\n\n<figure class=\"wp-block-image size-large\"><img decoding=\"async\" src=\"https:\/\/pictures.dealer.com\/i\/imperialmotorsjaguaroflakebluffjag\/0930\/a38b01f231586d975ca782b3a25e229fx.webp\" alt=\"\"\/><figcaption>(Foto: Reprodu\u00e7\u00e3o\/Imperial Motors Jaguar Of Lake Bluff)<\/figcaption><\/figure>\n\n\n\n<figure class=\"wp-block-image size-large\"><img decoding=\"async\" src=\"https:\/\/pictures.dealer.com\/i\/imperialmotorsjaguaroflakebluffjag\/1882\/a0818994bc6f3c63e240ffe6e44a17abx.webp\" alt=\"\"\/><figcaption>(Foto: Reprodu\u00e7\u00e3o\/Imperial Motors Jaguar Of Lake Bluff)<\/figcaption><\/figure>\n\n\n\n<figure class=\"wp-block-image size-large is-resized\"><img loading=\"lazy\" decoding=\"async\" src=\"https:\/\/pictures.dealer.com\/i\/imperialmotorsjaguaroflakebluffjag\/1993\/e74f89c2333c42dff2a3d7a406ada684x.webp\" alt=\"\" width=\"580\" height=\"435\"\/><figcaption>(Foto: Reprodu\u00e7\u00e3o\/Imperial Motors Jaguar Of Lake Bluff)<\/figcaption><\/figure>\n\n\n\n<figure class=\"wp-block-image size-large\"><img decoding=\"async\" src=\"https:\/\/pictures.dealer.com\/i\/imperialmotorsjaguaroflakebluffjag\/0966\/d02d75b501f62314834fdf0f5782ae5cx.webp\" alt=\"\"\/><figcaption>(Foto: Reprodu\u00e7\u00e3o\/Imperial Motors Jaguar Of Lake Bluff)<\/figcaption><\/figure>\n\n\n\n<p>Aos 21 anos, o goleiro caiu nas gra\u00e7as da Na\u00e7\u00e3o com as boas defesas, inclusive com um p\u00eanalti defendido na vit\u00f3ria , por 1 a 0, sobre o Athletico-PR, na Copa do Brasil.<\/p>\n\n\n\n<p>Retirado de: Lance<\/p>\n","protected":false},"excerpt":{"rendered":"<p>O jovem goleiro do Flamengo Hugo Souza, o Neneca, est\u00e1 de carro novo. Em boa fase dentro de campo, ele est\u00e1 prestes a renovar o contrato com o Flamengo at\u00e9 2025 com aumento salarial significativo. Diante da mudan\u00e7a de remunera\u00e7\u00e3o ele j\u00e1 gastou com um novo ve\u00edculo avaliado em carca de R$400 mil. Hugo adquiriu [&hellip;]<\/p>\n","protected":false},"author":1,"featured_media":32051,"comment_status":"open","ping_status":"closed","sticky":false,"template":"","format":"standard","meta":{"footnotes":""},"categories":[1],"tags":[],"class_list":["post-50479","post","type-post","status-publish","format-standard","has-post-thumbnail","hentry","category-flamengo"],"yoast_head":"<!-- This site is optimized with the Yoast SEO Premium plugin v24.2 (Yoast SEO v26.9) - https:\/\/yoast.com\/product\/yoast-seo-premium-wordpress\/ -->\n<title>Hugo &#039;Neneca&#039; do Flamengo compra carro de R$ 400 mil; veja fotos<\/title>\n<meta name=\"description\" content=\"Em boa fase dentro de campo, ele est\u00e1 prestes a renovar o contrato com o Flamengo at\u00e9 2025 com aumento salarial significativo.\" \/>\n<meta name=\"robots\" content=\"index, follow, max-snippet:-1, max-image-preview:large, max-video-preview:-1\" \/>\n<link rel=\"canonical\" href=\"https:\/\/www.gaveanews.com\/index.php\/2020\/10\/30\/hugo-neneca-do-flamengo-compra-carro-avaliado-em-r400-mil-veja-fo\/\" \/>\n<meta property=\"og:locale\" content=\"pt_BR\" \/>\n<meta property=\"og:type\" content=\"article\" \/>\n<meta property=\"og:title\" content=\"Hugo &#039;Neneca&#039; do Flamengo compra carro avaliado em R$400 mil ; veja fotos\" \/>\n<meta property=\"og:description\" content=\"Em boa fase dentro de campo, ele est\u00e1 prestes a renovar o contrato com o Flamengo at\u00e9 2025 com aumento salarial significativo.\" \/>\n<meta property=\"og:url\" content=\"https:\/\/www.gaveanews.com\/index.php\/2020\/10\/30\/hugo-neneca-do-flamengo-compra-carro-avaliado-em-r400-mil-veja-fo\/\" \/>\n<meta property=\"og:site_name\" content=\"G\u00e1vea News\" \/>\n<meta property=\"article:publisher\" content=\"https:\/\/facebook.com\/gaveaNews\/\" \/>\n<meta property=\"article:published_time\" content=\"2020-10-30T16:31:47+00:00\" \/>\n<meta property=\"article:modified_time\" content=\"2020-10-30T19:02:48+00:00\" \/>\n<meta property=\"og:image\" content=\"https:\/\/www.gaveanews.com\/wp-content\/uploads\/Goleiro-Hugo-durante-treinamento-do-Flamengo-no-Ninho-do-Urubu.webp\" \/>\n\t<meta property=\"og:image:width\" content=\"1280\" \/>\n\t<meta property=\"og:image:height\" content=\"853\" \/>\n\t<meta property=\"og:image:type\" content=\"image\/jpeg\" \/>\n<meta name=\"author\" content=\"Equipe G\u00e1vea News\" \/>\n<meta name=\"twitter:card\" content=\"summary_large_image\" \/>\n<meta name=\"twitter:label1\" content=\"Escrito por\" \/>\n\t<meta name=\"twitter:data1\" content=\"Equipe G\u00e1vea News\" \/>\n\t<meta name=\"twitter:label2\" content=\"Est. tempo de leitura\" \/>\n\t<meta name=\"twitter:data2\" content=\"2 minutos\" \/>\n<script type=\"application\/ld+json\" class=\"yoast-schema-graph\">{\"@context\":\"https:\/\/schema.org\",\"@graph\":[{\"@type\":\"NewsArticle\",\"@id\":\"https:\/\/www.gaveanews.com\/index.php\/2020\/10\/30\/hugo-neneca-do-flamengo-compra-carro-avaliado-em-r400-mil-veja-fo\/#article\",\"isPartOf\":{\"@id\":\"https:\/\/www.gaveanews.com\/index.php\/2020\/10\/30\/hugo-neneca-do-flamengo-compra-carro-avaliado-em-r400-mil-veja-fo\/\"},\"author\":{\"name\":\"Equipe G\u00e1vea News\",\"@id\":\"https:\/\/www.gaveanews.com\/#\/schema\/person\/2ec14f73fb96be2caf28f91afb14749d\"},\"headline\":\"Hugo &#8216;Neneca&#8217; do Flamengo compra carro avaliado em R$400 mil ; veja fotos\",\"datePublished\":\"2020-10-30T16:31:47+00:00\",\"dateModified\":\"2020-10-30T19:02:48+00:00\",\"mainEntityOfPage\":{\"@id\":\"https:\/\/www.gaveanews.com\/index.php\/2020\/10\/30\/hugo-neneca-do-flamengo-compra-carro-avaliado-em-r400-mil-veja-fo\/\"},\"wordCount\":489,\"commentCount\":58,\"image\":{\"@id\":\"https:\/\/www.gaveanews.com\/index.php\/2020\/10\/30\/hugo-neneca-do-flamengo-compra-carro-avaliado-em-r400-mil-veja-fo\/#primaryimage\"},\"thumbnailUrl\":\"https:\/\/www.gaveanews.com\/wp-content\/uploads\/Goleiro-Hugo-durante-treinamento-do-Flamengo-no-Ninho-do-Urubu.webp\",\"articleSection\":[\"Flamengo\"],\"inLanguage\":\"pt-BR\",\"potentialAction\":[{\"@type\":\"CommentAction\",\"name\":\"Comment\",\"target\":[\"https:\/\/www.gaveanews.com\/index.php\/2020\/10\/30\/hugo-neneca-do-flamengo-compra-carro-avaliado-em-r400-mil-veja-fo\/#respond\"]}],\"copyrightYear\":\"2020\",\"copyrightHolder\":{\"@id\":\"https:\/\/www.gaveanews.com\/#organization\"}},{\"@type\":\"WebPage\",\"@id\":\"https:\/\/www.gaveanews.com\/index.php\/2020\/10\/30\/hugo-neneca-do-flamengo-compra-carro-avaliado-em-r400-mil-veja-fo\/\",\"url\":\"https:\/\/www.gaveanews.com\/index.php\/2020\/10\/30\/hugo-neneca-do-flamengo-compra-carro-avaliado-em-r400-mil-veja-fo\/\",\"name\":\"Hugo 'Neneca' do Flamengo compra carro de R$ 400 mil; veja fotos\",\"isPartOf\":{\"@id\":\"https:\/\/www.gaveanews.com\/#website\"},\"primaryImageOfPage\":{\"@id\":\"https:\/\/www.gaveanews.com\/index.php\/2020\/10\/30\/hugo-neneca-do-flamengo-compra-carro-avaliado-em-r400-mil-veja-fo\/#primaryimage\"},\"image\":{\"@id\":\"https:\/\/www.gaveanews.com\/index.php\/2020\/10\/30\/hugo-neneca-do-flamengo-compra-carro-avaliado-em-r400-mil-veja-fo\/#primaryimage\"},\"thumbnailUrl\":\"https:\/\/www.gaveanews.com\/wp-content\/uploads\/Goleiro-Hugo-durante-treinamento-do-Flamengo-no-Ninho-do-Urubu.webp\",\"datePublished\":\"2020-10-30T16:31:47+00:00\",\"dateModified\":\"2020-10-30T19:02:48+00:00\",\"author\":{\"@id\":\"https:\/\/www.gaveanews.com\/#\/schema\/person\/2ec14f73fb96be2caf28f91afb14749d\"},\"description\":\"Em boa fase dentro de campo, ele est\u00e1 prestes a renovar o contrato com o Flamengo at\u00e9 2025 com aumento salarial significativo.\",\"breadcrumb\":{\"@id\":\"https:\/\/www.gaveanews.com\/index.php\/2020\/10\/30\/hugo-neneca-do-flamengo-compra-carro-avaliado-em-r400-mil-veja-fo\/#breadcrumb\"},\"inLanguage\":\"pt-BR\",\"potentialAction\":[{\"@type\":\"ReadAction\",\"target\":[\"https:\/\/www.gaveanews.com\/index.php\/2020\/10\/30\/hugo-neneca-do-flamengo-compra-carro-avaliado-em-r400-mil-veja-fo\/\"]}]},{\"@type\":\"ImageObject\",\"inLanguage\":\"pt-BR\",\"@id\":\"https:\/\/www.gaveanews.com\/index.php\/2020\/10\/30\/hugo-neneca-do-flamengo-compra-carro-avaliado-em-r400-mil-veja-fo\/#primaryimage\",\"url\":\"https:\/\/www.gaveanews.com\/wp-content\/uploads\/Goleiro-Hugo-durante-treinamento-do-Flamengo-no-Ninho-do-Urubu.webp\",\"contentUrl\":\"https:\/\/www.gaveanews.com\/wp-content\/uploads\/Goleiro-Hugo-durante-treinamento-do-Flamengo-no-Ninho-do-Urubu.webp\",\"width\":1280,\"height\":853,\"caption\":\"Goleiro Hugo durante treinamento do Flamengo no Ninho do Urubu (Foto: Gilvan de Souza\/Flamengo)\"},{\"@type\":\"BreadcrumbList\",\"@id\":\"https:\/\/www.gaveanews.com\/index.php\/2020\/10\/30\/hugo-neneca-do-flamengo-compra-carro-avaliado-em-r400-mil-veja-fo\/#breadcrumb\",\"itemListElement\":[{\"@type\":\"ListItem\",\"position\":1,\"name\":\"Home\",\"item\":\"https:\/\/www.gaveanews.com\/\"},{\"@type\":\"ListItem\",\"position\":2,\"name\":\"Hugo &#8216;Neneca&#8217; do Flamengo compra carro avaliado em R$400 mil ; veja fotos\"}]},{\"@type\":\"WebSite\",\"@id\":\"https:\/\/www.gaveanews.com\/#website\",\"url\":\"https:\/\/www.gaveanews.com\/\",\"name\":\"G\u00e1vea News\",\"description\":\"Veja todas as not\u00edcias sobre o Flamengo: Contrata\u00e7\u00f5es, categorias de base, resultados das partidas, tabela de classifica\u00e7\u00e3o, pr\u00f3ximos jogos!\",\"potentialAction\":[{\"@type\":\"SearchAction\",\"target\":{\"@type\":\"EntryPoint\",\"urlTemplate\":\"https:\/\/www.gaveanews.com\/?s={search_term_string}\"},\"query-input\":{\"@type\":\"PropertyValueSpecification\",\"valueRequired\":true,\"valueName\":\"search_term_string\"}}],\"inLanguage\":\"pt-BR\"},{\"@type\":\"Person\",\"@id\":\"https:\/\/www.gaveanews.com\/#\/schema\/person\/2ec14f73fb96be2caf28f91afb14749d\",\"name\":\"Equipe G\u00e1vea News\",\"image\":{\"@type\":\"ImageObject\",\"inLanguage\":\"pt-BR\",\"@id\":\"https:\/\/www.gaveanews.com\/#\/schema\/person\/image\/\",\"url\":\"https:\/\/secure.gravatar.com\/avatar\/1e1956f1facbffd3f8fa53a326721950116b3b9dc9bd44939c01180fd4a745a9?s=96&d=mm&r=g\",\"contentUrl\":\"https:\/\/secure.gravatar.com\/avatar\/1e1956f1facbffd3f8fa53a326721950116b3b9dc9bd44939c01180fd4a745a9?s=96&d=mm&r=g\",\"caption\":\"Equipe G\u00e1vea News\"}}]}<\/script>\n<!-- \/ Yoast SEO Premium plugin. -->","yoast_head_json":{"title":"Hugo 'Neneca' do Flamengo compra carro de R$ 400 mil; veja fotos","description":"Em boa fase dentro de campo, ele est\u00e1 prestes a renovar o contrato com o Flamengo at\u00e9 2025 com aumento salarial significativo.","robots":{"index":"index","follow":"follow","max-snippet":"max-snippet:-1","max-image-preview":"max-image-preview:large","max-video-preview":"max-video-preview:-1"},"canonical":"https:\/\/www.gaveanews.com\/index.php\/2020\/10\/30\/hugo-neneca-do-flamengo-compra-carro-avaliado-em-r400-mil-veja-fo\/","og_locale":"pt_BR","og_type":"article","og_title":"Hugo 'Neneca' do Flamengo compra carro avaliado em R$400 mil ; veja fotos","og_description":"Em boa fase dentro de campo, ele est\u00e1 prestes a renovar o contrato com o Flamengo at\u00e9 2025 com aumento salarial significativo.","og_url":"https:\/\/www.gaveanews.com\/index.php\/2020\/10\/30\/hugo-neneca-do-flamengo-compra-carro-avaliado-em-r400-mil-veja-fo\/","og_site_name":"G\u00e1vea News","article_publisher":"https:\/\/facebook.com\/gaveaNews\/","article_published_time":"2020-10-30T16:31:47+00:00","article_modified_time":"2020-10-30T19:02:48+00:00","og_image":[{"width":1280,"height":853,"url":"https:\/\/www.gaveanews.com\/wp-content\/uploads\/Goleiro-Hugo-durante-treinamento-do-Flamengo-no-Ninho-do-Urubu.webp","type":"image\/jpeg"}],"author":"Equipe G\u00e1vea News","twitter_card":"summary_large_image","twitter_misc":{"Escrito por":"Equipe G\u00e1vea News","Est. tempo de leitura":"2 minutos"},"schema":{"@context":"https:\/\/schema.org","@graph":[{"@type":"NewsArticle","@id":"https:\/\/www.gaveanews.com\/index.php\/2020\/10\/30\/hugo-neneca-do-flamengo-compra-carro-avaliado-em-r400-mil-veja-fo\/#article","isPartOf":{"@id":"https:\/\/www.gaveanews.com\/index.php\/2020\/10\/30\/hugo-neneca-do-flamengo-compra-carro-avaliado-em-r400-mil-veja-fo\/"},"author":{"name":"Equipe G\u00e1vea News","@id":"https:\/\/www.gaveanews.com\/#\/schema\/person\/2ec14f73fb96be2caf28f91afb14749d"},"headline":"Hugo &#8216;Neneca&#8217; do Flamengo compra carro avaliado em R$400 mil ; veja fotos","datePublished":"2020-10-30T16:31:47+00:00","dateModified":"2020-10-30T19:02:48+00:00","mainEntityOfPage":{"@id":"https:\/\/www.gaveanews.com\/index.php\/2020\/10\/30\/hugo-neneca-do-flamengo-compra-carro-avaliado-em-r400-mil-veja-fo\/"},"wordCount":489,"commentCount":58,"image":{"@id":"https:\/\/www.gaveanews.com\/index.php\/2020\/10\/30\/hugo-neneca-do-flamengo-compra-carro-avaliado-em-r400-mil-veja-fo\/#primaryimage"},"thumbnailUrl":"https:\/\/www.gaveanews.com\/wp-content\/uploads\/Goleiro-Hugo-durante-treinamento-do-Flamengo-no-Ninho-do-Urubu.webp","articleSection":["Flamengo"],"inLanguage":"pt-BR","potentialAction":[{"@type":"CommentAction","name":"Comment","target":["https:\/\/www.gaveanews.com\/index.php\/2020\/10\/30\/hugo-neneca-do-flamengo-compra-carro-avaliado-em-r400-mil-veja-fo\/#respond"]}],"copyrightYear":"2020","copyrightHolder":{"@id":"https:\/\/www.gaveanews.com\/#organization"}},{"@type":"WebPage","@id":"https:\/\/www.gaveanews.com\/index.php\/2020\/10\/30\/hugo-neneca-do-flamengo-compra-carro-avaliado-em-r400-mil-veja-fo\/","url":"https:\/\/www.gaveanews.com\/index.php\/2020\/10\/30\/hugo-neneca-do-flamengo-compra-carro-avaliado-em-r400-mil-veja-fo\/","name":"Hugo 'Neneca' do Flamengo compra carro de R$ 400 mil; veja fotos","isPartOf":{"@id":"https:\/\/www.gaveanews.com\/#website"},"primaryImageOfPage":{"@id":"https:\/\/www.gaveanews.com\/index.php\/2020\/10\/30\/hugo-neneca-do-flamengo-compra-carro-avaliado-em-r400-mil-veja-fo\/#primaryimage"},"image":{"@id":"https:\/\/www.gaveanews.com\/index.php\/2020\/10\/30\/hugo-neneca-do-flamengo-compra-carro-avaliado-em-r400-mil-veja-fo\/#primaryimage"},"thumbnailUrl":"https:\/\/www.gaveanews.com\/wp-content\/uploads\/Goleiro-Hugo-durante-treinamento-do-Flamengo-no-Ninho-do-Urubu.webp","datePublished":"2020-10-30T16:31:47+00:00","dateModified":"2020-10-30T19:02:48+00:00","author":{"@id":"https:\/\/www.gaveanews.com\/#\/schema\/person\/2ec14f73fb96be2caf28f91afb14749d"},"description":"Em boa fase dentro de campo, ele est\u00e1 prestes a renovar o contrato com o Flamengo at\u00e9 2025 com aumento salarial significativo.","breadcrumb":{"@id":"https:\/\/www.gaveanews.com\/index.php\/2020\/10\/30\/hugo-neneca-do-flamengo-compra-carro-avaliado-em-r400-mil-veja-fo\/#breadcrumb"},"inLanguage":"pt-BR","potentialAction":[{"@type":"ReadAction","target":["https:\/\/www.gaveanews.com\/index.php\/2020\/10\/30\/hugo-neneca-do-flamengo-compra-carro-avaliado-em-r400-mil-veja-fo\/"]}]},{"@type":"ImageObject","inLanguage":"pt-BR","@id":"https:\/\/www.gaveanews.com\/index.php\/2020\/10\/30\/hugo-neneca-do-flamengo-compra-carro-avaliado-em-r400-mil-veja-fo\/#primaryimage","url":"https:\/\/www.gaveanews.com\/wp-content\/uploads\/Goleiro-Hugo-durante-treinamento-do-Flamengo-no-Ninho-do-Urubu.webp","contentUrl":"https:\/\/www.gaveanews.com\/wp-content\/uploads\/Goleiro-Hugo-durante-treinamento-do-Flamengo-no-Ninho-do-Urubu.webp","width":1280,"height":853,"caption":"Goleiro Hugo durante treinamento do Flamengo no Ninho do Urubu (Foto: Gilvan de Souza\/Flamengo)"},{"@type":"BreadcrumbList","@id":"https:\/\/www.gaveanews.com\/index.php\/2020\/10\/30\/hugo-neneca-do-flamengo-compra-carro-avaliado-em-r400-mil-veja-fo\/#breadcrumb","itemListElement":[{"@type":"ListItem","position":1,"name":"Home","item":"https:\/\/www.gaveanews.com\/"},{"@type":"ListItem","position":2,"name":"Hugo &#8216;Neneca&#8217; do Flamengo compra carro avaliado em R$400 mil ; veja fotos"}]},{"@type":"WebSite","@id":"https:\/\/www.gaveanews.com\/#website","url":"https:\/\/www.gaveanews.com\/","name":"G\u00e1vea News","description":"Veja todas as not\u00edcias sobre o Flamengo: Contrata\u00e7\u00f5es, categorias de base, resultados das partidas, tabela de classifica\u00e7\u00e3o, pr\u00f3ximos jogos!","potentialAction":[{"@type":"SearchAction","target":{"@type":"EntryPoint","urlTemplate":"https:\/\/www.gaveanews.com\/?s={search_term_string}"},"query-input":{"@type":"PropertyValueSpecification","valueRequired":true,"valueName":"search_term_string"}}],"inLanguage":"pt-BR"},{"@type":"Person","@id":"https:\/\/www.gaveanews.com\/#\/schema\/person\/2ec14f73fb96be2caf28f91afb14749d","name":"Equipe G\u00e1vea News","image":{"@type":"ImageObject","inLanguage":"pt-BR","@id":"https:\/\/www.gaveanews.com\/#\/schema\/person\/image\/","url":"https:\/\/secure.gravatar.com\/avatar\/1e1956f1facbffd3f8fa53a326721950116b3b9dc9bd44939c01180fd4a745a9?s=96&d=mm&r=g","contentUrl":"https:\/\/secure.gravatar.com\/avatar\/1e1956f1facbffd3f8fa53a326721950116b3b9dc9bd44939c01180fd4a745a9?s=96&d=mm&r=g","caption":"Equipe G\u00e1vea News"}}]}},"_links":{"self":[{"href":"https:\/\/www.gaveanews.com\/index.php\/wp-json\/wp\/v2\/posts\/50479","targetHints":{"allow":["GET"]}}],"collection":[{"href":"https:\/\/www.gaveanews.com\/index.php\/wp-json\/wp\/v2\/posts"}],"about":[{"href":"https:\/\/www.gaveanews.com\/index.php\/wp-json\/wp\/v2\/types\/post"}],"author":[{"embeddable":true,"href":"https:\/\/www.gaveanews.com\/index.php\/wp-json\/wp\/v2\/users\/1"}],"replies":[{"embeddable":true,"href":"https:\/\/www.gaveanews.com\/index.php\/wp-json\/wp\/v2\/comments?post=50479"}],"version-history":[{"count":0,"href":"https:\/\/www.gaveanews.com\/index.php\/wp-json\/wp\/v2\/posts\/50479\/revisions"}],"wp:featuredmedia":[{"embeddable":true,"href":"https:\/\/www.gaveanews.com\/index.php\/wp-json\/wp\/v2\/media\/32051"}],"wp:attachment":[{"href":"https:\/\/www.gaveanews.com\/index.php\/wp-json\/wp\/v2\/media?parent=50479"}],"wp:term":[{"taxonomy":"category","embeddable":true,"href":"https:\/\/www.gaveanews.com\/index.php\/wp-json\/wp\/v2\/categories?post=50479"},{"taxonomy":"post_tag","embeddable":true,"href":"https:\/\/www.gaveanews.com\/index.php\/wp-json\/wp\/v2\/tags?post=50479"}],"curies":[{"name":"wp","href":"https:\/\/api.w.org\/{rel}","templated":true}]}}