{"id":50485,"date":"2020-10-30T15:45:38","date_gmt":"2020-10-30T18:45:38","guid":{"rendered":"https:\/\/www.gaveanews.com\/?p=50485"},"modified":"2024-04-07T08:32:21","modified_gmt":"2024-04-07T11:32:21","slug":"neymar-nao-sera-convocado-e-atacantes-do-flamengo-serao-opcoes-para-a-selecao","status":"publish","type":"post","link":"https:\/\/www.gaveanews.com\/index.php\/2020\/10\/30\/neymar-nao-sera-convocado-e-atacantes-do-flamengo-serao-opcoes-para-a-selecao\/","title":{"rendered":"Neymar n\u00e3o ser\u00e1 convocado e atacantes do Flamengo ser\u00e3o op\u00e7\u00f5es para a Sele\u00e7\u00e3o"},"content":{"rendered":"\n<p>Na tarde desta sexta-feira (30), em entrevista coletiva, o t\u00e9cnico Thomas Tuchel confirmou que Neymar n\u00e3o dever\u00e1 ser convocado para as pr\u00f3ximas partidas da Sele\u00e7\u00e3o Brasileira.<\/p>\n\n\n\n<p>Na coletiva ocorrida anteriormente \u00e0 partida contra o Nantes, o t\u00e9cnico do Paris Saint-Germain, ao falar sobre os desfalques do time, levantou a quest\u00e3o de Neymar e disse que o jogador n\u00e3o ser\u00e1 convocado pelo t\u00e9cnico Tite.<\/p>\n\n\n\n<p>Confira:<strong><em> &#8220;Di Mar\u00eda est\u00e1 suspenso. Icardi, Paredes, Draxler, Verratti e Neymar est\u00e3o ausentes. Neymar deve retornar ap\u00f3s o intervalo internacional. Deve ser mais r\u00e1pido para Leo (Paredes) e Mauro (Icardi), mas para a volta aos treinos apenas. Corremos riscos com alguns jogadores, \u00e9 complicado conseguir 100% deles agora, mas tentamos ser cuidadosos&#8221;<\/em><\/strong>, dizia o alem\u00e3o.<\/p>\n\n\n\n<p><strong><em>&#8220;Honestamente, eu acho que n\u00e3o \u00e9 poss\u00edvel ele jogar (com a Sele\u00e7\u00e3o). Se ele jogar quer dizer que ele n\u00e3o tem les\u00e3o, mas \u00e9 uma mensagem ruim porque ele est\u00e1 machucado. A informa\u00e7\u00e3o que eu tenho \u00e9 que ele volta depois da pausa&#8221;<\/em><\/strong>, completou.<\/p>\n\n\n\n<p>Neste cen\u00e1rio, caso Neymar realmente seja cortado da lista, Pedro e Bruno Henrique poder\u00e3o assumir a posi\u00e7\u00e3o. Os atacantes do Flamengo est\u00e3o na lista de suplentes do t\u00e9cnico da Sele\u00e7\u00e3o e atualmente s\u00e3o os favoritos \u00e0 vaga.<\/p>\n","protected":false},"excerpt":{"rendered":"<p>Na tarde desta sexta-feira (30), em entrevista coletiva, o t\u00e9cnico Thomas Tuchel confirmou que Neymar n\u00e3o dever\u00e1 ser convocado para as pr\u00f3ximas partidas da Sele\u00e7\u00e3o Brasileira. Na coletiva ocorrida anteriormente \u00e0 partida contra o Nantes, o t\u00e9cnico do Paris Saint-Germain, ao falar sobre os desfalques do time, levantou a quest\u00e3o de Neymar e disse que [&hellip;]<\/p>\n","protected":false},"author":4,"featured_media":48672,"comment_status":"open","ping_status":"closed","sticky":false,"template":"","format":"standard","meta":{"footnotes":""},"categories":[1],"tags":[184],"class_list":["post-50485","post","type-post","status-publish","format-standard","has-post-thumbnail","hentry","category-flamengo","tag-neymar"],"yoast_head":"<!-- This site is optimized with the Yoast SEO Premium plugin v24.2 (Yoast SEO v26.9) - https:\/\/yoast.com\/product\/yoast-seo-premium-wordpress\/ -->\n<title>Neymar n\u00e3o ser\u00e1 convocado e atacantes do Fla ser\u00e3o op\u00e7\u00f5es para Tite<\/title>\n<meta name=\"description\" content=\"Na tarde desta sexta,, o t\u00e9cnico Thomas Tuchel confirmou que Neymar n\u00e3o dever\u00e1 ser convocado para as pr\u00f3ximas partidas da Sele\u00e7\u00e3o Brasileira.\" \/>\n<meta name=\"robots\" content=\"index, follow, max-snippet:-1, max-image-preview:large, max-video-preview:-1\" \/>\n<link rel=\"canonical\" href=\"https:\/\/www.gaveanews.com\/index.php\/2020\/10\/30\/neymar-nao-sera-convocado-e-atacantes-do-flamengo-serao-opcoes-para-a-selecao\/\" \/>\n<meta property=\"og:locale\" content=\"pt_BR\" \/>\n<meta property=\"og:type\" content=\"article\" \/>\n<meta property=\"og:title\" content=\"Neymar n\u00e3o ser\u00e1 convocado e atacantes do Flamengo ser\u00e3o op\u00e7\u00f5es para a Sele\u00e7\u00e3o\" \/>\n<meta property=\"og:description\" content=\"Na tarde desta sexta,, o t\u00e9cnico Thomas Tuchel confirmou que Neymar n\u00e3o dever\u00e1 ser convocado para as pr\u00f3ximas partidas da Sele\u00e7\u00e3o Brasileira.\" \/>\n<meta property=\"og:url\" content=\"https:\/\/www.gaveanews.com\/index.php\/2020\/10\/30\/neymar-nao-sera-convocado-e-atacantes-do-flamengo-serao-opcoes-para-a-selecao\/\" \/>\n<meta property=\"og:site_name\" content=\"G\u00e1vea News\" \/>\n<meta property=\"article:publisher\" content=\"https:\/\/facebook.com\/gaveaNews\/\" \/>\n<meta property=\"article:published_time\" content=\"2020-10-30T18:45:38+00:00\" \/>\n<meta property=\"article:modified_time\" content=\"2024-04-07T11:32:21+00:00\" \/>\n<meta property=\"og:image\" content=\"https:\/\/www.gaveanews.com\/wp-content\/uploads\/Gerson-Pedro-e-Bruno-Henrique-em-atuacao-pelo-Flamengo-contra-Athletico-PR.-Foto-TwitterReproducao@Pedro9oficia.webp\" \/>\n\t<meta property=\"og:image:width\" content=\"1024\" \/>\n\t<meta property=\"og:image:height\" content=\"682\" \/>\n\t<meta property=\"og:image:type\" content=\"image\/jpeg\" \/>\n<meta name=\"author\" content=\"Let\u00edcia Gerheim\" \/>\n<meta name=\"twitter:card\" content=\"summary_large_image\" \/>\n<meta name=\"twitter:label1\" content=\"Escrito por\" \/>\n\t<meta name=\"twitter:data1\" content=\"Let\u00edcia Gerheim\" \/>\n\t<meta name=\"twitter:label2\" content=\"Est. tempo de leitura\" \/>\n\t<meta name=\"twitter:data2\" content=\"1 minuto\" \/>\n<script type=\"application\/ld+json\" class=\"yoast-schema-graph\">{\"@context\":\"https:\/\/schema.org\",\"@graph\":[{\"@type\":\"NewsArticle\",\"@id\":\"https:\/\/www.gaveanews.com\/index.php\/2020\/10\/30\/neymar-nao-sera-convocado-e-atacantes-do-flamengo-serao-opcoes-para-a-selecao\/#article\",\"isPartOf\":{\"@id\":\"https:\/\/www.gaveanews.com\/index.php\/2020\/10\/30\/neymar-nao-sera-convocado-e-atacantes-do-flamengo-serao-opcoes-para-a-selecao\/\"},\"author\":{\"name\":\"Let\u00edcia Gerheim\",\"@id\":\"https:\/\/www.gaveanews.com\/#\/schema\/person\/714c67050b836198af2450ba1c142a67\"},\"headline\":\"Neymar n\u00e3o ser\u00e1 convocado e atacantes do Flamengo ser\u00e3o op\u00e7\u00f5es para a Sele\u00e7\u00e3o\",\"datePublished\":\"2020-10-30T18:45:38+00:00\",\"dateModified\":\"2024-04-07T11:32:21+00:00\",\"mainEntityOfPage\":{\"@id\":\"https:\/\/www.gaveanews.com\/index.php\/2020\/10\/30\/neymar-nao-sera-convocado-e-atacantes-do-flamengo-serao-opcoes-para-a-selecao\/\"},\"wordCount\":234,\"commentCount\":21,\"image\":{\"@id\":\"https:\/\/www.gaveanews.com\/index.php\/2020\/10\/30\/neymar-nao-sera-convocado-e-atacantes-do-flamengo-serao-opcoes-para-a-selecao\/#primaryimage\"},\"thumbnailUrl\":\"https:\/\/www.gaveanews.com\/wp-content\/uploads\/Gerson-Pedro-e-Bruno-Henrique-em-atuacao-pelo-Flamengo-contra-Athletico-PR.-Foto-TwitterReproducao@Pedro9oficia.webp\",\"keywords\":[\"Neymar\"],\"articleSection\":[\"Flamengo\"],\"inLanguage\":\"pt-BR\",\"potentialAction\":[{\"@type\":\"CommentAction\",\"name\":\"Comment\",\"target\":[\"https:\/\/www.gaveanews.com\/index.php\/2020\/10\/30\/neymar-nao-sera-convocado-e-atacantes-do-flamengo-serao-opcoes-para-a-selecao\/#respond\"]}],\"copyrightYear\":\"2020\",\"copyrightHolder\":{\"@id\":\"https:\/\/www.gaveanews.com\/#organization\"}},{\"@type\":\"WebPage\",\"@id\":\"https:\/\/www.gaveanews.com\/index.php\/2020\/10\/30\/neymar-nao-sera-convocado-e-atacantes-do-flamengo-serao-opcoes-para-a-selecao\/\",\"url\":\"https:\/\/www.gaveanews.com\/index.php\/2020\/10\/30\/neymar-nao-sera-convocado-e-atacantes-do-flamengo-serao-opcoes-para-a-selecao\/\",\"name\":\"Neymar n\u00e3o ser\u00e1 convocado e atacantes do Fla ser\u00e3o op\u00e7\u00f5es para Tite\",\"isPartOf\":{\"@id\":\"https:\/\/www.gaveanews.com\/#website\"},\"primaryImageOfPage\":{\"@id\":\"https:\/\/www.gaveanews.com\/index.php\/2020\/10\/30\/neymar-nao-sera-convocado-e-atacantes-do-flamengo-serao-opcoes-para-a-selecao\/#primaryimage\"},\"image\":{\"@id\":\"https:\/\/www.gaveanews.com\/index.php\/2020\/10\/30\/neymar-nao-sera-convocado-e-atacantes-do-flamengo-serao-opcoes-para-a-selecao\/#primaryimage\"},\"thumbnailUrl\":\"https:\/\/www.gaveanews.com\/wp-content\/uploads\/Gerson-Pedro-e-Bruno-Henrique-em-atuacao-pelo-Flamengo-contra-Athletico-PR.-Foto-TwitterReproducao@Pedro9oficia.webp\",\"datePublished\":\"2020-10-30T18:45:38+00:00\",\"dateModified\":\"2024-04-07T11:32:21+00:00\",\"author\":{\"@id\":\"https:\/\/www.gaveanews.com\/#\/schema\/person\/714c67050b836198af2450ba1c142a67\"},\"description\":\"Na tarde desta sexta,, o t\u00e9cnico Thomas Tuchel confirmou que Neymar n\u00e3o dever\u00e1 ser convocado para as pr\u00f3ximas partidas da Sele\u00e7\u00e3o Brasileira.\",\"breadcrumb\":{\"@id\":\"https:\/\/www.gaveanews.com\/index.php\/2020\/10\/30\/neymar-nao-sera-convocado-e-atacantes-do-flamengo-serao-opcoes-para-a-selecao\/#breadcrumb\"},\"inLanguage\":\"pt-BR\",\"potentialAction\":[{\"@type\":\"ReadAction\",\"target\":[\"https:\/\/www.gaveanews.com\/index.php\/2020\/10\/30\/neymar-nao-sera-convocado-e-atacantes-do-flamengo-serao-opcoes-para-a-selecao\/\"]}]},{\"@type\":\"ImageObject\",\"inLanguage\":\"pt-BR\",\"@id\":\"https:\/\/www.gaveanews.com\/index.php\/2020\/10\/30\/neymar-nao-sera-convocado-e-atacantes-do-flamengo-serao-opcoes-para-a-selecao\/#primaryimage\",\"url\":\"https:\/\/www.gaveanews.com\/wp-content\/uploads\/Gerson-Pedro-e-Bruno-Henrique-em-atuacao-pelo-Flamengo-contra-Athletico-PR.-Foto-TwitterReproducao@Pedro9oficia.webp\",\"contentUrl\":\"https:\/\/www.gaveanews.com\/wp-content\/uploads\/Gerson-Pedro-e-Bruno-Henrique-em-atuacao-pelo-Flamengo-contra-Athletico-PR.-Foto-TwitterReproducao@Pedro9oficia.webp\",\"width\":1024,\"height\":682,\"caption\":\"Gerson, Pedro e Bruno Henrique em atua\u00e7\u00e3o pelo Flamengo contra Athletico-PR, em 2020, pelo Campeonato Brasileiro (Foto: Twitter\/Reprodu\u00e7\u00e3o\/@Pedro9oficial)\"},{\"@type\":\"BreadcrumbList\",\"@id\":\"https:\/\/www.gaveanews.com\/index.php\/2020\/10\/30\/neymar-nao-sera-convocado-e-atacantes-do-flamengo-serao-opcoes-para-a-selecao\/#breadcrumb\",\"itemListElement\":[{\"@type\":\"ListItem\",\"position\":1,\"name\":\"Home\",\"item\":\"https:\/\/www.gaveanews.com\/\"},{\"@type\":\"ListItem\",\"position\":2,\"name\":\"Neymar n\u00e3o ser\u00e1 convocado e atacantes do Flamengo ser\u00e3o op\u00e7\u00f5es para a Sele\u00e7\u00e3o\"}]},{\"@type\":\"WebSite\",\"@id\":\"https:\/\/www.gaveanews.com\/#website\",\"url\":\"https:\/\/www.gaveanews.com\/\",\"name\":\"G\u00e1vea News\",\"description\":\"Veja todas as not\u00edcias sobre o Flamengo: Contrata\u00e7\u00f5es, categorias de base, resultados das partidas, tabela de classifica\u00e7\u00e3o, pr\u00f3ximos jogos!\",\"potentialAction\":[{\"@type\":\"SearchAction\",\"target\":{\"@type\":\"EntryPoint\",\"urlTemplate\":\"https:\/\/www.gaveanews.com\/?s={search_term_string}\"},\"query-input\":{\"@type\":\"PropertyValueSpecification\",\"valueRequired\":true,\"valueName\":\"search_term_string\"}}],\"inLanguage\":\"pt-BR\"},{\"@type\":\"Person\",\"@id\":\"https:\/\/www.gaveanews.com\/#\/schema\/person\/714c67050b836198af2450ba1c142a67\",\"name\":\"Let\u00edcia Gerheim\",\"image\":{\"@type\":\"ImageObject\",\"inLanguage\":\"pt-BR\",\"@id\":\"https:\/\/www.gaveanews.com\/#\/schema\/person\/image\/\",\"url\":\"https:\/\/secure.gravatar.com\/avatar\/60734739c50fcebfbac509e2a826ccd0ff405c019bc73aab9354f19ecad1dcb4?s=96&d=mm&r=g\",\"contentUrl\":\"https:\/\/secure.gravatar.com\/avatar\/60734739c50fcebfbac509e2a826ccd0ff405c019bc73aab9354f19ecad1dcb4?s=96&d=mm&r=g\",\"caption\":\"Let\u00edcia Gerheim\"}}]}<\/script>\n<!-- \/ Yoast SEO Premium plugin. -->","yoast_head_json":{"title":"Neymar n\u00e3o ser\u00e1 convocado e atacantes do Fla ser\u00e3o op\u00e7\u00f5es para Tite","description":"Na tarde desta sexta,, o t\u00e9cnico Thomas Tuchel confirmou que Neymar n\u00e3o dever\u00e1 ser convocado para as pr\u00f3ximas partidas da Sele\u00e7\u00e3o Brasileira.","robots":{"index":"index","follow":"follow","max-snippet":"max-snippet:-1","max-image-preview":"max-image-preview:large","max-video-preview":"max-video-preview:-1"},"canonical":"https:\/\/www.gaveanews.com\/index.php\/2020\/10\/30\/neymar-nao-sera-convocado-e-atacantes-do-flamengo-serao-opcoes-para-a-selecao\/","og_locale":"pt_BR","og_type":"article","og_title":"Neymar n\u00e3o ser\u00e1 convocado e atacantes do Flamengo ser\u00e3o op\u00e7\u00f5es para a Sele\u00e7\u00e3o","og_description":"Na tarde desta sexta,, o t\u00e9cnico Thomas Tuchel confirmou que Neymar n\u00e3o dever\u00e1 ser convocado para as pr\u00f3ximas partidas da Sele\u00e7\u00e3o Brasileira.","og_url":"https:\/\/www.gaveanews.com\/index.php\/2020\/10\/30\/neymar-nao-sera-convocado-e-atacantes-do-flamengo-serao-opcoes-para-a-selecao\/","og_site_name":"G\u00e1vea News","article_publisher":"https:\/\/facebook.com\/gaveaNews\/","article_published_time":"2020-10-30T18:45:38+00:00","article_modified_time":"2024-04-07T11:32:21+00:00","og_image":[{"width":1024,"height":682,"url":"https:\/\/www.gaveanews.com\/wp-content\/uploads\/Gerson-Pedro-e-Bruno-Henrique-em-atuacao-pelo-Flamengo-contra-Athletico-PR.-Foto-TwitterReproducao@Pedro9oficia.webp","type":"image\/jpeg"}],"author":"Let\u00edcia Gerheim","twitter_card":"summary_large_image","twitter_misc":{"Escrito por":"Let\u00edcia Gerheim","Est. tempo de leitura":"1 minuto"},"schema":{"@context":"https:\/\/schema.org","@graph":[{"@type":"NewsArticle","@id":"https:\/\/www.gaveanews.com\/index.php\/2020\/10\/30\/neymar-nao-sera-convocado-e-atacantes-do-flamengo-serao-opcoes-para-a-selecao\/#article","isPartOf":{"@id":"https:\/\/www.gaveanews.com\/index.php\/2020\/10\/30\/neymar-nao-sera-convocado-e-atacantes-do-flamengo-serao-opcoes-para-a-selecao\/"},"author":{"name":"Let\u00edcia Gerheim","@id":"https:\/\/www.gaveanews.com\/#\/schema\/person\/714c67050b836198af2450ba1c142a67"},"headline":"Neymar n\u00e3o ser\u00e1 convocado e atacantes do Flamengo ser\u00e3o op\u00e7\u00f5es para a Sele\u00e7\u00e3o","datePublished":"2020-10-30T18:45:38+00:00","dateModified":"2024-04-07T11:32:21+00:00","mainEntityOfPage":{"@id":"https:\/\/www.gaveanews.com\/index.php\/2020\/10\/30\/neymar-nao-sera-convocado-e-atacantes-do-flamengo-serao-opcoes-para-a-selecao\/"},"wordCount":234,"commentCount":21,"image":{"@id":"https:\/\/www.gaveanews.com\/index.php\/2020\/10\/30\/neymar-nao-sera-convocado-e-atacantes-do-flamengo-serao-opcoes-para-a-selecao\/#primaryimage"},"thumbnailUrl":"https:\/\/www.gaveanews.com\/wp-content\/uploads\/Gerson-Pedro-e-Bruno-Henrique-em-atuacao-pelo-Flamengo-contra-Athletico-PR.-Foto-TwitterReproducao@Pedro9oficia.webp","keywords":["Neymar"],"articleSection":["Flamengo"],"inLanguage":"pt-BR","potentialAction":[{"@type":"CommentAction","name":"Comment","target":["https:\/\/www.gaveanews.com\/index.php\/2020\/10\/30\/neymar-nao-sera-convocado-e-atacantes-do-flamengo-serao-opcoes-para-a-selecao\/#respond"]}],"copyrightYear":"2020","copyrightHolder":{"@id":"https:\/\/www.gaveanews.com\/#organization"}},{"@type":"WebPage","@id":"https:\/\/www.gaveanews.com\/index.php\/2020\/10\/30\/neymar-nao-sera-convocado-e-atacantes-do-flamengo-serao-opcoes-para-a-selecao\/","url":"https:\/\/www.gaveanews.com\/index.php\/2020\/10\/30\/neymar-nao-sera-convocado-e-atacantes-do-flamengo-serao-opcoes-para-a-selecao\/","name":"Neymar n\u00e3o ser\u00e1 convocado e atacantes do Fla ser\u00e3o op\u00e7\u00f5es para Tite","isPartOf":{"@id":"https:\/\/www.gaveanews.com\/#website"},"primaryImageOfPage":{"@id":"https:\/\/www.gaveanews.com\/index.php\/2020\/10\/30\/neymar-nao-sera-convocado-e-atacantes-do-flamengo-serao-opcoes-para-a-selecao\/#primaryimage"},"image":{"@id":"https:\/\/www.gaveanews.com\/index.php\/2020\/10\/30\/neymar-nao-sera-convocado-e-atacantes-do-flamengo-serao-opcoes-para-a-selecao\/#primaryimage"},"thumbnailUrl":"https:\/\/www.gaveanews.com\/wp-content\/uploads\/Gerson-Pedro-e-Bruno-Henrique-em-atuacao-pelo-Flamengo-contra-Athletico-PR.-Foto-TwitterReproducao@Pedro9oficia.webp","datePublished":"2020-10-30T18:45:38+00:00","dateModified":"2024-04-07T11:32:21+00:00","author":{"@id":"https:\/\/www.gaveanews.com\/#\/schema\/person\/714c67050b836198af2450ba1c142a67"},"description":"Na tarde desta sexta,, o t\u00e9cnico Thomas Tuchel confirmou que Neymar n\u00e3o dever\u00e1 ser convocado para as pr\u00f3ximas partidas da Sele\u00e7\u00e3o Brasileira.","breadcrumb":{"@id":"https:\/\/www.gaveanews.com\/index.php\/2020\/10\/30\/neymar-nao-sera-convocado-e-atacantes-do-flamengo-serao-opcoes-para-a-selecao\/#breadcrumb"},"inLanguage":"pt-BR","potentialAction":[{"@type":"ReadAction","target":["https:\/\/www.gaveanews.com\/index.php\/2020\/10\/30\/neymar-nao-sera-convocado-e-atacantes-do-flamengo-serao-opcoes-para-a-selecao\/"]}]},{"@type":"ImageObject","inLanguage":"pt-BR","@id":"https:\/\/www.gaveanews.com\/index.php\/2020\/10\/30\/neymar-nao-sera-convocado-e-atacantes-do-flamengo-serao-opcoes-para-a-selecao\/#primaryimage","url":"https:\/\/www.gaveanews.com\/wp-content\/uploads\/Gerson-Pedro-e-Bruno-Henrique-em-atuacao-pelo-Flamengo-contra-Athletico-PR.-Foto-TwitterReproducao@Pedro9oficia.webp","contentUrl":"https:\/\/www.gaveanews.com\/wp-content\/uploads\/Gerson-Pedro-e-Bruno-Henrique-em-atuacao-pelo-Flamengo-contra-Athletico-PR.-Foto-TwitterReproducao@Pedro9oficia.webp","width":1024,"height":682,"caption":"Gerson, Pedro e Bruno Henrique em atua\u00e7\u00e3o pelo Flamengo contra Athletico-PR, em 2020, pelo Campeonato Brasileiro (Foto: Twitter\/Reprodu\u00e7\u00e3o\/@Pedro9oficial)"},{"@type":"BreadcrumbList","@id":"https:\/\/www.gaveanews.com\/index.php\/2020\/10\/30\/neymar-nao-sera-convocado-e-atacantes-do-flamengo-serao-opcoes-para-a-selecao\/#breadcrumb","itemListElement":[{"@type":"ListItem","position":1,"name":"Home","item":"https:\/\/www.gaveanews.com\/"},{"@type":"ListItem","position":2,"name":"Neymar n\u00e3o ser\u00e1 convocado e atacantes do Flamengo ser\u00e3o op\u00e7\u00f5es para a Sele\u00e7\u00e3o"}]},{"@type":"WebSite","@id":"https:\/\/www.gaveanews.com\/#website","url":"https:\/\/www.gaveanews.com\/","name":"G\u00e1vea News","description":"Veja todas as not\u00edcias sobre o Flamengo: Contrata\u00e7\u00f5es, categorias de base, resultados das partidas, tabela de classifica\u00e7\u00e3o, pr\u00f3ximos jogos!","potentialAction":[{"@type":"SearchAction","target":{"@type":"EntryPoint","urlTemplate":"https:\/\/www.gaveanews.com\/?s={search_term_string}"},"query-input":{"@type":"PropertyValueSpecification","valueRequired":true,"valueName":"search_term_string"}}],"inLanguage":"pt-BR"},{"@type":"Person","@id":"https:\/\/www.gaveanews.com\/#\/schema\/person\/714c67050b836198af2450ba1c142a67","name":"Let\u00edcia Gerheim","image":{"@type":"ImageObject","inLanguage":"pt-BR","@id":"https:\/\/www.gaveanews.com\/#\/schema\/person\/image\/","url":"https:\/\/secure.gravatar.com\/avatar\/60734739c50fcebfbac509e2a826ccd0ff405c019bc73aab9354f19ecad1dcb4?s=96&d=mm&r=g","contentUrl":"https:\/\/secure.gravatar.com\/avatar\/60734739c50fcebfbac509e2a826ccd0ff405c019bc73aab9354f19ecad1dcb4?s=96&d=mm&r=g","caption":"Let\u00edcia Gerheim"}}]}},"_links":{"self":[{"href":"https:\/\/www.gaveanews.com\/index.php\/wp-json\/wp\/v2\/posts\/50485","targetHints":{"allow":["GET"]}}],"collection":[{"href":"https:\/\/www.gaveanews.com\/index.php\/wp-json\/wp\/v2\/posts"}],"about":[{"href":"https:\/\/www.gaveanews.com\/index.php\/wp-json\/wp\/v2\/types\/post"}],"author":[{"embeddable":true,"href":"https:\/\/www.gaveanews.com\/index.php\/wp-json\/wp\/v2\/users\/4"}],"replies":[{"embeddable":true,"href":"https:\/\/www.gaveanews.com\/index.php\/wp-json\/wp\/v2\/comments?post=50485"}],"version-history":[{"count":1,"href":"https:\/\/www.gaveanews.com\/index.php\/wp-json\/wp\/v2\/posts\/50485\/revisions"}],"predecessor-version":[{"id":136042,"href":"https:\/\/www.gaveanews.com\/index.php\/wp-json\/wp\/v2\/posts\/50485\/revisions\/136042"}],"wp:featuredmedia":[{"embeddable":true,"href":"https:\/\/www.gaveanews.com\/index.php\/wp-json\/wp\/v2\/media\/48672"}],"wp:attachment":[{"href":"https:\/\/www.gaveanews.com\/index.php\/wp-json\/wp\/v2\/media?parent=50485"}],"wp:term":[{"taxonomy":"category","embeddable":true,"href":"https:\/\/www.gaveanews.com\/index.php\/wp-json\/wp\/v2\/categories?post=50485"},{"taxonomy":"post_tag","embeddable":true,"href":"https:\/\/www.gaveanews.com\/index.php\/wp-json\/wp\/v2\/tags?post=50485"}],"curies":[{"name":"wp","href":"https:\/\/api.w.org\/{rel}","templated":true}]}}