{"id":50489,"date":"2020-10-31T08:18:35","date_gmt":"2020-10-31T11:18:35","guid":{"rendered":"https:\/\/www.gaveanews.com\/?p=50489"},"modified":"2020-10-31T08:18:38","modified_gmt":"2020-10-31T11:18:38","slug":"hugo-souza-fala-sobre-disputa-com-diego-alves-no-flamengo","status":"publish","type":"post","link":"https:\/\/www.gaveanews.com\/index.php\/2020\/10\/31\/hugo-souza-fala-sobre-disputa-com-diego-alves-no-flamengo\/","title":{"rendered":"Hugo Souza fala sobre disputa com Diego Alves no Flamengo"},"content":{"rendered":"\n<p>Em participa\u00e7\u00e3o no programa \u201cSele\u00e7\u00e3o SporTV\u201c, Hugo Souza avaliou seu atual momento no Flamengo. Destaque nos \u00faltimos jogos da equipe, o goleiro pode acabar assumindo a posi\u00e7\u00e3o de titular no clube. Mesmo assim, fez quest\u00e3o de exaltar seus companheiros de posi\u00e7\u00e3o, afirmando que a escolha final ser\u00e1 de Dom\u00e8nec Torrent.<\/p>\n\n\n\n<p>\u201cEssa dor de cabe\u00e7a (titularidade) eu prefiro deixar para o professor. Estou fazendo o meu melhor, trabalho com tr\u00eas grandes goleiros. O Diego \u00e9 uma refer\u00eancia e um \u00eddolo. O C\u00e9sar \u00e9 um grande goleiro. O Gabriel (Batista) \u00e9 um grande goleiro (\u2026). Quem me conhece sabe do meu potencial. Com toda a humildade do mundo, eu precisava dessa oportunidade para mostrar. Fico muito feliz em estar apresentando isso\u201d, declarou.<\/p>\n\n\n\n<p>Al\u00e9m disso, Hugo Souza revelou em quais goleiros se inspira. Nomes como Buffon, J\u00falio C\u00e9sar, Dida e Casillas s\u00e3o espelhos para o jovem arqueiro do Flamengo, que elegeu Alisson como o melhor do mundo na posi\u00e7\u00e3o atualmente.<\/p>\n\n\n\n<p>\u201cTenho grandes inspira\u00e7\u00f5es. A primeira delas \u00e9 o Buffon. A segunda \u00e9 o J\u00falio C\u00e9sar. S\u00e3o goleiros que eu tenho uma admira\u00e7\u00e3o enorme. A terceira fica dividida entre o Dida e o Casillas, que sempre me encantaram\u2026 Hoje (melhor do mundo), eu fico com o Alisson. \u00c9 um cara que dispensa coment\u00e1rios. Tive a oportunidade de trabalhar de perto quando fui convocado e eu me impressionei mais ainda. Ele faz parecer f\u00e1cil\u201d, completou.<\/p>\n\n\n\n<p>Retirado de: Torcedores<\/p>\n","protected":false},"excerpt":{"rendered":"<p>Em participa\u00e7\u00e3o no programa \u201cSele\u00e7\u00e3o SporTV\u201c, Hugo Souza avaliou seu atual momento no Flamengo. Destaque nos \u00faltimos jogos da equipe, o goleiro pode acabar assumindo a posi\u00e7\u00e3o de titular no clube. Mesmo assim, fez quest\u00e3o de exaltar seus companheiros de posi\u00e7\u00e3o, afirmando que a escolha final ser\u00e1 de Dom\u00e8nec Torrent. \u201cEssa dor de cabe\u00e7a (titularidade) [&hellip;]<\/p>\n","protected":false},"author":1,"featured_media":32051,"comment_status":"open","ping_status":"closed","sticky":false,"template":"","format":"standard","meta":{"footnotes":""},"categories":[1],"tags":[],"class_list":["post-50489","post","type-post","status-publish","format-standard","has-post-thumbnail","hentry","category-flamengo"],"yoast_head":"<!-- This site is optimized with the Yoast SEO Premium plugin v24.2 (Yoast SEO v26.9) - https:\/\/yoast.com\/product\/yoast-seo-premium-wordpress\/ -->\n<title>Hugo Souza fala sobre disputa com Diego Alves no Flamengo<\/title>\n<meta name=\"robots\" content=\"index, follow, max-snippet:-1, max-image-preview:large, max-video-preview:-1\" \/>\n<link rel=\"canonical\" href=\"https:\/\/www.gaveanews.com\/index.php\/2020\/10\/31\/hugo-souza-fala-sobre-disputa-com-diego-alves-no-flamengo\/\" \/>\n<meta property=\"og:locale\" content=\"pt_BR\" \/>\n<meta property=\"og:type\" content=\"article\" \/>\n<meta property=\"og:title\" content=\"Hugo Souza fala sobre disputa com Diego Alves no Flamengo\" \/>\n<meta property=\"og:description\" content=\"Em participa\u00e7\u00e3o no programa \u201cSele\u00e7\u00e3o SporTV\u201c, Hugo Souza avaliou seu atual momento no Flamengo. Destaque nos \u00faltimos jogos da equipe, o goleiro pode acabar assumindo a posi\u00e7\u00e3o de titular no clube. Mesmo assim, fez quest\u00e3o de exaltar seus companheiros de posi\u00e7\u00e3o, afirmando que a escolha final ser\u00e1 de Dom\u00e8nec Torrent. \u201cEssa dor de cabe\u00e7a (titularidade) [&hellip;]\" \/>\n<meta property=\"og:url\" content=\"https:\/\/www.gaveanews.com\/index.php\/2020\/10\/31\/hugo-souza-fala-sobre-disputa-com-diego-alves-no-flamengo\/\" \/>\n<meta property=\"og:site_name\" content=\"G\u00e1vea News\" \/>\n<meta property=\"article:publisher\" content=\"https:\/\/facebook.com\/gaveaNews\/\" \/>\n<meta property=\"article:published_time\" content=\"2020-10-31T11:18:35+00:00\" \/>\n<meta property=\"article:modified_time\" content=\"2020-10-31T11:18:38+00:00\" \/>\n<meta property=\"og:image\" content=\"https:\/\/www.gaveanews.com\/wp-content\/uploads\/Goleiro-Hugo-durante-treinamento-do-Flamengo-no-Ninho-do-Urubu.webp\" \/>\n\t<meta property=\"og:image:width\" content=\"1280\" \/>\n\t<meta property=\"og:image:height\" content=\"853\" \/>\n\t<meta property=\"og:image:type\" content=\"image\/jpeg\" \/>\n<meta name=\"author\" content=\"Equipe G\u00e1vea News\" \/>\n<meta name=\"twitter:card\" content=\"summary_large_image\" \/>\n<meta name=\"twitter:label1\" content=\"Escrito por\" \/>\n\t<meta name=\"twitter:data1\" content=\"Equipe G\u00e1vea News\" \/>\n\t<meta name=\"twitter:label2\" content=\"Est. tempo de leitura\" \/>\n\t<meta name=\"twitter:data2\" content=\"1 minuto\" \/>\n<script type=\"application\/ld+json\" class=\"yoast-schema-graph\">{\"@context\":\"https:\/\/schema.org\",\"@graph\":[{\"@type\":\"NewsArticle\",\"@id\":\"https:\/\/www.gaveanews.com\/index.php\/2020\/10\/31\/hugo-souza-fala-sobre-disputa-com-diego-alves-no-flamengo\/#article\",\"isPartOf\":{\"@id\":\"https:\/\/www.gaveanews.com\/index.php\/2020\/10\/31\/hugo-souza-fala-sobre-disputa-com-diego-alves-no-flamengo\/\"},\"author\":{\"name\":\"Equipe G\u00e1vea News\",\"@id\":\"https:\/\/www.gaveanews.com\/#\/schema\/person\/2ec14f73fb96be2caf28f91afb14749d\"},\"headline\":\"Hugo Souza fala sobre disputa com Diego Alves no Flamengo\",\"datePublished\":\"2020-10-31T11:18:35+00:00\",\"dateModified\":\"2020-10-31T11:18:38+00:00\",\"mainEntityOfPage\":{\"@id\":\"https:\/\/www.gaveanews.com\/index.php\/2020\/10\/31\/hugo-souza-fala-sobre-disputa-com-diego-alves-no-flamengo\/\"},\"wordCount\":258,\"commentCount\":11,\"image\":{\"@id\":\"https:\/\/www.gaveanews.com\/index.php\/2020\/10\/31\/hugo-souza-fala-sobre-disputa-com-diego-alves-no-flamengo\/#primaryimage\"},\"thumbnailUrl\":\"https:\/\/www.gaveanews.com\/wp-content\/uploads\/Goleiro-Hugo-durante-treinamento-do-Flamengo-no-Ninho-do-Urubu.webp\",\"articleSection\":[\"Flamengo\"],\"inLanguage\":\"pt-BR\",\"potentialAction\":[{\"@type\":\"CommentAction\",\"name\":\"Comment\",\"target\":[\"https:\/\/www.gaveanews.com\/index.php\/2020\/10\/31\/hugo-souza-fala-sobre-disputa-com-diego-alves-no-flamengo\/#respond\"]}],\"copyrightYear\":\"2020\",\"copyrightHolder\":{\"@id\":\"https:\/\/www.gaveanews.com\/#organization\"}},{\"@type\":\"WebPage\",\"@id\":\"https:\/\/www.gaveanews.com\/index.php\/2020\/10\/31\/hugo-souza-fala-sobre-disputa-com-diego-alves-no-flamengo\/\",\"url\":\"https:\/\/www.gaveanews.com\/index.php\/2020\/10\/31\/hugo-souza-fala-sobre-disputa-com-diego-alves-no-flamengo\/\",\"name\":\"Hugo Souza fala sobre disputa com Diego Alves no Flamengo\",\"isPartOf\":{\"@id\":\"https:\/\/www.gaveanews.com\/#website\"},\"primaryImageOfPage\":{\"@id\":\"https:\/\/www.gaveanews.com\/index.php\/2020\/10\/31\/hugo-souza-fala-sobre-disputa-com-diego-alves-no-flamengo\/#primaryimage\"},\"image\":{\"@id\":\"https:\/\/www.gaveanews.com\/index.php\/2020\/10\/31\/hugo-souza-fala-sobre-disputa-com-diego-alves-no-flamengo\/#primaryimage\"},\"thumbnailUrl\":\"https:\/\/www.gaveanews.com\/wp-content\/uploads\/Goleiro-Hugo-durante-treinamento-do-Flamengo-no-Ninho-do-Urubu.webp\",\"datePublished\":\"2020-10-31T11:18:35+00:00\",\"dateModified\":\"2020-10-31T11:18:38+00:00\",\"author\":{\"@id\":\"https:\/\/www.gaveanews.com\/#\/schema\/person\/2ec14f73fb96be2caf28f91afb14749d\"},\"breadcrumb\":{\"@id\":\"https:\/\/www.gaveanews.com\/index.php\/2020\/10\/31\/hugo-souza-fala-sobre-disputa-com-diego-alves-no-flamengo\/#breadcrumb\"},\"inLanguage\":\"pt-BR\",\"potentialAction\":[{\"@type\":\"ReadAction\",\"target\":[\"https:\/\/www.gaveanews.com\/index.php\/2020\/10\/31\/hugo-souza-fala-sobre-disputa-com-diego-alves-no-flamengo\/\"]}]},{\"@type\":\"ImageObject\",\"inLanguage\":\"pt-BR\",\"@id\":\"https:\/\/www.gaveanews.com\/index.php\/2020\/10\/31\/hugo-souza-fala-sobre-disputa-com-diego-alves-no-flamengo\/#primaryimage\",\"url\":\"https:\/\/www.gaveanews.com\/wp-content\/uploads\/Goleiro-Hugo-durante-treinamento-do-Flamengo-no-Ninho-do-Urubu.webp\",\"contentUrl\":\"https:\/\/www.gaveanews.com\/wp-content\/uploads\/Goleiro-Hugo-durante-treinamento-do-Flamengo-no-Ninho-do-Urubu.webp\",\"width\":1280,\"height\":853,\"caption\":\"Goleiro Hugo durante treinamento do Flamengo no Ninho do Urubu (Foto: Gilvan de Souza\/Flamengo)\"},{\"@type\":\"BreadcrumbList\",\"@id\":\"https:\/\/www.gaveanews.com\/index.php\/2020\/10\/31\/hugo-souza-fala-sobre-disputa-com-diego-alves-no-flamengo\/#breadcrumb\",\"itemListElement\":[{\"@type\":\"ListItem\",\"position\":1,\"name\":\"Home\",\"item\":\"https:\/\/www.gaveanews.com\/\"},{\"@type\":\"ListItem\",\"position\":2,\"name\":\"Hugo Souza fala sobre disputa com Diego Alves no Flamengo\"}]},{\"@type\":\"WebSite\",\"@id\":\"https:\/\/www.gaveanews.com\/#website\",\"url\":\"https:\/\/www.gaveanews.com\/\",\"name\":\"G\u00e1vea News\",\"description\":\"Veja todas as not\u00edcias sobre o Flamengo: Contrata\u00e7\u00f5es, categorias de base, resultados das partidas, tabela de classifica\u00e7\u00e3o, pr\u00f3ximos jogos!\",\"potentialAction\":[{\"@type\":\"SearchAction\",\"target\":{\"@type\":\"EntryPoint\",\"urlTemplate\":\"https:\/\/www.gaveanews.com\/?s={search_term_string}\"},\"query-input\":{\"@type\":\"PropertyValueSpecification\",\"valueRequired\":true,\"valueName\":\"search_term_string\"}}],\"inLanguage\":\"pt-BR\"},{\"@type\":\"Person\",\"@id\":\"https:\/\/www.gaveanews.com\/#\/schema\/person\/2ec14f73fb96be2caf28f91afb14749d\",\"name\":\"Equipe G\u00e1vea News\",\"image\":{\"@type\":\"ImageObject\",\"inLanguage\":\"pt-BR\",\"@id\":\"https:\/\/www.gaveanews.com\/#\/schema\/person\/image\/\",\"url\":\"https:\/\/secure.gravatar.com\/avatar\/1e1956f1facbffd3f8fa53a326721950116b3b9dc9bd44939c01180fd4a745a9?s=96&d=mm&r=g\",\"contentUrl\":\"https:\/\/secure.gravatar.com\/avatar\/1e1956f1facbffd3f8fa53a326721950116b3b9dc9bd44939c01180fd4a745a9?s=96&d=mm&r=g\",\"caption\":\"Equipe G\u00e1vea News\"}}]}<\/script>\n<!-- \/ Yoast SEO Premium plugin. -->","yoast_head_json":{"title":"Hugo Souza fala sobre disputa com Diego Alves no Flamengo","robots":{"index":"index","follow":"follow","max-snippet":"max-snippet:-1","max-image-preview":"max-image-preview:large","max-video-preview":"max-video-preview:-1"},"canonical":"https:\/\/www.gaveanews.com\/index.php\/2020\/10\/31\/hugo-souza-fala-sobre-disputa-com-diego-alves-no-flamengo\/","og_locale":"pt_BR","og_type":"article","og_title":"Hugo Souza fala sobre disputa com Diego Alves no Flamengo","og_description":"Em participa\u00e7\u00e3o no programa \u201cSele\u00e7\u00e3o SporTV\u201c, Hugo Souza avaliou seu atual momento no Flamengo. Destaque nos \u00faltimos jogos da equipe, o goleiro pode acabar assumindo a posi\u00e7\u00e3o de titular no clube. Mesmo assim, fez quest\u00e3o de exaltar seus companheiros de posi\u00e7\u00e3o, afirmando que a escolha final ser\u00e1 de Dom\u00e8nec Torrent. \u201cEssa dor de cabe\u00e7a (titularidade) [&hellip;]","og_url":"https:\/\/www.gaveanews.com\/index.php\/2020\/10\/31\/hugo-souza-fala-sobre-disputa-com-diego-alves-no-flamengo\/","og_site_name":"G\u00e1vea News","article_publisher":"https:\/\/facebook.com\/gaveaNews\/","article_published_time":"2020-10-31T11:18:35+00:00","article_modified_time":"2020-10-31T11:18:38+00:00","og_image":[{"width":1280,"height":853,"url":"https:\/\/www.gaveanews.com\/wp-content\/uploads\/Goleiro-Hugo-durante-treinamento-do-Flamengo-no-Ninho-do-Urubu.webp","type":"image\/jpeg"}],"author":"Equipe G\u00e1vea News","twitter_card":"summary_large_image","twitter_misc":{"Escrito por":"Equipe G\u00e1vea News","Est. tempo de leitura":"1 minuto"},"schema":{"@context":"https:\/\/schema.org","@graph":[{"@type":"NewsArticle","@id":"https:\/\/www.gaveanews.com\/index.php\/2020\/10\/31\/hugo-souza-fala-sobre-disputa-com-diego-alves-no-flamengo\/#article","isPartOf":{"@id":"https:\/\/www.gaveanews.com\/index.php\/2020\/10\/31\/hugo-souza-fala-sobre-disputa-com-diego-alves-no-flamengo\/"},"author":{"name":"Equipe G\u00e1vea News","@id":"https:\/\/www.gaveanews.com\/#\/schema\/person\/2ec14f73fb96be2caf28f91afb14749d"},"headline":"Hugo Souza fala sobre disputa com Diego Alves no Flamengo","datePublished":"2020-10-31T11:18:35+00:00","dateModified":"2020-10-31T11:18:38+00:00","mainEntityOfPage":{"@id":"https:\/\/www.gaveanews.com\/index.php\/2020\/10\/31\/hugo-souza-fala-sobre-disputa-com-diego-alves-no-flamengo\/"},"wordCount":258,"commentCount":11,"image":{"@id":"https:\/\/www.gaveanews.com\/index.php\/2020\/10\/31\/hugo-souza-fala-sobre-disputa-com-diego-alves-no-flamengo\/#primaryimage"},"thumbnailUrl":"https:\/\/www.gaveanews.com\/wp-content\/uploads\/Goleiro-Hugo-durante-treinamento-do-Flamengo-no-Ninho-do-Urubu.webp","articleSection":["Flamengo"],"inLanguage":"pt-BR","potentialAction":[{"@type":"CommentAction","name":"Comment","target":["https:\/\/www.gaveanews.com\/index.php\/2020\/10\/31\/hugo-souza-fala-sobre-disputa-com-diego-alves-no-flamengo\/#respond"]}],"copyrightYear":"2020","copyrightHolder":{"@id":"https:\/\/www.gaveanews.com\/#organization"}},{"@type":"WebPage","@id":"https:\/\/www.gaveanews.com\/index.php\/2020\/10\/31\/hugo-souza-fala-sobre-disputa-com-diego-alves-no-flamengo\/","url":"https:\/\/www.gaveanews.com\/index.php\/2020\/10\/31\/hugo-souza-fala-sobre-disputa-com-diego-alves-no-flamengo\/","name":"Hugo Souza fala sobre disputa com Diego Alves no Flamengo","isPartOf":{"@id":"https:\/\/www.gaveanews.com\/#website"},"primaryImageOfPage":{"@id":"https:\/\/www.gaveanews.com\/index.php\/2020\/10\/31\/hugo-souza-fala-sobre-disputa-com-diego-alves-no-flamengo\/#primaryimage"},"image":{"@id":"https:\/\/www.gaveanews.com\/index.php\/2020\/10\/31\/hugo-souza-fala-sobre-disputa-com-diego-alves-no-flamengo\/#primaryimage"},"thumbnailUrl":"https:\/\/www.gaveanews.com\/wp-content\/uploads\/Goleiro-Hugo-durante-treinamento-do-Flamengo-no-Ninho-do-Urubu.webp","datePublished":"2020-10-31T11:18:35+00:00","dateModified":"2020-10-31T11:18:38+00:00","author":{"@id":"https:\/\/www.gaveanews.com\/#\/schema\/person\/2ec14f73fb96be2caf28f91afb14749d"},"breadcrumb":{"@id":"https:\/\/www.gaveanews.com\/index.php\/2020\/10\/31\/hugo-souza-fala-sobre-disputa-com-diego-alves-no-flamengo\/#breadcrumb"},"inLanguage":"pt-BR","potentialAction":[{"@type":"ReadAction","target":["https:\/\/www.gaveanews.com\/index.php\/2020\/10\/31\/hugo-souza-fala-sobre-disputa-com-diego-alves-no-flamengo\/"]}]},{"@type":"ImageObject","inLanguage":"pt-BR","@id":"https:\/\/www.gaveanews.com\/index.php\/2020\/10\/31\/hugo-souza-fala-sobre-disputa-com-diego-alves-no-flamengo\/#primaryimage","url":"https:\/\/www.gaveanews.com\/wp-content\/uploads\/Goleiro-Hugo-durante-treinamento-do-Flamengo-no-Ninho-do-Urubu.webp","contentUrl":"https:\/\/www.gaveanews.com\/wp-content\/uploads\/Goleiro-Hugo-durante-treinamento-do-Flamengo-no-Ninho-do-Urubu.webp","width":1280,"height":853,"caption":"Goleiro Hugo durante treinamento do Flamengo no Ninho do Urubu (Foto: Gilvan de Souza\/Flamengo)"},{"@type":"BreadcrumbList","@id":"https:\/\/www.gaveanews.com\/index.php\/2020\/10\/31\/hugo-souza-fala-sobre-disputa-com-diego-alves-no-flamengo\/#breadcrumb","itemListElement":[{"@type":"ListItem","position":1,"name":"Home","item":"https:\/\/www.gaveanews.com\/"},{"@type":"ListItem","position":2,"name":"Hugo Souza fala sobre disputa com Diego Alves no Flamengo"}]},{"@type":"WebSite","@id":"https:\/\/www.gaveanews.com\/#website","url":"https:\/\/www.gaveanews.com\/","name":"G\u00e1vea News","description":"Veja todas as not\u00edcias sobre o Flamengo: Contrata\u00e7\u00f5es, categorias de base, resultados das partidas, tabela de classifica\u00e7\u00e3o, pr\u00f3ximos jogos!","potentialAction":[{"@type":"SearchAction","target":{"@type":"EntryPoint","urlTemplate":"https:\/\/www.gaveanews.com\/?s={search_term_string}"},"query-input":{"@type":"PropertyValueSpecification","valueRequired":true,"valueName":"search_term_string"}}],"inLanguage":"pt-BR"},{"@type":"Person","@id":"https:\/\/www.gaveanews.com\/#\/schema\/person\/2ec14f73fb96be2caf28f91afb14749d","name":"Equipe G\u00e1vea News","image":{"@type":"ImageObject","inLanguage":"pt-BR","@id":"https:\/\/www.gaveanews.com\/#\/schema\/person\/image\/","url":"https:\/\/secure.gravatar.com\/avatar\/1e1956f1facbffd3f8fa53a326721950116b3b9dc9bd44939c01180fd4a745a9?s=96&d=mm&r=g","contentUrl":"https:\/\/secure.gravatar.com\/avatar\/1e1956f1facbffd3f8fa53a326721950116b3b9dc9bd44939c01180fd4a745a9?s=96&d=mm&r=g","caption":"Equipe G\u00e1vea News"}}]}},"_links":{"self":[{"href":"https:\/\/www.gaveanews.com\/index.php\/wp-json\/wp\/v2\/posts\/50489","targetHints":{"allow":["GET"]}}],"collection":[{"href":"https:\/\/www.gaveanews.com\/index.php\/wp-json\/wp\/v2\/posts"}],"about":[{"href":"https:\/\/www.gaveanews.com\/index.php\/wp-json\/wp\/v2\/types\/post"}],"author":[{"embeddable":true,"href":"https:\/\/www.gaveanews.com\/index.php\/wp-json\/wp\/v2\/users\/1"}],"replies":[{"embeddable":true,"href":"https:\/\/www.gaveanews.com\/index.php\/wp-json\/wp\/v2\/comments?post=50489"}],"version-history":[{"count":0,"href":"https:\/\/www.gaveanews.com\/index.php\/wp-json\/wp\/v2\/posts\/50489\/revisions"}],"wp:featuredmedia":[{"embeddable":true,"href":"https:\/\/www.gaveanews.com\/index.php\/wp-json\/wp\/v2\/media\/32051"}],"wp:attachment":[{"href":"https:\/\/www.gaveanews.com\/index.php\/wp-json\/wp\/v2\/media?parent=50489"}],"wp:term":[{"taxonomy":"category","embeddable":true,"href":"https:\/\/www.gaveanews.com\/index.php\/wp-json\/wp\/v2\/categories?post=50489"},{"taxonomy":"post_tag","embeddable":true,"href":"https:\/\/www.gaveanews.com\/index.php\/wp-json\/wp\/v2\/tags?post=50489"}],"curies":[{"name":"wp","href":"https:\/\/api.w.org\/{rel}","templated":true}]}}