{"id":50491,"date":"2020-10-31T09:27:55","date_gmt":"2020-10-31T12:27:55","guid":{"rendered":"https:\/\/www.gaveanews.com\/?p=50491"},"modified":"2020-10-31T09:27:57","modified_gmt":"2020-10-31T12:27:57","slug":"ex-goleiro-do-flamengo-diz-que-hugo-souza-e-titular-e-ve-erro-em-renovar-com-diego-alves","status":"publish","type":"post","link":"https:\/\/www.gaveanews.com\/index.php\/2020\/10\/31\/ex-goleiro-do-flamengo-diz-que-hugo-souza-e-titular-e-ve-erro-em-renovar-com-diego-alves\/","title":{"rendered":"Ex-goleiro do Flamengo, diz que Hugo Souza \u00e9 titular e v\u00ea &#8216;erro&#8217; em renovar com Diego Alves"},"content":{"rendered":"\n<p>O Flamengo tem uma grande indefini\u00e7\u00e3o no momento: quem deve ser o titular do gol, Hugo Souza ou Diego Alves?<\/p>\n\n\n\n<p>De um lado, Hugo, que \u00e9 prata-da-casa, vive momento espetacular, comprovado em sua atua\u00e7\u00e3o hist\u00f3rica contra o Athletico-PR, na \u00faltima quarta-feira, pela Copa do Brasil. Do outro, Diego Alves, que retornou aos treinos ap\u00f3s les\u00e3o no ombro e contamina\u00e7\u00e3o por COVID-19, \u00e9 um dos l\u00edderes do elenco, e foi decisivo nas conquista do Brasileiro e da Conmebol Libertadores em 2019.<\/p>\n\n\n\n<p>Na opini\u00e3o do ex-goleiro Roger, campe\u00e3o brasileiro em 1992 e tamb\u00e9m bicampe\u00e3o carioca pelo Rubro-Negro, n\u00e3o h\u00e1 qualquer discuss\u00e3o: Hugo Souza \u00e9 o &#8220;dono&#8221; da posi\u00e7\u00e3o.<\/p>\n\n\n\n<p>Em entrevista \u00e0 ESPN, o ex-atleta, que participou do programa esportivo &#8220;Boleiros na resenha, no YouTube, ainda disse que v\u00ea como um &#8220;erro&#8221; se o Fla renovar o contrato de Diego Alves &#8211; atualmente, clube e jogador seguem discutindo uma amplia\u00e7\u00e3o do v\u00ednculo, mas nada foi assinado.<\/p>\n\n\n\n<p>&#8220;Eu n\u00e3o tenho papas na l\u00edngua e, sendo bem sincero, esse movimento de renovar com o Diego Alves \u00e9 muito errado. Com certeza o Dom\u00e8nec (Torrent, t\u00e9cnico do Flamengo) deveria manter o Hugo como titular e n\u00e3o renovar com o Diego&#8221;, apontou.<\/p>\n\n\n\n<p>&#8220;O Hugo n\u00e3o tem a experi\u00eancia do Diego, mas tem a mesma qualidade e mesma compet\u00eancia. \u00c9 um moleque novo, que est\u00e1 come\u00e7ando agora e que todo jogo ter\u00e1 uma grande responsabilidade, mas ele d\u00e1 conta&#8221;, assegurou.<\/p>\n\n\n\n<p>Para Roger, a renova\u00e7\u00e3o de Diego Alves seria prejudicial para Hugo, pois diminuiria sua confian\u00e7a.<\/p>\n\n\n\n<p>&#8220;N\u00e3o tem qualquer necessidade de mant\u00ea-lo no elenco. Essa situa\u00e7\u00e3o inclusive aconteceu comigo quando eu jogava, e traz muita inseguran\u00e7a a um garoto. O Hugo mostrou muita personalidade, mas, querendo ou n\u00e3o, voc\u00ea tendo no banco uma sombra como o Diego Alves traz muita inseguran\u00e7a. Voc\u00ea entra em campo pensando que n\u00e3o pode errar, porque sen\u00e3o com certeza vai perder a posi\u00e7\u00e3o. E \u00e9 isso que faz cometer o erro&#8221;, explicou.<\/p>\n\n\n\n<p>&#8220;Foi exatamente isso que aconteceu comigo. Eu tinha sido campe\u00e3o carioca invicto em 1996, fui o goleiro menos vazado e joguei muito bem. A\u00ed trouxeram o Z\u00e9 Carlos, que era \u00eddolo da torcida, experiente e campe\u00e3o de tudo no Flamengo. E o treinador da \u00e9poca era o J\u00fanior &#8216;Capacete&#8217;, que tinha sido campe\u00e3o com ele como jogador. Imagina a inseguran\u00e7a que isso me trouxe&#8221;, salientou.<\/p>\n\n\n\n<p>Retirado de: ESPN<\/p>\n","protected":false},"excerpt":{"rendered":"<p>O Flamengo tem uma grande indefini\u00e7\u00e3o no momento: quem deve ser o titular do gol, Hugo Souza ou Diego Alves? De um lado, Hugo, que \u00e9 prata-da-casa, vive momento espetacular, comprovado em sua atua\u00e7\u00e3o hist\u00f3rica contra o Athletico-PR, na \u00faltima quarta-feira, pela Copa do Brasil. Do outro, Diego Alves, que retornou aos treinos ap\u00f3s les\u00e3o [&hellip;]<\/p>\n","protected":false},"author":1,"featured_media":28920,"comment_status":"open","ping_status":"closed","sticky":false,"template":"","format":"standard","meta":{"footnotes":""},"categories":[1],"tags":[],"class_list":["post-50491","post","type-post","status-publish","format-standard","has-post-thumbnail","hentry","category-flamengo"],"yoast_head":"<!-- This site is optimized with the Yoast SEO Premium plugin v24.2 (Yoast SEO v26.9) - https:\/\/yoast.com\/product\/yoast-seo-premium-wordpress\/ -->\n<title>Ex-goleiro do Flamengo, diz que Hugo Souza \u00e9 titular e v\u00ea &#039;erro&#039; em renovar com Diego Alves<\/title>\n<meta name=\"robots\" content=\"index, follow, max-snippet:-1, max-image-preview:large, max-video-preview:-1\" \/>\n<link rel=\"canonical\" href=\"https:\/\/www.gaveanews.com\/index.php\/2020\/10\/31\/ex-goleiro-do-flamengo-diz-que-hugo-souza-e-titular-e-ve-erro-em-renovar-com-diego-alves\/\" \/>\n<meta property=\"og:locale\" content=\"pt_BR\" \/>\n<meta property=\"og:type\" content=\"article\" \/>\n<meta property=\"og:title\" content=\"Ex-goleiro do Flamengo, diz que Hugo Souza \u00e9 titular e v\u00ea &#039;erro&#039; em renovar com Diego Alves\" \/>\n<meta property=\"og:description\" content=\"O Flamengo tem uma grande indefini\u00e7\u00e3o no momento: quem deve ser o titular do gol, Hugo Souza ou Diego Alves? De um lado, Hugo, que \u00e9 prata-da-casa, vive momento espetacular, comprovado em sua atua\u00e7\u00e3o hist\u00f3rica contra o Athletico-PR, na \u00faltima quarta-feira, pela Copa do Brasil. Do outro, Diego Alves, que retornou aos treinos ap\u00f3s les\u00e3o [&hellip;]\" \/>\n<meta property=\"og:url\" content=\"https:\/\/www.gaveanews.com\/index.php\/2020\/10\/31\/ex-goleiro-do-flamengo-diz-que-hugo-souza-e-titular-e-ve-erro-em-renovar-com-diego-alves\/\" \/>\n<meta property=\"og:site_name\" content=\"G\u00e1vea News\" \/>\n<meta property=\"article:publisher\" content=\"https:\/\/facebook.com\/gaveaNews\/\" \/>\n<meta property=\"article:published_time\" content=\"2020-10-31T12:27:55+00:00\" \/>\n<meta property=\"article:modified_time\" content=\"2020-10-31T12:27:57+00:00\" \/>\n<meta property=\"og:image\" content=\"https:\/\/www.gaveanews.com\/wp-content\/uploads\/Diego-Alves-durante-uma-partida-do-Flamengo.webp\" \/>\n\t<meta property=\"og:image:width\" content=\"900\" \/>\n\t<meta property=\"og:image:height\" content=\"600\" \/>\n\t<meta property=\"og:image:type\" content=\"image\/jpeg\" \/>\n<meta name=\"author\" content=\"Equipe G\u00e1vea News\" \/>\n<meta name=\"twitter:card\" content=\"summary_large_image\" \/>\n<meta name=\"twitter:label1\" content=\"Escrito por\" \/>\n\t<meta name=\"twitter:data1\" content=\"Equipe G\u00e1vea News\" \/>\n\t<meta name=\"twitter:label2\" content=\"Est. tempo de leitura\" \/>\n\t<meta name=\"twitter:data2\" content=\"2 minutos\" \/>\n<script type=\"application\/ld+json\" class=\"yoast-schema-graph\">{\"@context\":\"https:\/\/schema.org\",\"@graph\":[{\"@type\":\"NewsArticle\",\"@id\":\"https:\/\/www.gaveanews.com\/index.php\/2020\/10\/31\/ex-goleiro-do-flamengo-diz-que-hugo-souza-e-titular-e-ve-erro-em-renovar-com-diego-alves\/#article\",\"isPartOf\":{\"@id\":\"https:\/\/www.gaveanews.com\/index.php\/2020\/10\/31\/ex-goleiro-do-flamengo-diz-que-hugo-souza-e-titular-e-ve-erro-em-renovar-com-diego-alves\/\"},\"author\":{\"name\":\"Equipe G\u00e1vea News\",\"@id\":\"https:\/\/www.gaveanews.com\/#\/schema\/person\/2ec14f73fb96be2caf28f91afb14749d\"},\"headline\":\"Ex-goleiro do Flamengo, diz que Hugo Souza \u00e9 titular e v\u00ea &#8216;erro&#8217; em renovar com Diego Alves\",\"datePublished\":\"2020-10-31T12:27:55+00:00\",\"dateModified\":\"2020-10-31T12:27:57+00:00\",\"mainEntityOfPage\":{\"@id\":\"https:\/\/www.gaveanews.com\/index.php\/2020\/10\/31\/ex-goleiro-do-flamengo-diz-que-hugo-souza-e-titular-e-ve-erro-em-renovar-com-diego-alves\/\"},\"wordCount\":433,\"commentCount\":61,\"image\":{\"@id\":\"https:\/\/www.gaveanews.com\/index.php\/2020\/10\/31\/ex-goleiro-do-flamengo-diz-que-hugo-souza-e-titular-e-ve-erro-em-renovar-com-diego-alves\/#primaryimage\"},\"thumbnailUrl\":\"https:\/\/www.gaveanews.com\/wp-content\/uploads\/Diego-Alves-durante-uma-partida-do-Flamengo.webp\",\"articleSection\":[\"Flamengo\"],\"inLanguage\":\"pt-BR\",\"potentialAction\":[{\"@type\":\"CommentAction\",\"name\":\"Comment\",\"target\":[\"https:\/\/www.gaveanews.com\/index.php\/2020\/10\/31\/ex-goleiro-do-flamengo-diz-que-hugo-souza-e-titular-e-ve-erro-em-renovar-com-diego-alves\/#respond\"]}],\"copyrightYear\":\"2020\",\"copyrightHolder\":{\"@id\":\"https:\/\/www.gaveanews.com\/#organization\"}},{\"@type\":\"WebPage\",\"@id\":\"https:\/\/www.gaveanews.com\/index.php\/2020\/10\/31\/ex-goleiro-do-flamengo-diz-que-hugo-souza-e-titular-e-ve-erro-em-renovar-com-diego-alves\/\",\"url\":\"https:\/\/www.gaveanews.com\/index.php\/2020\/10\/31\/ex-goleiro-do-flamengo-diz-que-hugo-souza-e-titular-e-ve-erro-em-renovar-com-diego-alves\/\",\"name\":\"Ex-goleiro do Flamengo, diz que Hugo Souza \u00e9 titular e v\u00ea 'erro' em renovar com Diego Alves\",\"isPartOf\":{\"@id\":\"https:\/\/www.gaveanews.com\/#website\"},\"primaryImageOfPage\":{\"@id\":\"https:\/\/www.gaveanews.com\/index.php\/2020\/10\/31\/ex-goleiro-do-flamengo-diz-que-hugo-souza-e-titular-e-ve-erro-em-renovar-com-diego-alves\/#primaryimage\"},\"image\":{\"@id\":\"https:\/\/www.gaveanews.com\/index.php\/2020\/10\/31\/ex-goleiro-do-flamengo-diz-que-hugo-souza-e-titular-e-ve-erro-em-renovar-com-diego-alves\/#primaryimage\"},\"thumbnailUrl\":\"https:\/\/www.gaveanews.com\/wp-content\/uploads\/Diego-Alves-durante-uma-partida-do-Flamengo.webp\",\"datePublished\":\"2020-10-31T12:27:55+00:00\",\"dateModified\":\"2020-10-31T12:27:57+00:00\",\"author\":{\"@id\":\"https:\/\/www.gaveanews.com\/#\/schema\/person\/2ec14f73fb96be2caf28f91afb14749d\"},\"breadcrumb\":{\"@id\":\"https:\/\/www.gaveanews.com\/index.php\/2020\/10\/31\/ex-goleiro-do-flamengo-diz-que-hugo-souza-e-titular-e-ve-erro-em-renovar-com-diego-alves\/#breadcrumb\"},\"inLanguage\":\"pt-BR\",\"potentialAction\":[{\"@type\":\"ReadAction\",\"target\":[\"https:\/\/www.gaveanews.com\/index.php\/2020\/10\/31\/ex-goleiro-do-flamengo-diz-que-hugo-souza-e-titular-e-ve-erro-em-renovar-com-diego-alves\/\"]}]},{\"@type\":\"ImageObject\",\"inLanguage\":\"pt-BR\",\"@id\":\"https:\/\/www.gaveanews.com\/index.php\/2020\/10\/31\/ex-goleiro-do-flamengo-diz-que-hugo-souza-e-titular-e-ve-erro-em-renovar-com-diego-alves\/#primaryimage\",\"url\":\"https:\/\/www.gaveanews.com\/wp-content\/uploads\/Diego-Alves-durante-uma-partida-do-Flamengo.webp\",\"contentUrl\":\"https:\/\/www.gaveanews.com\/wp-content\/uploads\/Diego-Alves-durante-uma-partida-do-Flamengo.webp\",\"width\":900,\"height\":600,\"caption\":\"Diego Alves durante uma partida do Flamengo (Foto: Alexandre Vidal\/Flamengo)\"},{\"@type\":\"BreadcrumbList\",\"@id\":\"https:\/\/www.gaveanews.com\/index.php\/2020\/10\/31\/ex-goleiro-do-flamengo-diz-que-hugo-souza-e-titular-e-ve-erro-em-renovar-com-diego-alves\/#breadcrumb\",\"itemListElement\":[{\"@type\":\"ListItem\",\"position\":1,\"name\":\"Home\",\"item\":\"https:\/\/www.gaveanews.com\/\"},{\"@type\":\"ListItem\",\"position\":2,\"name\":\"Ex-goleiro do Flamengo, diz que Hugo Souza \u00e9 titular e v\u00ea &#8216;erro&#8217; em renovar com Diego Alves\"}]},{\"@type\":\"WebSite\",\"@id\":\"https:\/\/www.gaveanews.com\/#website\",\"url\":\"https:\/\/www.gaveanews.com\/\",\"name\":\"G\u00e1vea News\",\"description\":\"Veja todas as not\u00edcias sobre o Flamengo: Contrata\u00e7\u00f5es, categorias de base, resultados das partidas, tabela de classifica\u00e7\u00e3o, pr\u00f3ximos jogos!\",\"potentialAction\":[{\"@type\":\"SearchAction\",\"target\":{\"@type\":\"EntryPoint\",\"urlTemplate\":\"https:\/\/www.gaveanews.com\/?s={search_term_string}\"},\"query-input\":{\"@type\":\"PropertyValueSpecification\",\"valueRequired\":true,\"valueName\":\"search_term_string\"}}],\"inLanguage\":\"pt-BR\"},{\"@type\":\"Person\",\"@id\":\"https:\/\/www.gaveanews.com\/#\/schema\/person\/2ec14f73fb96be2caf28f91afb14749d\",\"name\":\"Equipe G\u00e1vea News\",\"image\":{\"@type\":\"ImageObject\",\"inLanguage\":\"pt-BR\",\"@id\":\"https:\/\/www.gaveanews.com\/#\/schema\/person\/image\/\",\"url\":\"https:\/\/secure.gravatar.com\/avatar\/1e1956f1facbffd3f8fa53a326721950116b3b9dc9bd44939c01180fd4a745a9?s=96&d=mm&r=g\",\"contentUrl\":\"https:\/\/secure.gravatar.com\/avatar\/1e1956f1facbffd3f8fa53a326721950116b3b9dc9bd44939c01180fd4a745a9?s=96&d=mm&r=g\",\"caption\":\"Equipe G\u00e1vea News\"}}]}<\/script>\n<!-- \/ Yoast SEO Premium plugin. -->","yoast_head_json":{"title":"Ex-goleiro do Flamengo, diz que Hugo Souza \u00e9 titular e v\u00ea 'erro' em renovar com Diego Alves","robots":{"index":"index","follow":"follow","max-snippet":"max-snippet:-1","max-image-preview":"max-image-preview:large","max-video-preview":"max-video-preview:-1"},"canonical":"https:\/\/www.gaveanews.com\/index.php\/2020\/10\/31\/ex-goleiro-do-flamengo-diz-que-hugo-souza-e-titular-e-ve-erro-em-renovar-com-diego-alves\/","og_locale":"pt_BR","og_type":"article","og_title":"Ex-goleiro do Flamengo, diz que Hugo Souza \u00e9 titular e v\u00ea 'erro' em renovar com Diego Alves","og_description":"O Flamengo tem uma grande indefini\u00e7\u00e3o no momento: quem deve ser o titular do gol, Hugo Souza ou Diego Alves? De um lado, Hugo, que \u00e9 prata-da-casa, vive momento espetacular, comprovado em sua atua\u00e7\u00e3o hist\u00f3rica contra o Athletico-PR, na \u00faltima quarta-feira, pela Copa do Brasil. Do outro, Diego Alves, que retornou aos treinos ap\u00f3s les\u00e3o [&hellip;]","og_url":"https:\/\/www.gaveanews.com\/index.php\/2020\/10\/31\/ex-goleiro-do-flamengo-diz-que-hugo-souza-e-titular-e-ve-erro-em-renovar-com-diego-alves\/","og_site_name":"G\u00e1vea News","article_publisher":"https:\/\/facebook.com\/gaveaNews\/","article_published_time":"2020-10-31T12:27:55+00:00","article_modified_time":"2020-10-31T12:27:57+00:00","og_image":[{"width":900,"height":600,"url":"https:\/\/www.gaveanews.com\/wp-content\/uploads\/Diego-Alves-durante-uma-partida-do-Flamengo.webp","type":"image\/jpeg"}],"author":"Equipe G\u00e1vea News","twitter_card":"summary_large_image","twitter_misc":{"Escrito por":"Equipe G\u00e1vea News","Est. tempo de leitura":"2 minutos"},"schema":{"@context":"https:\/\/schema.org","@graph":[{"@type":"NewsArticle","@id":"https:\/\/www.gaveanews.com\/index.php\/2020\/10\/31\/ex-goleiro-do-flamengo-diz-que-hugo-souza-e-titular-e-ve-erro-em-renovar-com-diego-alves\/#article","isPartOf":{"@id":"https:\/\/www.gaveanews.com\/index.php\/2020\/10\/31\/ex-goleiro-do-flamengo-diz-que-hugo-souza-e-titular-e-ve-erro-em-renovar-com-diego-alves\/"},"author":{"name":"Equipe G\u00e1vea News","@id":"https:\/\/www.gaveanews.com\/#\/schema\/person\/2ec14f73fb96be2caf28f91afb14749d"},"headline":"Ex-goleiro do Flamengo, diz que Hugo Souza \u00e9 titular e v\u00ea &#8216;erro&#8217; em renovar com Diego Alves","datePublished":"2020-10-31T12:27:55+00:00","dateModified":"2020-10-31T12:27:57+00:00","mainEntityOfPage":{"@id":"https:\/\/www.gaveanews.com\/index.php\/2020\/10\/31\/ex-goleiro-do-flamengo-diz-que-hugo-souza-e-titular-e-ve-erro-em-renovar-com-diego-alves\/"},"wordCount":433,"commentCount":61,"image":{"@id":"https:\/\/www.gaveanews.com\/index.php\/2020\/10\/31\/ex-goleiro-do-flamengo-diz-que-hugo-souza-e-titular-e-ve-erro-em-renovar-com-diego-alves\/#primaryimage"},"thumbnailUrl":"https:\/\/www.gaveanews.com\/wp-content\/uploads\/Diego-Alves-durante-uma-partida-do-Flamengo.webp","articleSection":["Flamengo"],"inLanguage":"pt-BR","potentialAction":[{"@type":"CommentAction","name":"Comment","target":["https:\/\/www.gaveanews.com\/index.php\/2020\/10\/31\/ex-goleiro-do-flamengo-diz-que-hugo-souza-e-titular-e-ve-erro-em-renovar-com-diego-alves\/#respond"]}],"copyrightYear":"2020","copyrightHolder":{"@id":"https:\/\/www.gaveanews.com\/#organization"}},{"@type":"WebPage","@id":"https:\/\/www.gaveanews.com\/index.php\/2020\/10\/31\/ex-goleiro-do-flamengo-diz-que-hugo-souza-e-titular-e-ve-erro-em-renovar-com-diego-alves\/","url":"https:\/\/www.gaveanews.com\/index.php\/2020\/10\/31\/ex-goleiro-do-flamengo-diz-que-hugo-souza-e-titular-e-ve-erro-em-renovar-com-diego-alves\/","name":"Ex-goleiro do Flamengo, diz que Hugo Souza \u00e9 titular e v\u00ea 'erro' em renovar com Diego Alves","isPartOf":{"@id":"https:\/\/www.gaveanews.com\/#website"},"primaryImageOfPage":{"@id":"https:\/\/www.gaveanews.com\/index.php\/2020\/10\/31\/ex-goleiro-do-flamengo-diz-que-hugo-souza-e-titular-e-ve-erro-em-renovar-com-diego-alves\/#primaryimage"},"image":{"@id":"https:\/\/www.gaveanews.com\/index.php\/2020\/10\/31\/ex-goleiro-do-flamengo-diz-que-hugo-souza-e-titular-e-ve-erro-em-renovar-com-diego-alves\/#primaryimage"},"thumbnailUrl":"https:\/\/www.gaveanews.com\/wp-content\/uploads\/Diego-Alves-durante-uma-partida-do-Flamengo.webp","datePublished":"2020-10-31T12:27:55+00:00","dateModified":"2020-10-31T12:27:57+00:00","author":{"@id":"https:\/\/www.gaveanews.com\/#\/schema\/person\/2ec14f73fb96be2caf28f91afb14749d"},"breadcrumb":{"@id":"https:\/\/www.gaveanews.com\/index.php\/2020\/10\/31\/ex-goleiro-do-flamengo-diz-que-hugo-souza-e-titular-e-ve-erro-em-renovar-com-diego-alves\/#breadcrumb"},"inLanguage":"pt-BR","potentialAction":[{"@type":"ReadAction","target":["https:\/\/www.gaveanews.com\/index.php\/2020\/10\/31\/ex-goleiro-do-flamengo-diz-que-hugo-souza-e-titular-e-ve-erro-em-renovar-com-diego-alves\/"]}]},{"@type":"ImageObject","inLanguage":"pt-BR","@id":"https:\/\/www.gaveanews.com\/index.php\/2020\/10\/31\/ex-goleiro-do-flamengo-diz-que-hugo-souza-e-titular-e-ve-erro-em-renovar-com-diego-alves\/#primaryimage","url":"https:\/\/www.gaveanews.com\/wp-content\/uploads\/Diego-Alves-durante-uma-partida-do-Flamengo.webp","contentUrl":"https:\/\/www.gaveanews.com\/wp-content\/uploads\/Diego-Alves-durante-uma-partida-do-Flamengo.webp","width":900,"height":600,"caption":"Diego Alves durante uma partida do Flamengo (Foto: Alexandre Vidal\/Flamengo)"},{"@type":"BreadcrumbList","@id":"https:\/\/www.gaveanews.com\/index.php\/2020\/10\/31\/ex-goleiro-do-flamengo-diz-que-hugo-souza-e-titular-e-ve-erro-em-renovar-com-diego-alves\/#breadcrumb","itemListElement":[{"@type":"ListItem","position":1,"name":"Home","item":"https:\/\/www.gaveanews.com\/"},{"@type":"ListItem","position":2,"name":"Ex-goleiro do Flamengo, diz que Hugo Souza \u00e9 titular e v\u00ea &#8216;erro&#8217; em renovar com Diego Alves"}]},{"@type":"WebSite","@id":"https:\/\/www.gaveanews.com\/#website","url":"https:\/\/www.gaveanews.com\/","name":"G\u00e1vea News","description":"Veja todas as not\u00edcias sobre o Flamengo: Contrata\u00e7\u00f5es, categorias de base, resultados das partidas, tabela de classifica\u00e7\u00e3o, pr\u00f3ximos jogos!","potentialAction":[{"@type":"SearchAction","target":{"@type":"EntryPoint","urlTemplate":"https:\/\/www.gaveanews.com\/?s={search_term_string}"},"query-input":{"@type":"PropertyValueSpecification","valueRequired":true,"valueName":"search_term_string"}}],"inLanguage":"pt-BR"},{"@type":"Person","@id":"https:\/\/www.gaveanews.com\/#\/schema\/person\/2ec14f73fb96be2caf28f91afb14749d","name":"Equipe G\u00e1vea News","image":{"@type":"ImageObject","inLanguage":"pt-BR","@id":"https:\/\/www.gaveanews.com\/#\/schema\/person\/image\/","url":"https:\/\/secure.gravatar.com\/avatar\/1e1956f1facbffd3f8fa53a326721950116b3b9dc9bd44939c01180fd4a745a9?s=96&d=mm&r=g","contentUrl":"https:\/\/secure.gravatar.com\/avatar\/1e1956f1facbffd3f8fa53a326721950116b3b9dc9bd44939c01180fd4a745a9?s=96&d=mm&r=g","caption":"Equipe G\u00e1vea News"}}]}},"_links":{"self":[{"href":"https:\/\/www.gaveanews.com\/index.php\/wp-json\/wp\/v2\/posts\/50491","targetHints":{"allow":["GET"]}}],"collection":[{"href":"https:\/\/www.gaveanews.com\/index.php\/wp-json\/wp\/v2\/posts"}],"about":[{"href":"https:\/\/www.gaveanews.com\/index.php\/wp-json\/wp\/v2\/types\/post"}],"author":[{"embeddable":true,"href":"https:\/\/www.gaveanews.com\/index.php\/wp-json\/wp\/v2\/users\/1"}],"replies":[{"embeddable":true,"href":"https:\/\/www.gaveanews.com\/index.php\/wp-json\/wp\/v2\/comments?post=50491"}],"version-history":[{"count":0,"href":"https:\/\/www.gaveanews.com\/index.php\/wp-json\/wp\/v2\/posts\/50491\/revisions"}],"wp:featuredmedia":[{"embeddable":true,"href":"https:\/\/www.gaveanews.com\/index.php\/wp-json\/wp\/v2\/media\/28920"}],"wp:attachment":[{"href":"https:\/\/www.gaveanews.com\/index.php\/wp-json\/wp\/v2\/media?parent=50491"}],"wp:term":[{"taxonomy":"category","embeddable":true,"href":"https:\/\/www.gaveanews.com\/index.php\/wp-json\/wp\/v2\/categories?post=50491"},{"taxonomy":"post_tag","embeddable":true,"href":"https:\/\/www.gaveanews.com\/index.php\/wp-json\/wp\/v2\/tags?post=50491"}],"curies":[{"name":"wp","href":"https:\/\/api.w.org\/{rel}","templated":true}]}}