{"id":50499,"date":"2020-10-31T18:17:08","date_gmt":"2020-10-31T21:17:08","guid":{"rendered":"https:\/\/www.gaveanews.com\/?p=50499"},"modified":"2020-10-31T18:17:10","modified_gmt":"2020-10-31T21:17:10","slug":"video-hugo-souza-do-flamengo-tambem-e-cobrador-de-faltas","status":"publish","type":"post","link":"https:\/\/www.gaveanews.com\/index.php\/2020\/10\/31\/video-hugo-souza-do-flamengo-tambem-e-cobrador-de-faltas\/","title":{"rendered":"V\u00eddeo: Hugo Souza, do Flamengo, tamb\u00e9m \u00e9 cobrador de faltas"},"content":{"rendered":"\n<p>Sensa\u00e7\u00e3o do Flamengo por conta das boas defesas, Hugo Souza tamb\u00e9m quer mostrar para a torcida sua aptid\u00e3o na bola parada. Inspirado em Rog\u00e9rio Ceni, o goleiro rubro-negro conta que treina cobran\u00e7as de falta desde as categorias de base.<\/p>\n\n\n\n<p>Em entrevista ao \u201cSele\u00e7\u00e3o SporTV\u201d de hoje, o arqueiro afirmou que ainda n\u00e3o teve a chance de mostrar o fundamento no profissional por n\u00e3o estar \u201ccom essa moral toda\u201d.<\/p>\n\n\n\n<p>\u201cNo clube, desde novo, eu brincava de bater falta, desde a base. L\u00e1 no profissional ainda n\u00e3o t\u00f4 com essa moral toda. \u00c9 um fundamento que eu gosto tamb\u00e9m. \u00c0s vezes, quando eu quero treinar e tem um goleiro mais novo que eu, eu falo que vale uma camisa. \u00c9 um fundamento que eu gosto muito por ter visto o Rog\u00e9rio Ceni\u201d, relatou o goleiro.<\/p>\n\n\n\n<figure class=\"wp-block-embed-youtube wp-block-embed is-type-video is-provider-youtube wp-embed-aspect-16-9 wp-has-aspect-ratio\"><div class=\"wp-block-embed__wrapper\">\nhttps:\/\/www.youtube.com\/watch?v=1KDWlxnJ4fA&#038;ab_channel=CHRISeGREGProductions\n<\/div><\/figure>\n\n\n\n<p>Em rela\u00e7\u00e3o ao seu desempenho com os p\u00e9s na sa\u00edda de bola, Hugo contou que treina o fundamento toda semana e est\u00e1 acostumado com este estilo de jogo desde a base.<\/p>\n\n\n\n<p>\u201c\u00c9 uma coisa que a gente treina muito. Quase toda semana a gente toca na bola com o p\u00e9, faz trabalho de passe, justamente para a gente estar acostumado. \u00c9 uma caracter\u00edstica que acho muito boa minha, me acostumei a jogar assim desde a base. Sempre dominei bem. Profissional \u00e9 diferente da base, se houver um erro, voc\u00ea fica marcado por aquilo. N\u00e3o posso ficar marcado por um neg\u00f3cio assim. Eu acredito que tenho muita coisa para evoluir. N\u00e3o \u00e9 uma coisa nova para mim, porque vinha fazendo desde a base. Tenho conquistado a confian\u00e7a do grupo tamb\u00e9m neste aspecto\u201d.<\/p>\n\n\n\n<p>Retirado de: UOL<\/p>\n","protected":false},"excerpt":{"rendered":"<p>Sensa\u00e7\u00e3o do Flamengo por conta das boas defesas, Hugo Souza tamb\u00e9m quer mostrar para a torcida sua aptid\u00e3o na bola parada. Inspirado em Rog\u00e9rio Ceni, o goleiro rubro-negro conta que treina cobran\u00e7as de falta desde as categorias de base. Em entrevista ao \u201cSele\u00e7\u00e3o SporTV\u201d de hoje, o arqueiro afirmou que ainda n\u00e3o teve a chance [&hellip;]<\/p>\n","protected":false},"author":1,"featured_media":32051,"comment_status":"open","ping_status":"closed","sticky":false,"template":"","format":"standard","meta":{"footnotes":""},"categories":[1],"tags":[],"class_list":["post-50499","post","type-post","status-publish","format-standard","has-post-thumbnail","hentry","category-flamengo"],"yoast_head":"<!-- This site is optimized with the Yoast SEO Premium plugin v24.2 (Yoast SEO v26.9) - https:\/\/yoast.com\/product\/yoast-seo-premium-wordpress\/ -->\n<title>V\u00eddeo: Hugo Souza, do Flamengo, tamb\u00e9m \u00e9 cobrador de faltas<\/title>\n<meta name=\"robots\" content=\"index, follow, max-snippet:-1, max-image-preview:large, max-video-preview:-1\" \/>\n<link rel=\"canonical\" href=\"https:\/\/www.gaveanews.com\/index.php\/2020\/10\/31\/video-hugo-souza-do-flamengo-tambem-e-cobrador-de-faltas\/\" \/>\n<meta property=\"og:locale\" content=\"pt_BR\" \/>\n<meta property=\"og:type\" content=\"article\" \/>\n<meta property=\"og:title\" content=\"V\u00eddeo: Hugo Souza, do Flamengo, tamb\u00e9m \u00e9 cobrador de faltas\" \/>\n<meta property=\"og:description\" content=\"Sensa\u00e7\u00e3o do Flamengo por conta das boas defesas, Hugo Souza tamb\u00e9m quer mostrar para a torcida sua aptid\u00e3o na bola parada. Inspirado em Rog\u00e9rio Ceni, o goleiro rubro-negro conta que treina cobran\u00e7as de falta desde as categorias de base. Em entrevista ao \u201cSele\u00e7\u00e3o SporTV\u201d de hoje, o arqueiro afirmou que ainda n\u00e3o teve a chance [&hellip;]\" \/>\n<meta property=\"og:url\" content=\"https:\/\/www.gaveanews.com\/index.php\/2020\/10\/31\/video-hugo-souza-do-flamengo-tambem-e-cobrador-de-faltas\/\" \/>\n<meta property=\"og:site_name\" content=\"G\u00e1vea News\" \/>\n<meta property=\"article:publisher\" content=\"https:\/\/facebook.com\/gaveaNews\/\" \/>\n<meta property=\"article:published_time\" content=\"2020-10-31T21:17:08+00:00\" \/>\n<meta property=\"article:modified_time\" content=\"2020-10-31T21:17:10+00:00\" \/>\n<meta property=\"og:image\" content=\"https:\/\/www.gaveanews.com\/wp-content\/uploads\/Goleiro-Hugo-durante-treinamento-do-Flamengo-no-Ninho-do-Urubu.webp\" \/>\n\t<meta property=\"og:image:width\" content=\"1280\" \/>\n\t<meta property=\"og:image:height\" content=\"853\" \/>\n\t<meta property=\"og:image:type\" content=\"image\/jpeg\" \/>\n<meta name=\"author\" content=\"Equipe G\u00e1vea News\" \/>\n<meta name=\"twitter:card\" content=\"summary_large_image\" \/>\n<meta name=\"twitter:label1\" content=\"Escrito por\" \/>\n\t<meta name=\"twitter:data1\" content=\"Equipe G\u00e1vea News\" \/>\n\t<meta name=\"twitter:label2\" content=\"Est. tempo de leitura\" \/>\n\t<meta name=\"twitter:data2\" content=\"1 minuto\" \/>\n<script type=\"application\/ld+json\" class=\"yoast-schema-graph\">{\"@context\":\"https:\/\/schema.org\",\"@graph\":[{\"@type\":\"NewsArticle\",\"@id\":\"https:\/\/www.gaveanews.com\/index.php\/2020\/10\/31\/video-hugo-souza-do-flamengo-tambem-e-cobrador-de-faltas\/#article\",\"isPartOf\":{\"@id\":\"https:\/\/www.gaveanews.com\/index.php\/2020\/10\/31\/video-hugo-souza-do-flamengo-tambem-e-cobrador-de-faltas\/\"},\"author\":{\"name\":\"Equipe G\u00e1vea News\",\"@id\":\"https:\/\/www.gaveanews.com\/#\/schema\/person\/2ec14f73fb96be2caf28f91afb14749d\"},\"headline\":\"V\u00eddeo: Hugo Souza, do Flamengo, tamb\u00e9m \u00e9 cobrador de faltas\",\"datePublished\":\"2020-10-31T21:17:08+00:00\",\"dateModified\":\"2020-10-31T21:17:10+00:00\",\"mainEntityOfPage\":{\"@id\":\"https:\/\/www.gaveanews.com\/index.php\/2020\/10\/31\/video-hugo-souza-do-flamengo-tambem-e-cobrador-de-faltas\/\"},\"wordCount\":304,\"commentCount\":15,\"image\":{\"@id\":\"https:\/\/www.gaveanews.com\/index.php\/2020\/10\/31\/video-hugo-souza-do-flamengo-tambem-e-cobrador-de-faltas\/#primaryimage\"},\"thumbnailUrl\":\"https:\/\/www.gaveanews.com\/wp-content\/uploads\/Goleiro-Hugo-durante-treinamento-do-Flamengo-no-Ninho-do-Urubu.webp\",\"articleSection\":[\"Flamengo\"],\"inLanguage\":\"pt-BR\",\"potentialAction\":[{\"@type\":\"CommentAction\",\"name\":\"Comment\",\"target\":[\"https:\/\/www.gaveanews.com\/index.php\/2020\/10\/31\/video-hugo-souza-do-flamengo-tambem-e-cobrador-de-faltas\/#respond\"]}],\"copyrightYear\":\"2020\",\"copyrightHolder\":{\"@id\":\"https:\/\/www.gaveanews.com\/#organization\"}},{\"@type\":\"WebPage\",\"@id\":\"https:\/\/www.gaveanews.com\/index.php\/2020\/10\/31\/video-hugo-souza-do-flamengo-tambem-e-cobrador-de-faltas\/\",\"url\":\"https:\/\/www.gaveanews.com\/index.php\/2020\/10\/31\/video-hugo-souza-do-flamengo-tambem-e-cobrador-de-faltas\/\",\"name\":\"V\u00eddeo: Hugo Souza, do Flamengo, tamb\u00e9m \u00e9 cobrador de faltas\",\"isPartOf\":{\"@id\":\"https:\/\/www.gaveanews.com\/#website\"},\"primaryImageOfPage\":{\"@id\":\"https:\/\/www.gaveanews.com\/index.php\/2020\/10\/31\/video-hugo-souza-do-flamengo-tambem-e-cobrador-de-faltas\/#primaryimage\"},\"image\":{\"@id\":\"https:\/\/www.gaveanews.com\/index.php\/2020\/10\/31\/video-hugo-souza-do-flamengo-tambem-e-cobrador-de-faltas\/#primaryimage\"},\"thumbnailUrl\":\"https:\/\/www.gaveanews.com\/wp-content\/uploads\/Goleiro-Hugo-durante-treinamento-do-Flamengo-no-Ninho-do-Urubu.webp\",\"datePublished\":\"2020-10-31T21:17:08+00:00\",\"dateModified\":\"2020-10-31T21:17:10+00:00\",\"author\":{\"@id\":\"https:\/\/www.gaveanews.com\/#\/schema\/person\/2ec14f73fb96be2caf28f91afb14749d\"},\"breadcrumb\":{\"@id\":\"https:\/\/www.gaveanews.com\/index.php\/2020\/10\/31\/video-hugo-souza-do-flamengo-tambem-e-cobrador-de-faltas\/#breadcrumb\"},\"inLanguage\":\"pt-BR\",\"potentialAction\":[{\"@type\":\"ReadAction\",\"target\":[\"https:\/\/www.gaveanews.com\/index.php\/2020\/10\/31\/video-hugo-souza-do-flamengo-tambem-e-cobrador-de-faltas\/\"]}]},{\"@type\":\"ImageObject\",\"inLanguage\":\"pt-BR\",\"@id\":\"https:\/\/www.gaveanews.com\/index.php\/2020\/10\/31\/video-hugo-souza-do-flamengo-tambem-e-cobrador-de-faltas\/#primaryimage\",\"url\":\"https:\/\/www.gaveanews.com\/wp-content\/uploads\/Goleiro-Hugo-durante-treinamento-do-Flamengo-no-Ninho-do-Urubu.webp\",\"contentUrl\":\"https:\/\/www.gaveanews.com\/wp-content\/uploads\/Goleiro-Hugo-durante-treinamento-do-Flamengo-no-Ninho-do-Urubu.webp\",\"width\":1280,\"height\":853,\"caption\":\"Goleiro Hugo durante treinamento do Flamengo no Ninho do Urubu (Foto: Gilvan de Souza\/Flamengo)\"},{\"@type\":\"BreadcrumbList\",\"@id\":\"https:\/\/www.gaveanews.com\/index.php\/2020\/10\/31\/video-hugo-souza-do-flamengo-tambem-e-cobrador-de-faltas\/#breadcrumb\",\"itemListElement\":[{\"@type\":\"ListItem\",\"position\":1,\"name\":\"Home\",\"item\":\"https:\/\/www.gaveanews.com\/\"},{\"@type\":\"ListItem\",\"position\":2,\"name\":\"V\u00eddeo: Hugo Souza, do Flamengo, tamb\u00e9m \u00e9 cobrador de faltas\"}]},{\"@type\":\"WebSite\",\"@id\":\"https:\/\/www.gaveanews.com\/#website\",\"url\":\"https:\/\/www.gaveanews.com\/\",\"name\":\"G\u00e1vea News\",\"description\":\"Veja todas as not\u00edcias sobre o Flamengo: Contrata\u00e7\u00f5es, categorias de base, resultados das partidas, tabela de classifica\u00e7\u00e3o, pr\u00f3ximos jogos!\",\"potentialAction\":[{\"@type\":\"SearchAction\",\"target\":{\"@type\":\"EntryPoint\",\"urlTemplate\":\"https:\/\/www.gaveanews.com\/?s={search_term_string}\"},\"query-input\":{\"@type\":\"PropertyValueSpecification\",\"valueRequired\":true,\"valueName\":\"search_term_string\"}}],\"inLanguage\":\"pt-BR\"},{\"@type\":\"Person\",\"@id\":\"https:\/\/www.gaveanews.com\/#\/schema\/person\/2ec14f73fb96be2caf28f91afb14749d\",\"name\":\"Equipe G\u00e1vea News\",\"image\":{\"@type\":\"ImageObject\",\"inLanguage\":\"pt-BR\",\"@id\":\"https:\/\/www.gaveanews.com\/#\/schema\/person\/image\/\",\"url\":\"https:\/\/secure.gravatar.com\/avatar\/1e1956f1facbffd3f8fa53a326721950116b3b9dc9bd44939c01180fd4a745a9?s=96&d=mm&r=g\",\"contentUrl\":\"https:\/\/secure.gravatar.com\/avatar\/1e1956f1facbffd3f8fa53a326721950116b3b9dc9bd44939c01180fd4a745a9?s=96&d=mm&r=g\",\"caption\":\"Equipe G\u00e1vea News\"}}]}<\/script>\n<!-- \/ Yoast SEO Premium plugin. -->","yoast_head_json":{"title":"V\u00eddeo: Hugo Souza, do Flamengo, tamb\u00e9m \u00e9 cobrador de faltas","robots":{"index":"index","follow":"follow","max-snippet":"max-snippet:-1","max-image-preview":"max-image-preview:large","max-video-preview":"max-video-preview:-1"},"canonical":"https:\/\/www.gaveanews.com\/index.php\/2020\/10\/31\/video-hugo-souza-do-flamengo-tambem-e-cobrador-de-faltas\/","og_locale":"pt_BR","og_type":"article","og_title":"V\u00eddeo: Hugo Souza, do Flamengo, tamb\u00e9m \u00e9 cobrador de faltas","og_description":"Sensa\u00e7\u00e3o do Flamengo por conta das boas defesas, Hugo Souza tamb\u00e9m quer mostrar para a torcida sua aptid\u00e3o na bola parada. Inspirado em Rog\u00e9rio Ceni, o goleiro rubro-negro conta que treina cobran\u00e7as de falta desde as categorias de base. Em entrevista ao \u201cSele\u00e7\u00e3o SporTV\u201d de hoje, o arqueiro afirmou que ainda n\u00e3o teve a chance [&hellip;]","og_url":"https:\/\/www.gaveanews.com\/index.php\/2020\/10\/31\/video-hugo-souza-do-flamengo-tambem-e-cobrador-de-faltas\/","og_site_name":"G\u00e1vea News","article_publisher":"https:\/\/facebook.com\/gaveaNews\/","article_published_time":"2020-10-31T21:17:08+00:00","article_modified_time":"2020-10-31T21:17:10+00:00","og_image":[{"width":1280,"height":853,"url":"https:\/\/www.gaveanews.com\/wp-content\/uploads\/Goleiro-Hugo-durante-treinamento-do-Flamengo-no-Ninho-do-Urubu.webp","type":"image\/jpeg"}],"author":"Equipe G\u00e1vea News","twitter_card":"summary_large_image","twitter_misc":{"Escrito por":"Equipe G\u00e1vea News","Est. tempo de leitura":"1 minuto"},"schema":{"@context":"https:\/\/schema.org","@graph":[{"@type":"NewsArticle","@id":"https:\/\/www.gaveanews.com\/index.php\/2020\/10\/31\/video-hugo-souza-do-flamengo-tambem-e-cobrador-de-faltas\/#article","isPartOf":{"@id":"https:\/\/www.gaveanews.com\/index.php\/2020\/10\/31\/video-hugo-souza-do-flamengo-tambem-e-cobrador-de-faltas\/"},"author":{"name":"Equipe G\u00e1vea News","@id":"https:\/\/www.gaveanews.com\/#\/schema\/person\/2ec14f73fb96be2caf28f91afb14749d"},"headline":"V\u00eddeo: Hugo Souza, do Flamengo, tamb\u00e9m \u00e9 cobrador de faltas","datePublished":"2020-10-31T21:17:08+00:00","dateModified":"2020-10-31T21:17:10+00:00","mainEntityOfPage":{"@id":"https:\/\/www.gaveanews.com\/index.php\/2020\/10\/31\/video-hugo-souza-do-flamengo-tambem-e-cobrador-de-faltas\/"},"wordCount":304,"commentCount":15,"image":{"@id":"https:\/\/www.gaveanews.com\/index.php\/2020\/10\/31\/video-hugo-souza-do-flamengo-tambem-e-cobrador-de-faltas\/#primaryimage"},"thumbnailUrl":"https:\/\/www.gaveanews.com\/wp-content\/uploads\/Goleiro-Hugo-durante-treinamento-do-Flamengo-no-Ninho-do-Urubu.webp","articleSection":["Flamengo"],"inLanguage":"pt-BR","potentialAction":[{"@type":"CommentAction","name":"Comment","target":["https:\/\/www.gaveanews.com\/index.php\/2020\/10\/31\/video-hugo-souza-do-flamengo-tambem-e-cobrador-de-faltas\/#respond"]}],"copyrightYear":"2020","copyrightHolder":{"@id":"https:\/\/www.gaveanews.com\/#organization"}},{"@type":"WebPage","@id":"https:\/\/www.gaveanews.com\/index.php\/2020\/10\/31\/video-hugo-souza-do-flamengo-tambem-e-cobrador-de-faltas\/","url":"https:\/\/www.gaveanews.com\/index.php\/2020\/10\/31\/video-hugo-souza-do-flamengo-tambem-e-cobrador-de-faltas\/","name":"V\u00eddeo: Hugo Souza, do Flamengo, tamb\u00e9m \u00e9 cobrador de faltas","isPartOf":{"@id":"https:\/\/www.gaveanews.com\/#website"},"primaryImageOfPage":{"@id":"https:\/\/www.gaveanews.com\/index.php\/2020\/10\/31\/video-hugo-souza-do-flamengo-tambem-e-cobrador-de-faltas\/#primaryimage"},"image":{"@id":"https:\/\/www.gaveanews.com\/index.php\/2020\/10\/31\/video-hugo-souza-do-flamengo-tambem-e-cobrador-de-faltas\/#primaryimage"},"thumbnailUrl":"https:\/\/www.gaveanews.com\/wp-content\/uploads\/Goleiro-Hugo-durante-treinamento-do-Flamengo-no-Ninho-do-Urubu.webp","datePublished":"2020-10-31T21:17:08+00:00","dateModified":"2020-10-31T21:17:10+00:00","author":{"@id":"https:\/\/www.gaveanews.com\/#\/schema\/person\/2ec14f73fb96be2caf28f91afb14749d"},"breadcrumb":{"@id":"https:\/\/www.gaveanews.com\/index.php\/2020\/10\/31\/video-hugo-souza-do-flamengo-tambem-e-cobrador-de-faltas\/#breadcrumb"},"inLanguage":"pt-BR","potentialAction":[{"@type":"ReadAction","target":["https:\/\/www.gaveanews.com\/index.php\/2020\/10\/31\/video-hugo-souza-do-flamengo-tambem-e-cobrador-de-faltas\/"]}]},{"@type":"ImageObject","inLanguage":"pt-BR","@id":"https:\/\/www.gaveanews.com\/index.php\/2020\/10\/31\/video-hugo-souza-do-flamengo-tambem-e-cobrador-de-faltas\/#primaryimage","url":"https:\/\/www.gaveanews.com\/wp-content\/uploads\/Goleiro-Hugo-durante-treinamento-do-Flamengo-no-Ninho-do-Urubu.webp","contentUrl":"https:\/\/www.gaveanews.com\/wp-content\/uploads\/Goleiro-Hugo-durante-treinamento-do-Flamengo-no-Ninho-do-Urubu.webp","width":1280,"height":853,"caption":"Goleiro Hugo durante treinamento do Flamengo no Ninho do Urubu (Foto: Gilvan de Souza\/Flamengo)"},{"@type":"BreadcrumbList","@id":"https:\/\/www.gaveanews.com\/index.php\/2020\/10\/31\/video-hugo-souza-do-flamengo-tambem-e-cobrador-de-faltas\/#breadcrumb","itemListElement":[{"@type":"ListItem","position":1,"name":"Home","item":"https:\/\/www.gaveanews.com\/"},{"@type":"ListItem","position":2,"name":"V\u00eddeo: Hugo Souza, do Flamengo, tamb\u00e9m \u00e9 cobrador de faltas"}]},{"@type":"WebSite","@id":"https:\/\/www.gaveanews.com\/#website","url":"https:\/\/www.gaveanews.com\/","name":"G\u00e1vea News","description":"Veja todas as not\u00edcias sobre o Flamengo: Contrata\u00e7\u00f5es, categorias de base, resultados das partidas, tabela de classifica\u00e7\u00e3o, pr\u00f3ximos jogos!","potentialAction":[{"@type":"SearchAction","target":{"@type":"EntryPoint","urlTemplate":"https:\/\/www.gaveanews.com\/?s={search_term_string}"},"query-input":{"@type":"PropertyValueSpecification","valueRequired":true,"valueName":"search_term_string"}}],"inLanguage":"pt-BR"},{"@type":"Person","@id":"https:\/\/www.gaveanews.com\/#\/schema\/person\/2ec14f73fb96be2caf28f91afb14749d","name":"Equipe G\u00e1vea News","image":{"@type":"ImageObject","inLanguage":"pt-BR","@id":"https:\/\/www.gaveanews.com\/#\/schema\/person\/image\/","url":"https:\/\/secure.gravatar.com\/avatar\/1e1956f1facbffd3f8fa53a326721950116b3b9dc9bd44939c01180fd4a745a9?s=96&d=mm&r=g","contentUrl":"https:\/\/secure.gravatar.com\/avatar\/1e1956f1facbffd3f8fa53a326721950116b3b9dc9bd44939c01180fd4a745a9?s=96&d=mm&r=g","caption":"Equipe G\u00e1vea News"}}]}},"_links":{"self":[{"href":"https:\/\/www.gaveanews.com\/index.php\/wp-json\/wp\/v2\/posts\/50499","targetHints":{"allow":["GET"]}}],"collection":[{"href":"https:\/\/www.gaveanews.com\/index.php\/wp-json\/wp\/v2\/posts"}],"about":[{"href":"https:\/\/www.gaveanews.com\/index.php\/wp-json\/wp\/v2\/types\/post"}],"author":[{"embeddable":true,"href":"https:\/\/www.gaveanews.com\/index.php\/wp-json\/wp\/v2\/users\/1"}],"replies":[{"embeddable":true,"href":"https:\/\/www.gaveanews.com\/index.php\/wp-json\/wp\/v2\/comments?post=50499"}],"version-history":[{"count":0,"href":"https:\/\/www.gaveanews.com\/index.php\/wp-json\/wp\/v2\/posts\/50499\/revisions"}],"wp:featuredmedia":[{"embeddable":true,"href":"https:\/\/www.gaveanews.com\/index.php\/wp-json\/wp\/v2\/media\/32051"}],"wp:attachment":[{"href":"https:\/\/www.gaveanews.com\/index.php\/wp-json\/wp\/v2\/media?parent=50499"}],"wp:term":[{"taxonomy":"category","embeddable":true,"href":"https:\/\/www.gaveanews.com\/index.php\/wp-json\/wp\/v2\/categories?post=50499"},{"taxonomy":"post_tag","embeddable":true,"href":"https:\/\/www.gaveanews.com\/index.php\/wp-json\/wp\/v2\/tags?post=50499"}],"curies":[{"name":"wp","href":"https:\/\/api.w.org\/{rel}","templated":true}]}}