{"id":50522,"date":"2020-10-31T23:43:42","date_gmt":"2020-11-01T02:43:42","guid":{"rendered":"https:\/\/www.gaveanews.com\/?p=50522"},"modified":"2020-10-31T23:43:44","modified_gmt":"2020-11-01T02:43:44","slug":"torcida-do-flamengo-comemora-derrota-do-internacional","status":"publish","type":"post","link":"https:\/\/www.gaveanews.com\/index.php\/2020\/10\/31\/torcida-do-flamengo-comemora-derrota-do-internacional\/","title":{"rendered":"Torcida do Flamengo comemora derrota do Internacional"},"content":{"rendered":"\n<p>O Corinthians derrotou o Internacional por 1&#215;0, com gol de Dav\u00f3, na Neo Qu\u00edmica Arena, em partida v\u00e1lida pela 19\u00aa rodada do Brasileir\u00e3o. Com o resultado, a lideran\u00e7a do Colorado est\u00e1 amea\u00e7ada pelo Flamengo, que enfrenta o S\u00e3o Paulo, neste domingo (1). <\/p>\n\n\n\n<p>Nas redes sociais, ap\u00f3s a derrota do clube ga\u00facho, os flamenguistas come\u00e7aram as comemora\u00e7\u00f5es e teve at\u00e9 torcedor agradecendo ao Tim\u00e3o pela ajuda. O Rubro-Negro assume a lideran\u00e7a com um simples empate no Maracan\u00e3.<\/p>\n\n\n\n<p><strong>Veja algumas rea\u00e7\u00f5es:<\/strong><\/p>\n\n\n\n<figure class=\"wp-block-embed-twitter wp-block-embed is-type-rich is-provider-twitter\"><div class=\"wp-block-embed__wrapper\">\nhttps:\/\/twitter.com\/edhoarda\/status\/1322681571053314048?ref_src=twsrc%5Etfw%7Ctwcamp%5Etweetembed%7Ctwterm%5E1322681571053314048%7Ctwgr%5Eshare_3&#038;ref_url=https%3A%2F%2Fwww.esporteinterativo.com.br%2Ffutebolbrasileiro%2FTorcida-do-Flamengo-comemora-derrota-do-Inter-Depende-de-si-para-ser-lider-20201031-0012.html\n<\/div><\/figure>\n\n\n\n<figure class=\"wp-block-embed-twitter wp-block-embed is-type-rich is-provider-twitter\"><div class=\"wp-block-embed__wrapper\">\nhttps:\/\/twitter.com\/carineqqvdo\/status\/1322680881472000001?ref_src=twsrc%5Etfw%7Ctwcamp%5Etweetembed%7Ctwterm%5E1322680881472000001%7Ctwgr%5Eshare_3&#038;ref_url=https%3A%2F%2Fwww.esporteinterativo.com.br%2Ffutebolbrasileiro%2FTorcida-do-Flamengo-comemora-derrota-do-Inter-Depende-de-si-para-ser-lider-20201031-0012.html\n<\/div><\/figure>\n\n\n\n<figure class=\"wp-block-embed-twitter wp-block-embed is-type-rich is-provider-twitter\"><div class=\"wp-block-embed__wrapper\">\n<blockquote class=\"twitter-tweet\" data-width=\"550\" data-dnt=\"true\"><p lang=\"pt\" dir=\"ltr\">Amanh\u00e3 seguir o l\u00edder&#8230;Flamengo \u2764\ufe0f\u270c\ufe0f\ud83d\udc4a\u26bd\ufe0f<\/p>&mdash; marcos gomes (@marcosg48882100) <a href=\"https:\/\/twitter.com\/marcosg48882100\/status\/1322677561256742912?ref_src=twsrc%5Etfw\">October 31, 2020<\/a><\/blockquote><script async src=\"https:\/\/platform.twitter.com\/widgets.js\" charset=\"utf-8\"><\/script>\n<\/div><\/figure>\n\n\n\n<figure class=\"wp-block-embed-twitter wp-block-embed is-type-rich is-provider-twitter\"><div class=\"wp-block-embed__wrapper\">\nhttps:\/\/twitter.com\/gabriel98meirel\/status\/1322674903838056449?ref_src=twsrc%5Etfw%7Ctwcamp%5Etweetembed%7Ctwterm%5E1322674903838056449%7Ctwgr%5Eshare_3&#038;ref_url=https%3A%2F%2Fwww.esporteinterativo.com.br%2Ffutebolbrasileiro%2FTorcida-do-Flamengo-comemora-derrota-do-Inter-Depende-de-si-para-ser-lider-20201031-0012.html\n<\/div><\/figure>\n\n\n\n<figure class=\"wp-block-embed-twitter wp-block-embed is-type-rich is-provider-twitter\"><div class=\"wp-block-embed__wrapper\">\nhttps:\/\/twitter.com\/omarloncard\/status\/1322673158588112903?ref_src=twsrc%5Etfw%7Ctwcamp%5Etweetembed%7Ctwterm%5E1322673158588112903%7Ctwgr%5Eshare_3&#038;ref_url=https%3A%2F%2Fwww.esporteinterativo.com.br%2Ffutebolbrasileiro%2FTorcida-do-Flamengo-comemora-derrota-do-Inter-Depende-de-si-para-ser-lider-20201031-0012.html\n<\/div><\/figure>\n\n\n\n<figure class=\"wp-block-embed-twitter wp-block-embed is-type-rich is-provider-twitter\"><div class=\"wp-block-embed__wrapper\">\n<blockquote class=\"twitter-tweet\" data-width=\"550\" data-dnt=\"true\"><p lang=\"pt\" dir=\"ltr\">Flamengo s\u00f3 depende dele pra ser l\u00edder. AGORA VAI<\/p>&mdash; rb (@FaelBrenooo) <a href=\"https:\/\/twitter.com\/FaelBrenooo\/status\/1322690452496199680?ref_src=twsrc%5Etfw\">November 1, 2020<\/a><\/blockquote><script async src=\"https:\/\/platform.twitter.com\/widgets.js\" charset=\"utf-8\"><\/script>\n<\/div><\/figure>\n\n\n\n<p>Retirado de: Esporte Interativo<\/p>\n","protected":false},"excerpt":{"rendered":"<p>O Corinthians derrotou o Internacional por 1&#215;0, com gol de Dav\u00f3, na Neo Qu\u00edmica Arena, em partida v\u00e1lida pela 19\u00aa rodada do Brasileir\u00e3o. Com o resultado, a lideran\u00e7a do Colorado est\u00e1 amea\u00e7ada pelo Flamengo, que enfrenta o S\u00e3o Paulo, neste domingo (1). Nas redes sociais, ap\u00f3s a derrota do clube ga\u00facho, os flamenguistas come\u00e7aram as [&hellip;]<\/p>\n","protected":false},"author":1,"featured_media":49855,"comment_status":"open","ping_status":"closed","sticky":false,"template":"","format":"standard","meta":{"footnotes":""},"categories":[47],"tags":[],"class_list":["post-50522","post","type-post","status-publish","format-standard","has-post-thumbnail","hentry","category-destaques"],"yoast_head":"<!-- This site is optimized with the Yoast SEO Premium plugin v24.2 (Yoast SEO v26.9) - https:\/\/yoast.com\/product\/yoast-seo-premium-wordpress\/ -->\n<title>Torcida do Flamengo comemora derrota do Internacional<\/title>\n<meta name=\"description\" content=\"O Corinthians derrotou o Internacional por 1x0, com gol de Dav\u00f3, na Neo Qu\u00edmica Arena, em partida v\u00e1lida pela 19\u00aa rodada do Brasileir\u00e3o.\" \/>\n<meta name=\"robots\" content=\"index, follow, max-snippet:-1, max-image-preview:large, max-video-preview:-1\" \/>\n<link rel=\"canonical\" href=\"https:\/\/www.gaveanews.com\/index.php\/2020\/10\/31\/torcida-do-flamengo-comemora-derrota-do-internacional\/\" \/>\n<meta property=\"og:locale\" content=\"pt_BR\" \/>\n<meta property=\"og:type\" content=\"article\" \/>\n<meta property=\"og:title\" content=\"Torcida do Flamengo comemora derrota do Internacional\" \/>\n<meta property=\"og:description\" content=\"O Corinthians derrotou o Internacional por 1x0, com gol de Dav\u00f3, na Neo Qu\u00edmica Arena, em partida v\u00e1lida pela 19\u00aa rodada do Brasileir\u00e3o.\" \/>\n<meta property=\"og:url\" content=\"https:\/\/www.gaveanews.com\/index.php\/2020\/10\/31\/torcida-do-flamengo-comemora-derrota-do-internacional\/\" \/>\n<meta property=\"og:site_name\" content=\"G\u00e1vea News\" \/>\n<meta property=\"article:publisher\" content=\"https:\/\/facebook.com\/gaveaNews\/\" \/>\n<meta property=\"article:published_time\" content=\"2020-11-01T02:43:42+00:00\" \/>\n<meta property=\"article:modified_time\" content=\"2020-11-01T02:43:44+00:00\" \/>\n<meta property=\"og:image\" content=\"https:\/\/www.gaveanews.com\/wp-content\/uploads\/Filipe-Luis-em-acao-pelo-Flamengo-na-partida-contra-o-time-do-Internacional.webp\" \/>\n\t<meta property=\"og:image:width\" content=\"800\" \/>\n\t<meta property=\"og:image:height\" content=\"533\" \/>\n\t<meta property=\"og:image:type\" content=\"image\/jpeg\" \/>\n<meta name=\"author\" content=\"Equipe G\u00e1vea News\" \/>\n<meta name=\"twitter:card\" content=\"summary_large_image\" \/>\n<meta name=\"twitter:label1\" content=\"Escrito por\" \/>\n\t<meta name=\"twitter:data1\" content=\"Equipe G\u00e1vea News\" \/>\n\t<meta name=\"twitter:label2\" content=\"Est. tempo de leitura\" \/>\n\t<meta name=\"twitter:data2\" content=\"1 minuto\" \/>\n<script type=\"application\/ld+json\" class=\"yoast-schema-graph\">{\"@context\":\"https:\/\/schema.org\",\"@graph\":[{\"@type\":\"NewsArticle\",\"@id\":\"https:\/\/www.gaveanews.com\/index.php\/2020\/10\/31\/torcida-do-flamengo-comemora-derrota-do-internacional\/#article\",\"isPartOf\":{\"@id\":\"https:\/\/www.gaveanews.com\/index.php\/2020\/10\/31\/torcida-do-flamengo-comemora-derrota-do-internacional\/\"},\"author\":{\"name\":\"Equipe G\u00e1vea News\",\"@id\":\"https:\/\/www.gaveanews.com\/#\/schema\/person\/2ec14f73fb96be2caf28f91afb14749d\"},\"headline\":\"Torcida do Flamengo comemora derrota do Internacional\",\"datePublished\":\"2020-11-01T02:43:42+00:00\",\"dateModified\":\"2020-11-01T02:43:44+00:00\",\"mainEntityOfPage\":{\"@id\":\"https:\/\/www.gaveanews.com\/index.php\/2020\/10\/31\/torcida-do-flamengo-comemora-derrota-do-internacional\/\"},\"wordCount\":276,\"commentCount\":10,\"image\":{\"@id\":\"https:\/\/www.gaveanews.com\/index.php\/2020\/10\/31\/torcida-do-flamengo-comemora-derrota-do-internacional\/#primaryimage\"},\"thumbnailUrl\":\"https:\/\/www.gaveanews.com\/wp-content\/uploads\/Filipe-Luis-em-acao-pelo-Flamengo-na-partida-contra-o-time-do-Internacional.webp\",\"articleSection\":[\"Destaques\"],\"inLanguage\":\"pt-BR\",\"potentialAction\":[{\"@type\":\"CommentAction\",\"name\":\"Comment\",\"target\":[\"https:\/\/www.gaveanews.com\/index.php\/2020\/10\/31\/torcida-do-flamengo-comemora-derrota-do-internacional\/#respond\"]}],\"copyrightYear\":\"2020\",\"copyrightHolder\":{\"@id\":\"https:\/\/www.gaveanews.com\/#organization\"}},{\"@type\":\"WebPage\",\"@id\":\"https:\/\/www.gaveanews.com\/index.php\/2020\/10\/31\/torcida-do-flamengo-comemora-derrota-do-internacional\/\",\"url\":\"https:\/\/www.gaveanews.com\/index.php\/2020\/10\/31\/torcida-do-flamengo-comemora-derrota-do-internacional\/\",\"name\":\"Torcida do Flamengo comemora derrota do Internacional\",\"isPartOf\":{\"@id\":\"https:\/\/www.gaveanews.com\/#website\"},\"primaryImageOfPage\":{\"@id\":\"https:\/\/www.gaveanews.com\/index.php\/2020\/10\/31\/torcida-do-flamengo-comemora-derrota-do-internacional\/#primaryimage\"},\"image\":{\"@id\":\"https:\/\/www.gaveanews.com\/index.php\/2020\/10\/31\/torcida-do-flamengo-comemora-derrota-do-internacional\/#primaryimage\"},\"thumbnailUrl\":\"https:\/\/www.gaveanews.com\/wp-content\/uploads\/Filipe-Luis-em-acao-pelo-Flamengo-na-partida-contra-o-time-do-Internacional.webp\",\"datePublished\":\"2020-11-01T02:43:42+00:00\",\"dateModified\":\"2020-11-01T02:43:44+00:00\",\"author\":{\"@id\":\"https:\/\/www.gaveanews.com\/#\/schema\/person\/2ec14f73fb96be2caf28f91afb14749d\"},\"description\":\"O Corinthians derrotou o Internacional por 1x0, com gol de Dav\u00f3, na Neo Qu\u00edmica Arena, em partida v\u00e1lida pela 19\u00aa rodada do Brasileir\u00e3o.\",\"breadcrumb\":{\"@id\":\"https:\/\/www.gaveanews.com\/index.php\/2020\/10\/31\/torcida-do-flamengo-comemora-derrota-do-internacional\/#breadcrumb\"},\"inLanguage\":\"pt-BR\",\"potentialAction\":[{\"@type\":\"ReadAction\",\"target\":[\"https:\/\/www.gaveanews.com\/index.php\/2020\/10\/31\/torcida-do-flamengo-comemora-derrota-do-internacional\/\"]}]},{\"@type\":\"ImageObject\",\"inLanguage\":\"pt-BR\",\"@id\":\"https:\/\/www.gaveanews.com\/index.php\/2020\/10\/31\/torcida-do-flamengo-comemora-derrota-do-internacional\/#primaryimage\",\"url\":\"https:\/\/www.gaveanews.com\/wp-content\/uploads\/Filipe-Luis-em-acao-pelo-Flamengo-na-partida-contra-o-time-do-Internacional.webp\",\"contentUrl\":\"https:\/\/www.gaveanews.com\/wp-content\/uploads\/Filipe-Luis-em-acao-pelo-Flamengo-na-partida-contra-o-time-do-Internacional.webp\",\"width\":800,\"height\":533,\"caption\":\"Filipe Lu\u00eds em a\u00e7\u00e3o pelo Flamengo na partida contra o time do Internacional (Foto: Alexandre Vidal\/Flamengo)\"},{\"@type\":\"BreadcrumbList\",\"@id\":\"https:\/\/www.gaveanews.com\/index.php\/2020\/10\/31\/torcida-do-flamengo-comemora-derrota-do-internacional\/#breadcrumb\",\"itemListElement\":[{\"@type\":\"ListItem\",\"position\":1,\"name\":\"Home\",\"item\":\"https:\/\/www.gaveanews.com\/\"},{\"@type\":\"ListItem\",\"position\":2,\"name\":\"Torcida do Flamengo comemora derrota do Internacional\"}]},{\"@type\":\"WebSite\",\"@id\":\"https:\/\/www.gaveanews.com\/#website\",\"url\":\"https:\/\/www.gaveanews.com\/\",\"name\":\"G\u00e1vea News\",\"description\":\"Veja todas as not\u00edcias sobre o Flamengo: Contrata\u00e7\u00f5es, categorias de base, resultados das partidas, tabela de classifica\u00e7\u00e3o, pr\u00f3ximos jogos!\",\"potentialAction\":[{\"@type\":\"SearchAction\",\"target\":{\"@type\":\"EntryPoint\",\"urlTemplate\":\"https:\/\/www.gaveanews.com\/?s={search_term_string}\"},\"query-input\":{\"@type\":\"PropertyValueSpecification\",\"valueRequired\":true,\"valueName\":\"search_term_string\"}}],\"inLanguage\":\"pt-BR\"},{\"@type\":\"Person\",\"@id\":\"https:\/\/www.gaveanews.com\/#\/schema\/person\/2ec14f73fb96be2caf28f91afb14749d\",\"name\":\"Equipe G\u00e1vea News\",\"image\":{\"@type\":\"ImageObject\",\"inLanguage\":\"pt-BR\",\"@id\":\"https:\/\/www.gaveanews.com\/#\/schema\/person\/image\/\",\"url\":\"https:\/\/secure.gravatar.com\/avatar\/1e1956f1facbffd3f8fa53a326721950116b3b9dc9bd44939c01180fd4a745a9?s=96&d=mm&r=g\",\"contentUrl\":\"https:\/\/secure.gravatar.com\/avatar\/1e1956f1facbffd3f8fa53a326721950116b3b9dc9bd44939c01180fd4a745a9?s=96&d=mm&r=g\",\"caption\":\"Equipe G\u00e1vea News\"}}]}<\/script>\n<!-- \/ Yoast SEO Premium plugin. -->","yoast_head_json":{"title":"Torcida do Flamengo comemora derrota do Internacional","description":"O Corinthians derrotou o Internacional por 1x0, com gol de Dav\u00f3, na Neo Qu\u00edmica Arena, em partida v\u00e1lida pela 19\u00aa rodada do Brasileir\u00e3o.","robots":{"index":"index","follow":"follow","max-snippet":"max-snippet:-1","max-image-preview":"max-image-preview:large","max-video-preview":"max-video-preview:-1"},"canonical":"https:\/\/www.gaveanews.com\/index.php\/2020\/10\/31\/torcida-do-flamengo-comemora-derrota-do-internacional\/","og_locale":"pt_BR","og_type":"article","og_title":"Torcida do Flamengo comemora derrota do Internacional","og_description":"O Corinthians derrotou o Internacional por 1x0, com gol de Dav\u00f3, na Neo Qu\u00edmica Arena, em partida v\u00e1lida pela 19\u00aa rodada do Brasileir\u00e3o.","og_url":"https:\/\/www.gaveanews.com\/index.php\/2020\/10\/31\/torcida-do-flamengo-comemora-derrota-do-internacional\/","og_site_name":"G\u00e1vea News","article_publisher":"https:\/\/facebook.com\/gaveaNews\/","article_published_time":"2020-11-01T02:43:42+00:00","article_modified_time":"2020-11-01T02:43:44+00:00","og_image":[{"width":800,"height":533,"url":"https:\/\/www.gaveanews.com\/wp-content\/uploads\/Filipe-Luis-em-acao-pelo-Flamengo-na-partida-contra-o-time-do-Internacional.webp","type":"image\/jpeg"}],"author":"Equipe G\u00e1vea News","twitter_card":"summary_large_image","twitter_misc":{"Escrito por":"Equipe G\u00e1vea News","Est. tempo de leitura":"1 minuto"},"schema":{"@context":"https:\/\/schema.org","@graph":[{"@type":"NewsArticle","@id":"https:\/\/www.gaveanews.com\/index.php\/2020\/10\/31\/torcida-do-flamengo-comemora-derrota-do-internacional\/#article","isPartOf":{"@id":"https:\/\/www.gaveanews.com\/index.php\/2020\/10\/31\/torcida-do-flamengo-comemora-derrota-do-internacional\/"},"author":{"name":"Equipe G\u00e1vea News","@id":"https:\/\/www.gaveanews.com\/#\/schema\/person\/2ec14f73fb96be2caf28f91afb14749d"},"headline":"Torcida do Flamengo comemora derrota do Internacional","datePublished":"2020-11-01T02:43:42+00:00","dateModified":"2020-11-01T02:43:44+00:00","mainEntityOfPage":{"@id":"https:\/\/www.gaveanews.com\/index.php\/2020\/10\/31\/torcida-do-flamengo-comemora-derrota-do-internacional\/"},"wordCount":276,"commentCount":10,"image":{"@id":"https:\/\/www.gaveanews.com\/index.php\/2020\/10\/31\/torcida-do-flamengo-comemora-derrota-do-internacional\/#primaryimage"},"thumbnailUrl":"https:\/\/www.gaveanews.com\/wp-content\/uploads\/Filipe-Luis-em-acao-pelo-Flamengo-na-partida-contra-o-time-do-Internacional.webp","articleSection":["Destaques"],"inLanguage":"pt-BR","potentialAction":[{"@type":"CommentAction","name":"Comment","target":["https:\/\/www.gaveanews.com\/index.php\/2020\/10\/31\/torcida-do-flamengo-comemora-derrota-do-internacional\/#respond"]}],"copyrightYear":"2020","copyrightHolder":{"@id":"https:\/\/www.gaveanews.com\/#organization"}},{"@type":"WebPage","@id":"https:\/\/www.gaveanews.com\/index.php\/2020\/10\/31\/torcida-do-flamengo-comemora-derrota-do-internacional\/","url":"https:\/\/www.gaveanews.com\/index.php\/2020\/10\/31\/torcida-do-flamengo-comemora-derrota-do-internacional\/","name":"Torcida do Flamengo comemora derrota do Internacional","isPartOf":{"@id":"https:\/\/www.gaveanews.com\/#website"},"primaryImageOfPage":{"@id":"https:\/\/www.gaveanews.com\/index.php\/2020\/10\/31\/torcida-do-flamengo-comemora-derrota-do-internacional\/#primaryimage"},"image":{"@id":"https:\/\/www.gaveanews.com\/index.php\/2020\/10\/31\/torcida-do-flamengo-comemora-derrota-do-internacional\/#primaryimage"},"thumbnailUrl":"https:\/\/www.gaveanews.com\/wp-content\/uploads\/Filipe-Luis-em-acao-pelo-Flamengo-na-partida-contra-o-time-do-Internacional.webp","datePublished":"2020-11-01T02:43:42+00:00","dateModified":"2020-11-01T02:43:44+00:00","author":{"@id":"https:\/\/www.gaveanews.com\/#\/schema\/person\/2ec14f73fb96be2caf28f91afb14749d"},"description":"O Corinthians derrotou o Internacional por 1x0, com gol de Dav\u00f3, na Neo Qu\u00edmica Arena, em partida v\u00e1lida pela 19\u00aa rodada do Brasileir\u00e3o.","breadcrumb":{"@id":"https:\/\/www.gaveanews.com\/index.php\/2020\/10\/31\/torcida-do-flamengo-comemora-derrota-do-internacional\/#breadcrumb"},"inLanguage":"pt-BR","potentialAction":[{"@type":"ReadAction","target":["https:\/\/www.gaveanews.com\/index.php\/2020\/10\/31\/torcida-do-flamengo-comemora-derrota-do-internacional\/"]}]},{"@type":"ImageObject","inLanguage":"pt-BR","@id":"https:\/\/www.gaveanews.com\/index.php\/2020\/10\/31\/torcida-do-flamengo-comemora-derrota-do-internacional\/#primaryimage","url":"https:\/\/www.gaveanews.com\/wp-content\/uploads\/Filipe-Luis-em-acao-pelo-Flamengo-na-partida-contra-o-time-do-Internacional.webp","contentUrl":"https:\/\/www.gaveanews.com\/wp-content\/uploads\/Filipe-Luis-em-acao-pelo-Flamengo-na-partida-contra-o-time-do-Internacional.webp","width":800,"height":533,"caption":"Filipe Lu\u00eds em a\u00e7\u00e3o pelo Flamengo na partida contra o time do Internacional (Foto: Alexandre Vidal\/Flamengo)"},{"@type":"BreadcrumbList","@id":"https:\/\/www.gaveanews.com\/index.php\/2020\/10\/31\/torcida-do-flamengo-comemora-derrota-do-internacional\/#breadcrumb","itemListElement":[{"@type":"ListItem","position":1,"name":"Home","item":"https:\/\/www.gaveanews.com\/"},{"@type":"ListItem","position":2,"name":"Torcida do Flamengo comemora derrota do Internacional"}]},{"@type":"WebSite","@id":"https:\/\/www.gaveanews.com\/#website","url":"https:\/\/www.gaveanews.com\/","name":"G\u00e1vea News","description":"Veja todas as not\u00edcias sobre o Flamengo: Contrata\u00e7\u00f5es, categorias de base, resultados das partidas, tabela de classifica\u00e7\u00e3o, pr\u00f3ximos jogos!","potentialAction":[{"@type":"SearchAction","target":{"@type":"EntryPoint","urlTemplate":"https:\/\/www.gaveanews.com\/?s={search_term_string}"},"query-input":{"@type":"PropertyValueSpecification","valueRequired":true,"valueName":"search_term_string"}}],"inLanguage":"pt-BR"},{"@type":"Person","@id":"https:\/\/www.gaveanews.com\/#\/schema\/person\/2ec14f73fb96be2caf28f91afb14749d","name":"Equipe G\u00e1vea News","image":{"@type":"ImageObject","inLanguage":"pt-BR","@id":"https:\/\/www.gaveanews.com\/#\/schema\/person\/image\/","url":"https:\/\/secure.gravatar.com\/avatar\/1e1956f1facbffd3f8fa53a326721950116b3b9dc9bd44939c01180fd4a745a9?s=96&d=mm&r=g","contentUrl":"https:\/\/secure.gravatar.com\/avatar\/1e1956f1facbffd3f8fa53a326721950116b3b9dc9bd44939c01180fd4a745a9?s=96&d=mm&r=g","caption":"Equipe G\u00e1vea News"}}]}},"_links":{"self":[{"href":"https:\/\/www.gaveanews.com\/index.php\/wp-json\/wp\/v2\/posts\/50522","targetHints":{"allow":["GET"]}}],"collection":[{"href":"https:\/\/www.gaveanews.com\/index.php\/wp-json\/wp\/v2\/posts"}],"about":[{"href":"https:\/\/www.gaveanews.com\/index.php\/wp-json\/wp\/v2\/types\/post"}],"author":[{"embeddable":true,"href":"https:\/\/www.gaveanews.com\/index.php\/wp-json\/wp\/v2\/users\/1"}],"replies":[{"embeddable":true,"href":"https:\/\/www.gaveanews.com\/index.php\/wp-json\/wp\/v2\/comments?post=50522"}],"version-history":[{"count":0,"href":"https:\/\/www.gaveanews.com\/index.php\/wp-json\/wp\/v2\/posts\/50522\/revisions"}],"wp:featuredmedia":[{"embeddable":true,"href":"https:\/\/www.gaveanews.com\/index.php\/wp-json\/wp\/v2\/media\/49855"}],"wp:attachment":[{"href":"https:\/\/www.gaveanews.com\/index.php\/wp-json\/wp\/v2\/media?parent=50522"}],"wp:term":[{"taxonomy":"category","embeddable":true,"href":"https:\/\/www.gaveanews.com\/index.php\/wp-json\/wp\/v2\/categories?post=50522"},{"taxonomy":"post_tag","embeddable":true,"href":"https:\/\/www.gaveanews.com\/index.php\/wp-json\/wp\/v2\/tags?post=50522"}],"curies":[{"name":"wp","href":"https:\/\/api.w.org\/{rel}","templated":true}]}}