{"id":50926,"date":"2020-11-06T10:35:29","date_gmt":"2020-11-06T13:35:29","guid":{"rendered":"https:\/\/www.gaveanews.com\/?p=50926"},"modified":"2020-11-06T10:35:32","modified_gmt":"2020-11-06T13:35:32","slug":"carvalhal-explica-a-recusa-ao-flamengo-e-revela-me-chamaram-de-louco","status":"publish","type":"post","link":"https:\/\/www.gaveanews.com\/index.php\/2020\/11\/06\/carvalhal-explica-a-recusa-ao-flamengo-e-revela-me-chamaram-de-louco\/","title":{"rendered":"Carvalhal explica a recusa ao Flamengo e revela: \u201cMe chamaram de louco\u201d"},"content":{"rendered":"\n<p>Ap\u00f3s a sa\u00edda de Jorge Jesus, v\u00e1rios treinadores estrangeiros foram procurados pelo Flamengo antes do acerto com Dom\u00e8nec Torrent. Um deles foi o portugu\u00eas Carlos Carvalhal, que acabou recusando a oferta rubro-negra.<\/p>\n\n\n\n<p>Em entrevista ao jornal ingl\u00eas The Times, Carvalhal explicou que teve uma \u00f3tima proposta do Flamengo, mas que n\u00e3o p\u00f4de aceitar por motivos familiares e de sa\u00fade j\u00e1 que a pandemia do Covid-19 estava ainda muito recente:<\/p>\n\n\n\n<p>\u201cEu estive muito perto de ir para um dos melhores clubes do mundo, o Flamengo, no Brasil. Clube inacredit\u00e1vel, bom contrato. Mas, com o coronav\u00edrus, (minha fam\u00edlia e eu) acreditamos que n\u00e3o era o momento certo de viajar em aeroportos ou da minha fam\u00edlia ficar indo e voltando.\u201d<\/p>\n\n\n\n<p>Carvalhal revelou que foi chamado de louco por amigos pela recusa j\u00e1 que o Flamengo era visto como uma \u00f3tima oportunidade:<\/p>\n\n\n\n<p>\u201cTive que telefonar aos dirigentes do Flamengo e dizer que n\u00e3o podia ir. Eles n\u00e3o acreditavam. Meus amigos me chamaram de louco.\u201d<\/p>\n\n\n\n<p>Sem Carvalhal, o Flamengo seguiu em busca de um outro treinador estrangeiro e dias depois fechou com Dome.<\/p>\n\n\n\n<p>O treinador havia feito uma temporada de destaque pelo Rio Ave e saiu do clube para assumir o Braga, equipe que hoje ocupa a 3\u00aa posi\u00e7\u00e3o do Campeonato Portugu\u00eas.<\/p>\n\n\n\n<p>Retirado de: Hashtag Rubro Negro<\/p>\n","protected":false},"excerpt":{"rendered":"<p>Ap\u00f3s a sa\u00edda de Jorge Jesus, v\u00e1rios treinadores estrangeiros foram procurados pelo Flamengo antes do acerto com Dom\u00e8nec Torrent. Um deles foi o portugu\u00eas Carlos Carvalhal, que acabou recusando a oferta rubro-negra. Em entrevista ao jornal ingl\u00eas The Times, Carvalhal explicou que teve uma \u00f3tima proposta do Flamengo, mas que n\u00e3o p\u00f4de aceitar por motivos [&hellip;]<\/p>\n","protected":false},"author":1,"featured_media":15081,"comment_status":"open","ping_status":"closed","sticky":false,"template":"","format":"standard","meta":{"footnotes":""},"categories":[1],"tags":[],"class_list":["post-50926","post","type-post","status-publish","format-standard","has-post-thumbnail","hentry","category-flamengo"],"yoast_head":"<!-- This site is optimized with the Yoast SEO Premium plugin v24.2 (Yoast SEO v26.9) - https:\/\/yoast.com\/product\/yoast-seo-premium-wordpress\/ -->\n<title>Carvalhal explica a recusa ao Flamengo e revela: \u201cMe chamaram de louco\u201d<\/title>\n<meta name=\"robots\" content=\"index, follow, max-snippet:-1, max-image-preview:large, max-video-preview:-1\" \/>\n<link rel=\"canonical\" href=\"https:\/\/www.gaveanews.com\/index.php\/2020\/11\/06\/carvalhal-explica-a-recusa-ao-flamengo-e-revela-me-chamaram-de-louco\/\" \/>\n<meta property=\"og:locale\" content=\"pt_BR\" \/>\n<meta property=\"og:type\" content=\"article\" \/>\n<meta property=\"og:title\" content=\"Carvalhal explica a recusa ao Flamengo e revela: \u201cMe chamaram de louco\u201d\" \/>\n<meta property=\"og:description\" content=\"Ap\u00f3s a sa\u00edda de Jorge Jesus, v\u00e1rios treinadores estrangeiros foram procurados pelo Flamengo antes do acerto com Dom\u00e8nec Torrent. Um deles foi o portugu\u00eas Carlos Carvalhal, que acabou recusando a oferta rubro-negra. Em entrevista ao jornal ingl\u00eas The Times, Carvalhal explicou que teve uma \u00f3tima proposta do Flamengo, mas que n\u00e3o p\u00f4de aceitar por motivos [&hellip;]\" \/>\n<meta property=\"og:url\" content=\"https:\/\/www.gaveanews.com\/index.php\/2020\/11\/06\/carvalhal-explica-a-recusa-ao-flamengo-e-revela-me-chamaram-de-louco\/\" \/>\n<meta property=\"og:site_name\" content=\"G\u00e1vea News\" \/>\n<meta property=\"article:publisher\" content=\"https:\/\/facebook.com\/gaveaNews\/\" \/>\n<meta property=\"article:published_time\" content=\"2020-11-06T13:35:29+00:00\" \/>\n<meta property=\"article:modified_time\" content=\"2020-11-06T13:35:32+00:00\" \/>\n<meta property=\"og:image\" content=\"https:\/\/www.gaveanews.com\/wp-content\/uploads\/2019\/03\/Escudo-do-Flamengo-e-exposto-proximo-a-um-dos-gols-no-gramado-do-Maracana.webp\" \/>\n\t<meta property=\"og:image:width\" content=\"1\" \/>\n\t<meta property=\"og:image:height\" content=\"1\" \/>\n\t<meta property=\"og:image:type\" content=\"image\/jpeg\" \/>\n<meta name=\"author\" content=\"Equipe G\u00e1vea News\" \/>\n<meta name=\"twitter:card\" content=\"summary_large_image\" \/>\n<meta name=\"twitter:label1\" content=\"Escrito por\" \/>\n\t<meta name=\"twitter:data1\" content=\"Equipe G\u00e1vea News\" \/>\n\t<meta name=\"twitter:label2\" content=\"Est. tempo de leitura\" \/>\n\t<meta name=\"twitter:data2\" content=\"1 minuto\" \/>\n<script type=\"application\/ld+json\" class=\"yoast-schema-graph\">{\"@context\":\"https:\/\/schema.org\",\"@graph\":[{\"@type\":\"NewsArticle\",\"@id\":\"https:\/\/www.gaveanews.com\/index.php\/2020\/11\/06\/carvalhal-explica-a-recusa-ao-flamengo-e-revela-me-chamaram-de-louco\/#article\",\"isPartOf\":{\"@id\":\"https:\/\/www.gaveanews.com\/index.php\/2020\/11\/06\/carvalhal-explica-a-recusa-ao-flamengo-e-revela-me-chamaram-de-louco\/\"},\"author\":{\"name\":\"Equipe G\u00e1vea News\",\"@id\":\"https:\/\/www.gaveanews.com\/#\/schema\/person\/2ec14f73fb96be2caf28f91afb14749d\"},\"headline\":\"Carvalhal explica a recusa ao Flamengo e revela: \u201cMe chamaram de louco\u201d\",\"datePublished\":\"2020-11-06T13:35:29+00:00\",\"dateModified\":\"2020-11-06T13:35:32+00:00\",\"mainEntityOfPage\":{\"@id\":\"https:\/\/www.gaveanews.com\/index.php\/2020\/11\/06\/carvalhal-explica-a-recusa-ao-flamengo-e-revela-me-chamaram-de-louco\/\"},\"wordCount\":241,\"commentCount\":22,\"image\":{\"@id\":\"https:\/\/www.gaveanews.com\/index.php\/2020\/11\/06\/carvalhal-explica-a-recusa-ao-flamengo-e-revela-me-chamaram-de-louco\/#primaryimage\"},\"thumbnailUrl\":\"https:\/\/www.gaveanews.com\/wp-content\/uploads\/2019\/03\/Escudo-do-Flamengo-e-exposto-proximo-a-um-dos-gols-no-gramado-do-Maracana.webp\",\"articleSection\":[\"Flamengo\"],\"inLanguage\":\"pt-BR\",\"potentialAction\":[{\"@type\":\"CommentAction\",\"name\":\"Comment\",\"target\":[\"https:\/\/www.gaveanews.com\/index.php\/2020\/11\/06\/carvalhal-explica-a-recusa-ao-flamengo-e-revela-me-chamaram-de-louco\/#respond\"]}],\"copyrightYear\":\"2020\",\"copyrightHolder\":{\"@id\":\"https:\/\/www.gaveanews.com\/#organization\"}},{\"@type\":\"WebPage\",\"@id\":\"https:\/\/www.gaveanews.com\/index.php\/2020\/11\/06\/carvalhal-explica-a-recusa-ao-flamengo-e-revela-me-chamaram-de-louco\/\",\"url\":\"https:\/\/www.gaveanews.com\/index.php\/2020\/11\/06\/carvalhal-explica-a-recusa-ao-flamengo-e-revela-me-chamaram-de-louco\/\",\"name\":\"Carvalhal explica a recusa ao Flamengo e revela: \u201cMe chamaram de louco\u201d\",\"isPartOf\":{\"@id\":\"https:\/\/www.gaveanews.com\/#website\"},\"primaryImageOfPage\":{\"@id\":\"https:\/\/www.gaveanews.com\/index.php\/2020\/11\/06\/carvalhal-explica-a-recusa-ao-flamengo-e-revela-me-chamaram-de-louco\/#primaryimage\"},\"image\":{\"@id\":\"https:\/\/www.gaveanews.com\/index.php\/2020\/11\/06\/carvalhal-explica-a-recusa-ao-flamengo-e-revela-me-chamaram-de-louco\/#primaryimage\"},\"thumbnailUrl\":\"https:\/\/www.gaveanews.com\/wp-content\/uploads\/2019\/03\/Escudo-do-Flamengo-e-exposto-proximo-a-um-dos-gols-no-gramado-do-Maracana.webp\",\"datePublished\":\"2020-11-06T13:35:29+00:00\",\"dateModified\":\"2020-11-06T13:35:32+00:00\",\"author\":{\"@id\":\"https:\/\/www.gaveanews.com\/#\/schema\/person\/2ec14f73fb96be2caf28f91afb14749d\"},\"breadcrumb\":{\"@id\":\"https:\/\/www.gaveanews.com\/index.php\/2020\/11\/06\/carvalhal-explica-a-recusa-ao-flamengo-e-revela-me-chamaram-de-louco\/#breadcrumb\"},\"inLanguage\":\"pt-BR\",\"potentialAction\":[{\"@type\":\"ReadAction\",\"target\":[\"https:\/\/www.gaveanews.com\/index.php\/2020\/11\/06\/carvalhal-explica-a-recusa-ao-flamengo-e-revela-me-chamaram-de-louco\/\"]}]},{\"@type\":\"ImageObject\",\"inLanguage\":\"pt-BR\",\"@id\":\"https:\/\/www.gaveanews.com\/index.php\/2020\/11\/06\/carvalhal-explica-a-recusa-ao-flamengo-e-revela-me-chamaram-de-louco\/#primaryimage\",\"url\":\"https:\/\/www.gaveanews.com\/wp-content\/uploads\/2019\/03\/Escudo-do-Flamengo-e-exposto-proximo-a-um-dos-gols-no-gramado-do-Maracana.webp\",\"contentUrl\":\"https:\/\/www.gaveanews.com\/wp-content\/uploads\/2019\/03\/Escudo-do-Flamengo-e-exposto-proximo-a-um-dos-gols-no-gramado-do-Maracana.webp\",\"caption\":\"Escudo do Flamengo \u00e9 exposto pr\u00f3ximo a um dos gols, no gramado do Maracan\u00e3 (Foto: Daniel Castelo Branco)\"},{\"@type\":\"BreadcrumbList\",\"@id\":\"https:\/\/www.gaveanews.com\/index.php\/2020\/11\/06\/carvalhal-explica-a-recusa-ao-flamengo-e-revela-me-chamaram-de-louco\/#breadcrumb\",\"itemListElement\":[{\"@type\":\"ListItem\",\"position\":1,\"name\":\"Home\",\"item\":\"https:\/\/www.gaveanews.com\/\"},{\"@type\":\"ListItem\",\"position\":2,\"name\":\"Carvalhal explica a recusa ao Flamengo e revela: \u201cMe chamaram de louco\u201d\"}]},{\"@type\":\"WebSite\",\"@id\":\"https:\/\/www.gaveanews.com\/#website\",\"url\":\"https:\/\/www.gaveanews.com\/\",\"name\":\"G\u00e1vea News\",\"description\":\"Veja todas as not\u00edcias sobre o Flamengo: Contrata\u00e7\u00f5es, categorias de base, resultados das partidas, tabela de classifica\u00e7\u00e3o, pr\u00f3ximos jogos!\",\"potentialAction\":[{\"@type\":\"SearchAction\",\"target\":{\"@type\":\"EntryPoint\",\"urlTemplate\":\"https:\/\/www.gaveanews.com\/?s={search_term_string}\"},\"query-input\":{\"@type\":\"PropertyValueSpecification\",\"valueRequired\":true,\"valueName\":\"search_term_string\"}}],\"inLanguage\":\"pt-BR\"},{\"@type\":\"Person\",\"@id\":\"https:\/\/www.gaveanews.com\/#\/schema\/person\/2ec14f73fb96be2caf28f91afb14749d\",\"name\":\"Equipe G\u00e1vea News\",\"image\":{\"@type\":\"ImageObject\",\"inLanguage\":\"pt-BR\",\"@id\":\"https:\/\/www.gaveanews.com\/#\/schema\/person\/image\/\",\"url\":\"https:\/\/secure.gravatar.com\/avatar\/1e1956f1facbffd3f8fa53a326721950116b3b9dc9bd44939c01180fd4a745a9?s=96&d=mm&r=g\",\"contentUrl\":\"https:\/\/secure.gravatar.com\/avatar\/1e1956f1facbffd3f8fa53a326721950116b3b9dc9bd44939c01180fd4a745a9?s=96&d=mm&r=g\",\"caption\":\"Equipe G\u00e1vea News\"}}]}<\/script>\n<!-- \/ Yoast SEO Premium plugin. -->","yoast_head_json":{"title":"Carvalhal explica a recusa ao Flamengo e revela: \u201cMe chamaram de louco\u201d","robots":{"index":"index","follow":"follow","max-snippet":"max-snippet:-1","max-image-preview":"max-image-preview:large","max-video-preview":"max-video-preview:-1"},"canonical":"https:\/\/www.gaveanews.com\/index.php\/2020\/11\/06\/carvalhal-explica-a-recusa-ao-flamengo-e-revela-me-chamaram-de-louco\/","og_locale":"pt_BR","og_type":"article","og_title":"Carvalhal explica a recusa ao Flamengo e revela: \u201cMe chamaram de louco\u201d","og_description":"Ap\u00f3s a sa\u00edda de Jorge Jesus, v\u00e1rios treinadores estrangeiros foram procurados pelo Flamengo antes do acerto com Dom\u00e8nec Torrent. Um deles foi o portugu\u00eas Carlos Carvalhal, que acabou recusando a oferta rubro-negra. Em entrevista ao jornal ingl\u00eas The Times, Carvalhal explicou que teve uma \u00f3tima proposta do Flamengo, mas que n\u00e3o p\u00f4de aceitar por motivos [&hellip;]","og_url":"https:\/\/www.gaveanews.com\/index.php\/2020\/11\/06\/carvalhal-explica-a-recusa-ao-flamengo-e-revela-me-chamaram-de-louco\/","og_site_name":"G\u00e1vea News","article_publisher":"https:\/\/facebook.com\/gaveaNews\/","article_published_time":"2020-11-06T13:35:29+00:00","article_modified_time":"2020-11-06T13:35:32+00:00","og_image":[{"url":"https:\/\/www.gaveanews.com\/wp-content\/uploads\/2019\/03\/Escudo-do-Flamengo-e-exposto-proximo-a-um-dos-gols-no-gramado-do-Maracana.webp","width":1,"height":1,"type":"image\/jpeg"}],"author":"Equipe G\u00e1vea News","twitter_card":"summary_large_image","twitter_misc":{"Escrito por":"Equipe G\u00e1vea News","Est. tempo de leitura":"1 minuto"},"schema":{"@context":"https:\/\/schema.org","@graph":[{"@type":"NewsArticle","@id":"https:\/\/www.gaveanews.com\/index.php\/2020\/11\/06\/carvalhal-explica-a-recusa-ao-flamengo-e-revela-me-chamaram-de-louco\/#article","isPartOf":{"@id":"https:\/\/www.gaveanews.com\/index.php\/2020\/11\/06\/carvalhal-explica-a-recusa-ao-flamengo-e-revela-me-chamaram-de-louco\/"},"author":{"name":"Equipe G\u00e1vea News","@id":"https:\/\/www.gaveanews.com\/#\/schema\/person\/2ec14f73fb96be2caf28f91afb14749d"},"headline":"Carvalhal explica a recusa ao Flamengo e revela: \u201cMe chamaram de louco\u201d","datePublished":"2020-11-06T13:35:29+00:00","dateModified":"2020-11-06T13:35:32+00:00","mainEntityOfPage":{"@id":"https:\/\/www.gaveanews.com\/index.php\/2020\/11\/06\/carvalhal-explica-a-recusa-ao-flamengo-e-revela-me-chamaram-de-louco\/"},"wordCount":241,"commentCount":22,"image":{"@id":"https:\/\/www.gaveanews.com\/index.php\/2020\/11\/06\/carvalhal-explica-a-recusa-ao-flamengo-e-revela-me-chamaram-de-louco\/#primaryimage"},"thumbnailUrl":"https:\/\/www.gaveanews.com\/wp-content\/uploads\/2019\/03\/Escudo-do-Flamengo-e-exposto-proximo-a-um-dos-gols-no-gramado-do-Maracana.webp","articleSection":["Flamengo"],"inLanguage":"pt-BR","potentialAction":[{"@type":"CommentAction","name":"Comment","target":["https:\/\/www.gaveanews.com\/index.php\/2020\/11\/06\/carvalhal-explica-a-recusa-ao-flamengo-e-revela-me-chamaram-de-louco\/#respond"]}],"copyrightYear":"2020","copyrightHolder":{"@id":"https:\/\/www.gaveanews.com\/#organization"}},{"@type":"WebPage","@id":"https:\/\/www.gaveanews.com\/index.php\/2020\/11\/06\/carvalhal-explica-a-recusa-ao-flamengo-e-revela-me-chamaram-de-louco\/","url":"https:\/\/www.gaveanews.com\/index.php\/2020\/11\/06\/carvalhal-explica-a-recusa-ao-flamengo-e-revela-me-chamaram-de-louco\/","name":"Carvalhal explica a recusa ao Flamengo e revela: \u201cMe chamaram de louco\u201d","isPartOf":{"@id":"https:\/\/www.gaveanews.com\/#website"},"primaryImageOfPage":{"@id":"https:\/\/www.gaveanews.com\/index.php\/2020\/11\/06\/carvalhal-explica-a-recusa-ao-flamengo-e-revela-me-chamaram-de-louco\/#primaryimage"},"image":{"@id":"https:\/\/www.gaveanews.com\/index.php\/2020\/11\/06\/carvalhal-explica-a-recusa-ao-flamengo-e-revela-me-chamaram-de-louco\/#primaryimage"},"thumbnailUrl":"https:\/\/www.gaveanews.com\/wp-content\/uploads\/2019\/03\/Escudo-do-Flamengo-e-exposto-proximo-a-um-dos-gols-no-gramado-do-Maracana.webp","datePublished":"2020-11-06T13:35:29+00:00","dateModified":"2020-11-06T13:35:32+00:00","author":{"@id":"https:\/\/www.gaveanews.com\/#\/schema\/person\/2ec14f73fb96be2caf28f91afb14749d"},"breadcrumb":{"@id":"https:\/\/www.gaveanews.com\/index.php\/2020\/11\/06\/carvalhal-explica-a-recusa-ao-flamengo-e-revela-me-chamaram-de-louco\/#breadcrumb"},"inLanguage":"pt-BR","potentialAction":[{"@type":"ReadAction","target":["https:\/\/www.gaveanews.com\/index.php\/2020\/11\/06\/carvalhal-explica-a-recusa-ao-flamengo-e-revela-me-chamaram-de-louco\/"]}]},{"@type":"ImageObject","inLanguage":"pt-BR","@id":"https:\/\/www.gaveanews.com\/index.php\/2020\/11\/06\/carvalhal-explica-a-recusa-ao-flamengo-e-revela-me-chamaram-de-louco\/#primaryimage","url":"https:\/\/www.gaveanews.com\/wp-content\/uploads\/2019\/03\/Escudo-do-Flamengo-e-exposto-proximo-a-um-dos-gols-no-gramado-do-Maracana.webp","contentUrl":"https:\/\/www.gaveanews.com\/wp-content\/uploads\/2019\/03\/Escudo-do-Flamengo-e-exposto-proximo-a-um-dos-gols-no-gramado-do-Maracana.webp","caption":"Escudo do Flamengo \u00e9 exposto pr\u00f3ximo a um dos gols, no gramado do Maracan\u00e3 (Foto: Daniel Castelo Branco)"},{"@type":"BreadcrumbList","@id":"https:\/\/www.gaveanews.com\/index.php\/2020\/11\/06\/carvalhal-explica-a-recusa-ao-flamengo-e-revela-me-chamaram-de-louco\/#breadcrumb","itemListElement":[{"@type":"ListItem","position":1,"name":"Home","item":"https:\/\/www.gaveanews.com\/"},{"@type":"ListItem","position":2,"name":"Carvalhal explica a recusa ao Flamengo e revela: \u201cMe chamaram de louco\u201d"}]},{"@type":"WebSite","@id":"https:\/\/www.gaveanews.com\/#website","url":"https:\/\/www.gaveanews.com\/","name":"G\u00e1vea News","description":"Veja todas as not\u00edcias sobre o Flamengo: Contrata\u00e7\u00f5es, categorias de base, resultados das partidas, tabela de classifica\u00e7\u00e3o, pr\u00f3ximos jogos!","potentialAction":[{"@type":"SearchAction","target":{"@type":"EntryPoint","urlTemplate":"https:\/\/www.gaveanews.com\/?s={search_term_string}"},"query-input":{"@type":"PropertyValueSpecification","valueRequired":true,"valueName":"search_term_string"}}],"inLanguage":"pt-BR"},{"@type":"Person","@id":"https:\/\/www.gaveanews.com\/#\/schema\/person\/2ec14f73fb96be2caf28f91afb14749d","name":"Equipe G\u00e1vea News","image":{"@type":"ImageObject","inLanguage":"pt-BR","@id":"https:\/\/www.gaveanews.com\/#\/schema\/person\/image\/","url":"https:\/\/secure.gravatar.com\/avatar\/1e1956f1facbffd3f8fa53a326721950116b3b9dc9bd44939c01180fd4a745a9?s=96&d=mm&r=g","contentUrl":"https:\/\/secure.gravatar.com\/avatar\/1e1956f1facbffd3f8fa53a326721950116b3b9dc9bd44939c01180fd4a745a9?s=96&d=mm&r=g","caption":"Equipe G\u00e1vea News"}}]}},"_links":{"self":[{"href":"https:\/\/www.gaveanews.com\/index.php\/wp-json\/wp\/v2\/posts\/50926","targetHints":{"allow":["GET"]}}],"collection":[{"href":"https:\/\/www.gaveanews.com\/index.php\/wp-json\/wp\/v2\/posts"}],"about":[{"href":"https:\/\/www.gaveanews.com\/index.php\/wp-json\/wp\/v2\/types\/post"}],"author":[{"embeddable":true,"href":"https:\/\/www.gaveanews.com\/index.php\/wp-json\/wp\/v2\/users\/1"}],"replies":[{"embeddable":true,"href":"https:\/\/www.gaveanews.com\/index.php\/wp-json\/wp\/v2\/comments?post=50926"}],"version-history":[{"count":0,"href":"https:\/\/www.gaveanews.com\/index.php\/wp-json\/wp\/v2\/posts\/50926\/revisions"}],"wp:featuredmedia":[{"embeddable":true,"href":"https:\/\/www.gaveanews.com\/index.php\/wp-json\/wp\/v2\/media\/15081"}],"wp:attachment":[{"href":"https:\/\/www.gaveanews.com\/index.php\/wp-json\/wp\/v2\/media?parent=50926"}],"wp:term":[{"taxonomy":"category","embeddable":true,"href":"https:\/\/www.gaveanews.com\/index.php\/wp-json\/wp\/v2\/categories?post=50926"},{"taxonomy":"post_tag","embeddable":true,"href":"https:\/\/www.gaveanews.com\/index.php\/wp-json\/wp\/v2\/tags?post=50926"}],"curies":[{"name":"wp","href":"https:\/\/api.w.org\/{rel}","templated":true}]}}