{"id":51053,"date":"2020-11-08T06:57:12","date_gmt":"2020-11-08T09:57:12","guid":{"rendered":"https:\/\/www.gaveanews.com\/?p=51053"},"modified":"2020-11-08T06:57:15","modified_gmt":"2020-11-08T09:57:15","slug":"zico-fala-sobre-saida-de-jorge-jesus-e-garante-flamengo-e-muito-mais-time-que-o-benfica","status":"publish","type":"post","link":"https:\/\/www.gaveanews.com\/index.php\/2020\/11\/08\/zico-fala-sobre-saida-de-jorge-jesus-e-garante-flamengo-e-muito-mais-time-que-o-benfica\/","title":{"rendered":"Zico fala sobre sa\u00edda de Jorge Jesus e garante: &#8216;Flamengo \u00e9 muito mais time que o Benfica&#8217;"},"content":{"rendered":"\n<p>O programa &#8216;Aqui com Benja&#8217; deste final de semana recebeu ningu\u00e9m menos que o maior \u00eddolo da hist\u00f3ria do Flamengo! Zico falou bastante sobre o momento do clube, analisou a sa\u00edda de Jorge Jesus e foi enf\u00e1tico: n\u00e3o faria o mesmo que o treinador portugu\u00eas porque acha o time rubro-negro muito superior ao Benfica.<\/p>\n\n\n\n<p>\u201cEu acho que o problema maior n\u00e3o foi a quest\u00e3o de futebol, foi mais uma quest\u00e3o pessoal. E a\u00ed cada um resolve o seu, cada um sabe o problema que tem. Mas em termos de time, a meu ver, o Flamengo \u00e9 muito mais time. E j\u00e1 est\u00e1 montando, com jogadores executando tudo aquilo de cor de salteado. Ent\u00e3o, sem d\u00favidas: falando s\u00f3 pela bola, eu n\u00e3o trocaria mesmo!\u201d, disse, sem titubear.<\/p>\n\n\n\n<p>Jorge Jesus deixou o Flamengo em julho \u2013 e saiu com mais t\u00edtulos do que derrotas no time rubro-negro. Decidiu voltar para Portugal e ficar mais perto de sua fam\u00edlia. Com o Benfica, por\u00e9m, vai tendo altos e baixos. Foi eliminado ainda na fase pr\u00e9via da Champions League e perdeu a lideran\u00e7a do Campeonato Portugu\u00eas na \u00faltima rodada.<\/p>\n\n\n\n<p>Se n\u00e3o concordou com a sa\u00edda de Jesus, Zico aprovou a decis\u00e3o do Flamengo em buscar um treinador estrangeiro para o cargo deixado vago. E n\u00e3o por falta de compet\u00eancia dos treinadores brasileiros, mas sim pensando na press\u00e3o que um profissional do pa\u00eds sofreria.<\/p>\n\n\n\n<p>\u201cA cobran\u00e7a seria muito maior se fosse um brasileiro. E a\u00ed iam ter muito mais compara\u00e7\u00f5es do que est\u00e1 tendo agora com o Dome. N\u00e3o seria bom para qualquer treinador brasileiro. Poderia ser um trabalho mais f\u00e1cil, por encontrar a situa\u00e7\u00e3o toda montada, mas n\u00e3o sei se teria paci\u00eancia. Qualquer imprevisto, qualquer resultado ruim, qualquer mudan\u00e7a que fosse feita\u2026 Seria muito ruim para qualquer treinador brasileiro\u201d, diz Zico.<\/p>\n\n\n\n<p>O espanhol Domen\u00e8c Torrent, contratado para o lugar de Jesus, n\u00e3o chega a ser uma unanimidade no momento, mas se classificou para as oitavas da Libertadores, est\u00e1 nas quartas da Copa do Brasil e divide a lideran\u00e7a do Brasileir\u00e3o com o Internacional.<\/p>\n\n\n\n<p>Retirado de: ESPN<\/p>\n","protected":false},"excerpt":{"rendered":"<p>O programa &#8216;Aqui com Benja&#8217; deste final de semana recebeu ningu\u00e9m menos que o maior \u00eddolo da hist\u00f3ria do Flamengo! Zico falou bastante sobre o momento do clube, analisou a sa\u00edda de Jorge Jesus e foi enf\u00e1tico: n\u00e3o faria o mesmo que o treinador portugu\u00eas porque acha o time rubro-negro muito superior ao Benfica. \u201cEu [&hellip;]<\/p>\n","protected":false},"author":1,"featured_media":15070,"comment_status":"open","ping_status":"closed","sticky":false,"template":"","format":"standard","meta":{"footnotes":""},"categories":[1],"tags":[],"class_list":["post-51053","post","type-post","status-publish","format-standard","has-post-thumbnail","hentry","category-flamengo"],"yoast_head":"<!-- This site is optimized with the Yoast SEO Premium plugin v24.2 (Yoast SEO v26.9) - https:\/\/yoast.com\/product\/yoast-seo-premium-wordpress\/ -->\n<title>Zico fala sobre sa\u00edda de Jorge Jesus e garante: &#039;Flamengo \u00e9 muito mais time que o Benfica&#039;<\/title>\n<meta name=\"description\" content=\"O programa &#039;Aqui com Benja&#039; deste final de semana recebeu ningu\u00e9m menos que o maior \u00eddolo da hist\u00f3ria do Flamengo.\" \/>\n<meta name=\"robots\" content=\"index, follow, max-snippet:-1, max-image-preview:large, max-video-preview:-1\" \/>\n<link rel=\"canonical\" href=\"https:\/\/www.gaveanews.com\/index.php\/2020\/11\/08\/zico-fala-sobre-saida-de-jorge-jesus-e-garante-flamengo-e-muito-mais-time-que-o-benfica\/\" \/>\n<meta property=\"og:locale\" content=\"pt_BR\" \/>\n<meta property=\"og:type\" content=\"article\" \/>\n<meta property=\"og:title\" content=\"Zico fala sobre sa\u00edda de Jorge Jesus e garante: &#039;Flamengo \u00e9 muito mais time que o Benfica&#039;\" \/>\n<meta property=\"og:description\" content=\"O programa &#039;Aqui com Benja&#039; deste final de semana recebeu ningu\u00e9m menos que o maior \u00eddolo da hist\u00f3ria do Flamengo.\" \/>\n<meta property=\"og:url\" content=\"https:\/\/www.gaveanews.com\/index.php\/2020\/11\/08\/zico-fala-sobre-saida-de-jorge-jesus-e-garante-flamengo-e-muito-mais-time-que-o-benfica\/\" \/>\n<meta property=\"og:site_name\" content=\"G\u00e1vea News\" \/>\n<meta property=\"article:publisher\" content=\"https:\/\/facebook.com\/gaveaNews\/\" \/>\n<meta property=\"article:published_time\" content=\"2020-11-08T09:57:12+00:00\" \/>\n<meta property=\"article:modified_time\" content=\"2020-11-08T09:57:15+00:00\" \/>\n<meta property=\"og:image\" content=\"https:\/\/www.gaveanews.com\/wp-content\/uploads\/2019\/03\/Zico-acena-para-os-torcedores-do-Flamengo-durante-partida-no-Maracana.webp\" \/>\n\t<meta property=\"og:image:width\" content=\"1\" \/>\n\t<meta property=\"og:image:height\" content=\"1\" \/>\n\t<meta property=\"og:image:type\" content=\"image\/jpeg\" \/>\n<meta name=\"author\" content=\"Equipe G\u00e1vea News\" \/>\n<meta name=\"twitter:card\" content=\"summary_large_image\" \/>\n<meta name=\"twitter:label1\" content=\"Escrito por\" \/>\n\t<meta name=\"twitter:data1\" content=\"Equipe G\u00e1vea News\" \/>\n\t<meta name=\"twitter:label2\" content=\"Est. tempo de leitura\" \/>\n\t<meta name=\"twitter:data2\" content=\"2 minutos\" \/>\n<script type=\"application\/ld+json\" class=\"yoast-schema-graph\">{\"@context\":\"https:\/\/schema.org\",\"@graph\":[{\"@type\":\"NewsArticle\",\"@id\":\"https:\/\/www.gaveanews.com\/index.php\/2020\/11\/08\/zico-fala-sobre-saida-de-jorge-jesus-e-garante-flamengo-e-muito-mais-time-que-o-benfica\/#article\",\"isPartOf\":{\"@id\":\"https:\/\/www.gaveanews.com\/index.php\/2020\/11\/08\/zico-fala-sobre-saida-de-jorge-jesus-e-garante-flamengo-e-muito-mais-time-que-o-benfica\/\"},\"author\":{\"name\":\"Equipe G\u00e1vea News\",\"@id\":\"https:\/\/www.gaveanews.com\/#\/schema\/person\/2ec14f73fb96be2caf28f91afb14749d\"},\"headline\":\"Zico fala sobre sa\u00edda de Jorge Jesus e garante: &#8216;Flamengo \u00e9 muito mais time que o Benfica&#8217;\",\"datePublished\":\"2020-11-08T09:57:12+00:00\",\"dateModified\":\"2020-11-08T09:57:15+00:00\",\"mainEntityOfPage\":{\"@id\":\"https:\/\/www.gaveanews.com\/index.php\/2020\/11\/08\/zico-fala-sobre-saida-de-jorge-jesus-e-garante-flamengo-e-muito-mais-time-que-o-benfica\/\"},\"wordCount\":393,\"commentCount\":19,\"image\":{\"@id\":\"https:\/\/www.gaveanews.com\/index.php\/2020\/11\/08\/zico-fala-sobre-saida-de-jorge-jesus-e-garante-flamengo-e-muito-mais-time-que-o-benfica\/#primaryimage\"},\"thumbnailUrl\":\"https:\/\/www.gaveanews.com\/wp-content\/uploads\/2019\/03\/Zico-acena-para-os-torcedores-do-Flamengo-durante-partida-no-Maracana.webp\",\"articleSection\":[\"Flamengo\"],\"inLanguage\":\"pt-BR\",\"potentialAction\":[{\"@type\":\"CommentAction\",\"name\":\"Comment\",\"target\":[\"https:\/\/www.gaveanews.com\/index.php\/2020\/11\/08\/zico-fala-sobre-saida-de-jorge-jesus-e-garante-flamengo-e-muito-mais-time-que-o-benfica\/#respond\"]}],\"copyrightYear\":\"2020\",\"copyrightHolder\":{\"@id\":\"https:\/\/www.gaveanews.com\/#organization\"}},{\"@type\":\"WebPage\",\"@id\":\"https:\/\/www.gaveanews.com\/index.php\/2020\/11\/08\/zico-fala-sobre-saida-de-jorge-jesus-e-garante-flamengo-e-muito-mais-time-que-o-benfica\/\",\"url\":\"https:\/\/www.gaveanews.com\/index.php\/2020\/11\/08\/zico-fala-sobre-saida-de-jorge-jesus-e-garante-flamengo-e-muito-mais-time-que-o-benfica\/\",\"name\":\"Zico fala sobre sa\u00edda de Jorge Jesus e garante: 'Flamengo \u00e9 muito mais time que o Benfica'\",\"isPartOf\":{\"@id\":\"https:\/\/www.gaveanews.com\/#website\"},\"primaryImageOfPage\":{\"@id\":\"https:\/\/www.gaveanews.com\/index.php\/2020\/11\/08\/zico-fala-sobre-saida-de-jorge-jesus-e-garante-flamengo-e-muito-mais-time-que-o-benfica\/#primaryimage\"},\"image\":{\"@id\":\"https:\/\/www.gaveanews.com\/index.php\/2020\/11\/08\/zico-fala-sobre-saida-de-jorge-jesus-e-garante-flamengo-e-muito-mais-time-que-o-benfica\/#primaryimage\"},\"thumbnailUrl\":\"https:\/\/www.gaveanews.com\/wp-content\/uploads\/2019\/03\/Zico-acena-para-os-torcedores-do-Flamengo-durante-partida-no-Maracana.webp\",\"datePublished\":\"2020-11-08T09:57:12+00:00\",\"dateModified\":\"2020-11-08T09:57:15+00:00\",\"author\":{\"@id\":\"https:\/\/www.gaveanews.com\/#\/schema\/person\/2ec14f73fb96be2caf28f91afb14749d\"},\"description\":\"O programa 'Aqui com Benja' deste final de semana recebeu ningu\u00e9m menos que o maior \u00eddolo da hist\u00f3ria do Flamengo.\",\"breadcrumb\":{\"@id\":\"https:\/\/www.gaveanews.com\/index.php\/2020\/11\/08\/zico-fala-sobre-saida-de-jorge-jesus-e-garante-flamengo-e-muito-mais-time-que-o-benfica\/#breadcrumb\"},\"inLanguage\":\"pt-BR\",\"potentialAction\":[{\"@type\":\"ReadAction\",\"target\":[\"https:\/\/www.gaveanews.com\/index.php\/2020\/11\/08\/zico-fala-sobre-saida-de-jorge-jesus-e-garante-flamengo-e-muito-mais-time-que-o-benfica\/\"]}]},{\"@type\":\"ImageObject\",\"inLanguage\":\"pt-BR\",\"@id\":\"https:\/\/www.gaveanews.com\/index.php\/2020\/11\/08\/zico-fala-sobre-saida-de-jorge-jesus-e-garante-flamengo-e-muito-mais-time-que-o-benfica\/#primaryimage\",\"url\":\"https:\/\/www.gaveanews.com\/wp-content\/uploads\/2019\/03\/Zico-acena-para-os-torcedores-do-Flamengo-durante-partida-no-Maracana.webp\",\"contentUrl\":\"https:\/\/www.gaveanews.com\/wp-content\/uploads\/2019\/03\/Zico-acena-para-os-torcedores-do-Flamengo-durante-partida-no-Maracana.webp\",\"width\":900,\"height\":600,\"caption\":\"Zico acena para os torcedores do Flamengo, durante partida no Maracan\u00e3 (Foto: Alexandre Vidal\/Flamengo)\"},{\"@type\":\"BreadcrumbList\",\"@id\":\"https:\/\/www.gaveanews.com\/index.php\/2020\/11\/08\/zico-fala-sobre-saida-de-jorge-jesus-e-garante-flamengo-e-muito-mais-time-que-o-benfica\/#breadcrumb\",\"itemListElement\":[{\"@type\":\"ListItem\",\"position\":1,\"name\":\"Home\",\"item\":\"https:\/\/www.gaveanews.com\/\"},{\"@type\":\"ListItem\",\"position\":2,\"name\":\"Zico fala sobre sa\u00edda de Jorge Jesus e garante: &#8216;Flamengo \u00e9 muito mais time que o Benfica&#8217;\"}]},{\"@type\":\"WebSite\",\"@id\":\"https:\/\/www.gaveanews.com\/#website\",\"url\":\"https:\/\/www.gaveanews.com\/\",\"name\":\"G\u00e1vea News\",\"description\":\"Veja todas as not\u00edcias sobre o Flamengo: Contrata\u00e7\u00f5es, categorias de base, resultados das partidas, tabela de classifica\u00e7\u00e3o, pr\u00f3ximos jogos!\",\"potentialAction\":[{\"@type\":\"SearchAction\",\"target\":{\"@type\":\"EntryPoint\",\"urlTemplate\":\"https:\/\/www.gaveanews.com\/?s={search_term_string}\"},\"query-input\":{\"@type\":\"PropertyValueSpecification\",\"valueRequired\":true,\"valueName\":\"search_term_string\"}}],\"inLanguage\":\"pt-BR\"},{\"@type\":\"Person\",\"@id\":\"https:\/\/www.gaveanews.com\/#\/schema\/person\/2ec14f73fb96be2caf28f91afb14749d\",\"name\":\"Equipe G\u00e1vea News\",\"image\":{\"@type\":\"ImageObject\",\"inLanguage\":\"pt-BR\",\"@id\":\"https:\/\/www.gaveanews.com\/#\/schema\/person\/image\/\",\"url\":\"https:\/\/secure.gravatar.com\/avatar\/1e1956f1facbffd3f8fa53a326721950116b3b9dc9bd44939c01180fd4a745a9?s=96&d=mm&r=g\",\"contentUrl\":\"https:\/\/secure.gravatar.com\/avatar\/1e1956f1facbffd3f8fa53a326721950116b3b9dc9bd44939c01180fd4a745a9?s=96&d=mm&r=g\",\"caption\":\"Equipe G\u00e1vea News\"}}]}<\/script>\n<!-- \/ Yoast SEO Premium plugin. -->","yoast_head_json":{"title":"Zico fala sobre sa\u00edda de Jorge Jesus e garante: 'Flamengo \u00e9 muito mais time que o Benfica'","description":"O programa 'Aqui com Benja' deste final de semana recebeu ningu\u00e9m menos que o maior \u00eddolo da hist\u00f3ria do Flamengo.","robots":{"index":"index","follow":"follow","max-snippet":"max-snippet:-1","max-image-preview":"max-image-preview:large","max-video-preview":"max-video-preview:-1"},"canonical":"https:\/\/www.gaveanews.com\/index.php\/2020\/11\/08\/zico-fala-sobre-saida-de-jorge-jesus-e-garante-flamengo-e-muito-mais-time-que-o-benfica\/","og_locale":"pt_BR","og_type":"article","og_title":"Zico fala sobre sa\u00edda de Jorge Jesus e garante: 'Flamengo \u00e9 muito mais time que o Benfica'","og_description":"O programa 'Aqui com Benja' deste final de semana recebeu ningu\u00e9m menos que o maior \u00eddolo da hist\u00f3ria do Flamengo.","og_url":"https:\/\/www.gaveanews.com\/index.php\/2020\/11\/08\/zico-fala-sobre-saida-de-jorge-jesus-e-garante-flamengo-e-muito-mais-time-que-o-benfica\/","og_site_name":"G\u00e1vea News","article_publisher":"https:\/\/facebook.com\/gaveaNews\/","article_published_time":"2020-11-08T09:57:12+00:00","article_modified_time":"2020-11-08T09:57:15+00:00","og_image":[{"url":"https:\/\/www.gaveanews.com\/wp-content\/uploads\/2019\/03\/Zico-acena-para-os-torcedores-do-Flamengo-durante-partida-no-Maracana.webp","width":1,"height":1,"type":"image\/jpeg"}],"author":"Equipe G\u00e1vea News","twitter_card":"summary_large_image","twitter_misc":{"Escrito por":"Equipe G\u00e1vea News","Est. tempo de leitura":"2 minutos"},"schema":{"@context":"https:\/\/schema.org","@graph":[{"@type":"NewsArticle","@id":"https:\/\/www.gaveanews.com\/index.php\/2020\/11\/08\/zico-fala-sobre-saida-de-jorge-jesus-e-garante-flamengo-e-muito-mais-time-que-o-benfica\/#article","isPartOf":{"@id":"https:\/\/www.gaveanews.com\/index.php\/2020\/11\/08\/zico-fala-sobre-saida-de-jorge-jesus-e-garante-flamengo-e-muito-mais-time-que-o-benfica\/"},"author":{"name":"Equipe G\u00e1vea News","@id":"https:\/\/www.gaveanews.com\/#\/schema\/person\/2ec14f73fb96be2caf28f91afb14749d"},"headline":"Zico fala sobre sa\u00edda de Jorge Jesus e garante: &#8216;Flamengo \u00e9 muito mais time que o Benfica&#8217;","datePublished":"2020-11-08T09:57:12+00:00","dateModified":"2020-11-08T09:57:15+00:00","mainEntityOfPage":{"@id":"https:\/\/www.gaveanews.com\/index.php\/2020\/11\/08\/zico-fala-sobre-saida-de-jorge-jesus-e-garante-flamengo-e-muito-mais-time-que-o-benfica\/"},"wordCount":393,"commentCount":19,"image":{"@id":"https:\/\/www.gaveanews.com\/index.php\/2020\/11\/08\/zico-fala-sobre-saida-de-jorge-jesus-e-garante-flamengo-e-muito-mais-time-que-o-benfica\/#primaryimage"},"thumbnailUrl":"https:\/\/www.gaveanews.com\/wp-content\/uploads\/2019\/03\/Zico-acena-para-os-torcedores-do-Flamengo-durante-partida-no-Maracana.webp","articleSection":["Flamengo"],"inLanguage":"pt-BR","potentialAction":[{"@type":"CommentAction","name":"Comment","target":["https:\/\/www.gaveanews.com\/index.php\/2020\/11\/08\/zico-fala-sobre-saida-de-jorge-jesus-e-garante-flamengo-e-muito-mais-time-que-o-benfica\/#respond"]}],"copyrightYear":"2020","copyrightHolder":{"@id":"https:\/\/www.gaveanews.com\/#organization"}},{"@type":"WebPage","@id":"https:\/\/www.gaveanews.com\/index.php\/2020\/11\/08\/zico-fala-sobre-saida-de-jorge-jesus-e-garante-flamengo-e-muito-mais-time-que-o-benfica\/","url":"https:\/\/www.gaveanews.com\/index.php\/2020\/11\/08\/zico-fala-sobre-saida-de-jorge-jesus-e-garante-flamengo-e-muito-mais-time-que-o-benfica\/","name":"Zico fala sobre sa\u00edda de Jorge Jesus e garante: 'Flamengo \u00e9 muito mais time que o Benfica'","isPartOf":{"@id":"https:\/\/www.gaveanews.com\/#website"},"primaryImageOfPage":{"@id":"https:\/\/www.gaveanews.com\/index.php\/2020\/11\/08\/zico-fala-sobre-saida-de-jorge-jesus-e-garante-flamengo-e-muito-mais-time-que-o-benfica\/#primaryimage"},"image":{"@id":"https:\/\/www.gaveanews.com\/index.php\/2020\/11\/08\/zico-fala-sobre-saida-de-jorge-jesus-e-garante-flamengo-e-muito-mais-time-que-o-benfica\/#primaryimage"},"thumbnailUrl":"https:\/\/www.gaveanews.com\/wp-content\/uploads\/2019\/03\/Zico-acena-para-os-torcedores-do-Flamengo-durante-partida-no-Maracana.webp","datePublished":"2020-11-08T09:57:12+00:00","dateModified":"2020-11-08T09:57:15+00:00","author":{"@id":"https:\/\/www.gaveanews.com\/#\/schema\/person\/2ec14f73fb96be2caf28f91afb14749d"},"description":"O programa 'Aqui com Benja' deste final de semana recebeu ningu\u00e9m menos que o maior \u00eddolo da hist\u00f3ria do Flamengo.","breadcrumb":{"@id":"https:\/\/www.gaveanews.com\/index.php\/2020\/11\/08\/zico-fala-sobre-saida-de-jorge-jesus-e-garante-flamengo-e-muito-mais-time-que-o-benfica\/#breadcrumb"},"inLanguage":"pt-BR","potentialAction":[{"@type":"ReadAction","target":["https:\/\/www.gaveanews.com\/index.php\/2020\/11\/08\/zico-fala-sobre-saida-de-jorge-jesus-e-garante-flamengo-e-muito-mais-time-que-o-benfica\/"]}]},{"@type":"ImageObject","inLanguage":"pt-BR","@id":"https:\/\/www.gaveanews.com\/index.php\/2020\/11\/08\/zico-fala-sobre-saida-de-jorge-jesus-e-garante-flamengo-e-muito-mais-time-que-o-benfica\/#primaryimage","url":"https:\/\/www.gaveanews.com\/wp-content\/uploads\/2019\/03\/Zico-acena-para-os-torcedores-do-Flamengo-durante-partida-no-Maracana.webp","contentUrl":"https:\/\/www.gaveanews.com\/wp-content\/uploads\/2019\/03\/Zico-acena-para-os-torcedores-do-Flamengo-durante-partida-no-Maracana.webp","width":900,"height":600,"caption":"Zico acena para os torcedores do Flamengo, durante partida no Maracan\u00e3 (Foto: Alexandre Vidal\/Flamengo)"},{"@type":"BreadcrumbList","@id":"https:\/\/www.gaveanews.com\/index.php\/2020\/11\/08\/zico-fala-sobre-saida-de-jorge-jesus-e-garante-flamengo-e-muito-mais-time-que-o-benfica\/#breadcrumb","itemListElement":[{"@type":"ListItem","position":1,"name":"Home","item":"https:\/\/www.gaveanews.com\/"},{"@type":"ListItem","position":2,"name":"Zico fala sobre sa\u00edda de Jorge Jesus e garante: &#8216;Flamengo \u00e9 muito mais time que o Benfica&#8217;"}]},{"@type":"WebSite","@id":"https:\/\/www.gaveanews.com\/#website","url":"https:\/\/www.gaveanews.com\/","name":"G\u00e1vea News","description":"Veja todas as not\u00edcias sobre o Flamengo: Contrata\u00e7\u00f5es, categorias de base, resultados das partidas, tabela de classifica\u00e7\u00e3o, pr\u00f3ximos jogos!","potentialAction":[{"@type":"SearchAction","target":{"@type":"EntryPoint","urlTemplate":"https:\/\/www.gaveanews.com\/?s={search_term_string}"},"query-input":{"@type":"PropertyValueSpecification","valueRequired":true,"valueName":"search_term_string"}}],"inLanguage":"pt-BR"},{"@type":"Person","@id":"https:\/\/www.gaveanews.com\/#\/schema\/person\/2ec14f73fb96be2caf28f91afb14749d","name":"Equipe G\u00e1vea News","image":{"@type":"ImageObject","inLanguage":"pt-BR","@id":"https:\/\/www.gaveanews.com\/#\/schema\/person\/image\/","url":"https:\/\/secure.gravatar.com\/avatar\/1e1956f1facbffd3f8fa53a326721950116b3b9dc9bd44939c01180fd4a745a9?s=96&d=mm&r=g","contentUrl":"https:\/\/secure.gravatar.com\/avatar\/1e1956f1facbffd3f8fa53a326721950116b3b9dc9bd44939c01180fd4a745a9?s=96&d=mm&r=g","caption":"Equipe G\u00e1vea News"}}]}},"_links":{"self":[{"href":"https:\/\/www.gaveanews.com\/index.php\/wp-json\/wp\/v2\/posts\/51053","targetHints":{"allow":["GET"]}}],"collection":[{"href":"https:\/\/www.gaveanews.com\/index.php\/wp-json\/wp\/v2\/posts"}],"about":[{"href":"https:\/\/www.gaveanews.com\/index.php\/wp-json\/wp\/v2\/types\/post"}],"author":[{"embeddable":true,"href":"https:\/\/www.gaveanews.com\/index.php\/wp-json\/wp\/v2\/users\/1"}],"replies":[{"embeddable":true,"href":"https:\/\/www.gaveanews.com\/index.php\/wp-json\/wp\/v2\/comments?post=51053"}],"version-history":[{"count":0,"href":"https:\/\/www.gaveanews.com\/index.php\/wp-json\/wp\/v2\/posts\/51053\/revisions"}],"wp:featuredmedia":[{"embeddable":true,"href":"https:\/\/www.gaveanews.com\/index.php\/wp-json\/wp\/v2\/media\/15070"}],"wp:attachment":[{"href":"https:\/\/www.gaveanews.com\/index.php\/wp-json\/wp\/v2\/media?parent=51053"}],"wp:term":[{"taxonomy":"category","embeddable":true,"href":"https:\/\/www.gaveanews.com\/index.php\/wp-json\/wp\/v2\/categories?post=51053"},{"taxonomy":"post_tag","embeddable":true,"href":"https:\/\/www.gaveanews.com\/index.php\/wp-json\/wp\/v2\/tags?post=51053"}],"curies":[{"name":"wp","href":"https:\/\/api.w.org\/{rel}","templated":true}]}}