{"id":51230,"date":"2020-11-10T00:57:46","date_gmt":"2020-11-10T03:57:46","guid":{"rendered":"https:\/\/www.gaveanews.com\/?p=51230"},"modified":"2020-11-10T15:35:19","modified_gmt":"2020-11-10T18:35:19","slug":"emerson-sheik-diz-que-ceni-tera-que-arrumar-defesa-do-flamengo-se-quiser-ter-sucesso","status":"publish","type":"post","link":"https:\/\/www.gaveanews.com\/index.php\/2020\/11\/10\/emerson-sheik-diz-que-ceni-tera-que-arrumar-defesa-do-flamengo-se-quiser-ter-sucesso\/","title":{"rendered":"Emerson Sheik diz que Ceni ter\u00e1 que arrumar defesa do Flamengo se quiser ter sucesso"},"content":{"rendered":"\n<p>Emerson Sheik aprovou a chegada de Rog\u00e9rio Ceni no Flamengo durante o &#8216;Arena SBT&#8217; desta segunda. Para o ex-jogador, trata-se de um acerto da diretoria flamenguista, por\u00e9m, o treinador ex-Fortaleza ter\u00e1 que tomar provid\u00eancias urgentes com o setor defensivo do clube.<\/p>\n\n\n\n<p>&#8220;Semana passada, eu falei aqui que a defesa do Flamengo \u00e9 a Avenida Brasil no feriado, passa todo mundo \u00e0 vontade. O Rog\u00e9rio vai ter que arrumar essa defesa, se n\u00e3o d\u00e1 dois meses e vai sair tamb\u00e9m&#8221;, disse Emerson.<\/p>\n\n\n\n<p>No mais, Emerson concordou com Cicinho na argumenta\u00e7\u00e3o sobre Ceni ser o nome certo para ajudar o Flamengo chegar ao topo na Libertadores e conquistar o Mundial de Clubes.<\/p>\n\n\n\n<p>Para o ex-jogador, que teve as conquistas listadas acima com o Corinthians, ter algu\u00e9m que j\u00e1 vivenciou os t\u00edtulos, pode servir como um ponto a favor na hora de chegar em uma decis\u00e3o.<\/p>\n\n\n\n<p>A ida de Rog\u00e9rio Ceni para o Flamengo est\u00e1 praticamente firmada. Na noite de ontem, o Fortaleza fez uma publica\u00e7\u00e3o oficial agradecendo os servi\u00e7os prestados pelo ex-comandante. Estima-se que ainda hoje o time carioca deva fazer o pronunciamento oficial da nova contrata\u00e7\u00e3o.<\/p>\n\n\n\n<p>Retirado de: UOL<\/p>\n","protected":false},"excerpt":{"rendered":"<p>Emerson Sheik aprovou a chegada de Rog\u00e9rio Ceni no Flamengo durante o &#8216;Arena SBT&#8217; desta segunda. Para o ex-jogador, trata-se de um acerto da diretoria flamenguista, por\u00e9m, o treinador ex-Fortaleza ter\u00e1 que tomar provid\u00eancias urgentes com o setor defensivo do clube. &#8220;Semana passada, eu falei aqui que a defesa do Flamengo \u00e9 a Avenida Brasil [&hellip;]<\/p>\n","protected":false},"author":1,"featured_media":51318,"comment_status":"open","ping_status":"closed","sticky":false,"template":"","format":"standard","meta":{"footnotes":""},"categories":[47],"tags":[],"class_list":["post-51230","post","type-post","status-publish","format-standard","has-post-thumbnail","hentry","category-destaques"],"yoast_head":"<!-- This site is optimized with the Yoast SEO Premium plugin v24.2 (Yoast SEO v26.9) - https:\/\/yoast.com\/product\/yoast-seo-premium-wordpress\/ -->\n<title>Emerson Sheik diz que Ceni ter\u00e1 que arrumar defesa do Flamengo<\/title>\n<meta name=\"description\" content=\"Emerson Sheik aprovou a chegada de Rog\u00e9rio Ceni no Flamengo durante o &#039;Arena SBT&#039; desta segunda-feira (09).\" \/>\n<meta name=\"robots\" content=\"index, follow, max-snippet:-1, max-image-preview:large, max-video-preview:-1\" \/>\n<link rel=\"canonical\" href=\"https:\/\/www.gaveanews.com\/index.php\/2020\/11\/10\/emerson-sheik-diz-que-ceni-tera-que-arrumar-defesa-do-flamengo-se-quiser-ter-sucesso\/\" \/>\n<meta property=\"og:locale\" content=\"pt_BR\" \/>\n<meta property=\"og:type\" content=\"article\" \/>\n<meta property=\"og:title\" content=\"Emerson Sheik diz que Ceni ter\u00e1 que arrumar defesa do Flamengo se quiser ter sucesso\" \/>\n<meta property=\"og:description\" content=\"Emerson Sheik aprovou a chegada de Rog\u00e9rio Ceni no Flamengo durante o &#039;Arena SBT&#039; desta segunda-feira (09).\" \/>\n<meta property=\"og:url\" content=\"https:\/\/www.gaveanews.com\/index.php\/2020\/11\/10\/emerson-sheik-diz-que-ceni-tera-que-arrumar-defesa-do-flamengo-se-quiser-ter-sucesso\/\" \/>\n<meta property=\"og:site_name\" content=\"G\u00e1vea News\" \/>\n<meta property=\"article:publisher\" content=\"https:\/\/facebook.com\/gaveaNews\/\" \/>\n<meta property=\"article:published_time\" content=\"2020-11-10T03:57:46+00:00\" \/>\n<meta property=\"article:modified_time\" content=\"2020-11-10T18:35:19+00:00\" \/>\n<meta property=\"og:image\" content=\"https:\/\/www.gaveanews.com\/wp-content\/uploads\/Rogerio-Ceni-durante-um-treinamento-do-Fortaleza.webp\" \/>\n\t<meta property=\"og:image:width\" content=\"853\" \/>\n\t<meta property=\"og:image:height\" content=\"568\" \/>\n\t<meta property=\"og:image:type\" content=\"image\/jpeg\" \/>\n<meta name=\"author\" content=\"Equipe G\u00e1vea News\" \/>\n<meta name=\"twitter:card\" content=\"summary_large_image\" \/>\n<meta name=\"twitter:label1\" content=\"Escrito por\" \/>\n\t<meta name=\"twitter:data1\" content=\"Equipe G\u00e1vea News\" \/>\n\t<meta name=\"twitter:label2\" content=\"Est. tempo de leitura\" \/>\n\t<meta name=\"twitter:data2\" content=\"1 minuto\" \/>\n<script type=\"application\/ld+json\" class=\"yoast-schema-graph\">{\"@context\":\"https:\/\/schema.org\",\"@graph\":[{\"@type\":\"NewsArticle\",\"@id\":\"https:\/\/www.gaveanews.com\/index.php\/2020\/11\/10\/emerson-sheik-diz-que-ceni-tera-que-arrumar-defesa-do-flamengo-se-quiser-ter-sucesso\/#article\",\"isPartOf\":{\"@id\":\"https:\/\/www.gaveanews.com\/index.php\/2020\/11\/10\/emerson-sheik-diz-que-ceni-tera-que-arrumar-defesa-do-flamengo-se-quiser-ter-sucesso\/\"},\"author\":{\"name\":\"Equipe G\u00e1vea News\",\"@id\":\"https:\/\/www.gaveanews.com\/#\/schema\/person\/2ec14f73fb96be2caf28f91afb14749d\"},\"headline\":\"Emerson Sheik diz que Ceni ter\u00e1 que arrumar defesa do Flamengo se quiser ter sucesso\",\"datePublished\":\"2020-11-10T03:57:46+00:00\",\"dateModified\":\"2020-11-10T18:35:19+00:00\",\"mainEntityOfPage\":{\"@id\":\"https:\/\/www.gaveanews.com\/index.php\/2020\/11\/10\/emerson-sheik-diz-que-ceni-tera-que-arrumar-defesa-do-flamengo-se-quiser-ter-sucesso\/\"},\"wordCount\":215,\"commentCount\":5,\"image\":{\"@id\":\"https:\/\/www.gaveanews.com\/index.php\/2020\/11\/10\/emerson-sheik-diz-que-ceni-tera-que-arrumar-defesa-do-flamengo-se-quiser-ter-sucesso\/#primaryimage\"},\"thumbnailUrl\":\"https:\/\/www.gaveanews.com\/wp-content\/uploads\/Rogerio-Ceni-durante-um-treinamento-do-Fortaleza.webp\",\"articleSection\":[\"Destaques\"],\"inLanguage\":\"pt-BR\",\"potentialAction\":[{\"@type\":\"CommentAction\",\"name\":\"Comment\",\"target\":[\"https:\/\/www.gaveanews.com\/index.php\/2020\/11\/10\/emerson-sheik-diz-que-ceni-tera-que-arrumar-defesa-do-flamengo-se-quiser-ter-sucesso\/#respond\"]}],\"copyrightYear\":\"2020\",\"copyrightHolder\":{\"@id\":\"https:\/\/www.gaveanews.com\/#organization\"}},{\"@type\":\"WebPage\",\"@id\":\"https:\/\/www.gaveanews.com\/index.php\/2020\/11\/10\/emerson-sheik-diz-que-ceni-tera-que-arrumar-defesa-do-flamengo-se-quiser-ter-sucesso\/\",\"url\":\"https:\/\/www.gaveanews.com\/index.php\/2020\/11\/10\/emerson-sheik-diz-que-ceni-tera-que-arrumar-defesa-do-flamengo-se-quiser-ter-sucesso\/\",\"name\":\"Emerson Sheik diz que Ceni ter\u00e1 que arrumar defesa do Flamengo\",\"isPartOf\":{\"@id\":\"https:\/\/www.gaveanews.com\/#website\"},\"primaryImageOfPage\":{\"@id\":\"https:\/\/www.gaveanews.com\/index.php\/2020\/11\/10\/emerson-sheik-diz-que-ceni-tera-que-arrumar-defesa-do-flamengo-se-quiser-ter-sucesso\/#primaryimage\"},\"image\":{\"@id\":\"https:\/\/www.gaveanews.com\/index.php\/2020\/11\/10\/emerson-sheik-diz-que-ceni-tera-que-arrumar-defesa-do-flamengo-se-quiser-ter-sucesso\/#primaryimage\"},\"thumbnailUrl\":\"https:\/\/www.gaveanews.com\/wp-content\/uploads\/Rogerio-Ceni-durante-um-treinamento-do-Fortaleza.webp\",\"datePublished\":\"2020-11-10T03:57:46+00:00\",\"dateModified\":\"2020-11-10T18:35:19+00:00\",\"author\":{\"@id\":\"https:\/\/www.gaveanews.com\/#\/schema\/person\/2ec14f73fb96be2caf28f91afb14749d\"},\"description\":\"Emerson Sheik aprovou a chegada de Rog\u00e9rio Ceni no Flamengo durante o 'Arena SBT' desta segunda-feira (09).\",\"breadcrumb\":{\"@id\":\"https:\/\/www.gaveanews.com\/index.php\/2020\/11\/10\/emerson-sheik-diz-que-ceni-tera-que-arrumar-defesa-do-flamengo-se-quiser-ter-sucesso\/#breadcrumb\"},\"inLanguage\":\"pt-BR\",\"potentialAction\":[{\"@type\":\"ReadAction\",\"target\":[\"https:\/\/www.gaveanews.com\/index.php\/2020\/11\/10\/emerson-sheik-diz-que-ceni-tera-que-arrumar-defesa-do-flamengo-se-quiser-ter-sucesso\/\"]}]},{\"@type\":\"ImageObject\",\"inLanguage\":\"pt-BR\",\"@id\":\"https:\/\/www.gaveanews.com\/index.php\/2020\/11\/10\/emerson-sheik-diz-que-ceni-tera-que-arrumar-defesa-do-flamengo-se-quiser-ter-sucesso\/#primaryimage\",\"url\":\"https:\/\/www.gaveanews.com\/wp-content\/uploads\/Rogerio-Ceni-durante-um-treinamento-do-Fortaleza.webp\",\"contentUrl\":\"https:\/\/www.gaveanews.com\/wp-content\/uploads\/Rogerio-Ceni-durante-um-treinamento-do-Fortaleza.webp\",\"width\":853,\"height\":568,\"caption\":\"Rog\u00e9rio Ceni durante um treinamento do Fortaleza (Foto: Divulga\u00e7\u00e3o)\"},{\"@type\":\"BreadcrumbList\",\"@id\":\"https:\/\/www.gaveanews.com\/index.php\/2020\/11\/10\/emerson-sheik-diz-que-ceni-tera-que-arrumar-defesa-do-flamengo-se-quiser-ter-sucesso\/#breadcrumb\",\"itemListElement\":[{\"@type\":\"ListItem\",\"position\":1,\"name\":\"Home\",\"item\":\"https:\/\/www.gaveanews.com\/\"},{\"@type\":\"ListItem\",\"position\":2,\"name\":\"Emerson Sheik diz que Ceni ter\u00e1 que arrumar defesa do Flamengo se quiser ter sucesso\"}]},{\"@type\":\"WebSite\",\"@id\":\"https:\/\/www.gaveanews.com\/#website\",\"url\":\"https:\/\/www.gaveanews.com\/\",\"name\":\"G\u00e1vea News\",\"description\":\"Veja todas as not\u00edcias sobre o Flamengo: Contrata\u00e7\u00f5es, categorias de base, resultados das partidas, tabela de classifica\u00e7\u00e3o, pr\u00f3ximos jogos!\",\"potentialAction\":[{\"@type\":\"SearchAction\",\"target\":{\"@type\":\"EntryPoint\",\"urlTemplate\":\"https:\/\/www.gaveanews.com\/?s={search_term_string}\"},\"query-input\":{\"@type\":\"PropertyValueSpecification\",\"valueRequired\":true,\"valueName\":\"search_term_string\"}}],\"inLanguage\":\"pt-BR\"},{\"@type\":\"Person\",\"@id\":\"https:\/\/www.gaveanews.com\/#\/schema\/person\/2ec14f73fb96be2caf28f91afb14749d\",\"name\":\"Equipe G\u00e1vea News\",\"image\":{\"@type\":\"ImageObject\",\"inLanguage\":\"pt-BR\",\"@id\":\"https:\/\/www.gaveanews.com\/#\/schema\/person\/image\/\",\"url\":\"https:\/\/secure.gravatar.com\/avatar\/1e1956f1facbffd3f8fa53a326721950116b3b9dc9bd44939c01180fd4a745a9?s=96&d=mm&r=g\",\"contentUrl\":\"https:\/\/secure.gravatar.com\/avatar\/1e1956f1facbffd3f8fa53a326721950116b3b9dc9bd44939c01180fd4a745a9?s=96&d=mm&r=g\",\"caption\":\"Equipe G\u00e1vea News\"}}]}<\/script>\n<!-- \/ Yoast SEO Premium plugin. -->","yoast_head_json":{"title":"Emerson Sheik diz que Ceni ter\u00e1 que arrumar defesa do Flamengo","description":"Emerson Sheik aprovou a chegada de Rog\u00e9rio Ceni no Flamengo durante o 'Arena SBT' desta segunda-feira (09).","robots":{"index":"index","follow":"follow","max-snippet":"max-snippet:-1","max-image-preview":"max-image-preview:large","max-video-preview":"max-video-preview:-1"},"canonical":"https:\/\/www.gaveanews.com\/index.php\/2020\/11\/10\/emerson-sheik-diz-que-ceni-tera-que-arrumar-defesa-do-flamengo-se-quiser-ter-sucesso\/","og_locale":"pt_BR","og_type":"article","og_title":"Emerson Sheik diz que Ceni ter\u00e1 que arrumar defesa do Flamengo se quiser ter sucesso","og_description":"Emerson Sheik aprovou a chegada de Rog\u00e9rio Ceni no Flamengo durante o 'Arena SBT' desta segunda-feira (09).","og_url":"https:\/\/www.gaveanews.com\/index.php\/2020\/11\/10\/emerson-sheik-diz-que-ceni-tera-que-arrumar-defesa-do-flamengo-se-quiser-ter-sucesso\/","og_site_name":"G\u00e1vea News","article_publisher":"https:\/\/facebook.com\/gaveaNews\/","article_published_time":"2020-11-10T03:57:46+00:00","article_modified_time":"2020-11-10T18:35:19+00:00","og_image":[{"width":853,"height":568,"url":"https:\/\/www.gaveanews.com\/wp-content\/uploads\/Rogerio-Ceni-durante-um-treinamento-do-Fortaleza.webp","type":"image\/jpeg"}],"author":"Equipe G\u00e1vea News","twitter_card":"summary_large_image","twitter_misc":{"Escrito por":"Equipe G\u00e1vea News","Est. tempo de leitura":"1 minuto"},"schema":{"@context":"https:\/\/schema.org","@graph":[{"@type":"NewsArticle","@id":"https:\/\/www.gaveanews.com\/index.php\/2020\/11\/10\/emerson-sheik-diz-que-ceni-tera-que-arrumar-defesa-do-flamengo-se-quiser-ter-sucesso\/#article","isPartOf":{"@id":"https:\/\/www.gaveanews.com\/index.php\/2020\/11\/10\/emerson-sheik-diz-que-ceni-tera-que-arrumar-defesa-do-flamengo-se-quiser-ter-sucesso\/"},"author":{"name":"Equipe G\u00e1vea News","@id":"https:\/\/www.gaveanews.com\/#\/schema\/person\/2ec14f73fb96be2caf28f91afb14749d"},"headline":"Emerson Sheik diz que Ceni ter\u00e1 que arrumar defesa do Flamengo se quiser ter sucesso","datePublished":"2020-11-10T03:57:46+00:00","dateModified":"2020-11-10T18:35:19+00:00","mainEntityOfPage":{"@id":"https:\/\/www.gaveanews.com\/index.php\/2020\/11\/10\/emerson-sheik-diz-que-ceni-tera-que-arrumar-defesa-do-flamengo-se-quiser-ter-sucesso\/"},"wordCount":215,"commentCount":5,"image":{"@id":"https:\/\/www.gaveanews.com\/index.php\/2020\/11\/10\/emerson-sheik-diz-que-ceni-tera-que-arrumar-defesa-do-flamengo-se-quiser-ter-sucesso\/#primaryimage"},"thumbnailUrl":"https:\/\/www.gaveanews.com\/wp-content\/uploads\/Rogerio-Ceni-durante-um-treinamento-do-Fortaleza.webp","articleSection":["Destaques"],"inLanguage":"pt-BR","potentialAction":[{"@type":"CommentAction","name":"Comment","target":["https:\/\/www.gaveanews.com\/index.php\/2020\/11\/10\/emerson-sheik-diz-que-ceni-tera-que-arrumar-defesa-do-flamengo-se-quiser-ter-sucesso\/#respond"]}],"copyrightYear":"2020","copyrightHolder":{"@id":"https:\/\/www.gaveanews.com\/#organization"}},{"@type":"WebPage","@id":"https:\/\/www.gaveanews.com\/index.php\/2020\/11\/10\/emerson-sheik-diz-que-ceni-tera-que-arrumar-defesa-do-flamengo-se-quiser-ter-sucesso\/","url":"https:\/\/www.gaveanews.com\/index.php\/2020\/11\/10\/emerson-sheik-diz-que-ceni-tera-que-arrumar-defesa-do-flamengo-se-quiser-ter-sucesso\/","name":"Emerson Sheik diz que Ceni ter\u00e1 que arrumar defesa do Flamengo","isPartOf":{"@id":"https:\/\/www.gaveanews.com\/#website"},"primaryImageOfPage":{"@id":"https:\/\/www.gaveanews.com\/index.php\/2020\/11\/10\/emerson-sheik-diz-que-ceni-tera-que-arrumar-defesa-do-flamengo-se-quiser-ter-sucesso\/#primaryimage"},"image":{"@id":"https:\/\/www.gaveanews.com\/index.php\/2020\/11\/10\/emerson-sheik-diz-que-ceni-tera-que-arrumar-defesa-do-flamengo-se-quiser-ter-sucesso\/#primaryimage"},"thumbnailUrl":"https:\/\/www.gaveanews.com\/wp-content\/uploads\/Rogerio-Ceni-durante-um-treinamento-do-Fortaleza.webp","datePublished":"2020-11-10T03:57:46+00:00","dateModified":"2020-11-10T18:35:19+00:00","author":{"@id":"https:\/\/www.gaveanews.com\/#\/schema\/person\/2ec14f73fb96be2caf28f91afb14749d"},"description":"Emerson Sheik aprovou a chegada de Rog\u00e9rio Ceni no Flamengo durante o 'Arena SBT' desta segunda-feira (09).","breadcrumb":{"@id":"https:\/\/www.gaveanews.com\/index.php\/2020\/11\/10\/emerson-sheik-diz-que-ceni-tera-que-arrumar-defesa-do-flamengo-se-quiser-ter-sucesso\/#breadcrumb"},"inLanguage":"pt-BR","potentialAction":[{"@type":"ReadAction","target":["https:\/\/www.gaveanews.com\/index.php\/2020\/11\/10\/emerson-sheik-diz-que-ceni-tera-que-arrumar-defesa-do-flamengo-se-quiser-ter-sucesso\/"]}]},{"@type":"ImageObject","inLanguage":"pt-BR","@id":"https:\/\/www.gaveanews.com\/index.php\/2020\/11\/10\/emerson-sheik-diz-que-ceni-tera-que-arrumar-defesa-do-flamengo-se-quiser-ter-sucesso\/#primaryimage","url":"https:\/\/www.gaveanews.com\/wp-content\/uploads\/Rogerio-Ceni-durante-um-treinamento-do-Fortaleza.webp","contentUrl":"https:\/\/www.gaveanews.com\/wp-content\/uploads\/Rogerio-Ceni-durante-um-treinamento-do-Fortaleza.webp","width":853,"height":568,"caption":"Rog\u00e9rio Ceni durante um treinamento do Fortaleza (Foto: Divulga\u00e7\u00e3o)"},{"@type":"BreadcrumbList","@id":"https:\/\/www.gaveanews.com\/index.php\/2020\/11\/10\/emerson-sheik-diz-que-ceni-tera-que-arrumar-defesa-do-flamengo-se-quiser-ter-sucesso\/#breadcrumb","itemListElement":[{"@type":"ListItem","position":1,"name":"Home","item":"https:\/\/www.gaveanews.com\/"},{"@type":"ListItem","position":2,"name":"Emerson Sheik diz que Ceni ter\u00e1 que arrumar defesa do Flamengo se quiser ter sucesso"}]},{"@type":"WebSite","@id":"https:\/\/www.gaveanews.com\/#website","url":"https:\/\/www.gaveanews.com\/","name":"G\u00e1vea News","description":"Veja todas as not\u00edcias sobre o Flamengo: Contrata\u00e7\u00f5es, categorias de base, resultados das partidas, tabela de classifica\u00e7\u00e3o, pr\u00f3ximos jogos!","potentialAction":[{"@type":"SearchAction","target":{"@type":"EntryPoint","urlTemplate":"https:\/\/www.gaveanews.com\/?s={search_term_string}"},"query-input":{"@type":"PropertyValueSpecification","valueRequired":true,"valueName":"search_term_string"}}],"inLanguage":"pt-BR"},{"@type":"Person","@id":"https:\/\/www.gaveanews.com\/#\/schema\/person\/2ec14f73fb96be2caf28f91afb14749d","name":"Equipe G\u00e1vea News","image":{"@type":"ImageObject","inLanguage":"pt-BR","@id":"https:\/\/www.gaveanews.com\/#\/schema\/person\/image\/","url":"https:\/\/secure.gravatar.com\/avatar\/1e1956f1facbffd3f8fa53a326721950116b3b9dc9bd44939c01180fd4a745a9?s=96&d=mm&r=g","contentUrl":"https:\/\/secure.gravatar.com\/avatar\/1e1956f1facbffd3f8fa53a326721950116b3b9dc9bd44939c01180fd4a745a9?s=96&d=mm&r=g","caption":"Equipe G\u00e1vea News"}}]}},"_links":{"self":[{"href":"https:\/\/www.gaveanews.com\/index.php\/wp-json\/wp\/v2\/posts\/51230","targetHints":{"allow":["GET"]}}],"collection":[{"href":"https:\/\/www.gaveanews.com\/index.php\/wp-json\/wp\/v2\/posts"}],"about":[{"href":"https:\/\/www.gaveanews.com\/index.php\/wp-json\/wp\/v2\/types\/post"}],"author":[{"embeddable":true,"href":"https:\/\/www.gaveanews.com\/index.php\/wp-json\/wp\/v2\/users\/1"}],"replies":[{"embeddable":true,"href":"https:\/\/www.gaveanews.com\/index.php\/wp-json\/wp\/v2\/comments?post=51230"}],"version-history":[{"count":0,"href":"https:\/\/www.gaveanews.com\/index.php\/wp-json\/wp\/v2\/posts\/51230\/revisions"}],"wp:featuredmedia":[{"embeddable":true,"href":"https:\/\/www.gaveanews.com\/index.php\/wp-json\/wp\/v2\/media\/51318"}],"wp:attachment":[{"href":"https:\/\/www.gaveanews.com\/index.php\/wp-json\/wp\/v2\/media?parent=51230"}],"wp:term":[{"taxonomy":"category","embeddable":true,"href":"https:\/\/www.gaveanews.com\/index.php\/wp-json\/wp\/v2\/categories?post=51230"},{"taxonomy":"post_tag","embeddable":true,"href":"https:\/\/www.gaveanews.com\/index.php\/wp-json\/wp\/v2\/tags?post=51230"}],"curies":[{"name":"wp","href":"https:\/\/api.w.org\/{rel}","templated":true}]}}