{"id":51298,"date":"2020-11-10T15:04:14","date_gmt":"2020-11-10T18:04:14","guid":{"rendered":"https:\/\/www.gaveanews.com\/?p=51298"},"modified":"2021-08-12T00:49:33","modified_gmt":"2021-08-12T03:49:33","slug":"flamenguistas-ironizam-a-chegada-de-abel-braga-no-internacional","status":"publish","type":"post","link":"https:\/\/www.gaveanews.com\/index.php\/2020\/11\/10\/flamenguistas-ironizam-a-chegada-de-abel-braga-no-internacional\/","title":{"rendered":"Flamenguistas ironizam a chegada de Abel Braga no Internacional"},"content":{"rendered":"\n<p>Com o in\u00edcio da semana movimentado no futebol brasileiro, dois dos principais times que brigam por t\u00edtulos no pa\u00eds, realizaram mudan\u00e7as em suas equipes t\u00e9cnicas. Na \u00faltima segunda-feira (09), Flamengo e Internacional se despediram de seus t\u00e9cnicos, Dom\u00e8nec Torrent e Eduardo Coudet.<\/p>\n\n\n\n<p>Horas ap\u00f3s o an\u00fancio da sa\u00edda de Dome, o Flamengo j\u00e1 encaminhava a contrata\u00e7\u00e3o de um novo comandante para o time. Rog\u00e9rio Ceni chegou no Rio de Janeiro nesta manh\u00e3 (10), quando foi confirmado como novo treinador do time e <a href=\"https:\/\/www.gaveanews.com\/index.php\/2020\/11\/10\/assista-ao-vivo-a-coletiva-de-apresentacao-de-rogerio-ceni-no-flamengo\/\">participou de sua primeira coletiva no Ninho<\/a>. <\/p>\n\n\n\n<p>Em outro cen\u00e1rio, ap\u00f3s o pedido de dispensa de Coudet para rumar ao Celta, o Inter tamb\u00e9m teve de ir em busca de outro t\u00e9cnico, que foi anunciado tamb\u00e9m nesta manh\u00e3. Entretanto, a repercuss\u00e3o da chegada de Abel Braga n\u00e3o foi t\u00e3o bem aceita pelo torcedor colorado.<\/p>\n\n\n\n<p>E por falar em torcida, houveram muitos coment\u00e1rios por parte da Na\u00e7\u00e3o, que por sua vez, ironizou a escolha da diretoria do clube sulista.<\/p>\n\n\n\n<p><strong>Confira algumas das publia\u00e7\u00f5es:<\/strong><\/p>\n\n\n\n<figure class=\"wp-block-embed-twitter wp-block-embed is-type-rich is-provider-twitter\"><div class=\"wp-block-embed__wrapper\">\n<blockquote class=\"twitter-tweet\" data-width=\"550\" data-dnt=\"true\"><p lang=\"pt\" dir=\"ltr\">Os senhores est\u00e3o fazendo meu dia mais feliz kkkkkkkkkkkkkk <a href=\"https:\/\/t.co\/EeGqguLfcd\">https:\/\/t.co\/EeGqguLfcd<\/a><\/p>&mdash; Miguel Reis \u1d9c\u02b3\u1da0\ud83c\udf34 (@Migsreis_CRF) <a href=\"https:\/\/twitter.com\/Migsreis_CRF\/status\/1326161652216107008?ref_src=twsrc%5Etfw\">November 10, 2020<\/a><\/blockquote><script async src=\"https:\/\/platform.twitter.com\/widgets.js\" charset=\"utf-8\"><\/script>\n<\/div><\/figure>\n\n\n\n<figure class=\"wp-block-embed-twitter wp-block-embed is-type-rich is-provider-twitter\"><div class=\"wp-block-embed__wrapper\">\n<blockquote class=\"twitter-tweet\" data-width=\"550\" data-dnt=\"true\"><p lang=\"pt\" dir=\"ltr\">Boa sorte! E&#8230;.. FOI LINDO! Kkkkkkkkkkkkkkkkkkkkkkkkkkkkkkkkkkkkkkkkkkkkkkkkkkkkkkkkkkkkkkkkkkkkkkkkkkkkkkkkkkkkkkkkkkkkkkkkkkkkkkkkkkkkkkkkkkkkkkkkkkkkkkkkkkkkkkkkkkkkkkkkkkkkkkkkkkkkkkkkkkkkkkkkkkkkkk<\/p>&mdash; Ricardo (@innuendo48) <a href=\"https:\/\/twitter.com\/innuendo48\/status\/1326158263923118080?ref_src=twsrc%5Etfw\">November 10, 2020<\/a><\/blockquote><script async src=\"https:\/\/platform.twitter.com\/widgets.js\" charset=\"utf-8\"><\/script>\n<\/div><\/figure>\n\n\n\n<figure class=\"wp-block-embed-twitter wp-block-embed is-type-rich is-provider-twitter\"><div class=\"wp-block-embed__wrapper\">\n<blockquote class=\"twitter-tweet\" data-width=\"550\" data-dnt=\"true\"><p lang=\"pt\" dir=\"ltr\">KKKKKKKKKKKKKKKKKKKKKKKKKKKKKKKKKKKK menos um time pra brigar pelos t\u00edtulos <a href=\"https:\/\/t.co\/unsUEwOHlG\">pic.twitter.com\/unsUEwOHlG<\/a><\/p>&mdash; Hanna (@Hann__14) <a href=\"https:\/\/twitter.com\/Hann__14\/status\/1326159861823000576?ref_src=twsrc%5Etfw\">November 10, 2020<\/a><\/blockquote><script async src=\"https:\/\/platform.twitter.com\/widgets.js\" charset=\"utf-8\"><\/script>\n<\/div><\/figure>\n\n\n\n<figure class=\"wp-block-embed-twitter wp-block-embed is-type-rich is-provider-twitter\"><div class=\"wp-block-embed__wrapper\">\nhttps:\/\/twitter.com\/zLuanR14\/status\/1326164184107716608?s=20\n<\/div><\/figure>\n\n\n\n<figure class=\"wp-block-embed-twitter wp-block-embed is-type-rich is-provider-twitter\"><div class=\"wp-block-embed__wrapper\">\n<blockquote class=\"twitter-tweet\" data-width=\"550\" data-dnt=\"true\"><p lang=\"qme\" dir=\"ltr\"> <a href=\"https:\/\/t.co\/ytbvdfHj7r\">pic.twitter.com\/ytbvdfHj7r<\/a><\/p>&mdash; marlon (@crf_marlon10) <a href=\"https:\/\/twitter.com\/crf_marlon10\/status\/1326158610955644928?ref_src=twsrc%5Etfw\">November 10, 2020<\/a><\/blockquote><script async src=\"https:\/\/platform.twitter.com\/widgets.js\" charset=\"utf-8\"><\/script>\n<\/div><\/figure>\n\n\n\n<p><strong>Tamb\u00e9m teve coment\u00e1rio da torcida de outros clubes:<\/strong><\/p>\n\n\n\n<figure class=\"wp-block-embed-twitter wp-block-embed is-type-rich is-provider-twitter\"><div class=\"wp-block-embed__wrapper\">\nhttps:\/\/twitter.com\/Diariovascainoo\/status\/1326158495654289408?s=20\n<\/div><\/figure>\n\n\n\n<figure class=\"wp-block-embed-twitter wp-block-embed is-type-rich is-provider-twitter\"><div class=\"wp-block-embed__wrapper\">\n<blockquote class=\"twitter-tweet\" data-width=\"550\" data-dnt=\"true\"><p lang=\"qme\" dir=\"ltr\"> <a href=\"https:\/\/t.co\/PsxqSyI2RZ\">pic.twitter.com\/PsxqSyI2RZ<\/a><\/p>&mdash; Andreas \ud83c\uddea\ud83c\uddea\ud83c\udfc6 (@AndreasGFBPA) <a href=\"https:\/\/twitter.com\/AndreasGFBPA\/status\/1326158606056775682?ref_src=twsrc%5Etfw\">November 10, 2020<\/a><\/blockquote><script async src=\"https:\/\/platform.twitter.com\/widgets.js\" charset=\"utf-8\"><\/script>\n<\/div><\/figure>\n\n\n\n<figure class=\"wp-block-embed-twitter wp-block-embed is-type-rich is-provider-twitter\"><div class=\"wp-block-embed__wrapper\">\n<blockquote class=\"twitter-tweet\" data-width=\"550\" data-dnt=\"true\"><p lang=\"pt\" dir=\"ltr\">Eu ia rir, mas lembrei que o nosso \u00e9 o Cuca.<\/p>&mdash; NA\u00c7\u00c3O DE IDOSOS\ud83c\udf99 (@sfccomenta) <a href=\"https:\/\/twitter.com\/sfccomenta\/status\/1326159289657020416?ref_src=twsrc%5Etfw\">November 10, 2020<\/a><\/blockquote><script async src=\"https:\/\/platform.twitter.com\/widgets.js\" charset=\"utf-8\"><\/script>\n<\/div><\/figure>\n\n\n\n<figure class=\"wp-block-embed-twitter wp-block-embed is-type-rich is-provider-twitter\"><div class=\"wp-block-embed__wrapper\">\nhttps:\/\/twitter.com\/11ArthurMelo\/status\/1326158682275655680?s=20\n<\/div><\/figure>\n\n\n\n<p><\/p>\n","protected":false},"excerpt":{"rendered":"<p>Com o in\u00edcio da semana movimentado no futebol brasileiro, dois dos principais times que brigam por t\u00edtulos no pa\u00eds, realizaram mudan\u00e7as em suas equipes t\u00e9cnicas. Na \u00faltima segunda-feira (09), Flamengo e Internacional se despediram de seus t\u00e9cnicos, Dom\u00e8nec Torrent e Eduardo Coudet. Horas ap\u00f3s o an\u00fancio da sa\u00edda de Dome, o Flamengo j\u00e1 encaminhava a [&hellip;]<\/p>\n","protected":false},"author":4,"featured_media":14950,"comment_status":"open","ping_status":"closed","sticky":false,"template":"","format":"standard","meta":{"footnotes":""},"categories":[1],"tags":[],"class_list":["post-51298","post","type-post","status-publish","format-standard","has-post-thumbnail","hentry","category-flamengo"],"yoast_head":"<!-- This site is optimized with the Yoast SEO Premium plugin v24.2 (Yoast SEO v26.9) - https:\/\/yoast.com\/product\/yoast-seo-premium-wordpress\/ -->\n<title>Flamenguistas ironizam a chegada de Abel Braga no Internacional<\/title>\n<meta name=\"description\" content=\"Com o in\u00edcio da semana movimentado no futebol brasileiro, dois dos principais times do pa\u00eds realizaram mudan\u00e7as em suas equipes t\u00e9cnicas.\" \/>\n<meta name=\"robots\" content=\"index, follow, max-snippet:-1, max-image-preview:large, max-video-preview:-1\" \/>\n<link rel=\"canonical\" href=\"https:\/\/www.gaveanews.com\/index.php\/2020\/11\/10\/flamenguistas-ironizam-a-chegada-de-abel-braga-no-internacional\/\" \/>\n<meta property=\"og:locale\" content=\"pt_BR\" \/>\n<meta property=\"og:type\" content=\"article\" \/>\n<meta property=\"og:title\" content=\"Flamenguistas ironizam a chegada de Abel Braga no Internacional\" \/>\n<meta property=\"og:description\" content=\"Com o in\u00edcio da semana movimentado no futebol brasileiro, dois dos principais times do pa\u00eds realizaram mudan\u00e7as em suas equipes t\u00e9cnicas.\" \/>\n<meta property=\"og:url\" content=\"https:\/\/www.gaveanews.com\/index.php\/2020\/11\/10\/flamenguistas-ironizam-a-chegada-de-abel-braga-no-internacional\/\" \/>\n<meta property=\"og:site_name\" content=\"G\u00e1vea News\" \/>\n<meta property=\"article:publisher\" content=\"https:\/\/facebook.com\/gaveaNews\/\" \/>\n<meta property=\"article:published_time\" content=\"2020-11-10T18:04:14+00:00\" \/>\n<meta property=\"article:modified_time\" content=\"2021-08-12T03:49:33+00:00\" \/>\n<meta property=\"og:image\" content=\"https:\/\/www.gaveanews.com\/wp-content\/uploads\/2019\/03\/Abel-Braga-gesticula-para-orientar-jogadores-do-Flamengo-durante-o-classico-contra-o-Vasco.webp\" \/>\n\t<meta property=\"og:image:width\" content=\"1\" \/>\n\t<meta property=\"og:image:height\" content=\"1\" \/>\n\t<meta property=\"og:image:type\" content=\"image\/jpeg\" \/>\n<meta name=\"author\" content=\"Let\u00edcia Gerheim\" \/>\n<meta name=\"twitter:card\" content=\"summary_large_image\" \/>\n<meta name=\"twitter:label1\" content=\"Escrito por\" \/>\n\t<meta name=\"twitter:data1\" content=\"Let\u00edcia Gerheim\" \/>\n\t<meta name=\"twitter:label2\" content=\"Est. tempo de leitura\" \/>\n\t<meta name=\"twitter:data2\" content=\"1 minuto\" \/>\n<script type=\"application\/ld+json\" class=\"yoast-schema-graph\">{\"@context\":\"https:\/\/schema.org\",\"@graph\":[{\"@type\":\"NewsArticle\",\"@id\":\"https:\/\/www.gaveanews.com\/index.php\/2020\/11\/10\/flamenguistas-ironizam-a-chegada-de-abel-braga-no-internacional\/#article\",\"isPartOf\":{\"@id\":\"https:\/\/www.gaveanews.com\/index.php\/2020\/11\/10\/flamenguistas-ironizam-a-chegada-de-abel-braga-no-internacional\/\"},\"author\":{\"name\":\"Let\u00edcia Gerheim\",\"@id\":\"https:\/\/www.gaveanews.com\/#\/schema\/person\/714c67050b836198af2450ba1c142a67\"},\"headline\":\"Flamenguistas ironizam a chegada de Abel Braga no Internacional\",\"datePublished\":\"2020-11-10T18:04:14+00:00\",\"dateModified\":\"2021-08-12T03:49:33+00:00\",\"mainEntityOfPage\":{\"@id\":\"https:\/\/www.gaveanews.com\/index.php\/2020\/11\/10\/flamenguistas-ironizam-a-chegada-de-abel-braga-no-internacional\/\"},\"wordCount\":262,\"commentCount\":7,\"image\":{\"@id\":\"https:\/\/www.gaveanews.com\/index.php\/2020\/11\/10\/flamenguistas-ironizam-a-chegada-de-abel-braga-no-internacional\/#primaryimage\"},\"thumbnailUrl\":\"https:\/\/www.gaveanews.com\/wp-content\/uploads\/2019\/03\/Abel-Braga-gesticula-para-orientar-jogadores-do-Flamengo-durante-o-classico-contra-o-Vasco.webp\",\"articleSection\":[\"Flamengo\"],\"inLanguage\":\"pt-BR\",\"potentialAction\":[{\"@type\":\"CommentAction\",\"name\":\"Comment\",\"target\":[\"https:\/\/www.gaveanews.com\/index.php\/2020\/11\/10\/flamenguistas-ironizam-a-chegada-de-abel-braga-no-internacional\/#respond\"]}],\"copyrightYear\":\"2020\",\"copyrightHolder\":{\"@id\":\"https:\/\/www.gaveanews.com\/#organization\"}},{\"@type\":\"WebPage\",\"@id\":\"https:\/\/www.gaveanews.com\/index.php\/2020\/11\/10\/flamenguistas-ironizam-a-chegada-de-abel-braga-no-internacional\/\",\"url\":\"https:\/\/www.gaveanews.com\/index.php\/2020\/11\/10\/flamenguistas-ironizam-a-chegada-de-abel-braga-no-internacional\/\",\"name\":\"Flamenguistas ironizam a chegada de Abel Braga no Internacional\",\"isPartOf\":{\"@id\":\"https:\/\/www.gaveanews.com\/#website\"},\"primaryImageOfPage\":{\"@id\":\"https:\/\/www.gaveanews.com\/index.php\/2020\/11\/10\/flamenguistas-ironizam-a-chegada-de-abel-braga-no-internacional\/#primaryimage\"},\"image\":{\"@id\":\"https:\/\/www.gaveanews.com\/index.php\/2020\/11\/10\/flamenguistas-ironizam-a-chegada-de-abel-braga-no-internacional\/#primaryimage\"},\"thumbnailUrl\":\"https:\/\/www.gaveanews.com\/wp-content\/uploads\/2019\/03\/Abel-Braga-gesticula-para-orientar-jogadores-do-Flamengo-durante-o-classico-contra-o-Vasco.webp\",\"datePublished\":\"2020-11-10T18:04:14+00:00\",\"dateModified\":\"2021-08-12T03:49:33+00:00\",\"author\":{\"@id\":\"https:\/\/www.gaveanews.com\/#\/schema\/person\/714c67050b836198af2450ba1c142a67\"},\"description\":\"Com o in\u00edcio da semana movimentado no futebol brasileiro, dois dos principais times do pa\u00eds realizaram mudan\u00e7as em suas equipes t\u00e9cnicas.\",\"breadcrumb\":{\"@id\":\"https:\/\/www.gaveanews.com\/index.php\/2020\/11\/10\/flamenguistas-ironizam-a-chegada-de-abel-braga-no-internacional\/#breadcrumb\"},\"inLanguage\":\"pt-BR\",\"potentialAction\":[{\"@type\":\"ReadAction\",\"target\":[\"https:\/\/www.gaveanews.com\/index.php\/2020\/11\/10\/flamenguistas-ironizam-a-chegada-de-abel-braga-no-internacional\/\"]}]},{\"@type\":\"ImageObject\",\"inLanguage\":\"pt-BR\",\"@id\":\"https:\/\/www.gaveanews.com\/index.php\/2020\/11\/10\/flamenguistas-ironizam-a-chegada-de-abel-braga-no-internacional\/#primaryimage\",\"url\":\"https:\/\/www.gaveanews.com\/wp-content\/uploads\/2019\/03\/Abel-Braga-gesticula-para-orientar-jogadores-do-Flamengo-durante-o-classico-contra-o-Vasco.webp\",\"contentUrl\":\"https:\/\/www.gaveanews.com\/wp-content\/uploads\/2019\/03\/Abel-Braga-gesticula-para-orientar-jogadores-do-Flamengo-durante-o-classico-contra-o-Vasco.webp\",\"width\":901,\"height\":600,\"caption\":\"Abel Braga gesticula para orientar jogadores do Flamengo, durante o cl\u00e1ssico contra o Vasco (Foto: Alexandre Vidal\/Flamengo)\"},{\"@type\":\"BreadcrumbList\",\"@id\":\"https:\/\/www.gaveanews.com\/index.php\/2020\/11\/10\/flamenguistas-ironizam-a-chegada-de-abel-braga-no-internacional\/#breadcrumb\",\"itemListElement\":[{\"@type\":\"ListItem\",\"position\":1,\"name\":\"Home\",\"item\":\"https:\/\/www.gaveanews.com\/\"},{\"@type\":\"ListItem\",\"position\":2,\"name\":\"Flamenguistas ironizam a chegada de Abel Braga no Internacional\"}]},{\"@type\":\"WebSite\",\"@id\":\"https:\/\/www.gaveanews.com\/#website\",\"url\":\"https:\/\/www.gaveanews.com\/\",\"name\":\"G\u00e1vea News\",\"description\":\"Veja todas as not\u00edcias sobre o Flamengo: Contrata\u00e7\u00f5es, categorias de base, resultados das partidas, tabela de classifica\u00e7\u00e3o, pr\u00f3ximos jogos!\",\"potentialAction\":[{\"@type\":\"SearchAction\",\"target\":{\"@type\":\"EntryPoint\",\"urlTemplate\":\"https:\/\/www.gaveanews.com\/?s={search_term_string}\"},\"query-input\":{\"@type\":\"PropertyValueSpecification\",\"valueRequired\":true,\"valueName\":\"search_term_string\"}}],\"inLanguage\":\"pt-BR\"},{\"@type\":\"Person\",\"@id\":\"https:\/\/www.gaveanews.com\/#\/schema\/person\/714c67050b836198af2450ba1c142a67\",\"name\":\"Let\u00edcia Gerheim\",\"image\":{\"@type\":\"ImageObject\",\"inLanguage\":\"pt-BR\",\"@id\":\"https:\/\/www.gaveanews.com\/#\/schema\/person\/image\/\",\"url\":\"https:\/\/secure.gravatar.com\/avatar\/60734739c50fcebfbac509e2a826ccd0ff405c019bc73aab9354f19ecad1dcb4?s=96&d=mm&r=g\",\"contentUrl\":\"https:\/\/secure.gravatar.com\/avatar\/60734739c50fcebfbac509e2a826ccd0ff405c019bc73aab9354f19ecad1dcb4?s=96&d=mm&r=g\",\"caption\":\"Let\u00edcia Gerheim\"}}]}<\/script>\n<!-- \/ Yoast SEO Premium plugin. -->","yoast_head_json":{"title":"Flamenguistas ironizam a chegada de Abel Braga no Internacional","description":"Com o in\u00edcio da semana movimentado no futebol brasileiro, dois dos principais times do pa\u00eds realizaram mudan\u00e7as em suas equipes t\u00e9cnicas.","robots":{"index":"index","follow":"follow","max-snippet":"max-snippet:-1","max-image-preview":"max-image-preview:large","max-video-preview":"max-video-preview:-1"},"canonical":"https:\/\/www.gaveanews.com\/index.php\/2020\/11\/10\/flamenguistas-ironizam-a-chegada-de-abel-braga-no-internacional\/","og_locale":"pt_BR","og_type":"article","og_title":"Flamenguistas ironizam a chegada de Abel Braga no Internacional","og_description":"Com o in\u00edcio da semana movimentado no futebol brasileiro, dois dos principais times do pa\u00eds realizaram mudan\u00e7as em suas equipes t\u00e9cnicas.","og_url":"https:\/\/www.gaveanews.com\/index.php\/2020\/11\/10\/flamenguistas-ironizam-a-chegada-de-abel-braga-no-internacional\/","og_site_name":"G\u00e1vea News","article_publisher":"https:\/\/facebook.com\/gaveaNews\/","article_published_time":"2020-11-10T18:04:14+00:00","article_modified_time":"2021-08-12T03:49:33+00:00","og_image":[{"url":"https:\/\/www.gaveanews.com\/wp-content\/uploads\/2019\/03\/Abel-Braga-gesticula-para-orientar-jogadores-do-Flamengo-durante-o-classico-contra-o-Vasco.webp","width":1,"height":1,"type":"image\/jpeg"}],"author":"Let\u00edcia Gerheim","twitter_card":"summary_large_image","twitter_misc":{"Escrito por":"Let\u00edcia Gerheim","Est. tempo de leitura":"1 minuto"},"schema":{"@context":"https:\/\/schema.org","@graph":[{"@type":"NewsArticle","@id":"https:\/\/www.gaveanews.com\/index.php\/2020\/11\/10\/flamenguistas-ironizam-a-chegada-de-abel-braga-no-internacional\/#article","isPartOf":{"@id":"https:\/\/www.gaveanews.com\/index.php\/2020\/11\/10\/flamenguistas-ironizam-a-chegada-de-abel-braga-no-internacional\/"},"author":{"name":"Let\u00edcia Gerheim","@id":"https:\/\/www.gaveanews.com\/#\/schema\/person\/714c67050b836198af2450ba1c142a67"},"headline":"Flamenguistas ironizam a chegada de Abel Braga no Internacional","datePublished":"2020-11-10T18:04:14+00:00","dateModified":"2021-08-12T03:49:33+00:00","mainEntityOfPage":{"@id":"https:\/\/www.gaveanews.com\/index.php\/2020\/11\/10\/flamenguistas-ironizam-a-chegada-de-abel-braga-no-internacional\/"},"wordCount":262,"commentCount":7,"image":{"@id":"https:\/\/www.gaveanews.com\/index.php\/2020\/11\/10\/flamenguistas-ironizam-a-chegada-de-abel-braga-no-internacional\/#primaryimage"},"thumbnailUrl":"https:\/\/www.gaveanews.com\/wp-content\/uploads\/2019\/03\/Abel-Braga-gesticula-para-orientar-jogadores-do-Flamengo-durante-o-classico-contra-o-Vasco.webp","articleSection":["Flamengo"],"inLanguage":"pt-BR","potentialAction":[{"@type":"CommentAction","name":"Comment","target":["https:\/\/www.gaveanews.com\/index.php\/2020\/11\/10\/flamenguistas-ironizam-a-chegada-de-abel-braga-no-internacional\/#respond"]}],"copyrightYear":"2020","copyrightHolder":{"@id":"https:\/\/www.gaveanews.com\/#organization"}},{"@type":"WebPage","@id":"https:\/\/www.gaveanews.com\/index.php\/2020\/11\/10\/flamenguistas-ironizam-a-chegada-de-abel-braga-no-internacional\/","url":"https:\/\/www.gaveanews.com\/index.php\/2020\/11\/10\/flamenguistas-ironizam-a-chegada-de-abel-braga-no-internacional\/","name":"Flamenguistas ironizam a chegada de Abel Braga no Internacional","isPartOf":{"@id":"https:\/\/www.gaveanews.com\/#website"},"primaryImageOfPage":{"@id":"https:\/\/www.gaveanews.com\/index.php\/2020\/11\/10\/flamenguistas-ironizam-a-chegada-de-abel-braga-no-internacional\/#primaryimage"},"image":{"@id":"https:\/\/www.gaveanews.com\/index.php\/2020\/11\/10\/flamenguistas-ironizam-a-chegada-de-abel-braga-no-internacional\/#primaryimage"},"thumbnailUrl":"https:\/\/www.gaveanews.com\/wp-content\/uploads\/2019\/03\/Abel-Braga-gesticula-para-orientar-jogadores-do-Flamengo-durante-o-classico-contra-o-Vasco.webp","datePublished":"2020-11-10T18:04:14+00:00","dateModified":"2021-08-12T03:49:33+00:00","author":{"@id":"https:\/\/www.gaveanews.com\/#\/schema\/person\/714c67050b836198af2450ba1c142a67"},"description":"Com o in\u00edcio da semana movimentado no futebol brasileiro, dois dos principais times do pa\u00eds realizaram mudan\u00e7as em suas equipes t\u00e9cnicas.","breadcrumb":{"@id":"https:\/\/www.gaveanews.com\/index.php\/2020\/11\/10\/flamenguistas-ironizam-a-chegada-de-abel-braga-no-internacional\/#breadcrumb"},"inLanguage":"pt-BR","potentialAction":[{"@type":"ReadAction","target":["https:\/\/www.gaveanews.com\/index.php\/2020\/11\/10\/flamenguistas-ironizam-a-chegada-de-abel-braga-no-internacional\/"]}]},{"@type":"ImageObject","inLanguage":"pt-BR","@id":"https:\/\/www.gaveanews.com\/index.php\/2020\/11\/10\/flamenguistas-ironizam-a-chegada-de-abel-braga-no-internacional\/#primaryimage","url":"https:\/\/www.gaveanews.com\/wp-content\/uploads\/2019\/03\/Abel-Braga-gesticula-para-orientar-jogadores-do-Flamengo-durante-o-classico-contra-o-Vasco.webp","contentUrl":"https:\/\/www.gaveanews.com\/wp-content\/uploads\/2019\/03\/Abel-Braga-gesticula-para-orientar-jogadores-do-Flamengo-durante-o-classico-contra-o-Vasco.webp","width":901,"height":600,"caption":"Abel Braga gesticula para orientar jogadores do Flamengo, durante o cl\u00e1ssico contra o Vasco (Foto: Alexandre Vidal\/Flamengo)"},{"@type":"BreadcrumbList","@id":"https:\/\/www.gaveanews.com\/index.php\/2020\/11\/10\/flamenguistas-ironizam-a-chegada-de-abel-braga-no-internacional\/#breadcrumb","itemListElement":[{"@type":"ListItem","position":1,"name":"Home","item":"https:\/\/www.gaveanews.com\/"},{"@type":"ListItem","position":2,"name":"Flamenguistas ironizam a chegada de Abel Braga no Internacional"}]},{"@type":"WebSite","@id":"https:\/\/www.gaveanews.com\/#website","url":"https:\/\/www.gaveanews.com\/","name":"G\u00e1vea News","description":"Veja todas as not\u00edcias sobre o Flamengo: Contrata\u00e7\u00f5es, categorias de base, resultados das partidas, tabela de classifica\u00e7\u00e3o, pr\u00f3ximos jogos!","potentialAction":[{"@type":"SearchAction","target":{"@type":"EntryPoint","urlTemplate":"https:\/\/www.gaveanews.com\/?s={search_term_string}"},"query-input":{"@type":"PropertyValueSpecification","valueRequired":true,"valueName":"search_term_string"}}],"inLanguage":"pt-BR"},{"@type":"Person","@id":"https:\/\/www.gaveanews.com\/#\/schema\/person\/714c67050b836198af2450ba1c142a67","name":"Let\u00edcia Gerheim","image":{"@type":"ImageObject","inLanguage":"pt-BR","@id":"https:\/\/www.gaveanews.com\/#\/schema\/person\/image\/","url":"https:\/\/secure.gravatar.com\/avatar\/60734739c50fcebfbac509e2a826ccd0ff405c019bc73aab9354f19ecad1dcb4?s=96&d=mm&r=g","contentUrl":"https:\/\/secure.gravatar.com\/avatar\/60734739c50fcebfbac509e2a826ccd0ff405c019bc73aab9354f19ecad1dcb4?s=96&d=mm&r=g","caption":"Let\u00edcia Gerheim"}}]}},"_links":{"self":[{"href":"https:\/\/www.gaveanews.com\/index.php\/wp-json\/wp\/v2\/posts\/51298","targetHints":{"allow":["GET"]}}],"collection":[{"href":"https:\/\/www.gaveanews.com\/index.php\/wp-json\/wp\/v2\/posts"}],"about":[{"href":"https:\/\/www.gaveanews.com\/index.php\/wp-json\/wp\/v2\/types\/post"}],"author":[{"embeddable":true,"href":"https:\/\/www.gaveanews.com\/index.php\/wp-json\/wp\/v2\/users\/4"}],"replies":[{"embeddable":true,"href":"https:\/\/www.gaveanews.com\/index.php\/wp-json\/wp\/v2\/comments?post=51298"}],"version-history":[{"count":0,"href":"https:\/\/www.gaveanews.com\/index.php\/wp-json\/wp\/v2\/posts\/51298\/revisions"}],"wp:featuredmedia":[{"embeddable":true,"href":"https:\/\/www.gaveanews.com\/index.php\/wp-json\/wp\/v2\/media\/14950"}],"wp:attachment":[{"href":"https:\/\/www.gaveanews.com\/index.php\/wp-json\/wp\/v2\/media?parent=51298"}],"wp:term":[{"taxonomy":"category","embeddable":true,"href":"https:\/\/www.gaveanews.com\/index.php\/wp-json\/wp\/v2\/categories?post=51298"},{"taxonomy":"post_tag","embeddable":true,"href":"https:\/\/www.gaveanews.com\/index.php\/wp-json\/wp\/v2\/tags?post=51298"}],"curies":[{"name":"wp","href":"https:\/\/api.w.org\/{rel}","templated":true}]}}