{"id":51694,"date":"2020-11-16T10:57:38","date_gmt":"2020-11-16T13:57:38","guid":{"rendered":"https:\/\/www.gaveanews.com\/?p=51694"},"modified":"2020-11-16T10:57:42","modified_gmt":"2020-11-16T13:57:42","slug":"com-lesoes-nas-selecoes-e-datas-fifa-convocados-ja-desfalcaram-o-flamengo-35-vezes","status":"publish","type":"post","link":"https:\/\/www.gaveanews.com\/index.php\/2020\/11\/16\/com-lesoes-nas-selecoes-e-datas-fifa-convocados-ja-desfalcaram-o-flamengo-35-vezes\/","title":{"rendered":"Com les\u00f5es nas sele\u00e7\u00f5es e Datas Fifa, convocados j\u00e1 desfalcaram o Flamengo 35 vezes"},"content":{"rendered":"\n<p>O retorno de Pedro ao Ninho do Urubu, ap\u00f3s ser cortado da Sele\u00e7\u00e3o Brasileira por conta de uma les\u00e3o muscular na coxa direita neste fim de semana, exp\u00f5e um problema o qual o Flamengo est\u00e1 convivendo desde o outubro, quando as Eliminat\u00f3rias Sul-Americanas voltaram a ser disputadas.<\/p>\n\n\n\n<p>Os cinco jogadores convocados nas duas Datas Fifa (tr\u00eas pelo Brasil, um pelo Uruguai e um pelo Chile) j\u00e1 desfalcaram o time da G\u00e1vea 35 vezes neste per\u00edodo, levando-se em conta jogos com datas coincidentes e as aus\u00eancias em partidas do clube por parte de atletas que se reapresentaram lesionados ap\u00f3s atuarem nas sele\u00e7\u00f5es.<\/p>\n\n\n\n<p>As 35 vezes citadas, portanto, representam o n\u00famero de oportunidades que um jogador desfalcou o Flamengo em fun\u00e7\u00e3o dos crit\u00e9rios citados acima. Na partida contra o Goi\u00e1s, em 13 de outubro, Everton Ribeiro, Rodrigo Caio, Arrascaeta e Isla n\u00e3o puderam atuar por estarem a servi\u00e7o de suas sele\u00e7\u00f5es &#8211; representando quatro vezes, por exemplo.\u00a0<strong>Confira a lista completa abaixo.<\/strong><\/p>\n\n\n\n<p>Rodrigo Caio \u00e9 o recordista negativo neste aspecto. Contando com o empate em 1 a 1 com o Atl\u00e9tico, no \u00faltimo s\u00e1bado, o zagueiro j\u00e1 desfalcou o Flamengo 13 vezes desde que se apresentou \u00e0 Sele\u00e7\u00e3o Brasileira para os jogos contra a Bol\u00edvia e o Peru, nos dias 9 e 13 de outubro, respectivamente. O camisa 3, pilar da defesa rubro-negra, \u00e9 desfalque certo para o jogo decisivo de quarta-feira, contra o S\u00e3o Paulo no Morumbi, que vale vaga na semifinal da Copa do Brasil.<\/p>\n\n\n\n<p>Everton Ribeiro, Pedro e Isla tamb\u00e9m n\u00e3o devem estar \u00e0 disposi\u00e7\u00e3o de Rog\u00e9rio Ceni. Ap\u00f3s perder por 2 a 1 no Rio,, o Flamengo precisa de uma vit\u00f3ria simples para for\u00e7ar a decis\u00e3o nos p\u00eanaltis, enquanto o S\u00e3o Paulo joga por um empate.<\/p>\n\n\n\n<h3 class=\"wp-block-heading\" id=\"h-everton-5-jogos-fora\"><strong>Everton &#8211; 5 jogos fora<\/strong><\/h3>\n\n\n\n<p><strong>Convocado pelo Brasil para a 1\u00aa e 2\u00aa rodada das Eliminat\u00f3rias Sul-Americanas, em 9 e 13\/10,\u00a0Everton Ribeiro<\/strong>\u00a0ficou de fora contra o Sport, Vasco e Goi\u00e1s, e voltou, sem problemas, e atuou contra o Red Bull Bragantino, no dia 15\/10.<\/p>\n\n\n\n<p>Depois, o meia foi convocado para a 3\u00aa e 4\u00aa rodada das Eliminat\u00f3rias, em 13 e 17\/11, e foi baixa nos jogos contra o S\u00e3o Paulo e Atl\u00e9tico-GO, na \u00faltima semana.<\/p>\n\n\n\n<h3 class=\"wp-block-heading\" id=\"h-rodrigo-caio-13-jogos-fora\"><strong>Rodrigo Caio &#8211; 13 jogos fora<\/strong><\/h3>\n\n\n\n<p><strong>Convocados pelo Brasil para a 1\u00aa e 2\u00aa rodada das Eliminat\u00f3rias Sul-Americanas, em 9 e 13\/10,\u00a0<\/strong>Rodrigo Caio ficou de fora dos jogos contra o Sport, Vasco e Goi\u00e1s, e retornou com desgaste muscular e, conforme informado pelo clube posteriormente, foi diagnosticado com um edema \u00f3sseo no joelho direito.<\/p>\n\n\n\n<p>Assim, ainda n\u00e3o retornou aos jogos do Flamengo e foi baixa contra Red Bull Bragantino, Corinthians, Junior Barranquilla, Internacional, Athletico, S\u00e3o Paulo, Athletico, Atl\u00e9tico-MG, S\u00e3o Paulo e Atl\u00e9tico-GO. Ainda est\u00e1 em recupera\u00e7\u00e3o.<\/p>\n\n\n\n<h3 class=\"wp-block-heading\" id=\"h-isla-4-jogos-fora\"><strong>Isla &#8211; 4 jogos fora<\/strong><\/h3>\n\n\n\n<p><strong>Convocado pelo Chile para a 2\u00aa rodada das Eliminat\u00f3rias Sul-Americanas, em 13 de outubro, Maur\u00edcio Isla<\/strong>\u00a0ficou de fora dos jogos contra Vasco e Goi\u00e1s. Depois, foi chamado para para a 3\u00aa e 4\u00aa rodada das Eliminat\u00f3rias, em 13 e 17 de novembro, pela La Roja e perdeu os jogos contra o o S\u00e3o Paulo e Atl\u00e9tico-GO.<\/p>\n\n\n\n<h3 class=\"wp-block-heading\" id=\"h-arrascaeta-11-jogos-fora\"><strong>Arrascaeta &#8211; 11 jogos fora<\/strong><\/h3>\n\n\n\n<p><strong>Convocado pelo Uruguai para a 1\u00aa e 2\u00aa rodada das Eliminat\u00f3rias, em 8 e 13 de outubro, Arrascaeta<\/strong>\u00a0ficou de fora dos jogos contra o Sport, Vasco e Goi\u00e1s, e retornou lesionado. Assim, tamb\u00e9m ficou fora contra Red Bull Bragantino, Corinthians, Junior Barranquilla, Inter, Athletico, S\u00e3o Paulo, Athletico e Galo.<\/p>\n\n\n\n<h3 class=\"wp-block-heading\" id=\"h-pedro-2-jogos-fora\">Pedro<strong> &#8211; 2 jogos fora<\/strong><\/h3>\n\n\n\n<p><strong>Convocado para a 3\u00aa e 4\u00aa rodada das Eliminat\u00f3rias Sul-Americanas, em 13 e 17 de novembro, Pedro<\/strong>\u00a0ficou fora das partidas contra o S\u00e3o Paulo e Atl\u00e9tico-GO, reapresentando-se no CT do Ninho do Urubu neste domingo, 15\/11, lesionado.<\/p>\n\n\n\n<p>Retirado de: Lance<\/p>\n","protected":false},"excerpt":{"rendered":"<p>O retorno de Pedro ao Ninho do Urubu, ap\u00f3s ser cortado da Sele\u00e7\u00e3o Brasileira por conta de uma les\u00e3o muscular na coxa direita neste fim de semana, exp\u00f5e um problema o qual o Flamengo est\u00e1 convivendo desde o outubro, quando as Eliminat\u00f3rias Sul-Americanas voltaram a ser disputadas. Os cinco jogadores convocados nas duas Datas Fifa [&hellip;]<\/p>\n","protected":false},"author":1,"featured_media":48784,"comment_status":"open","ping_status":"closed","sticky":false,"template":"","format":"standard","meta":{"footnotes":""},"categories":[1],"tags":[],"class_list":["post-51694","post","type-post","status-publish","format-standard","has-post-thumbnail","hentry","category-flamengo"],"yoast_head":"<!-- This site is optimized with the Yoast SEO Premium plugin v24.2 (Yoast SEO v26.9) - https:\/\/yoast.com\/product\/yoast-seo-premium-wordpress\/ -->\n<title>Com les\u00f5es nas sele\u00e7\u00f5es e Datas Fifa, convocados j\u00e1 desfalcaram o Flamengo 35 vezes<\/title>\n<meta name=\"robots\" content=\"index, follow, max-snippet:-1, max-image-preview:large, max-video-preview:-1\" \/>\n<link rel=\"canonical\" href=\"https:\/\/www.gaveanews.com\/index.php\/2020\/11\/16\/com-lesoes-nas-selecoes-e-datas-fifa-convocados-ja-desfalcaram-o-flamengo-35-vezes\/\" \/>\n<meta property=\"og:locale\" content=\"pt_BR\" \/>\n<meta property=\"og:type\" content=\"article\" \/>\n<meta property=\"og:title\" content=\"Com les\u00f5es nas sele\u00e7\u00f5es e Datas Fifa, convocados j\u00e1 desfalcaram o Flamengo 35 vezes\" \/>\n<meta property=\"og:description\" content=\"O retorno de Pedro ao Ninho do Urubu, ap\u00f3s ser cortado da Sele\u00e7\u00e3o Brasileira por conta de uma les\u00e3o muscular na coxa direita neste fim de semana, exp\u00f5e um problema o qual o Flamengo est\u00e1 convivendo desde o outubro, quando as Eliminat\u00f3rias Sul-Americanas voltaram a ser disputadas. Os cinco jogadores convocados nas duas Datas Fifa [&hellip;]\" \/>\n<meta property=\"og:url\" content=\"https:\/\/www.gaveanews.com\/index.php\/2020\/11\/16\/com-lesoes-nas-selecoes-e-datas-fifa-convocados-ja-desfalcaram-o-flamengo-35-vezes\/\" \/>\n<meta property=\"og:site_name\" content=\"G\u00e1vea News\" \/>\n<meta property=\"article:publisher\" content=\"https:\/\/facebook.com\/gaveaNews\/\" \/>\n<meta property=\"article:published_time\" content=\"2020-11-16T13:57:38+00:00\" \/>\n<meta property=\"article:modified_time\" content=\"2020-11-16T13:57:42+00:00\" \/>\n<meta property=\"og:image\" content=\"https:\/\/www.gaveanews.com\/wp-content\/uploads\/Everton-Ribeiro-durante-treinamento-do-Brasil.webp\" \/>\n\t<meta property=\"og:image:width\" content=\"1024\" \/>\n\t<meta property=\"og:image:height\" content=\"683\" \/>\n\t<meta property=\"og:image:type\" content=\"image\/jpeg\" \/>\n<meta name=\"author\" content=\"Equipe G\u00e1vea News\" \/>\n<meta name=\"twitter:card\" content=\"summary_large_image\" \/>\n<meta name=\"twitter:label1\" content=\"Escrito por\" \/>\n\t<meta name=\"twitter:data1\" content=\"Equipe G\u00e1vea News\" \/>\n\t<meta name=\"twitter:label2\" content=\"Est. tempo de leitura\" \/>\n\t<meta name=\"twitter:data2\" content=\"3 minutos\" \/>\n<script type=\"application\/ld+json\" class=\"yoast-schema-graph\">{\"@context\":\"https:\/\/schema.org\",\"@graph\":[{\"@type\":\"NewsArticle\",\"@id\":\"https:\/\/www.gaveanews.com\/index.php\/2020\/11\/16\/com-lesoes-nas-selecoes-e-datas-fifa-convocados-ja-desfalcaram-o-flamengo-35-vezes\/#article\",\"isPartOf\":{\"@id\":\"https:\/\/www.gaveanews.com\/index.php\/2020\/11\/16\/com-lesoes-nas-selecoes-e-datas-fifa-convocados-ja-desfalcaram-o-flamengo-35-vezes\/\"},\"author\":{\"name\":\"Equipe G\u00e1vea News\",\"@id\":\"https:\/\/www.gaveanews.com\/#\/schema\/person\/2ec14f73fb96be2caf28f91afb14749d\"},\"headline\":\"Com les\u00f5es nas sele\u00e7\u00f5es e Datas Fifa, convocados j\u00e1 desfalcaram o Flamengo 35 vezes\",\"datePublished\":\"2020-11-16T13:57:38+00:00\",\"dateModified\":\"2020-11-16T13:57:42+00:00\",\"mainEntityOfPage\":{\"@id\":\"https:\/\/www.gaveanews.com\/index.php\/2020\/11\/16\/com-lesoes-nas-selecoes-e-datas-fifa-convocados-ja-desfalcaram-o-flamengo-35-vezes\/\"},\"wordCount\":641,\"commentCount\":8,\"image\":{\"@id\":\"https:\/\/www.gaveanews.com\/index.php\/2020\/11\/16\/com-lesoes-nas-selecoes-e-datas-fifa-convocados-ja-desfalcaram-o-flamengo-35-vezes\/#primaryimage\"},\"thumbnailUrl\":\"https:\/\/www.gaveanews.com\/wp-content\/uploads\/Everton-Ribeiro-durante-treinamento-do-Brasil.webp\",\"articleSection\":[\"Flamengo\"],\"inLanguage\":\"pt-BR\",\"potentialAction\":[{\"@type\":\"CommentAction\",\"name\":\"Comment\",\"target\":[\"https:\/\/www.gaveanews.com\/index.php\/2020\/11\/16\/com-lesoes-nas-selecoes-e-datas-fifa-convocados-ja-desfalcaram-o-flamengo-35-vezes\/#respond\"]}],\"copyrightYear\":\"2020\",\"copyrightHolder\":{\"@id\":\"https:\/\/www.gaveanews.com\/#organization\"}},{\"@type\":\"WebPage\",\"@id\":\"https:\/\/www.gaveanews.com\/index.php\/2020\/11\/16\/com-lesoes-nas-selecoes-e-datas-fifa-convocados-ja-desfalcaram-o-flamengo-35-vezes\/\",\"url\":\"https:\/\/www.gaveanews.com\/index.php\/2020\/11\/16\/com-lesoes-nas-selecoes-e-datas-fifa-convocados-ja-desfalcaram-o-flamengo-35-vezes\/\",\"name\":\"Com les\u00f5es nas sele\u00e7\u00f5es e Datas Fifa, convocados j\u00e1 desfalcaram o Flamengo 35 vezes\",\"isPartOf\":{\"@id\":\"https:\/\/www.gaveanews.com\/#website\"},\"primaryImageOfPage\":{\"@id\":\"https:\/\/www.gaveanews.com\/index.php\/2020\/11\/16\/com-lesoes-nas-selecoes-e-datas-fifa-convocados-ja-desfalcaram-o-flamengo-35-vezes\/#primaryimage\"},\"image\":{\"@id\":\"https:\/\/www.gaveanews.com\/index.php\/2020\/11\/16\/com-lesoes-nas-selecoes-e-datas-fifa-convocados-ja-desfalcaram-o-flamengo-35-vezes\/#primaryimage\"},\"thumbnailUrl\":\"https:\/\/www.gaveanews.com\/wp-content\/uploads\/Everton-Ribeiro-durante-treinamento-do-Brasil.webp\",\"datePublished\":\"2020-11-16T13:57:38+00:00\",\"dateModified\":\"2020-11-16T13:57:42+00:00\",\"author\":{\"@id\":\"https:\/\/www.gaveanews.com\/#\/schema\/person\/2ec14f73fb96be2caf28f91afb14749d\"},\"breadcrumb\":{\"@id\":\"https:\/\/www.gaveanews.com\/index.php\/2020\/11\/16\/com-lesoes-nas-selecoes-e-datas-fifa-convocados-ja-desfalcaram-o-flamengo-35-vezes\/#breadcrumb\"},\"inLanguage\":\"pt-BR\",\"potentialAction\":[{\"@type\":\"ReadAction\",\"target\":[\"https:\/\/www.gaveanews.com\/index.php\/2020\/11\/16\/com-lesoes-nas-selecoes-e-datas-fifa-convocados-ja-desfalcaram-o-flamengo-35-vezes\/\"]}]},{\"@type\":\"ImageObject\",\"inLanguage\":\"pt-BR\",\"@id\":\"https:\/\/www.gaveanews.com\/index.php\/2020\/11\/16\/com-lesoes-nas-selecoes-e-datas-fifa-convocados-ja-desfalcaram-o-flamengo-35-vezes\/#primaryimage\",\"url\":\"https:\/\/www.gaveanews.com\/wp-content\/uploads\/Everton-Ribeiro-durante-treinamento-do-Brasil.webp\",\"contentUrl\":\"https:\/\/www.gaveanews.com\/wp-content\/uploads\/Everton-Ribeiro-durante-treinamento-do-Brasil.webp\",\"width\":1024,\"height\":683,\"caption\":\"Everton Ribeiro durante treinamento do Brasil (Foto: Lucas Figueiredo\/CBF)\"},{\"@type\":\"BreadcrumbList\",\"@id\":\"https:\/\/www.gaveanews.com\/index.php\/2020\/11\/16\/com-lesoes-nas-selecoes-e-datas-fifa-convocados-ja-desfalcaram-o-flamengo-35-vezes\/#breadcrumb\",\"itemListElement\":[{\"@type\":\"ListItem\",\"position\":1,\"name\":\"Home\",\"item\":\"https:\/\/www.gaveanews.com\/\"},{\"@type\":\"ListItem\",\"position\":2,\"name\":\"Com les\u00f5es nas sele\u00e7\u00f5es e Datas Fifa, convocados j\u00e1 desfalcaram o Flamengo 35 vezes\"}]},{\"@type\":\"WebSite\",\"@id\":\"https:\/\/www.gaveanews.com\/#website\",\"url\":\"https:\/\/www.gaveanews.com\/\",\"name\":\"G\u00e1vea News\",\"description\":\"Veja todas as not\u00edcias sobre o Flamengo: Contrata\u00e7\u00f5es, categorias de base, resultados das partidas, tabela de classifica\u00e7\u00e3o, pr\u00f3ximos jogos!\",\"potentialAction\":[{\"@type\":\"SearchAction\",\"target\":{\"@type\":\"EntryPoint\",\"urlTemplate\":\"https:\/\/www.gaveanews.com\/?s={search_term_string}\"},\"query-input\":{\"@type\":\"PropertyValueSpecification\",\"valueRequired\":true,\"valueName\":\"search_term_string\"}}],\"inLanguage\":\"pt-BR\"},{\"@type\":\"Person\",\"@id\":\"https:\/\/www.gaveanews.com\/#\/schema\/person\/2ec14f73fb96be2caf28f91afb14749d\",\"name\":\"Equipe G\u00e1vea News\",\"image\":{\"@type\":\"ImageObject\",\"inLanguage\":\"pt-BR\",\"@id\":\"https:\/\/www.gaveanews.com\/#\/schema\/person\/image\/\",\"url\":\"https:\/\/secure.gravatar.com\/avatar\/1e1956f1facbffd3f8fa53a326721950116b3b9dc9bd44939c01180fd4a745a9?s=96&d=mm&r=g\",\"contentUrl\":\"https:\/\/secure.gravatar.com\/avatar\/1e1956f1facbffd3f8fa53a326721950116b3b9dc9bd44939c01180fd4a745a9?s=96&d=mm&r=g\",\"caption\":\"Equipe G\u00e1vea News\"}}]}<\/script>\n<!-- \/ Yoast SEO Premium plugin. -->","yoast_head_json":{"title":"Com les\u00f5es nas sele\u00e7\u00f5es e Datas Fifa, convocados j\u00e1 desfalcaram o Flamengo 35 vezes","robots":{"index":"index","follow":"follow","max-snippet":"max-snippet:-1","max-image-preview":"max-image-preview:large","max-video-preview":"max-video-preview:-1"},"canonical":"https:\/\/www.gaveanews.com\/index.php\/2020\/11\/16\/com-lesoes-nas-selecoes-e-datas-fifa-convocados-ja-desfalcaram-o-flamengo-35-vezes\/","og_locale":"pt_BR","og_type":"article","og_title":"Com les\u00f5es nas sele\u00e7\u00f5es e Datas Fifa, convocados j\u00e1 desfalcaram o Flamengo 35 vezes","og_description":"O retorno de Pedro ao Ninho do Urubu, ap\u00f3s ser cortado da Sele\u00e7\u00e3o Brasileira por conta de uma les\u00e3o muscular na coxa direita neste fim de semana, exp\u00f5e um problema o qual o Flamengo est\u00e1 convivendo desde o outubro, quando as Eliminat\u00f3rias Sul-Americanas voltaram a ser disputadas. Os cinco jogadores convocados nas duas Datas Fifa [&hellip;]","og_url":"https:\/\/www.gaveanews.com\/index.php\/2020\/11\/16\/com-lesoes-nas-selecoes-e-datas-fifa-convocados-ja-desfalcaram-o-flamengo-35-vezes\/","og_site_name":"G\u00e1vea News","article_publisher":"https:\/\/facebook.com\/gaveaNews\/","article_published_time":"2020-11-16T13:57:38+00:00","article_modified_time":"2020-11-16T13:57:42+00:00","og_image":[{"width":1024,"height":683,"url":"https:\/\/www.gaveanews.com\/wp-content\/uploads\/Everton-Ribeiro-durante-treinamento-do-Brasil.webp","type":"image\/jpeg"}],"author":"Equipe G\u00e1vea News","twitter_card":"summary_large_image","twitter_misc":{"Escrito por":"Equipe G\u00e1vea News","Est. tempo de leitura":"3 minutos"},"schema":{"@context":"https:\/\/schema.org","@graph":[{"@type":"NewsArticle","@id":"https:\/\/www.gaveanews.com\/index.php\/2020\/11\/16\/com-lesoes-nas-selecoes-e-datas-fifa-convocados-ja-desfalcaram-o-flamengo-35-vezes\/#article","isPartOf":{"@id":"https:\/\/www.gaveanews.com\/index.php\/2020\/11\/16\/com-lesoes-nas-selecoes-e-datas-fifa-convocados-ja-desfalcaram-o-flamengo-35-vezes\/"},"author":{"name":"Equipe G\u00e1vea News","@id":"https:\/\/www.gaveanews.com\/#\/schema\/person\/2ec14f73fb96be2caf28f91afb14749d"},"headline":"Com les\u00f5es nas sele\u00e7\u00f5es e Datas Fifa, convocados j\u00e1 desfalcaram o Flamengo 35 vezes","datePublished":"2020-11-16T13:57:38+00:00","dateModified":"2020-11-16T13:57:42+00:00","mainEntityOfPage":{"@id":"https:\/\/www.gaveanews.com\/index.php\/2020\/11\/16\/com-lesoes-nas-selecoes-e-datas-fifa-convocados-ja-desfalcaram-o-flamengo-35-vezes\/"},"wordCount":641,"commentCount":8,"image":{"@id":"https:\/\/www.gaveanews.com\/index.php\/2020\/11\/16\/com-lesoes-nas-selecoes-e-datas-fifa-convocados-ja-desfalcaram-o-flamengo-35-vezes\/#primaryimage"},"thumbnailUrl":"https:\/\/www.gaveanews.com\/wp-content\/uploads\/Everton-Ribeiro-durante-treinamento-do-Brasil.webp","articleSection":["Flamengo"],"inLanguage":"pt-BR","potentialAction":[{"@type":"CommentAction","name":"Comment","target":["https:\/\/www.gaveanews.com\/index.php\/2020\/11\/16\/com-lesoes-nas-selecoes-e-datas-fifa-convocados-ja-desfalcaram-o-flamengo-35-vezes\/#respond"]}],"copyrightYear":"2020","copyrightHolder":{"@id":"https:\/\/www.gaveanews.com\/#organization"}},{"@type":"WebPage","@id":"https:\/\/www.gaveanews.com\/index.php\/2020\/11\/16\/com-lesoes-nas-selecoes-e-datas-fifa-convocados-ja-desfalcaram-o-flamengo-35-vezes\/","url":"https:\/\/www.gaveanews.com\/index.php\/2020\/11\/16\/com-lesoes-nas-selecoes-e-datas-fifa-convocados-ja-desfalcaram-o-flamengo-35-vezes\/","name":"Com les\u00f5es nas sele\u00e7\u00f5es e Datas Fifa, convocados j\u00e1 desfalcaram o Flamengo 35 vezes","isPartOf":{"@id":"https:\/\/www.gaveanews.com\/#website"},"primaryImageOfPage":{"@id":"https:\/\/www.gaveanews.com\/index.php\/2020\/11\/16\/com-lesoes-nas-selecoes-e-datas-fifa-convocados-ja-desfalcaram-o-flamengo-35-vezes\/#primaryimage"},"image":{"@id":"https:\/\/www.gaveanews.com\/index.php\/2020\/11\/16\/com-lesoes-nas-selecoes-e-datas-fifa-convocados-ja-desfalcaram-o-flamengo-35-vezes\/#primaryimage"},"thumbnailUrl":"https:\/\/www.gaveanews.com\/wp-content\/uploads\/Everton-Ribeiro-durante-treinamento-do-Brasil.webp","datePublished":"2020-11-16T13:57:38+00:00","dateModified":"2020-11-16T13:57:42+00:00","author":{"@id":"https:\/\/www.gaveanews.com\/#\/schema\/person\/2ec14f73fb96be2caf28f91afb14749d"},"breadcrumb":{"@id":"https:\/\/www.gaveanews.com\/index.php\/2020\/11\/16\/com-lesoes-nas-selecoes-e-datas-fifa-convocados-ja-desfalcaram-o-flamengo-35-vezes\/#breadcrumb"},"inLanguage":"pt-BR","potentialAction":[{"@type":"ReadAction","target":["https:\/\/www.gaveanews.com\/index.php\/2020\/11\/16\/com-lesoes-nas-selecoes-e-datas-fifa-convocados-ja-desfalcaram-o-flamengo-35-vezes\/"]}]},{"@type":"ImageObject","inLanguage":"pt-BR","@id":"https:\/\/www.gaveanews.com\/index.php\/2020\/11\/16\/com-lesoes-nas-selecoes-e-datas-fifa-convocados-ja-desfalcaram-o-flamengo-35-vezes\/#primaryimage","url":"https:\/\/www.gaveanews.com\/wp-content\/uploads\/Everton-Ribeiro-durante-treinamento-do-Brasil.webp","contentUrl":"https:\/\/www.gaveanews.com\/wp-content\/uploads\/Everton-Ribeiro-durante-treinamento-do-Brasil.webp","width":1024,"height":683,"caption":"Everton Ribeiro durante treinamento do Brasil (Foto: Lucas Figueiredo\/CBF)"},{"@type":"BreadcrumbList","@id":"https:\/\/www.gaveanews.com\/index.php\/2020\/11\/16\/com-lesoes-nas-selecoes-e-datas-fifa-convocados-ja-desfalcaram-o-flamengo-35-vezes\/#breadcrumb","itemListElement":[{"@type":"ListItem","position":1,"name":"Home","item":"https:\/\/www.gaveanews.com\/"},{"@type":"ListItem","position":2,"name":"Com les\u00f5es nas sele\u00e7\u00f5es e Datas Fifa, convocados j\u00e1 desfalcaram o Flamengo 35 vezes"}]},{"@type":"WebSite","@id":"https:\/\/www.gaveanews.com\/#website","url":"https:\/\/www.gaveanews.com\/","name":"G\u00e1vea News","description":"Veja todas as not\u00edcias sobre o Flamengo: Contrata\u00e7\u00f5es, categorias de base, resultados das partidas, tabela de classifica\u00e7\u00e3o, pr\u00f3ximos jogos!","potentialAction":[{"@type":"SearchAction","target":{"@type":"EntryPoint","urlTemplate":"https:\/\/www.gaveanews.com\/?s={search_term_string}"},"query-input":{"@type":"PropertyValueSpecification","valueRequired":true,"valueName":"search_term_string"}}],"inLanguage":"pt-BR"},{"@type":"Person","@id":"https:\/\/www.gaveanews.com\/#\/schema\/person\/2ec14f73fb96be2caf28f91afb14749d","name":"Equipe G\u00e1vea News","image":{"@type":"ImageObject","inLanguage":"pt-BR","@id":"https:\/\/www.gaveanews.com\/#\/schema\/person\/image\/","url":"https:\/\/secure.gravatar.com\/avatar\/1e1956f1facbffd3f8fa53a326721950116b3b9dc9bd44939c01180fd4a745a9?s=96&d=mm&r=g","contentUrl":"https:\/\/secure.gravatar.com\/avatar\/1e1956f1facbffd3f8fa53a326721950116b3b9dc9bd44939c01180fd4a745a9?s=96&d=mm&r=g","caption":"Equipe G\u00e1vea News"}}]}},"_links":{"self":[{"href":"https:\/\/www.gaveanews.com\/index.php\/wp-json\/wp\/v2\/posts\/51694","targetHints":{"allow":["GET"]}}],"collection":[{"href":"https:\/\/www.gaveanews.com\/index.php\/wp-json\/wp\/v2\/posts"}],"about":[{"href":"https:\/\/www.gaveanews.com\/index.php\/wp-json\/wp\/v2\/types\/post"}],"author":[{"embeddable":true,"href":"https:\/\/www.gaveanews.com\/index.php\/wp-json\/wp\/v2\/users\/1"}],"replies":[{"embeddable":true,"href":"https:\/\/www.gaveanews.com\/index.php\/wp-json\/wp\/v2\/comments?post=51694"}],"version-history":[{"count":0,"href":"https:\/\/www.gaveanews.com\/index.php\/wp-json\/wp\/v2\/posts\/51694\/revisions"}],"wp:featuredmedia":[{"embeddable":true,"href":"https:\/\/www.gaveanews.com\/index.php\/wp-json\/wp\/v2\/media\/48784"}],"wp:attachment":[{"href":"https:\/\/www.gaveanews.com\/index.php\/wp-json\/wp\/v2\/media?parent=51694"}],"wp:term":[{"taxonomy":"category","embeddable":true,"href":"https:\/\/www.gaveanews.com\/index.php\/wp-json\/wp\/v2\/categories?post=51694"},{"taxonomy":"post_tag","embeddable":true,"href":"https:\/\/www.gaveanews.com\/index.php\/wp-json\/wp\/v2\/tags?post=51694"}],"curies":[{"name":"wp","href":"https:\/\/api.w.org\/{rel}","templated":true}]}}