{"id":51747,"date":"2020-11-17T06:45:47","date_gmt":"2020-11-17T09:45:47","guid":{"rendered":"https:\/\/www.gaveanews.com\/?p=51747"},"modified":"2020-11-17T01:52:31","modified_gmt":"2020-11-17T04:52:31","slug":"apresentador-diz-que-ceni-ira-se-complicar-caso-flamengo-seja-eliminado","status":"publish","type":"post","link":"https:\/\/www.gaveanews.com\/index.php\/2020\/11\/17\/apresentador-diz-que-ceni-ira-se-complicar-caso-flamengo-seja-eliminado\/","title":{"rendered":"Apresentador diz que Ceni ir\u00e1 se complicar caso Flamengo seja eliminado"},"content":{"rendered":"\n<p>O resultado do confronto entre Flamengo e S\u00e3o Paulo pelas quartas de final da Copa do Brasil pode definir o clima que Rog\u00e9rio Ceni ter\u00e1 sob o comando do Flamengo. Pelo menos \u00e9 o que diz o apresentador Milton Neves. Segundo ele, uma elimina\u00e7\u00e3o do Rubro-Negro para o time paulista na pr\u00f3xima quarta-feira pode transformar a vida de Ceni em um &#8220;inferno&#8221;. Milton ainda analisou os \u00faltimos jogos do clube da G\u00e1vea e teme que o treinador se &#8220;queime&#8221;.<\/p>\n\n\n\n<p>&#8220;Infelizmente, vejo Rog\u00e9rio Ceni, o melhor t\u00e9cnico da atualidade, em maus len\u00e7\u00f3is nesse seu in\u00edcio de trabalho l\u00e1 na G\u00e1vea. A derrota para o S\u00e3o Paulo em sua estreia, por mais que o Tricolor n\u00e3o merecesse vencer no Maracan\u00e3 j\u00e1 esfriou um pouco da empolga\u00e7\u00e3o. J\u00e1 o empate, jogando mal, diante do Atl\u00e9tico-GO, colocou uma pulga atr\u00e1s da orelha do flamenguistas&#8221;, escreveu Milton Neves em seu blog no site Uol.<\/p>\n\n\n\n<p>Al\u00e9m de entender que o momento em que o ex-goleiro assumiu o Flamengo n\u00e3o tenha sido dos melhores, o apresentador falou sobre os reflexos de uma queda na competi\u00e7\u00e3o nacional.<\/p>\n\n\n\n<p>&#8220;Agora imagine ent\u00e3o o que acontecer\u00e1 em uma poss\u00edvel elimina\u00e7\u00e3o da Copa do Brasil? A vida de Rog\u00e9rio no Fla pode virar um inferno! E isso \u00e0s v\u00e9speras dos jogos decisivos contra o Racing, pela Libertadores. Temo que o nosso melhor t\u00e9cnico da atualidade se &#8216;queime'&#8221;, complementou.<\/p>\n\n\n\n<p>O Flamengo enfrenta o S\u00e3o Paulo pelo jogo de volta das quartas de final da Copa do Brasil na pr\u00f3xima quarta-feira, no Morumbi, \u00e0s 21h30. O Rubro-Negro tem que vencer a partida por dois gols de diferen\u00e7a para se classificar. Uma vit\u00f3ria simples do clube carioca leva a decis\u00e3o para os p\u00eanaltis.<\/p>\n\n\n\n<p>Retirado de: O Dia<\/p>\n","protected":false},"excerpt":{"rendered":"<p>O resultado do confronto entre Flamengo e S\u00e3o Paulo pelas quartas de final da Copa do Brasil pode definir o clima que Rog\u00e9rio Ceni ter\u00e1 sob o comando do Flamengo. Pelo menos \u00e9 o que diz o apresentador Milton Neves. Segundo ele, uma elimina\u00e7\u00e3o do Rubro-Negro para o time paulista na pr\u00f3xima quarta-feira pode transformar [&hellip;]<\/p>\n","protected":false},"author":1,"featured_media":51315,"comment_status":"open","ping_status":"closed","sticky":false,"template":"","format":"standard","meta":{"footnotes":""},"categories":[1],"tags":[],"class_list":["post-51747","post","type-post","status-publish","format-standard","has-post-thumbnail","hentry","category-flamengo"],"yoast_head":"<!-- This site is optimized with the Yoast SEO Premium plugin v24.2 (Yoast SEO v26.9) - https:\/\/yoast.com\/product\/yoast-seo-premium-wordpress\/ -->\n<title>Apresentador diz que Ceni ir\u00e1 se complicar caso Flamengo seja eliminado<\/title>\n<meta name=\"description\" content=\"O apresentador falou sobre os reflexos de uma poss\u00edvel queda do Flamengo na competi\u00e7\u00e3o nacional, contra o S\u00e3o Paulo.\" \/>\n<meta name=\"robots\" content=\"index, follow, max-snippet:-1, max-image-preview:large, max-video-preview:-1\" \/>\n<link rel=\"canonical\" href=\"https:\/\/www.gaveanews.com\/index.php\/2020\/11\/17\/apresentador-diz-que-ceni-ira-se-complicar-caso-flamengo-seja-eliminado\/\" \/>\n<meta property=\"og:locale\" content=\"pt_BR\" \/>\n<meta property=\"og:type\" content=\"article\" \/>\n<meta property=\"og:title\" content=\"Apresentador diz que Ceni ir\u00e1 se complicar caso Flamengo seja eliminado\" \/>\n<meta property=\"og:description\" content=\"O apresentador falou sobre os reflexos de uma poss\u00edvel queda do Flamengo na competi\u00e7\u00e3o nacional, contra o S\u00e3o Paulo.\" \/>\n<meta property=\"og:url\" content=\"https:\/\/www.gaveanews.com\/index.php\/2020\/11\/17\/apresentador-diz-que-ceni-ira-se-complicar-caso-flamengo-seja-eliminado\/\" \/>\n<meta property=\"og:site_name\" content=\"G\u00e1vea News\" \/>\n<meta property=\"article:publisher\" content=\"https:\/\/facebook.com\/gaveaNews\/\" \/>\n<meta property=\"article:published_time\" content=\"2020-11-17T09:45:47+00:00\" \/>\n<meta property=\"og:image\" content=\"https:\/\/www.gaveanews.com\/wp-content\/uploads\/Rogerio-Ceni-posa-para-foto-no-Ninho-do-Urubu.webp\" \/>\n\t<meta property=\"og:image:width\" content=\"800\" \/>\n\t<meta property=\"og:image:height\" content=\"533\" \/>\n\t<meta property=\"og:image:type\" content=\"image\/jpeg\" \/>\n<meta name=\"author\" content=\"Equipe G\u00e1vea News\" \/>\n<meta name=\"twitter:card\" content=\"summary_large_image\" \/>\n<meta name=\"twitter:label1\" content=\"Escrito por\" \/>\n\t<meta name=\"twitter:data1\" content=\"Equipe G\u00e1vea News\" \/>\n\t<meta name=\"twitter:label2\" content=\"Est. tempo de leitura\" \/>\n\t<meta name=\"twitter:data2\" content=\"2 minutos\" \/>\n<script type=\"application\/ld+json\" class=\"yoast-schema-graph\">{\"@context\":\"https:\/\/schema.org\",\"@graph\":[{\"@type\":\"NewsArticle\",\"@id\":\"https:\/\/www.gaveanews.com\/index.php\/2020\/11\/17\/apresentador-diz-que-ceni-ira-se-complicar-caso-flamengo-seja-eliminado\/#article\",\"isPartOf\":{\"@id\":\"https:\/\/www.gaveanews.com\/index.php\/2020\/11\/17\/apresentador-diz-que-ceni-ira-se-complicar-caso-flamengo-seja-eliminado\/\"},\"author\":{\"name\":\"Equipe G\u00e1vea News\",\"@id\":\"https:\/\/www.gaveanews.com\/#\/schema\/person\/2ec14f73fb96be2caf28f91afb14749d\"},\"headline\":\"Apresentador diz que Ceni ir\u00e1 se complicar caso Flamengo seja eliminado\",\"datePublished\":\"2020-11-17T09:45:47+00:00\",\"mainEntityOfPage\":{\"@id\":\"https:\/\/www.gaveanews.com\/index.php\/2020\/11\/17\/apresentador-diz-que-ceni-ira-se-complicar-caso-flamengo-seja-eliminado\/\"},\"wordCount\":322,\"commentCount\":39,\"image\":{\"@id\":\"https:\/\/www.gaveanews.com\/index.php\/2020\/11\/17\/apresentador-diz-que-ceni-ira-se-complicar-caso-flamengo-seja-eliminado\/#primaryimage\"},\"thumbnailUrl\":\"https:\/\/www.gaveanews.com\/wp-content\/uploads\/Rogerio-Ceni-posa-para-foto-no-Ninho-do-Urubu.webp\",\"articleSection\":[\"Flamengo\"],\"inLanguage\":\"pt-BR\",\"potentialAction\":[{\"@type\":\"CommentAction\",\"name\":\"Comment\",\"target\":[\"https:\/\/www.gaveanews.com\/index.php\/2020\/11\/17\/apresentador-diz-que-ceni-ira-se-complicar-caso-flamengo-seja-eliminado\/#respond\"]}],\"copyrightYear\":\"2020\",\"copyrightHolder\":{\"@id\":\"https:\/\/www.gaveanews.com\/#organization\"}},{\"@type\":\"WebPage\",\"@id\":\"https:\/\/www.gaveanews.com\/index.php\/2020\/11\/17\/apresentador-diz-que-ceni-ira-se-complicar-caso-flamengo-seja-eliminado\/\",\"url\":\"https:\/\/www.gaveanews.com\/index.php\/2020\/11\/17\/apresentador-diz-que-ceni-ira-se-complicar-caso-flamengo-seja-eliminado\/\",\"name\":\"Apresentador diz que Ceni ir\u00e1 se complicar caso Flamengo seja eliminado\",\"isPartOf\":{\"@id\":\"https:\/\/www.gaveanews.com\/#website\"},\"primaryImageOfPage\":{\"@id\":\"https:\/\/www.gaveanews.com\/index.php\/2020\/11\/17\/apresentador-diz-que-ceni-ira-se-complicar-caso-flamengo-seja-eliminado\/#primaryimage\"},\"image\":{\"@id\":\"https:\/\/www.gaveanews.com\/index.php\/2020\/11\/17\/apresentador-diz-que-ceni-ira-se-complicar-caso-flamengo-seja-eliminado\/#primaryimage\"},\"thumbnailUrl\":\"https:\/\/www.gaveanews.com\/wp-content\/uploads\/Rogerio-Ceni-posa-para-foto-no-Ninho-do-Urubu.webp\",\"datePublished\":\"2020-11-17T09:45:47+00:00\",\"author\":{\"@id\":\"https:\/\/www.gaveanews.com\/#\/schema\/person\/2ec14f73fb96be2caf28f91afb14749d\"},\"description\":\"O apresentador falou sobre os reflexos de uma poss\u00edvel queda do Flamengo na competi\u00e7\u00e3o nacional, contra o S\u00e3o Paulo.\",\"breadcrumb\":{\"@id\":\"https:\/\/www.gaveanews.com\/index.php\/2020\/11\/17\/apresentador-diz-que-ceni-ira-se-complicar-caso-flamengo-seja-eliminado\/#breadcrumb\"},\"inLanguage\":\"pt-BR\",\"potentialAction\":[{\"@type\":\"ReadAction\",\"target\":[\"https:\/\/www.gaveanews.com\/index.php\/2020\/11\/17\/apresentador-diz-que-ceni-ira-se-complicar-caso-flamengo-seja-eliminado\/\"]}]},{\"@type\":\"ImageObject\",\"inLanguage\":\"pt-BR\",\"@id\":\"https:\/\/www.gaveanews.com\/index.php\/2020\/11\/17\/apresentador-diz-que-ceni-ira-se-complicar-caso-flamengo-seja-eliminado\/#primaryimage\",\"url\":\"https:\/\/www.gaveanews.com\/wp-content\/uploads\/Rogerio-Ceni-posa-para-foto-no-Ninho-do-Urubu.webp\",\"contentUrl\":\"https:\/\/www.gaveanews.com\/wp-content\/uploads\/Rogerio-Ceni-posa-para-foto-no-Ninho-do-Urubu.webp\",\"width\":800,\"height\":533,\"caption\":\"Rog\u00e9rio Ceni posa para foto no Ninho do Urubu (Foto: Alexandre Vidal\/Flamengo)\"},{\"@type\":\"BreadcrumbList\",\"@id\":\"https:\/\/www.gaveanews.com\/index.php\/2020\/11\/17\/apresentador-diz-que-ceni-ira-se-complicar-caso-flamengo-seja-eliminado\/#breadcrumb\",\"itemListElement\":[{\"@type\":\"ListItem\",\"position\":1,\"name\":\"Home\",\"item\":\"https:\/\/www.gaveanews.com\/\"},{\"@type\":\"ListItem\",\"position\":2,\"name\":\"Apresentador diz que Ceni ir\u00e1 se complicar caso Flamengo seja eliminado\"}]},{\"@type\":\"WebSite\",\"@id\":\"https:\/\/www.gaveanews.com\/#website\",\"url\":\"https:\/\/www.gaveanews.com\/\",\"name\":\"G\u00e1vea News\",\"description\":\"Veja todas as not\u00edcias sobre o Flamengo: Contrata\u00e7\u00f5es, categorias de base, resultados das partidas, tabela de classifica\u00e7\u00e3o, pr\u00f3ximos jogos!\",\"potentialAction\":[{\"@type\":\"SearchAction\",\"target\":{\"@type\":\"EntryPoint\",\"urlTemplate\":\"https:\/\/www.gaveanews.com\/?s={search_term_string}\"},\"query-input\":{\"@type\":\"PropertyValueSpecification\",\"valueRequired\":true,\"valueName\":\"search_term_string\"}}],\"inLanguage\":\"pt-BR\"},{\"@type\":\"Person\",\"@id\":\"https:\/\/www.gaveanews.com\/#\/schema\/person\/2ec14f73fb96be2caf28f91afb14749d\",\"name\":\"Equipe G\u00e1vea News\",\"image\":{\"@type\":\"ImageObject\",\"inLanguage\":\"pt-BR\",\"@id\":\"https:\/\/www.gaveanews.com\/#\/schema\/person\/image\/\",\"url\":\"https:\/\/secure.gravatar.com\/avatar\/1e1956f1facbffd3f8fa53a326721950116b3b9dc9bd44939c01180fd4a745a9?s=96&d=mm&r=g\",\"contentUrl\":\"https:\/\/secure.gravatar.com\/avatar\/1e1956f1facbffd3f8fa53a326721950116b3b9dc9bd44939c01180fd4a745a9?s=96&d=mm&r=g\",\"caption\":\"Equipe G\u00e1vea News\"}}]}<\/script>\n<!-- \/ Yoast SEO Premium plugin. -->","yoast_head_json":{"title":"Apresentador diz que Ceni ir\u00e1 se complicar caso Flamengo seja eliminado","description":"O apresentador falou sobre os reflexos de uma poss\u00edvel queda do Flamengo na competi\u00e7\u00e3o nacional, contra o S\u00e3o Paulo.","robots":{"index":"index","follow":"follow","max-snippet":"max-snippet:-1","max-image-preview":"max-image-preview:large","max-video-preview":"max-video-preview:-1"},"canonical":"https:\/\/www.gaveanews.com\/index.php\/2020\/11\/17\/apresentador-diz-que-ceni-ira-se-complicar-caso-flamengo-seja-eliminado\/","og_locale":"pt_BR","og_type":"article","og_title":"Apresentador diz que Ceni ir\u00e1 se complicar caso Flamengo seja eliminado","og_description":"O apresentador falou sobre os reflexos de uma poss\u00edvel queda do Flamengo na competi\u00e7\u00e3o nacional, contra o S\u00e3o Paulo.","og_url":"https:\/\/www.gaveanews.com\/index.php\/2020\/11\/17\/apresentador-diz-que-ceni-ira-se-complicar-caso-flamengo-seja-eliminado\/","og_site_name":"G\u00e1vea News","article_publisher":"https:\/\/facebook.com\/gaveaNews\/","article_published_time":"2020-11-17T09:45:47+00:00","og_image":[{"width":800,"height":533,"url":"https:\/\/www.gaveanews.com\/wp-content\/uploads\/Rogerio-Ceni-posa-para-foto-no-Ninho-do-Urubu.webp","type":"image\/jpeg"}],"author":"Equipe G\u00e1vea News","twitter_card":"summary_large_image","twitter_misc":{"Escrito por":"Equipe G\u00e1vea News","Est. tempo de leitura":"2 minutos"},"schema":{"@context":"https:\/\/schema.org","@graph":[{"@type":"NewsArticle","@id":"https:\/\/www.gaveanews.com\/index.php\/2020\/11\/17\/apresentador-diz-que-ceni-ira-se-complicar-caso-flamengo-seja-eliminado\/#article","isPartOf":{"@id":"https:\/\/www.gaveanews.com\/index.php\/2020\/11\/17\/apresentador-diz-que-ceni-ira-se-complicar-caso-flamengo-seja-eliminado\/"},"author":{"name":"Equipe G\u00e1vea News","@id":"https:\/\/www.gaveanews.com\/#\/schema\/person\/2ec14f73fb96be2caf28f91afb14749d"},"headline":"Apresentador diz que Ceni ir\u00e1 se complicar caso Flamengo seja eliminado","datePublished":"2020-11-17T09:45:47+00:00","mainEntityOfPage":{"@id":"https:\/\/www.gaveanews.com\/index.php\/2020\/11\/17\/apresentador-diz-que-ceni-ira-se-complicar-caso-flamengo-seja-eliminado\/"},"wordCount":322,"commentCount":39,"image":{"@id":"https:\/\/www.gaveanews.com\/index.php\/2020\/11\/17\/apresentador-diz-que-ceni-ira-se-complicar-caso-flamengo-seja-eliminado\/#primaryimage"},"thumbnailUrl":"https:\/\/www.gaveanews.com\/wp-content\/uploads\/Rogerio-Ceni-posa-para-foto-no-Ninho-do-Urubu.webp","articleSection":["Flamengo"],"inLanguage":"pt-BR","potentialAction":[{"@type":"CommentAction","name":"Comment","target":["https:\/\/www.gaveanews.com\/index.php\/2020\/11\/17\/apresentador-diz-que-ceni-ira-se-complicar-caso-flamengo-seja-eliminado\/#respond"]}],"copyrightYear":"2020","copyrightHolder":{"@id":"https:\/\/www.gaveanews.com\/#organization"}},{"@type":"WebPage","@id":"https:\/\/www.gaveanews.com\/index.php\/2020\/11\/17\/apresentador-diz-que-ceni-ira-se-complicar-caso-flamengo-seja-eliminado\/","url":"https:\/\/www.gaveanews.com\/index.php\/2020\/11\/17\/apresentador-diz-que-ceni-ira-se-complicar-caso-flamengo-seja-eliminado\/","name":"Apresentador diz que Ceni ir\u00e1 se complicar caso Flamengo seja eliminado","isPartOf":{"@id":"https:\/\/www.gaveanews.com\/#website"},"primaryImageOfPage":{"@id":"https:\/\/www.gaveanews.com\/index.php\/2020\/11\/17\/apresentador-diz-que-ceni-ira-se-complicar-caso-flamengo-seja-eliminado\/#primaryimage"},"image":{"@id":"https:\/\/www.gaveanews.com\/index.php\/2020\/11\/17\/apresentador-diz-que-ceni-ira-se-complicar-caso-flamengo-seja-eliminado\/#primaryimage"},"thumbnailUrl":"https:\/\/www.gaveanews.com\/wp-content\/uploads\/Rogerio-Ceni-posa-para-foto-no-Ninho-do-Urubu.webp","datePublished":"2020-11-17T09:45:47+00:00","author":{"@id":"https:\/\/www.gaveanews.com\/#\/schema\/person\/2ec14f73fb96be2caf28f91afb14749d"},"description":"O apresentador falou sobre os reflexos de uma poss\u00edvel queda do Flamengo na competi\u00e7\u00e3o nacional, contra o S\u00e3o Paulo.","breadcrumb":{"@id":"https:\/\/www.gaveanews.com\/index.php\/2020\/11\/17\/apresentador-diz-que-ceni-ira-se-complicar-caso-flamengo-seja-eliminado\/#breadcrumb"},"inLanguage":"pt-BR","potentialAction":[{"@type":"ReadAction","target":["https:\/\/www.gaveanews.com\/index.php\/2020\/11\/17\/apresentador-diz-que-ceni-ira-se-complicar-caso-flamengo-seja-eliminado\/"]}]},{"@type":"ImageObject","inLanguage":"pt-BR","@id":"https:\/\/www.gaveanews.com\/index.php\/2020\/11\/17\/apresentador-diz-que-ceni-ira-se-complicar-caso-flamengo-seja-eliminado\/#primaryimage","url":"https:\/\/www.gaveanews.com\/wp-content\/uploads\/Rogerio-Ceni-posa-para-foto-no-Ninho-do-Urubu.webp","contentUrl":"https:\/\/www.gaveanews.com\/wp-content\/uploads\/Rogerio-Ceni-posa-para-foto-no-Ninho-do-Urubu.webp","width":800,"height":533,"caption":"Rog\u00e9rio Ceni posa para foto no Ninho do Urubu (Foto: Alexandre Vidal\/Flamengo)"},{"@type":"BreadcrumbList","@id":"https:\/\/www.gaveanews.com\/index.php\/2020\/11\/17\/apresentador-diz-que-ceni-ira-se-complicar-caso-flamengo-seja-eliminado\/#breadcrumb","itemListElement":[{"@type":"ListItem","position":1,"name":"Home","item":"https:\/\/www.gaveanews.com\/"},{"@type":"ListItem","position":2,"name":"Apresentador diz que Ceni ir\u00e1 se complicar caso Flamengo seja eliminado"}]},{"@type":"WebSite","@id":"https:\/\/www.gaveanews.com\/#website","url":"https:\/\/www.gaveanews.com\/","name":"G\u00e1vea News","description":"Veja todas as not\u00edcias sobre o Flamengo: Contrata\u00e7\u00f5es, categorias de base, resultados das partidas, tabela de classifica\u00e7\u00e3o, pr\u00f3ximos jogos!","potentialAction":[{"@type":"SearchAction","target":{"@type":"EntryPoint","urlTemplate":"https:\/\/www.gaveanews.com\/?s={search_term_string}"},"query-input":{"@type":"PropertyValueSpecification","valueRequired":true,"valueName":"search_term_string"}}],"inLanguage":"pt-BR"},{"@type":"Person","@id":"https:\/\/www.gaveanews.com\/#\/schema\/person\/2ec14f73fb96be2caf28f91afb14749d","name":"Equipe G\u00e1vea News","image":{"@type":"ImageObject","inLanguage":"pt-BR","@id":"https:\/\/www.gaveanews.com\/#\/schema\/person\/image\/","url":"https:\/\/secure.gravatar.com\/avatar\/1e1956f1facbffd3f8fa53a326721950116b3b9dc9bd44939c01180fd4a745a9?s=96&d=mm&r=g","contentUrl":"https:\/\/secure.gravatar.com\/avatar\/1e1956f1facbffd3f8fa53a326721950116b3b9dc9bd44939c01180fd4a745a9?s=96&d=mm&r=g","caption":"Equipe G\u00e1vea News"}}]}},"_links":{"self":[{"href":"https:\/\/www.gaveanews.com\/index.php\/wp-json\/wp\/v2\/posts\/51747","targetHints":{"allow":["GET"]}}],"collection":[{"href":"https:\/\/www.gaveanews.com\/index.php\/wp-json\/wp\/v2\/posts"}],"about":[{"href":"https:\/\/www.gaveanews.com\/index.php\/wp-json\/wp\/v2\/types\/post"}],"author":[{"embeddable":true,"href":"https:\/\/www.gaveanews.com\/index.php\/wp-json\/wp\/v2\/users\/1"}],"replies":[{"embeddable":true,"href":"https:\/\/www.gaveanews.com\/index.php\/wp-json\/wp\/v2\/comments?post=51747"}],"version-history":[{"count":0,"href":"https:\/\/www.gaveanews.com\/index.php\/wp-json\/wp\/v2\/posts\/51747\/revisions"}],"wp:featuredmedia":[{"embeddable":true,"href":"https:\/\/www.gaveanews.com\/index.php\/wp-json\/wp\/v2\/media\/51315"}],"wp:attachment":[{"href":"https:\/\/www.gaveanews.com\/index.php\/wp-json\/wp\/v2\/media?parent=51747"}],"wp:term":[{"taxonomy":"category","embeddable":true,"href":"https:\/\/www.gaveanews.com\/index.php\/wp-json\/wp\/v2\/categories?post=51747"},{"taxonomy":"post_tag","embeddable":true,"href":"https:\/\/www.gaveanews.com\/index.php\/wp-json\/wp\/v2\/tags?post=51747"}],"curies":[{"name":"wp","href":"https:\/\/api.w.org\/{rel}","templated":true}]}}