{"id":51758,"date":"2020-11-17T11:16:40","date_gmt":"2020-11-17T14:16:40","guid":{"rendered":"https:\/\/www.gaveanews.com\/?p=51758"},"modified":"2021-08-12T00:49:00","modified_gmt":"2021-08-12T03:49:00","slug":"flamengo-estuda-contratar-substituto-para-thiago-maia-lesionado","status":"publish","type":"post","link":"https:\/\/www.gaveanews.com\/index.php\/2020\/11\/17\/flamengo-estuda-contratar-substituto-para-thiago-maia-lesionado\/","title":{"rendered":"Flamengo estuda contratar substituto para Thiago Maia, lesionado"},"content":{"rendered":"\n<p>No in\u00edcio de 2020, o Flamengo correu atr\u00e1s e arranjou refor\u00e7os para o elenco, os quais tem mostrado a import\u00e2ncia de suas chegadas frente aos desfalques que o rubro-negro sofre nesta temporada.<\/p>\n\n\n\n<p>Dentre as contrata\u00e7\u00f5es, o meia Thiago Maia foi um dos que se adaptou ao time rapidamente e conquistou, em pouco tempo, sua vaga na equipe titular. Entretanto, o jogador n\u00e3o ter\u00e1 condi\u00e7\u00f5es de atuar pelo rubro-negro no restante deste ano. Na \u00faltima partida contra o Atl\u00e9tico-GO, o camisa 33 rompeu os ligamentos do joelho esquerdo e, por esta raz\u00e3o, ficar\u00e1 afastado dos campos por um per\u00edodo de 4 a 6 meses.<\/p>\n\n\n\n<p>Sobre o assunto, Mauro Cezar Pereira falou em seu canal do YouTube:<\/p>\n\n\n\n<p><em><strong>&#8220;O clube carioca estuda a possibilidade da contrata\u00e7\u00e3o de um outro jogador para a posi\u00e7\u00e3o, um outro volante, j\u00e1 que Willian Ar\u00e3o passa a ser o \u00fanico homem do setor, al\u00e9m de jogadores da base. A temporada vai at\u00e9 fevereiro, ou seja, o Flamengo passa a precisar de um atleta para essa posi\u00e7\u00e3o&#8221;<\/strong><\/em>, disse o jornalista, que ainda afirmou:<\/p>\n\n\n\n<p><strong><em>&#8220;Fato \u00e9 que o Flamengo precisa recompor o elenco com algu\u00e9m que possa preencher essa lacuna deixada por Thiago Maia. Jogador da mesma qualidade dificilmente vai conseguir, mas pelo menos ter algu\u00e9m que seja da posi\u00e7\u00e3o, do setor&#8221;<\/em><\/strong>, completou.<\/p>\n\n\n\n<p>Como uma poss\u00edvel substitui\u00e7\u00e3o para Thiago neste meio tempo, surge Jonas, que est\u00e1 livre no mercado, ap\u00f3s rescindir contrato com Al Ittihad, da Ar\u00e1bia Saudita. O atleta estava negociando com o Botafogo, por\u00e9m, a diretoria do Fla estuda a possiblidade de interferir e iniciar tentativas com o atleta.<\/p>\n\n\n\n<p><em><strong>&#8220;Jonas, que j\u00e1 foi do Flamengo e estava na Ar\u00e1bia Saudita, seria uma das possibilidades (de contrata\u00e7\u00e3o). N\u00e3o significa que seja o nome escolhido, mas uma das possibilidades em um mercado que voc\u00ea n\u00e3o tem tantas op\u00e7\u00f5es assim. Fato \u00e9 que o Flamengo precisa recompor o elenco com algu\u00e9m que possa preencher essa lacuna deixada pelo Thiago Maia. Jogador da mesma qualidade dificilmente vai conseguir, mas pelo menos ter algu\u00e9m que seja da posi\u00e7\u00e3o, do setor, \u00e9 necess\u00e1rio&#8221;<\/strong><\/em>, disse Mauro, o rep\u00f3rter ainda afirmou:<\/p>\n\n\n\n<p><em><strong>&#8220;Jonas vinha aparecendo como possibilidade para o Botafogo, as partes estavam negociando, mas ele pode at\u00e9 ter outro encaminhamento (Flamengo). Com essa situa\u00e7\u00e3o do Thiago Maia, o Botafogo pode perder uma possibilidade de contrata\u00e7\u00e3o de um atleta que seria \u00fatil \u00e0 equipe&#8221;<\/strong><\/em>, encerrou Mauro.<\/p>\n\n\n\n<p>Sem a presen\u00e7a de Thiago Maia, o Mais Querido jogar\u00e1 conta o S\u00e3o Paulo nesta quarta-feira (18). A partida iniciar\u00e1 \u00e0s 21h30 (hor\u00e1rio de Bras\u00edlia) e ser\u00e1 a \u00faltima v\u00e1lida pelas quartas de final da Copa do Brasil.<\/p>\n","protected":false},"excerpt":{"rendered":"<p>No in\u00edcio de 2020, o Flamengo correu atr\u00e1s e arranjou refor\u00e7os para o elenco, os quais tem mostrado a import\u00e2ncia de suas chegadas frente aos desfalques que o rubro-negro sofre nesta temporada. Dentre as contrata\u00e7\u00f5es, o meia Thiago Maia foi um dos que se adaptou ao time rapidamente e conquistou, em pouco tempo, sua vaga [&hellip;]<\/p>\n","protected":false},"author":4,"featured_media":46146,"comment_status":"open","ping_status":"closed","sticky":false,"template":"","format":"standard","meta":{"footnotes":""},"categories":[1],"tags":[],"class_list":["post-51758","post","type-post","status-publish","format-standard","has-post-thumbnail","hentry","category-flamengo"],"yoast_head":"<!-- This site is optimized with the Yoast SEO Premium plugin v24.2 (Yoast SEO v26.9) - https:\/\/yoast.com\/product\/yoast-seo-premium-wordpress\/ -->\n<title>Flamengo estuda contratar substituto para Thiago Maia, lesionado<\/title>\n<meta name=\"description\" content=\"Na \u00faltima partida, Thiago rompeu os ligamentos do joelho esquerdo e, por isso, ficar\u00e1 afastado dos campos por um per\u00edodo de at\u00e9 6 meses.\" \/>\n<meta name=\"robots\" content=\"index, follow, max-snippet:-1, max-image-preview:large, max-video-preview:-1\" \/>\n<link rel=\"canonical\" href=\"https:\/\/www.gaveanews.com\/index.php\/2020\/11\/17\/flamengo-estuda-contratar-substituto-para-thiago-maia-lesionado\/\" \/>\n<meta property=\"og:locale\" content=\"pt_BR\" \/>\n<meta property=\"og:type\" content=\"article\" \/>\n<meta property=\"og:title\" content=\"Flamengo estuda contratar substituto para Thiago Maia, lesionado\" \/>\n<meta property=\"og:description\" content=\"Na \u00faltima partida, Thiago rompeu os ligamentos do joelho esquerdo e, por isso, ficar\u00e1 afastado dos campos por um per\u00edodo de at\u00e9 6 meses.\" \/>\n<meta property=\"og:url\" content=\"https:\/\/www.gaveanews.com\/index.php\/2020\/11\/17\/flamengo-estuda-contratar-substituto-para-thiago-maia-lesionado\/\" \/>\n<meta property=\"og:site_name\" content=\"G\u00e1vea News\" \/>\n<meta property=\"article:publisher\" content=\"https:\/\/facebook.com\/gaveaNews\/\" \/>\n<meta property=\"article:published_time\" content=\"2020-11-17T14:16:40+00:00\" \/>\n<meta property=\"article:modified_time\" content=\"2021-08-12T03:49:00+00:00\" \/>\n<meta property=\"og:image\" content=\"https:\/\/www.gaveanews.com\/wp-content\/uploads\/Thiago-Maia-em-acao-pelo-Flamengo.webp\" \/>\n\t<meta property=\"og:image:width\" content=\"800\" \/>\n\t<meta property=\"og:image:height\" content=\"533\" \/>\n\t<meta property=\"og:image:type\" content=\"image\/jpeg\" \/>\n<meta name=\"author\" content=\"Let\u00edcia Gerheim\" \/>\n<meta name=\"twitter:card\" content=\"summary_large_image\" \/>\n<meta name=\"twitter:label1\" content=\"Escrito por\" \/>\n\t<meta name=\"twitter:data1\" content=\"Let\u00edcia Gerheim\" \/>\n\t<meta name=\"twitter:label2\" content=\"Est. tempo de leitura\" \/>\n\t<meta name=\"twitter:data2\" content=\"2 minutos\" \/>\n<script type=\"application\/ld+json\" class=\"yoast-schema-graph\">{\"@context\":\"https:\/\/schema.org\",\"@graph\":[{\"@type\":\"NewsArticle\",\"@id\":\"https:\/\/www.gaveanews.com\/index.php\/2020\/11\/17\/flamengo-estuda-contratar-substituto-para-thiago-maia-lesionado\/#article\",\"isPartOf\":{\"@id\":\"https:\/\/www.gaveanews.com\/index.php\/2020\/11\/17\/flamengo-estuda-contratar-substituto-para-thiago-maia-lesionado\/\"},\"author\":{\"name\":\"Let\u00edcia Gerheim\",\"@id\":\"https:\/\/www.gaveanews.com\/#\/schema\/person\/714c67050b836198af2450ba1c142a67\"},\"headline\":\"Flamengo estuda contratar substituto para Thiago Maia, lesionado\",\"datePublished\":\"2020-11-17T14:16:40+00:00\",\"dateModified\":\"2021-08-12T03:49:00+00:00\",\"mainEntityOfPage\":{\"@id\":\"https:\/\/www.gaveanews.com\/index.php\/2020\/11\/17\/flamengo-estuda-contratar-substituto-para-thiago-maia-lesionado\/\"},\"wordCount\":466,\"commentCount\":42,\"image\":{\"@id\":\"https:\/\/www.gaveanews.com\/index.php\/2020\/11\/17\/flamengo-estuda-contratar-substituto-para-thiago-maia-lesionado\/#primaryimage\"},\"thumbnailUrl\":\"https:\/\/www.gaveanews.com\/wp-content\/uploads\/Thiago-Maia-em-acao-pelo-Flamengo.webp\",\"articleSection\":[\"Flamengo\"],\"inLanguage\":\"pt-BR\",\"potentialAction\":[{\"@type\":\"CommentAction\",\"name\":\"Comment\",\"target\":[\"https:\/\/www.gaveanews.com\/index.php\/2020\/11\/17\/flamengo-estuda-contratar-substituto-para-thiago-maia-lesionado\/#respond\"]}],\"copyrightYear\":\"2020\",\"copyrightHolder\":{\"@id\":\"https:\/\/www.gaveanews.com\/#organization\"}},{\"@type\":\"WebPage\",\"@id\":\"https:\/\/www.gaveanews.com\/index.php\/2020\/11\/17\/flamengo-estuda-contratar-substituto-para-thiago-maia-lesionado\/\",\"url\":\"https:\/\/www.gaveanews.com\/index.php\/2020\/11\/17\/flamengo-estuda-contratar-substituto-para-thiago-maia-lesionado\/\",\"name\":\"Flamengo estuda contratar substituto para Thiago Maia, lesionado\",\"isPartOf\":{\"@id\":\"https:\/\/www.gaveanews.com\/#website\"},\"primaryImageOfPage\":{\"@id\":\"https:\/\/www.gaveanews.com\/index.php\/2020\/11\/17\/flamengo-estuda-contratar-substituto-para-thiago-maia-lesionado\/#primaryimage\"},\"image\":{\"@id\":\"https:\/\/www.gaveanews.com\/index.php\/2020\/11\/17\/flamengo-estuda-contratar-substituto-para-thiago-maia-lesionado\/#primaryimage\"},\"thumbnailUrl\":\"https:\/\/www.gaveanews.com\/wp-content\/uploads\/Thiago-Maia-em-acao-pelo-Flamengo.webp\",\"datePublished\":\"2020-11-17T14:16:40+00:00\",\"dateModified\":\"2021-08-12T03:49:00+00:00\",\"author\":{\"@id\":\"https:\/\/www.gaveanews.com\/#\/schema\/person\/714c67050b836198af2450ba1c142a67\"},\"description\":\"Na \u00faltima partida, Thiago rompeu os ligamentos do joelho esquerdo e, por isso, ficar\u00e1 afastado dos campos por um per\u00edodo de at\u00e9 6 meses.\",\"breadcrumb\":{\"@id\":\"https:\/\/www.gaveanews.com\/index.php\/2020\/11\/17\/flamengo-estuda-contratar-substituto-para-thiago-maia-lesionado\/#breadcrumb\"},\"inLanguage\":\"pt-BR\",\"potentialAction\":[{\"@type\":\"ReadAction\",\"target\":[\"https:\/\/www.gaveanews.com\/index.php\/2020\/11\/17\/flamengo-estuda-contratar-substituto-para-thiago-maia-lesionado\/\"]}]},{\"@type\":\"ImageObject\",\"inLanguage\":\"pt-BR\",\"@id\":\"https:\/\/www.gaveanews.com\/index.php\/2020\/11\/17\/flamengo-estuda-contratar-substituto-para-thiago-maia-lesionado\/#primaryimage\",\"url\":\"https:\/\/www.gaveanews.com\/wp-content\/uploads\/Thiago-Maia-em-acao-pelo-Flamengo.webp\",\"contentUrl\":\"https:\/\/www.gaveanews.com\/wp-content\/uploads\/Thiago-Maia-em-acao-pelo-Flamengo.webp\",\"width\":800,\"height\":533,\"caption\":\"Thiago Maia em a\u00e7\u00e3o pelo Flamengo (Foto Alexandre Vidal\/Flamengo)\"},{\"@type\":\"BreadcrumbList\",\"@id\":\"https:\/\/www.gaveanews.com\/index.php\/2020\/11\/17\/flamengo-estuda-contratar-substituto-para-thiago-maia-lesionado\/#breadcrumb\",\"itemListElement\":[{\"@type\":\"ListItem\",\"position\":1,\"name\":\"Home\",\"item\":\"https:\/\/www.gaveanews.com\/\"},{\"@type\":\"ListItem\",\"position\":2,\"name\":\"Flamengo estuda contratar substituto para Thiago Maia, lesionado\"}]},{\"@type\":\"WebSite\",\"@id\":\"https:\/\/www.gaveanews.com\/#website\",\"url\":\"https:\/\/www.gaveanews.com\/\",\"name\":\"G\u00e1vea News\",\"description\":\"Veja todas as not\u00edcias sobre o Flamengo: Contrata\u00e7\u00f5es, categorias de base, resultados das partidas, tabela de classifica\u00e7\u00e3o, pr\u00f3ximos jogos!\",\"potentialAction\":[{\"@type\":\"SearchAction\",\"target\":{\"@type\":\"EntryPoint\",\"urlTemplate\":\"https:\/\/www.gaveanews.com\/?s={search_term_string}\"},\"query-input\":{\"@type\":\"PropertyValueSpecification\",\"valueRequired\":true,\"valueName\":\"search_term_string\"}}],\"inLanguage\":\"pt-BR\"},{\"@type\":\"Person\",\"@id\":\"https:\/\/www.gaveanews.com\/#\/schema\/person\/714c67050b836198af2450ba1c142a67\",\"name\":\"Let\u00edcia Gerheim\",\"image\":{\"@type\":\"ImageObject\",\"inLanguage\":\"pt-BR\",\"@id\":\"https:\/\/www.gaveanews.com\/#\/schema\/person\/image\/\",\"url\":\"https:\/\/secure.gravatar.com\/avatar\/60734739c50fcebfbac509e2a826ccd0ff405c019bc73aab9354f19ecad1dcb4?s=96&d=mm&r=g\",\"contentUrl\":\"https:\/\/secure.gravatar.com\/avatar\/60734739c50fcebfbac509e2a826ccd0ff405c019bc73aab9354f19ecad1dcb4?s=96&d=mm&r=g\",\"caption\":\"Let\u00edcia Gerheim\"}}]}<\/script>\n<!-- \/ Yoast SEO Premium plugin. -->","yoast_head_json":{"title":"Flamengo estuda contratar substituto para Thiago Maia, lesionado","description":"Na \u00faltima partida, Thiago rompeu os ligamentos do joelho esquerdo e, por isso, ficar\u00e1 afastado dos campos por um per\u00edodo de at\u00e9 6 meses.","robots":{"index":"index","follow":"follow","max-snippet":"max-snippet:-1","max-image-preview":"max-image-preview:large","max-video-preview":"max-video-preview:-1"},"canonical":"https:\/\/www.gaveanews.com\/index.php\/2020\/11\/17\/flamengo-estuda-contratar-substituto-para-thiago-maia-lesionado\/","og_locale":"pt_BR","og_type":"article","og_title":"Flamengo estuda contratar substituto para Thiago Maia, lesionado","og_description":"Na \u00faltima partida, Thiago rompeu os ligamentos do joelho esquerdo e, por isso, ficar\u00e1 afastado dos campos por um per\u00edodo de at\u00e9 6 meses.","og_url":"https:\/\/www.gaveanews.com\/index.php\/2020\/11\/17\/flamengo-estuda-contratar-substituto-para-thiago-maia-lesionado\/","og_site_name":"G\u00e1vea News","article_publisher":"https:\/\/facebook.com\/gaveaNews\/","article_published_time":"2020-11-17T14:16:40+00:00","article_modified_time":"2021-08-12T03:49:00+00:00","og_image":[{"width":800,"height":533,"url":"https:\/\/www.gaveanews.com\/wp-content\/uploads\/Thiago-Maia-em-acao-pelo-Flamengo.webp","type":"image\/jpeg"}],"author":"Let\u00edcia Gerheim","twitter_card":"summary_large_image","twitter_misc":{"Escrito por":"Let\u00edcia Gerheim","Est. tempo de leitura":"2 minutos"},"schema":{"@context":"https:\/\/schema.org","@graph":[{"@type":"NewsArticle","@id":"https:\/\/www.gaveanews.com\/index.php\/2020\/11\/17\/flamengo-estuda-contratar-substituto-para-thiago-maia-lesionado\/#article","isPartOf":{"@id":"https:\/\/www.gaveanews.com\/index.php\/2020\/11\/17\/flamengo-estuda-contratar-substituto-para-thiago-maia-lesionado\/"},"author":{"name":"Let\u00edcia Gerheim","@id":"https:\/\/www.gaveanews.com\/#\/schema\/person\/714c67050b836198af2450ba1c142a67"},"headline":"Flamengo estuda contratar substituto para Thiago Maia, lesionado","datePublished":"2020-11-17T14:16:40+00:00","dateModified":"2021-08-12T03:49:00+00:00","mainEntityOfPage":{"@id":"https:\/\/www.gaveanews.com\/index.php\/2020\/11\/17\/flamengo-estuda-contratar-substituto-para-thiago-maia-lesionado\/"},"wordCount":466,"commentCount":42,"image":{"@id":"https:\/\/www.gaveanews.com\/index.php\/2020\/11\/17\/flamengo-estuda-contratar-substituto-para-thiago-maia-lesionado\/#primaryimage"},"thumbnailUrl":"https:\/\/www.gaveanews.com\/wp-content\/uploads\/Thiago-Maia-em-acao-pelo-Flamengo.webp","articleSection":["Flamengo"],"inLanguage":"pt-BR","potentialAction":[{"@type":"CommentAction","name":"Comment","target":["https:\/\/www.gaveanews.com\/index.php\/2020\/11\/17\/flamengo-estuda-contratar-substituto-para-thiago-maia-lesionado\/#respond"]}],"copyrightYear":"2020","copyrightHolder":{"@id":"https:\/\/www.gaveanews.com\/#organization"}},{"@type":"WebPage","@id":"https:\/\/www.gaveanews.com\/index.php\/2020\/11\/17\/flamengo-estuda-contratar-substituto-para-thiago-maia-lesionado\/","url":"https:\/\/www.gaveanews.com\/index.php\/2020\/11\/17\/flamengo-estuda-contratar-substituto-para-thiago-maia-lesionado\/","name":"Flamengo estuda contratar substituto para Thiago Maia, lesionado","isPartOf":{"@id":"https:\/\/www.gaveanews.com\/#website"},"primaryImageOfPage":{"@id":"https:\/\/www.gaveanews.com\/index.php\/2020\/11\/17\/flamengo-estuda-contratar-substituto-para-thiago-maia-lesionado\/#primaryimage"},"image":{"@id":"https:\/\/www.gaveanews.com\/index.php\/2020\/11\/17\/flamengo-estuda-contratar-substituto-para-thiago-maia-lesionado\/#primaryimage"},"thumbnailUrl":"https:\/\/www.gaveanews.com\/wp-content\/uploads\/Thiago-Maia-em-acao-pelo-Flamengo.webp","datePublished":"2020-11-17T14:16:40+00:00","dateModified":"2021-08-12T03:49:00+00:00","author":{"@id":"https:\/\/www.gaveanews.com\/#\/schema\/person\/714c67050b836198af2450ba1c142a67"},"description":"Na \u00faltima partida, Thiago rompeu os ligamentos do joelho esquerdo e, por isso, ficar\u00e1 afastado dos campos por um per\u00edodo de at\u00e9 6 meses.","breadcrumb":{"@id":"https:\/\/www.gaveanews.com\/index.php\/2020\/11\/17\/flamengo-estuda-contratar-substituto-para-thiago-maia-lesionado\/#breadcrumb"},"inLanguage":"pt-BR","potentialAction":[{"@type":"ReadAction","target":["https:\/\/www.gaveanews.com\/index.php\/2020\/11\/17\/flamengo-estuda-contratar-substituto-para-thiago-maia-lesionado\/"]}]},{"@type":"ImageObject","inLanguage":"pt-BR","@id":"https:\/\/www.gaveanews.com\/index.php\/2020\/11\/17\/flamengo-estuda-contratar-substituto-para-thiago-maia-lesionado\/#primaryimage","url":"https:\/\/www.gaveanews.com\/wp-content\/uploads\/Thiago-Maia-em-acao-pelo-Flamengo.webp","contentUrl":"https:\/\/www.gaveanews.com\/wp-content\/uploads\/Thiago-Maia-em-acao-pelo-Flamengo.webp","width":800,"height":533,"caption":"Thiago Maia em a\u00e7\u00e3o pelo Flamengo (Foto Alexandre Vidal\/Flamengo)"},{"@type":"BreadcrumbList","@id":"https:\/\/www.gaveanews.com\/index.php\/2020\/11\/17\/flamengo-estuda-contratar-substituto-para-thiago-maia-lesionado\/#breadcrumb","itemListElement":[{"@type":"ListItem","position":1,"name":"Home","item":"https:\/\/www.gaveanews.com\/"},{"@type":"ListItem","position":2,"name":"Flamengo estuda contratar substituto para Thiago Maia, lesionado"}]},{"@type":"WebSite","@id":"https:\/\/www.gaveanews.com\/#website","url":"https:\/\/www.gaveanews.com\/","name":"G\u00e1vea News","description":"Veja todas as not\u00edcias sobre o Flamengo: Contrata\u00e7\u00f5es, categorias de base, resultados das partidas, tabela de classifica\u00e7\u00e3o, pr\u00f3ximos jogos!","potentialAction":[{"@type":"SearchAction","target":{"@type":"EntryPoint","urlTemplate":"https:\/\/www.gaveanews.com\/?s={search_term_string}"},"query-input":{"@type":"PropertyValueSpecification","valueRequired":true,"valueName":"search_term_string"}}],"inLanguage":"pt-BR"},{"@type":"Person","@id":"https:\/\/www.gaveanews.com\/#\/schema\/person\/714c67050b836198af2450ba1c142a67","name":"Let\u00edcia Gerheim","image":{"@type":"ImageObject","inLanguage":"pt-BR","@id":"https:\/\/www.gaveanews.com\/#\/schema\/person\/image\/","url":"https:\/\/secure.gravatar.com\/avatar\/60734739c50fcebfbac509e2a826ccd0ff405c019bc73aab9354f19ecad1dcb4?s=96&d=mm&r=g","contentUrl":"https:\/\/secure.gravatar.com\/avatar\/60734739c50fcebfbac509e2a826ccd0ff405c019bc73aab9354f19ecad1dcb4?s=96&d=mm&r=g","caption":"Let\u00edcia Gerheim"}}]}},"_links":{"self":[{"href":"https:\/\/www.gaveanews.com\/index.php\/wp-json\/wp\/v2\/posts\/51758","targetHints":{"allow":["GET"]}}],"collection":[{"href":"https:\/\/www.gaveanews.com\/index.php\/wp-json\/wp\/v2\/posts"}],"about":[{"href":"https:\/\/www.gaveanews.com\/index.php\/wp-json\/wp\/v2\/types\/post"}],"author":[{"embeddable":true,"href":"https:\/\/www.gaveanews.com\/index.php\/wp-json\/wp\/v2\/users\/4"}],"replies":[{"embeddable":true,"href":"https:\/\/www.gaveanews.com\/index.php\/wp-json\/wp\/v2\/comments?post=51758"}],"version-history":[{"count":0,"href":"https:\/\/www.gaveanews.com\/index.php\/wp-json\/wp\/v2\/posts\/51758\/revisions"}],"wp:featuredmedia":[{"embeddable":true,"href":"https:\/\/www.gaveanews.com\/index.php\/wp-json\/wp\/v2\/media\/46146"}],"wp:attachment":[{"href":"https:\/\/www.gaveanews.com\/index.php\/wp-json\/wp\/v2\/media?parent=51758"}],"wp:term":[{"taxonomy":"category","embeddable":true,"href":"https:\/\/www.gaveanews.com\/index.php\/wp-json\/wp\/v2\/categories?post=51758"},{"taxonomy":"post_tag","embeddable":true,"href":"https:\/\/www.gaveanews.com\/index.php\/wp-json\/wp\/v2\/tags?post=51758"}],"curies":[{"name":"wp","href":"https:\/\/api.w.org\/{rel}","templated":true}]}}