{"id":51765,"date":"2020-11-17T12:31:35","date_gmt":"2020-11-17T15:31:35","guid":{"rendered":"https:\/\/www.gaveanews.com\/?p=51765"},"modified":"2020-11-17T12:31:42","modified_gmt":"2020-11-17T15:31:42","slug":"jovens-jonas-ou-cuellar-torcedores-do-flamengo-divergem-sobre-substituto-de-thiago-maia","status":"publish","type":"post","link":"https:\/\/www.gaveanews.com\/index.php\/2020\/11\/17\/jovens-jonas-ou-cuellar-torcedores-do-flamengo-divergem-sobre-substituto-de-thiago-maia\/","title":{"rendered":"Jovens, Jonas ou Cu\u00e9llar? Torcedores do Flamengo divergem sobre \u201csubstituto\u201d de Thiago Maia"},"content":{"rendered":"\n<p>Ap\u00f3s a les\u00e3o de Thiago Maia ser constatada, o camisa 33 s\u00f3 deve voltar aos gramados em 2021. Dessa forma, Rog\u00e9rio Ceni ter\u00e1 que lidar com uma perda importante no meio-campo, j\u00e1 que o atleta alcan\u00e7ou o status de titular durante a temporada. Sendo assim, o fato gerou um grande debate nas redes sociais. Dessa forma, alguns torcedores \u201celegeram\u201d Gustavo Cu\u00e9llar, atualmente no Al-Hilal, como poss\u00edvel substituto.<\/p>\n\n\n\n<p>Por\u00e9m, o fato do colombiano ter for\u00e7ado uma sa\u00edda no ano passado n\u00e3o foi esquecido por outra parte da torcida rubro-negra. Na ocasi\u00e3o, mesmo sendo titular absoluto com Jorge Jesus, o volante optou pela transfer\u00eancia, n\u00e3o estando em campo nas conquistas da Libertadores e do Brasileir\u00e3o.<\/p>\n\n\n\n<p>Al\u00e9m disso, como o retorno de Jonas tamb\u00e9m vem sendo especulado, o atleta tamb\u00e9m foi alvo de diverg\u00eancias. Isso porque alguns internautas enxergam que \u00e9 o momento de dar espa\u00e7o para os jovens da base.<\/p>\n\n\n\n<h4 class=\"wp-block-heading\" id=\"h-veja-abaixo-algumas-opini-es\">Veja abaixo algumas opini\u00f5es:<\/h4>\n\n\n\n<figure class=\"wp-block-embed-twitter wp-block-embed is-type-rich is-provider-twitter\"><div class=\"wp-block-embed__wrapper\">\n<blockquote class=\"twitter-tweet\" data-width=\"550\" data-dnt=\"true\"><p lang=\"pt\" dir=\"ltr\">algu\u00e9m por obs\u00e9quio liga pro Cuellar?<\/p>&mdash; Gev\u00ea (@GeorgeValverde9) <a href=\"https:\/\/twitter.com\/GeorgeValverde9\/status\/1328694463728848896?ref_src=twsrc%5Etfw\">November 17, 2020<\/a><\/blockquote><script async src=\"https:\/\/platform.twitter.com\/widgets.js\" charset=\"utf-8\"><\/script>\n<\/div><\/figure>\n\n\n\n<figure class=\"wp-block-embed-twitter wp-block-embed is-type-rich is-provider-twitter\"><div class=\"wp-block-embed__wrapper\">\n<blockquote class=\"twitter-tweet\" data-width=\"550\" data-dnt=\"true\"><p lang=\"pt\" dir=\"ltr\">quem vir pedir a volta cuellar eu nao vou entender legal nao em<\/p>&mdash; Amon (@AmonrhaT1) <a href=\"https:\/\/twitter.com\/AmonrhaT1\/status\/1328696254692544516?ref_src=twsrc%5Etfw\">November 17, 2020<\/a><\/blockquote><script async src=\"https:\/\/platform.twitter.com\/widgets.js\" charset=\"utf-8\"><\/script>\n<\/div><\/figure>\n\n\n\n<figure class=\"wp-block-embed-twitter wp-block-embed is-type-rich is-provider-twitter\"><div class=\"wp-block-embed__wrapper\">\n<blockquote class=\"twitter-tweet\" data-width=\"550\" data-dnt=\"true\"><p lang=\"pt\" dir=\"ltr\">Nessa situa\u00e7\u00e3o sem Thiago Maia, aceitaria o Cuellar tranquilamente&#8230;<\/p>&mdash; Flavio \u1d9c\u02b3\u1da0 (@flaviomiguelcrf) <a href=\"https:\/\/twitter.com\/flaviomiguelcrf\/status\/1328686675292205056?ref_src=twsrc%5Etfw\">November 17, 2020<\/a><\/blockquote><script async src=\"https:\/\/platform.twitter.com\/widgets.js\" charset=\"utf-8\"><\/script>\n<\/div><\/figure>\n\n\n\n<figure class=\"wp-block-embed-twitter wp-block-embed is-type-rich is-provider-twitter\"><div class=\"wp-block-embed__wrapper\">\nhttps:\/\/twitter.com\/Vanuci2112\/status\/1328698688571633666?ref_src=twsrc%5Etfw%7Ctwcamp%5Etweetembed%7Ctwterm%5E1328698688571633666%7Ctwgr%5E&#038;ref_url=https%3A%2F%2Fwww.torcedores.com%2Fnoticias%2F2020%2F11%2Fsubstituto-thiago-maia-flamengo-opinioes\n<\/div><\/figure>\n\n\n\n<figure class=\"wp-block-embed-twitter wp-block-embed is-type-rich is-provider-twitter\"><div class=\"wp-block-embed__wrapper\">\nhttps:\/\/twitter.com\/lionapproved\/status\/1328537624965943296?ref_src=twsrc%5Etfw%7Ctwcamp%5Etweetembed%7Ctwterm%5E1328537624965943296%7Ctwgr%5E&#038;ref_url=https%3A%2F%2Fwww.torcedores.com%2Fnoticias%2F2020%2F11%2Fsubstituto-thiago-maia-flamengo-opinioes\n<\/div><\/figure>\n\n\n\n<p><strong>Leia tamb\u00e9m: <a href=\"https:\/\/www.gaveanews.com\/index.php\/2020\/11\/17\/presidente-da-fifa-se-incomoda-com-calendario-do-futebol-brasileiro\/\">Presidente da FIFA se incomoda com calend\u00e1rio do futebol brasileiro<\/a><\/strong><\/p>\n\n\n\n<figure class=\"wp-block-embed-twitter wp-block-embed is-type-rich is-provider-twitter\"><div class=\"wp-block-embed__wrapper\">\n<blockquote class=\"twitter-tweet\" data-width=\"550\" data-dnt=\"true\"><p lang=\"pt\" dir=\"ltr\">Jonas? Eu daria confian\u00e7a pro Jo\u00e3o Gomes e Daniel Cabral, \u00e9 hora de dar espa\u00e7o pra base e ponto.<\/p>&mdash; #FechadocomTite. (@blogdofla) <a href=\"https:\/\/twitter.com\/blogdofla\/status\/1328689911432679428?ref_src=twsrc%5Etfw\">November 17, 2020<\/a><\/blockquote><script async src=\"https:\/\/platform.twitter.com\/widgets.js\" charset=\"utf-8\"><\/script>\n<\/div><\/figure>\n\n\n\n<figure class=\"wp-block-embed-twitter wp-block-embed is-type-rich is-provider-twitter\"><div class=\"wp-block-embed__wrapper\">\n<blockquote class=\"twitter-tweet\" data-width=\"550\" data-dnt=\"true\"><p lang=\"pt\" dir=\"ltr\">Melhor dar chances aos garotos Daniel Cabral e Jo\u00e3o Gomes do que trazer Jonas ou qualquer outro! <br>&#39;Ahh, mas s\u00e3o novos demais!&#39;<br><br>U\u00e9! Neneca e Natan s\u00e3o velhos?<\/p>&mdash; w\u03b1shi\u0438g\u0442\u03c3n \u1d9c\u02b3\u1da0 (@crfwashingtonn) <a href=\"https:\/\/twitter.com\/crfwashingtonn\/status\/1328690608572141571?ref_src=twsrc%5Etfw\">November 17, 2020<\/a><\/blockquote><script async src=\"https:\/\/platform.twitter.com\/widgets.js\" charset=\"utf-8\"><\/script>\n<\/div><\/figure>\n\n\n\n<figure class=\"wp-block-embed-twitter wp-block-embed is-type-rich is-provider-twitter\"><div class=\"wp-block-embed__wrapper\">\n<blockquote class=\"twitter-tweet\" data-width=\"550\" data-dnt=\"true\"><p lang=\"pt\" dir=\"ltr\">prefiro o Cuellar obvio, mas o Jo\u00e3o Gomes \u00e9 melhor que o Jonas o Schweinsteiger do nordeste! <a href=\"https:\/\/twitter.com\/hashtag\/cuellar?src=hash&amp;ref_src=twsrc%5Etfw\">#cuellar<\/a> <a href=\"https:\/\/twitter.com\/hashtag\/JoaoGomes?src=hash&amp;ref_src=twsrc%5Etfw\">#JoaoGomes<\/a> <a href=\"https:\/\/twitter.com\/hashtag\/Jonas?src=hash&amp;ref_src=twsrc%5Etfw\">#Jonas<\/a><\/p>&mdash; Ricardo Bueno \ud83d\udd34\u26ab (@rickmeira) <a href=\"https:\/\/twitter.com\/rickmeira\/status\/1328698790518337536?ref_src=twsrc%5Etfw\">November 17, 2020<\/a><\/blockquote><script async src=\"https:\/\/platform.twitter.com\/widgets.js\" charset=\"utf-8\"><\/script>\n<\/div><\/figure>\n\n\n\n<figure class=\"wp-block-embed-twitter wp-block-embed is-type-rich is-provider-twitter\"><div class=\"wp-block-embed__wrapper\">\n<blockquote class=\"twitter-tweet\" data-width=\"550\" data-dnt=\"true\"><p lang=\"pt\" dir=\"ltr\">v\u00e3o trazer o Jonas pra pancadaria contra o racing<\/p>&mdash; Broca (@alexcrfla) <a href=\"https:\/\/twitter.com\/alexcrfla\/status\/1328693809945997313?ref_src=twsrc%5Etfw\">November 17, 2020<\/a><\/blockquote><script async src=\"https:\/\/platform.twitter.com\/widgets.js\" charset=\"utf-8\"><\/script>\n<\/div><\/figure>\n\n\n\n<figure class=\"wp-block-embed-twitter wp-block-embed is-type-rich is-provider-twitter\"><div class=\"wp-block-embed__wrapper\">\n<blockquote class=\"twitter-tweet\" data-width=\"550\" data-dnt=\"true\"><p lang=\"pt\" dir=\"ltr\">Pra trazer volante mediano, acho o Jonas bem mediano, melhor deixar a nossa molecada. Se n\u00e3o for do n\u00edvel perto do Thiago, acho que n\u00e3o faz sentido <a href=\"https:\/\/t.co\/Z78B9ZY07k\">https:\/\/t.co\/Z78B9ZY07k<\/a><\/p>&mdash; Tozza (@TozzaFla) <a href=\"https:\/\/twitter.com\/TozzaFla\/status\/1328684885280759811?ref_src=twsrc%5Etfw\">November 17, 2020<\/a><\/blockquote><script async src=\"https:\/\/platform.twitter.com\/widgets.js\" charset=\"utf-8\"><\/script>\n<\/div><\/figure>\n\n\n\n<figure class=\"wp-block-embed-twitter wp-block-embed is-type-rich is-provider-twitter\"><div class=\"wp-block-embed__wrapper\">\nhttps:\/\/twitter.com\/joaofcr\/status\/1328683210298023936?ref_src=twsrc%5Etfw%7Ctwcamp%5Etweetembed%7Ctwterm%5E1328683210298023936%7Ctwgr%5E&#038;ref_url=https%3A%2F%2Fwww.torcedores.com%2Fnoticias%2F2020%2F11%2Fsubstituto-thiago-maia-flamengo-opinioes\n<\/div><\/figure>\n\n\n\n<figure class=\"wp-block-embed-twitter wp-block-embed is-type-rich is-provider-twitter\"><div class=\"wp-block-embed__wrapper\">\nhttps:\/\/twitter.com\/grtcrf\/status\/1328544831019347970?ref_src=twsrc%5Etfw%7Ctwcamp%5Etweetembed%7Ctwterm%5E1328544831019347970%7Ctwgr%5E&#038;ref_url=https%3A%2F%2Fwww.torcedores.com%2Fnoticias%2F2020%2F11%2Fsubstituto-thiago-maia-flamengo-opinioes\n<\/div><\/figure>\n\n\n\n<p>Retirado de: Torcedores<\/p>\n","protected":false},"excerpt":{"rendered":"<p>Ap\u00f3s a les\u00e3o de Thiago Maia ser constatada, o camisa 33 s\u00f3 deve voltar aos gramados em 2021. Dessa forma, Rog\u00e9rio Ceni ter\u00e1 que lidar com uma perda importante no meio-campo, j\u00e1 que o atleta alcan\u00e7ou o status de titular durante a temporada. Sendo assim, o fato gerou um grande debate nas redes sociais. Dessa [&hellip;]<\/p>\n","protected":false},"author":1,"featured_media":15153,"comment_status":"open","ping_status":"closed","sticky":false,"template":"","format":"standard","meta":{"footnotes":""},"categories":[1],"tags":[],"class_list":["post-51765","post","type-post","status-publish","format-standard","has-post-thumbnail","hentry","category-flamengo"],"yoast_head":"<!-- This site is optimized with the Yoast SEO Premium plugin v24.2 (Yoast SEO v26.9) - https:\/\/yoast.com\/product\/yoast-seo-premium-wordpress\/ -->\n<title>Jovens, Jonas ou Cu\u00e9llar? Torcedores do Flamengo divergem sobre \u201csubstituto\u201d de Thiago Maia<\/title>\n<meta name=\"description\" content=\"Ap\u00f3s a les\u00e3o do meia Thiago Maia ter sido confirmada, o camisa 33 do Flamengo s\u00f3 deve voltar aos gramados em 2021.\" \/>\n<meta name=\"robots\" content=\"index, follow, max-snippet:-1, max-image-preview:large, max-video-preview:-1\" \/>\n<link rel=\"canonical\" href=\"https:\/\/www.gaveanews.com\/index.php\/2020\/11\/17\/jovens-jonas-ou-cuellar-torcedores-do-flamengo-divergem-sobre-substituto-de-thiago-maia\/\" \/>\n<meta property=\"og:locale\" content=\"pt_BR\" \/>\n<meta property=\"og:type\" content=\"article\" \/>\n<meta property=\"og:title\" content=\"Jovens, Jonas ou Cu\u00e9llar? Torcedores do Flamengo divergem sobre \u201csubstituto\u201d de Thiago Maia\" \/>\n<meta property=\"og:description\" content=\"Ap\u00f3s a les\u00e3o do meia Thiago Maia ter sido confirmada, o camisa 33 do Flamengo s\u00f3 deve voltar aos gramados em 2021.\" \/>\n<meta property=\"og:url\" content=\"https:\/\/www.gaveanews.com\/index.php\/2020\/11\/17\/jovens-jonas-ou-cuellar-torcedores-do-flamengo-divergem-sobre-substituto-de-thiago-maia\/\" \/>\n<meta property=\"og:site_name\" content=\"G\u00e1vea News\" \/>\n<meta property=\"article:publisher\" content=\"https:\/\/facebook.com\/gaveaNews\/\" \/>\n<meta property=\"article:published_time\" content=\"2020-11-17T15:31:35+00:00\" \/>\n<meta property=\"article:modified_time\" content=\"2020-11-17T15:31:42+00:00\" \/>\n<meta property=\"og:image\" content=\"https:\/\/www.gaveanews.com\/wp-content\/uploads\/2019\/03\/Jonas-durante-treinamento-no-Ninho-do-Urubu.webp\" \/>\n\t<meta property=\"og:image:width\" content=\"880\" \/>\n\t<meta property=\"og:image:height\" content=\"586\" \/>\n\t<meta property=\"og:image:type\" content=\"image\/jpeg\" \/>\n<meta name=\"author\" content=\"Equipe G\u00e1vea News\" \/>\n<meta name=\"twitter:card\" content=\"summary_large_image\" \/>\n<meta name=\"twitter:label1\" content=\"Escrito por\" \/>\n\t<meta name=\"twitter:data1\" content=\"Equipe G\u00e1vea News\" \/>\n\t<meta name=\"twitter:label2\" content=\"Est. tempo de leitura\" \/>\n\t<meta name=\"twitter:data2\" content=\"3 minutos\" \/>\n<script type=\"application\/ld+json\" class=\"yoast-schema-graph\">{\"@context\":\"https:\/\/schema.org\",\"@graph\":[{\"@type\":\"NewsArticle\",\"@id\":\"https:\/\/www.gaveanews.com\/index.php\/2020\/11\/17\/jovens-jonas-ou-cuellar-torcedores-do-flamengo-divergem-sobre-substituto-de-thiago-maia\/#article\",\"isPartOf\":{\"@id\":\"https:\/\/www.gaveanews.com\/index.php\/2020\/11\/17\/jovens-jonas-ou-cuellar-torcedores-do-flamengo-divergem-sobre-substituto-de-thiago-maia\/\"},\"author\":{\"name\":\"Equipe G\u00e1vea News\",\"@id\":\"https:\/\/www.gaveanews.com\/#\/schema\/person\/2ec14f73fb96be2caf28f91afb14749d\"},\"headline\":\"Jovens, Jonas ou Cu\u00e9llar? Torcedores do Flamengo divergem sobre \u201csubstituto\u201d de Thiago Maia\",\"datePublished\":\"2020-11-17T15:31:35+00:00\",\"dateModified\":\"2020-11-17T15:31:42+00:00\",\"mainEntityOfPage\":{\"@id\":\"https:\/\/www.gaveanews.com\/index.php\/2020\/11\/17\/jovens-jonas-ou-cuellar-torcedores-do-flamengo-divergem-sobre-substituto-de-thiago-maia\/\"},\"wordCount\":536,\"commentCount\":40,\"image\":{\"@id\":\"https:\/\/www.gaveanews.com\/index.php\/2020\/11\/17\/jovens-jonas-ou-cuellar-torcedores-do-flamengo-divergem-sobre-substituto-de-thiago-maia\/#primaryimage\"},\"thumbnailUrl\":\"https:\/\/www.gaveanews.com\/wp-content\/uploads\/2019\/03\/Jonas-durante-treinamento-no-Ninho-do-Urubu.webp\",\"articleSection\":[\"Flamengo\"],\"inLanguage\":\"pt-BR\",\"potentialAction\":[{\"@type\":\"CommentAction\",\"name\":\"Comment\",\"target\":[\"https:\/\/www.gaveanews.com\/index.php\/2020\/11\/17\/jovens-jonas-ou-cuellar-torcedores-do-flamengo-divergem-sobre-substituto-de-thiago-maia\/#respond\"]}],\"copyrightYear\":\"2020\",\"copyrightHolder\":{\"@id\":\"https:\/\/www.gaveanews.com\/#organization\"}},{\"@type\":\"WebPage\",\"@id\":\"https:\/\/www.gaveanews.com\/index.php\/2020\/11\/17\/jovens-jonas-ou-cuellar-torcedores-do-flamengo-divergem-sobre-substituto-de-thiago-maia\/\",\"url\":\"https:\/\/www.gaveanews.com\/index.php\/2020\/11\/17\/jovens-jonas-ou-cuellar-torcedores-do-flamengo-divergem-sobre-substituto-de-thiago-maia\/\",\"name\":\"Jovens, Jonas ou Cu\u00e9llar? Torcedores do Flamengo divergem sobre \u201csubstituto\u201d de Thiago Maia\",\"isPartOf\":{\"@id\":\"https:\/\/www.gaveanews.com\/#website\"},\"primaryImageOfPage\":{\"@id\":\"https:\/\/www.gaveanews.com\/index.php\/2020\/11\/17\/jovens-jonas-ou-cuellar-torcedores-do-flamengo-divergem-sobre-substituto-de-thiago-maia\/#primaryimage\"},\"image\":{\"@id\":\"https:\/\/www.gaveanews.com\/index.php\/2020\/11\/17\/jovens-jonas-ou-cuellar-torcedores-do-flamengo-divergem-sobre-substituto-de-thiago-maia\/#primaryimage\"},\"thumbnailUrl\":\"https:\/\/www.gaveanews.com\/wp-content\/uploads\/2019\/03\/Jonas-durante-treinamento-no-Ninho-do-Urubu.webp\",\"datePublished\":\"2020-11-17T15:31:35+00:00\",\"dateModified\":\"2020-11-17T15:31:42+00:00\",\"author\":{\"@id\":\"https:\/\/www.gaveanews.com\/#\/schema\/person\/2ec14f73fb96be2caf28f91afb14749d\"},\"description\":\"Ap\u00f3s a les\u00e3o do meia Thiago Maia ter sido confirmada, o camisa 33 do Flamengo s\u00f3 deve voltar aos gramados em 2021.\",\"breadcrumb\":{\"@id\":\"https:\/\/www.gaveanews.com\/index.php\/2020\/11\/17\/jovens-jonas-ou-cuellar-torcedores-do-flamengo-divergem-sobre-substituto-de-thiago-maia\/#breadcrumb\"},\"inLanguage\":\"pt-BR\",\"potentialAction\":[{\"@type\":\"ReadAction\",\"target\":[\"https:\/\/www.gaveanews.com\/index.php\/2020\/11\/17\/jovens-jonas-ou-cuellar-torcedores-do-flamengo-divergem-sobre-substituto-de-thiago-maia\/\"]}]},{\"@type\":\"ImageObject\",\"inLanguage\":\"pt-BR\",\"@id\":\"https:\/\/www.gaveanews.com\/index.php\/2020\/11\/17\/jovens-jonas-ou-cuellar-torcedores-do-flamengo-divergem-sobre-substituto-de-thiago-maia\/#primaryimage\",\"url\":\"https:\/\/www.gaveanews.com\/wp-content\/uploads\/2019\/03\/Jonas-durante-treinamento-no-Ninho-do-Urubu.webp\",\"contentUrl\":\"https:\/\/www.gaveanews.com\/wp-content\/uploads\/2019\/03\/Jonas-durante-treinamento-no-Ninho-do-Urubu.webp\",\"width\":880,\"height\":586,\"caption\":\"Jonas durante treinamento no Ninho do Urubu (Foto: Gilvan de Souza\/Flamengo)\"},{\"@type\":\"BreadcrumbList\",\"@id\":\"https:\/\/www.gaveanews.com\/index.php\/2020\/11\/17\/jovens-jonas-ou-cuellar-torcedores-do-flamengo-divergem-sobre-substituto-de-thiago-maia\/#breadcrumb\",\"itemListElement\":[{\"@type\":\"ListItem\",\"position\":1,\"name\":\"Home\",\"item\":\"https:\/\/www.gaveanews.com\/\"},{\"@type\":\"ListItem\",\"position\":2,\"name\":\"Jovens, Jonas ou Cu\u00e9llar? Torcedores do Flamengo divergem sobre \u201csubstituto\u201d de Thiago Maia\"}]},{\"@type\":\"WebSite\",\"@id\":\"https:\/\/www.gaveanews.com\/#website\",\"url\":\"https:\/\/www.gaveanews.com\/\",\"name\":\"G\u00e1vea News\",\"description\":\"Veja todas as not\u00edcias sobre o Flamengo: Contrata\u00e7\u00f5es, categorias de base, resultados das partidas, tabela de classifica\u00e7\u00e3o, pr\u00f3ximos jogos!\",\"potentialAction\":[{\"@type\":\"SearchAction\",\"target\":{\"@type\":\"EntryPoint\",\"urlTemplate\":\"https:\/\/www.gaveanews.com\/?s={search_term_string}\"},\"query-input\":{\"@type\":\"PropertyValueSpecification\",\"valueRequired\":true,\"valueName\":\"search_term_string\"}}],\"inLanguage\":\"pt-BR\"},{\"@type\":\"Person\",\"@id\":\"https:\/\/www.gaveanews.com\/#\/schema\/person\/2ec14f73fb96be2caf28f91afb14749d\",\"name\":\"Equipe G\u00e1vea News\",\"image\":{\"@type\":\"ImageObject\",\"inLanguage\":\"pt-BR\",\"@id\":\"https:\/\/www.gaveanews.com\/#\/schema\/person\/image\/\",\"url\":\"https:\/\/secure.gravatar.com\/avatar\/1e1956f1facbffd3f8fa53a326721950116b3b9dc9bd44939c01180fd4a745a9?s=96&d=mm&r=g\",\"contentUrl\":\"https:\/\/secure.gravatar.com\/avatar\/1e1956f1facbffd3f8fa53a326721950116b3b9dc9bd44939c01180fd4a745a9?s=96&d=mm&r=g\",\"caption\":\"Equipe G\u00e1vea News\"}}]}<\/script>\n<!-- \/ Yoast SEO Premium plugin. -->","yoast_head_json":{"title":"Jovens, Jonas ou Cu\u00e9llar? Torcedores do Flamengo divergem sobre \u201csubstituto\u201d de Thiago Maia","description":"Ap\u00f3s a les\u00e3o do meia Thiago Maia ter sido confirmada, o camisa 33 do Flamengo s\u00f3 deve voltar aos gramados em 2021.","robots":{"index":"index","follow":"follow","max-snippet":"max-snippet:-1","max-image-preview":"max-image-preview:large","max-video-preview":"max-video-preview:-1"},"canonical":"https:\/\/www.gaveanews.com\/index.php\/2020\/11\/17\/jovens-jonas-ou-cuellar-torcedores-do-flamengo-divergem-sobre-substituto-de-thiago-maia\/","og_locale":"pt_BR","og_type":"article","og_title":"Jovens, Jonas ou Cu\u00e9llar? Torcedores do Flamengo divergem sobre \u201csubstituto\u201d de Thiago Maia","og_description":"Ap\u00f3s a les\u00e3o do meia Thiago Maia ter sido confirmada, o camisa 33 do Flamengo s\u00f3 deve voltar aos gramados em 2021.","og_url":"https:\/\/www.gaveanews.com\/index.php\/2020\/11\/17\/jovens-jonas-ou-cuellar-torcedores-do-flamengo-divergem-sobre-substituto-de-thiago-maia\/","og_site_name":"G\u00e1vea News","article_publisher":"https:\/\/facebook.com\/gaveaNews\/","article_published_time":"2020-11-17T15:31:35+00:00","article_modified_time":"2020-11-17T15:31:42+00:00","og_image":[{"width":880,"height":586,"url":"https:\/\/www.gaveanews.com\/wp-content\/uploads\/2019\/03\/Jonas-durante-treinamento-no-Ninho-do-Urubu.webp","type":"image\/jpeg"}],"author":"Equipe G\u00e1vea News","twitter_card":"summary_large_image","twitter_misc":{"Escrito por":"Equipe G\u00e1vea News","Est. tempo de leitura":"3 minutos"},"schema":{"@context":"https:\/\/schema.org","@graph":[{"@type":"NewsArticle","@id":"https:\/\/www.gaveanews.com\/index.php\/2020\/11\/17\/jovens-jonas-ou-cuellar-torcedores-do-flamengo-divergem-sobre-substituto-de-thiago-maia\/#article","isPartOf":{"@id":"https:\/\/www.gaveanews.com\/index.php\/2020\/11\/17\/jovens-jonas-ou-cuellar-torcedores-do-flamengo-divergem-sobre-substituto-de-thiago-maia\/"},"author":{"name":"Equipe G\u00e1vea News","@id":"https:\/\/www.gaveanews.com\/#\/schema\/person\/2ec14f73fb96be2caf28f91afb14749d"},"headline":"Jovens, Jonas ou Cu\u00e9llar? Torcedores do Flamengo divergem sobre \u201csubstituto\u201d de Thiago Maia","datePublished":"2020-11-17T15:31:35+00:00","dateModified":"2020-11-17T15:31:42+00:00","mainEntityOfPage":{"@id":"https:\/\/www.gaveanews.com\/index.php\/2020\/11\/17\/jovens-jonas-ou-cuellar-torcedores-do-flamengo-divergem-sobre-substituto-de-thiago-maia\/"},"wordCount":536,"commentCount":40,"image":{"@id":"https:\/\/www.gaveanews.com\/index.php\/2020\/11\/17\/jovens-jonas-ou-cuellar-torcedores-do-flamengo-divergem-sobre-substituto-de-thiago-maia\/#primaryimage"},"thumbnailUrl":"https:\/\/www.gaveanews.com\/wp-content\/uploads\/2019\/03\/Jonas-durante-treinamento-no-Ninho-do-Urubu.webp","articleSection":["Flamengo"],"inLanguage":"pt-BR","potentialAction":[{"@type":"CommentAction","name":"Comment","target":["https:\/\/www.gaveanews.com\/index.php\/2020\/11\/17\/jovens-jonas-ou-cuellar-torcedores-do-flamengo-divergem-sobre-substituto-de-thiago-maia\/#respond"]}],"copyrightYear":"2020","copyrightHolder":{"@id":"https:\/\/www.gaveanews.com\/#organization"}},{"@type":"WebPage","@id":"https:\/\/www.gaveanews.com\/index.php\/2020\/11\/17\/jovens-jonas-ou-cuellar-torcedores-do-flamengo-divergem-sobre-substituto-de-thiago-maia\/","url":"https:\/\/www.gaveanews.com\/index.php\/2020\/11\/17\/jovens-jonas-ou-cuellar-torcedores-do-flamengo-divergem-sobre-substituto-de-thiago-maia\/","name":"Jovens, Jonas ou Cu\u00e9llar? Torcedores do Flamengo divergem sobre \u201csubstituto\u201d de Thiago Maia","isPartOf":{"@id":"https:\/\/www.gaveanews.com\/#website"},"primaryImageOfPage":{"@id":"https:\/\/www.gaveanews.com\/index.php\/2020\/11\/17\/jovens-jonas-ou-cuellar-torcedores-do-flamengo-divergem-sobre-substituto-de-thiago-maia\/#primaryimage"},"image":{"@id":"https:\/\/www.gaveanews.com\/index.php\/2020\/11\/17\/jovens-jonas-ou-cuellar-torcedores-do-flamengo-divergem-sobre-substituto-de-thiago-maia\/#primaryimage"},"thumbnailUrl":"https:\/\/www.gaveanews.com\/wp-content\/uploads\/2019\/03\/Jonas-durante-treinamento-no-Ninho-do-Urubu.webp","datePublished":"2020-11-17T15:31:35+00:00","dateModified":"2020-11-17T15:31:42+00:00","author":{"@id":"https:\/\/www.gaveanews.com\/#\/schema\/person\/2ec14f73fb96be2caf28f91afb14749d"},"description":"Ap\u00f3s a les\u00e3o do meia Thiago Maia ter sido confirmada, o camisa 33 do Flamengo s\u00f3 deve voltar aos gramados em 2021.","breadcrumb":{"@id":"https:\/\/www.gaveanews.com\/index.php\/2020\/11\/17\/jovens-jonas-ou-cuellar-torcedores-do-flamengo-divergem-sobre-substituto-de-thiago-maia\/#breadcrumb"},"inLanguage":"pt-BR","potentialAction":[{"@type":"ReadAction","target":["https:\/\/www.gaveanews.com\/index.php\/2020\/11\/17\/jovens-jonas-ou-cuellar-torcedores-do-flamengo-divergem-sobre-substituto-de-thiago-maia\/"]}]},{"@type":"ImageObject","inLanguage":"pt-BR","@id":"https:\/\/www.gaveanews.com\/index.php\/2020\/11\/17\/jovens-jonas-ou-cuellar-torcedores-do-flamengo-divergem-sobre-substituto-de-thiago-maia\/#primaryimage","url":"https:\/\/www.gaveanews.com\/wp-content\/uploads\/2019\/03\/Jonas-durante-treinamento-no-Ninho-do-Urubu.webp","contentUrl":"https:\/\/www.gaveanews.com\/wp-content\/uploads\/2019\/03\/Jonas-durante-treinamento-no-Ninho-do-Urubu.webp","width":880,"height":586,"caption":"Jonas durante treinamento no Ninho do Urubu (Foto: Gilvan de Souza\/Flamengo)"},{"@type":"BreadcrumbList","@id":"https:\/\/www.gaveanews.com\/index.php\/2020\/11\/17\/jovens-jonas-ou-cuellar-torcedores-do-flamengo-divergem-sobre-substituto-de-thiago-maia\/#breadcrumb","itemListElement":[{"@type":"ListItem","position":1,"name":"Home","item":"https:\/\/www.gaveanews.com\/"},{"@type":"ListItem","position":2,"name":"Jovens, Jonas ou Cu\u00e9llar? Torcedores do Flamengo divergem sobre \u201csubstituto\u201d de Thiago Maia"}]},{"@type":"WebSite","@id":"https:\/\/www.gaveanews.com\/#website","url":"https:\/\/www.gaveanews.com\/","name":"G\u00e1vea News","description":"Veja todas as not\u00edcias sobre o Flamengo: Contrata\u00e7\u00f5es, categorias de base, resultados das partidas, tabela de classifica\u00e7\u00e3o, pr\u00f3ximos jogos!","potentialAction":[{"@type":"SearchAction","target":{"@type":"EntryPoint","urlTemplate":"https:\/\/www.gaveanews.com\/?s={search_term_string}"},"query-input":{"@type":"PropertyValueSpecification","valueRequired":true,"valueName":"search_term_string"}}],"inLanguage":"pt-BR"},{"@type":"Person","@id":"https:\/\/www.gaveanews.com\/#\/schema\/person\/2ec14f73fb96be2caf28f91afb14749d","name":"Equipe G\u00e1vea News","image":{"@type":"ImageObject","inLanguage":"pt-BR","@id":"https:\/\/www.gaveanews.com\/#\/schema\/person\/image\/","url":"https:\/\/secure.gravatar.com\/avatar\/1e1956f1facbffd3f8fa53a326721950116b3b9dc9bd44939c01180fd4a745a9?s=96&d=mm&r=g","contentUrl":"https:\/\/secure.gravatar.com\/avatar\/1e1956f1facbffd3f8fa53a326721950116b3b9dc9bd44939c01180fd4a745a9?s=96&d=mm&r=g","caption":"Equipe G\u00e1vea News"}}]}},"_links":{"self":[{"href":"https:\/\/www.gaveanews.com\/index.php\/wp-json\/wp\/v2\/posts\/51765","targetHints":{"allow":["GET"]}}],"collection":[{"href":"https:\/\/www.gaveanews.com\/index.php\/wp-json\/wp\/v2\/posts"}],"about":[{"href":"https:\/\/www.gaveanews.com\/index.php\/wp-json\/wp\/v2\/types\/post"}],"author":[{"embeddable":true,"href":"https:\/\/www.gaveanews.com\/index.php\/wp-json\/wp\/v2\/users\/1"}],"replies":[{"embeddable":true,"href":"https:\/\/www.gaveanews.com\/index.php\/wp-json\/wp\/v2\/comments?post=51765"}],"version-history":[{"count":0,"href":"https:\/\/www.gaveanews.com\/index.php\/wp-json\/wp\/v2\/posts\/51765\/revisions"}],"wp:featuredmedia":[{"embeddable":true,"href":"https:\/\/www.gaveanews.com\/index.php\/wp-json\/wp\/v2\/media\/15153"}],"wp:attachment":[{"href":"https:\/\/www.gaveanews.com\/index.php\/wp-json\/wp\/v2\/media?parent=51765"}],"wp:term":[{"taxonomy":"category","embeddable":true,"href":"https:\/\/www.gaveanews.com\/index.php\/wp-json\/wp\/v2\/categories?post=51765"},{"taxonomy":"post_tag","embeddable":true,"href":"https:\/\/www.gaveanews.com\/index.php\/wp-json\/wp\/v2\/tags?post=51765"}],"curies":[{"name":"wp","href":"https:\/\/api.w.org\/{rel}","templated":true}]}}