{"id":51781,"date":"2020-11-18T01:16:00","date_gmt":"2020-11-18T04:16:00","guid":{"rendered":"https:\/\/www.gaveanews.com\/?p=51781"},"modified":"2021-08-12T00:48:55","modified_gmt":"2021-08-12T03:48:55","slug":"treinador-por-um-dia-qual-seria-a-escalacao-ideal-do-flamengo-contra-o-sao-paulo","status":"publish","type":"post","link":"https:\/\/www.gaveanews.com\/index.php\/2020\/11\/18\/treinador-por-um-dia-qual-seria-a-escalacao-ideal-do-flamengo-contra-o-sao-paulo\/","title":{"rendered":"Seja treinador por um dia! Monte a escala\u00e7\u00e3o ideal do Flamengo contra o S\u00e3o Paulo?"},"content":{"rendered":"\n<p>Em meio a novas les\u00f5es, jogadores voltando de convoca\u00e7\u00f5es e d\u00e9ficit no setor f\u00edsico dos atletas, o Mengo duelar\u00e1 contra o S\u00e3o Paulo.<\/p>\n\n\n\n<p>A partida ocorrer\u00e1 \u00e0s 21h30 (hor\u00e1rio de Bra\u00edlia), nesta quarta-feira (18) e ser\u00e1 v\u00e1lida pelas quartas de final da Copa do Brasil.<\/p>\n\n\n\n<p>No quesito for\u00e7a de vontade, o treinador se superou, <a href=\"https:\/\/www.gaveanews.com\/index.php\/2020\/11\/17\/dedicacao-rogerio-ceni-esta-trabalhando-de-madrugada-para-preparar-o-time-do-flamengo\/\">ao preparar o treino coletivo no meio da madrugada<\/a>. Ceni, que chegou no comando do clube com muita expectativa por parte da torcida, ainda n\u00e3o conquistou nenhuma vit\u00f3ria pelo rubro-negro. Lembrando que o ex-goleiro s\u00f3 comandou o time por duas partidas, contra o S\u00e3o Paulo (11) e contra o Atl\u00e9tico-GO (14).<\/p>\n\n\n\n<p>Al\u00e9m da ansiedade para o preparo do treinamento, o t\u00e9cnico aguardar\u00e1 o retorno dos jogadores convocados na manh\u00e3 do dia em que ocorrer\u00e1 a partida. A expectativa \u00e9 de que ambos estejam em plenas condi\u00e7\u00f5es f\u00edsicas e possam refor\u00e7ar o time, que novamente possui uma <strong>extensa lista de jogadores lesionados<\/strong>. S\u00e3o eles:<\/p>\n\n\n\n<ul class=\"wp-block-list\"><li><strong>Diego Ribas;<\/strong><\/li><li><strong>Filipe Lu\u00eds;<\/strong><\/li><li><strong>Gabigol;<\/strong><\/li><li><strong>Pedro;<\/strong><\/li><li><strong>Rodrigo Caio;<\/strong><\/li><li><strong>Thiago Maia.<\/strong><\/li><\/ul>\n\n\n\n<p>Pensando nesta lista, Rog\u00e9rio Ceni convocou o atacante L\u00e1zaro, destaque do sub-20, para refor\u00e7ar o rubro-negro no Morumbi. O Garoto do Ninho chegou na categoria de base do Fla em 2018 e tamb\u00e9m j\u00e1 defendeu o Brasil pela Sele\u00e7\u00e3o Sub-17.<\/p>\n\n\n\n<p><strong>Desta forma, a equipe do <a href=\"http:\/\/gaveanews.com\">GaveaNews.com<\/a> gostaria de saber qual seria, na sua opini\u00e3o, a escala\u00e7\u00e3o ideal do Flamengo para partida contra o S\u00e3o Paulo?<\/strong><\/p>\n\n\n\n<script>(function(d,s,id){var js,fjs=d.getElementsByTagName(s)[0];if(d.getElementById(id))return;js=d.createElement(s);js.id=id;js.src='https:\/\/embed.ex.co\/sdk.js';fjs.parentNode.insertBefore(js,fjs);}(document,'script','exco-sdk'));<\/script><div class=\"exco\" data-id=\"f4456d94-16ee-4840-b944-c64fc2583c0e\" data-show-share=\"false\" data-show-info=\"false\"><\/div>\n","protected":false},"excerpt":{"rendered":"<p>Em meio a novas les\u00f5es, jogadores voltando de convoca\u00e7\u00f5es e d\u00e9ficit no setor f\u00edsico dos atletas, o Mengo duelar\u00e1 contra o S\u00e3o Paulo. A partida ocorrer\u00e1 \u00e0s 21h30 (hor\u00e1rio de Bra\u00edlia), nesta quarta-feira (18) e ser\u00e1 v\u00e1lida pelas quartas de final da Copa do Brasil. No quesito for\u00e7a de vontade, o treinador se superou, ao [&hellip;]<\/p>\n","protected":false},"author":4,"featured_media":50132,"comment_status":"open","ping_status":"closed","sticky":false,"template":"","format":"standard","meta":{"footnotes":""},"categories":[1],"tags":[],"class_list":["post-51781","post","type-post","status-publish","format-standard","has-post-thumbnail","hentry","category-flamengo"],"yoast_head":"<!-- This site is optimized with the Yoast SEO Premium plugin v24.2 (Yoast SEO v26.9) - https:\/\/yoast.com\/product\/yoast-seo-premium-wordpress\/ -->\n<title>Seja treinador por um dia! Monte a escala\u00e7\u00e3o ideal do Flamengo contra o S\u00e3o Paulo?<\/title>\n<meta name=\"description\" content=\"A equipe do GaveaNews.com gostaria de saber qual seria, na sua opini\u00e3o, a escala\u00e7\u00e3o ideal do Flamengo para partida contra o S\u00e3o Paulo?\" \/>\n<meta name=\"robots\" content=\"index, follow, max-snippet:-1, max-image-preview:large, max-video-preview:-1\" \/>\n<link rel=\"canonical\" href=\"https:\/\/www.gaveanews.com\/index.php\/2020\/11\/18\/treinador-por-um-dia-qual-seria-a-escalacao-ideal-do-flamengo-contra-o-sao-paulo\/\" \/>\n<meta property=\"og:locale\" content=\"pt_BR\" \/>\n<meta property=\"og:type\" content=\"article\" \/>\n<meta property=\"og:title\" content=\"Seja treinador por um dia! Monte a escala\u00e7\u00e3o ideal do Flamengo contra o S\u00e3o Paulo?\" \/>\n<meta property=\"og:description\" content=\"A equipe do GaveaNews.com gostaria de saber qual seria, na sua opini\u00e3o, a escala\u00e7\u00e3o ideal do Flamengo para partida contra o S\u00e3o Paulo?\" \/>\n<meta property=\"og:url\" content=\"https:\/\/www.gaveanews.com\/index.php\/2020\/11\/18\/treinador-por-um-dia-qual-seria-a-escalacao-ideal-do-flamengo-contra-o-sao-paulo\/\" \/>\n<meta property=\"og:site_name\" content=\"G\u00e1vea News\" \/>\n<meta property=\"article:publisher\" content=\"https:\/\/facebook.com\/gaveaNews\/\" \/>\n<meta property=\"article:published_time\" content=\"2020-11-18T04:16:00+00:00\" \/>\n<meta property=\"article:modified_time\" content=\"2021-08-12T03:48:55+00:00\" \/>\n<meta property=\"og:image\" content=\"https:\/\/www.gaveanews.com\/wp-content\/uploads\/Jogadores-do-Flamengo-comemorando-gol-em-partida-contra-o-Internacional.webp\" \/>\n\t<meta property=\"og:image:width\" content=\"800\" \/>\n\t<meta property=\"og:image:height\" content=\"533\" \/>\n\t<meta property=\"og:image:type\" content=\"image\/jpeg\" \/>\n<meta name=\"author\" content=\"Let\u00edcia Gerheim\" \/>\n<meta name=\"twitter:card\" content=\"summary_large_image\" \/>\n<meta name=\"twitter:label1\" content=\"Escrito por\" \/>\n\t<meta name=\"twitter:data1\" content=\"Let\u00edcia Gerheim\" \/>\n\t<meta name=\"twitter:label2\" content=\"Est. tempo de leitura\" \/>\n\t<meta name=\"twitter:data2\" content=\"1 minuto\" \/>\n<script type=\"application\/ld+json\" class=\"yoast-schema-graph\">{\"@context\":\"https:\/\/schema.org\",\"@graph\":[{\"@type\":\"NewsArticle\",\"@id\":\"https:\/\/www.gaveanews.com\/index.php\/2020\/11\/18\/treinador-por-um-dia-qual-seria-a-escalacao-ideal-do-flamengo-contra-o-sao-paulo\/#article\",\"isPartOf\":{\"@id\":\"https:\/\/www.gaveanews.com\/index.php\/2020\/11\/18\/treinador-por-um-dia-qual-seria-a-escalacao-ideal-do-flamengo-contra-o-sao-paulo\/\"},\"author\":{\"name\":\"Let\u00edcia Gerheim\",\"@id\":\"https:\/\/www.gaveanews.com\/#\/schema\/person\/714c67050b836198af2450ba1c142a67\"},\"headline\":\"Seja treinador por um dia! Monte a escala\u00e7\u00e3o ideal do Flamengo contra o S\u00e3o Paulo?\",\"datePublished\":\"2020-11-18T04:16:00+00:00\",\"dateModified\":\"2021-08-12T03:48:55+00:00\",\"mainEntityOfPage\":{\"@id\":\"https:\/\/www.gaveanews.com\/index.php\/2020\/11\/18\/treinador-por-um-dia-qual-seria-a-escalacao-ideal-do-flamengo-contra-o-sao-paulo\/\"},\"wordCount\":273,\"commentCount\":53,\"image\":{\"@id\":\"https:\/\/www.gaveanews.com\/index.php\/2020\/11\/18\/treinador-por-um-dia-qual-seria-a-escalacao-ideal-do-flamengo-contra-o-sao-paulo\/#primaryimage\"},\"thumbnailUrl\":\"https:\/\/www.gaveanews.com\/wp-content\/uploads\/Jogadores-do-Flamengo-comemorando-gol-em-partida-contra-o-Internacional.webp\",\"articleSection\":[\"Flamengo\"],\"inLanguage\":\"pt-BR\",\"potentialAction\":[{\"@type\":\"CommentAction\",\"name\":\"Comment\",\"target\":[\"https:\/\/www.gaveanews.com\/index.php\/2020\/11\/18\/treinador-por-um-dia-qual-seria-a-escalacao-ideal-do-flamengo-contra-o-sao-paulo\/#respond\"]}],\"copyrightYear\":\"2020\",\"copyrightHolder\":{\"@id\":\"https:\/\/www.gaveanews.com\/#organization\"}},{\"@type\":\"WebPage\",\"@id\":\"https:\/\/www.gaveanews.com\/index.php\/2020\/11\/18\/treinador-por-um-dia-qual-seria-a-escalacao-ideal-do-flamengo-contra-o-sao-paulo\/\",\"url\":\"https:\/\/www.gaveanews.com\/index.php\/2020\/11\/18\/treinador-por-um-dia-qual-seria-a-escalacao-ideal-do-flamengo-contra-o-sao-paulo\/\",\"name\":\"Seja treinador por um dia! Monte a escala\u00e7\u00e3o ideal do Flamengo contra o S\u00e3o Paulo?\",\"isPartOf\":{\"@id\":\"https:\/\/www.gaveanews.com\/#website\"},\"primaryImageOfPage\":{\"@id\":\"https:\/\/www.gaveanews.com\/index.php\/2020\/11\/18\/treinador-por-um-dia-qual-seria-a-escalacao-ideal-do-flamengo-contra-o-sao-paulo\/#primaryimage\"},\"image\":{\"@id\":\"https:\/\/www.gaveanews.com\/index.php\/2020\/11\/18\/treinador-por-um-dia-qual-seria-a-escalacao-ideal-do-flamengo-contra-o-sao-paulo\/#primaryimage\"},\"thumbnailUrl\":\"https:\/\/www.gaveanews.com\/wp-content\/uploads\/Jogadores-do-Flamengo-comemorando-gol-em-partida-contra-o-Internacional.webp\",\"datePublished\":\"2020-11-18T04:16:00+00:00\",\"dateModified\":\"2021-08-12T03:48:55+00:00\",\"author\":{\"@id\":\"https:\/\/www.gaveanews.com\/#\/schema\/person\/714c67050b836198af2450ba1c142a67\"},\"description\":\"A equipe do GaveaNews.com gostaria de saber qual seria, na sua opini\u00e3o, a escala\u00e7\u00e3o ideal do Flamengo para partida contra o S\u00e3o Paulo?\",\"breadcrumb\":{\"@id\":\"https:\/\/www.gaveanews.com\/index.php\/2020\/11\/18\/treinador-por-um-dia-qual-seria-a-escalacao-ideal-do-flamengo-contra-o-sao-paulo\/#breadcrumb\"},\"inLanguage\":\"pt-BR\",\"potentialAction\":[{\"@type\":\"ReadAction\",\"target\":[\"https:\/\/www.gaveanews.com\/index.php\/2020\/11\/18\/treinador-por-um-dia-qual-seria-a-escalacao-ideal-do-flamengo-contra-o-sao-paulo\/\"]}]},{\"@type\":\"ImageObject\",\"inLanguage\":\"pt-BR\",\"@id\":\"https:\/\/www.gaveanews.com\/index.php\/2020\/11\/18\/treinador-por-um-dia-qual-seria-a-escalacao-ideal-do-flamengo-contra-o-sao-paulo\/#primaryimage\",\"url\":\"https:\/\/www.gaveanews.com\/wp-content\/uploads\/Jogadores-do-Flamengo-comemorando-gol-em-partida-contra-o-Internacional.webp\",\"contentUrl\":\"https:\/\/www.gaveanews.com\/wp-content\/uploads\/Jogadores-do-Flamengo-comemorando-gol-em-partida-contra-o-Internacional.webp\",\"width\":800,\"height\":533,\"caption\":\"Jogadores do Flamengo comemorando gol em partida contra o Internacional (Foto: Marcelo Cortes\/Flamengo)\"},{\"@type\":\"BreadcrumbList\",\"@id\":\"https:\/\/www.gaveanews.com\/index.php\/2020\/11\/18\/treinador-por-um-dia-qual-seria-a-escalacao-ideal-do-flamengo-contra-o-sao-paulo\/#breadcrumb\",\"itemListElement\":[{\"@type\":\"ListItem\",\"position\":1,\"name\":\"Home\",\"item\":\"https:\/\/www.gaveanews.com\/\"},{\"@type\":\"ListItem\",\"position\":2,\"name\":\"Seja treinador por um dia! Monte a escala\u00e7\u00e3o ideal do Flamengo contra o S\u00e3o Paulo?\"}]},{\"@type\":\"WebSite\",\"@id\":\"https:\/\/www.gaveanews.com\/#website\",\"url\":\"https:\/\/www.gaveanews.com\/\",\"name\":\"G\u00e1vea News\",\"description\":\"Veja todas as not\u00edcias sobre o Flamengo: Contrata\u00e7\u00f5es, categorias de base, resultados das partidas, tabela de classifica\u00e7\u00e3o, pr\u00f3ximos jogos!\",\"potentialAction\":[{\"@type\":\"SearchAction\",\"target\":{\"@type\":\"EntryPoint\",\"urlTemplate\":\"https:\/\/www.gaveanews.com\/?s={search_term_string}\"},\"query-input\":{\"@type\":\"PropertyValueSpecification\",\"valueRequired\":true,\"valueName\":\"search_term_string\"}}],\"inLanguage\":\"pt-BR\"},{\"@type\":\"Person\",\"@id\":\"https:\/\/www.gaveanews.com\/#\/schema\/person\/714c67050b836198af2450ba1c142a67\",\"name\":\"Let\u00edcia Gerheim\",\"image\":{\"@type\":\"ImageObject\",\"inLanguage\":\"pt-BR\",\"@id\":\"https:\/\/www.gaveanews.com\/#\/schema\/person\/image\/\",\"url\":\"https:\/\/secure.gravatar.com\/avatar\/60734739c50fcebfbac509e2a826ccd0ff405c019bc73aab9354f19ecad1dcb4?s=96&d=mm&r=g\",\"contentUrl\":\"https:\/\/secure.gravatar.com\/avatar\/60734739c50fcebfbac509e2a826ccd0ff405c019bc73aab9354f19ecad1dcb4?s=96&d=mm&r=g\",\"caption\":\"Let\u00edcia Gerheim\"}}]}<\/script>\n<!-- \/ Yoast SEO Premium plugin. -->","yoast_head_json":{"title":"Seja treinador por um dia! Monte a escala\u00e7\u00e3o ideal do Flamengo contra o S\u00e3o Paulo?","description":"A equipe do GaveaNews.com gostaria de saber qual seria, na sua opini\u00e3o, a escala\u00e7\u00e3o ideal do Flamengo para partida contra o S\u00e3o Paulo?","robots":{"index":"index","follow":"follow","max-snippet":"max-snippet:-1","max-image-preview":"max-image-preview:large","max-video-preview":"max-video-preview:-1"},"canonical":"https:\/\/www.gaveanews.com\/index.php\/2020\/11\/18\/treinador-por-um-dia-qual-seria-a-escalacao-ideal-do-flamengo-contra-o-sao-paulo\/","og_locale":"pt_BR","og_type":"article","og_title":"Seja treinador por um dia! Monte a escala\u00e7\u00e3o ideal do Flamengo contra o S\u00e3o Paulo?","og_description":"A equipe do GaveaNews.com gostaria de saber qual seria, na sua opini\u00e3o, a escala\u00e7\u00e3o ideal do Flamengo para partida contra o S\u00e3o Paulo?","og_url":"https:\/\/www.gaveanews.com\/index.php\/2020\/11\/18\/treinador-por-um-dia-qual-seria-a-escalacao-ideal-do-flamengo-contra-o-sao-paulo\/","og_site_name":"G\u00e1vea News","article_publisher":"https:\/\/facebook.com\/gaveaNews\/","article_published_time":"2020-11-18T04:16:00+00:00","article_modified_time":"2021-08-12T03:48:55+00:00","og_image":[{"width":800,"height":533,"url":"https:\/\/www.gaveanews.com\/wp-content\/uploads\/Jogadores-do-Flamengo-comemorando-gol-em-partida-contra-o-Internacional.webp","type":"image\/jpeg"}],"author":"Let\u00edcia Gerheim","twitter_card":"summary_large_image","twitter_misc":{"Escrito por":"Let\u00edcia Gerheim","Est. tempo de leitura":"1 minuto"},"schema":{"@context":"https:\/\/schema.org","@graph":[{"@type":"NewsArticle","@id":"https:\/\/www.gaveanews.com\/index.php\/2020\/11\/18\/treinador-por-um-dia-qual-seria-a-escalacao-ideal-do-flamengo-contra-o-sao-paulo\/#article","isPartOf":{"@id":"https:\/\/www.gaveanews.com\/index.php\/2020\/11\/18\/treinador-por-um-dia-qual-seria-a-escalacao-ideal-do-flamengo-contra-o-sao-paulo\/"},"author":{"name":"Let\u00edcia Gerheim","@id":"https:\/\/www.gaveanews.com\/#\/schema\/person\/714c67050b836198af2450ba1c142a67"},"headline":"Seja treinador por um dia! Monte a escala\u00e7\u00e3o ideal do Flamengo contra o S\u00e3o Paulo?","datePublished":"2020-11-18T04:16:00+00:00","dateModified":"2021-08-12T03:48:55+00:00","mainEntityOfPage":{"@id":"https:\/\/www.gaveanews.com\/index.php\/2020\/11\/18\/treinador-por-um-dia-qual-seria-a-escalacao-ideal-do-flamengo-contra-o-sao-paulo\/"},"wordCount":273,"commentCount":53,"image":{"@id":"https:\/\/www.gaveanews.com\/index.php\/2020\/11\/18\/treinador-por-um-dia-qual-seria-a-escalacao-ideal-do-flamengo-contra-o-sao-paulo\/#primaryimage"},"thumbnailUrl":"https:\/\/www.gaveanews.com\/wp-content\/uploads\/Jogadores-do-Flamengo-comemorando-gol-em-partida-contra-o-Internacional.webp","articleSection":["Flamengo"],"inLanguage":"pt-BR","potentialAction":[{"@type":"CommentAction","name":"Comment","target":["https:\/\/www.gaveanews.com\/index.php\/2020\/11\/18\/treinador-por-um-dia-qual-seria-a-escalacao-ideal-do-flamengo-contra-o-sao-paulo\/#respond"]}],"copyrightYear":"2020","copyrightHolder":{"@id":"https:\/\/www.gaveanews.com\/#organization"}},{"@type":"WebPage","@id":"https:\/\/www.gaveanews.com\/index.php\/2020\/11\/18\/treinador-por-um-dia-qual-seria-a-escalacao-ideal-do-flamengo-contra-o-sao-paulo\/","url":"https:\/\/www.gaveanews.com\/index.php\/2020\/11\/18\/treinador-por-um-dia-qual-seria-a-escalacao-ideal-do-flamengo-contra-o-sao-paulo\/","name":"Seja treinador por um dia! Monte a escala\u00e7\u00e3o ideal do Flamengo contra o S\u00e3o Paulo?","isPartOf":{"@id":"https:\/\/www.gaveanews.com\/#website"},"primaryImageOfPage":{"@id":"https:\/\/www.gaveanews.com\/index.php\/2020\/11\/18\/treinador-por-um-dia-qual-seria-a-escalacao-ideal-do-flamengo-contra-o-sao-paulo\/#primaryimage"},"image":{"@id":"https:\/\/www.gaveanews.com\/index.php\/2020\/11\/18\/treinador-por-um-dia-qual-seria-a-escalacao-ideal-do-flamengo-contra-o-sao-paulo\/#primaryimage"},"thumbnailUrl":"https:\/\/www.gaveanews.com\/wp-content\/uploads\/Jogadores-do-Flamengo-comemorando-gol-em-partida-contra-o-Internacional.webp","datePublished":"2020-11-18T04:16:00+00:00","dateModified":"2021-08-12T03:48:55+00:00","author":{"@id":"https:\/\/www.gaveanews.com\/#\/schema\/person\/714c67050b836198af2450ba1c142a67"},"description":"A equipe do GaveaNews.com gostaria de saber qual seria, na sua opini\u00e3o, a escala\u00e7\u00e3o ideal do Flamengo para partida contra o S\u00e3o Paulo?","breadcrumb":{"@id":"https:\/\/www.gaveanews.com\/index.php\/2020\/11\/18\/treinador-por-um-dia-qual-seria-a-escalacao-ideal-do-flamengo-contra-o-sao-paulo\/#breadcrumb"},"inLanguage":"pt-BR","potentialAction":[{"@type":"ReadAction","target":["https:\/\/www.gaveanews.com\/index.php\/2020\/11\/18\/treinador-por-um-dia-qual-seria-a-escalacao-ideal-do-flamengo-contra-o-sao-paulo\/"]}]},{"@type":"ImageObject","inLanguage":"pt-BR","@id":"https:\/\/www.gaveanews.com\/index.php\/2020\/11\/18\/treinador-por-um-dia-qual-seria-a-escalacao-ideal-do-flamengo-contra-o-sao-paulo\/#primaryimage","url":"https:\/\/www.gaveanews.com\/wp-content\/uploads\/Jogadores-do-Flamengo-comemorando-gol-em-partida-contra-o-Internacional.webp","contentUrl":"https:\/\/www.gaveanews.com\/wp-content\/uploads\/Jogadores-do-Flamengo-comemorando-gol-em-partida-contra-o-Internacional.webp","width":800,"height":533,"caption":"Jogadores do Flamengo comemorando gol em partida contra o Internacional (Foto: Marcelo Cortes\/Flamengo)"},{"@type":"BreadcrumbList","@id":"https:\/\/www.gaveanews.com\/index.php\/2020\/11\/18\/treinador-por-um-dia-qual-seria-a-escalacao-ideal-do-flamengo-contra-o-sao-paulo\/#breadcrumb","itemListElement":[{"@type":"ListItem","position":1,"name":"Home","item":"https:\/\/www.gaveanews.com\/"},{"@type":"ListItem","position":2,"name":"Seja treinador por um dia! Monte a escala\u00e7\u00e3o ideal do Flamengo contra o S\u00e3o Paulo?"}]},{"@type":"WebSite","@id":"https:\/\/www.gaveanews.com\/#website","url":"https:\/\/www.gaveanews.com\/","name":"G\u00e1vea News","description":"Veja todas as not\u00edcias sobre o Flamengo: Contrata\u00e7\u00f5es, categorias de base, resultados das partidas, tabela de classifica\u00e7\u00e3o, pr\u00f3ximos jogos!","potentialAction":[{"@type":"SearchAction","target":{"@type":"EntryPoint","urlTemplate":"https:\/\/www.gaveanews.com\/?s={search_term_string}"},"query-input":{"@type":"PropertyValueSpecification","valueRequired":true,"valueName":"search_term_string"}}],"inLanguage":"pt-BR"},{"@type":"Person","@id":"https:\/\/www.gaveanews.com\/#\/schema\/person\/714c67050b836198af2450ba1c142a67","name":"Let\u00edcia Gerheim","image":{"@type":"ImageObject","inLanguage":"pt-BR","@id":"https:\/\/www.gaveanews.com\/#\/schema\/person\/image\/","url":"https:\/\/secure.gravatar.com\/avatar\/60734739c50fcebfbac509e2a826ccd0ff405c019bc73aab9354f19ecad1dcb4?s=96&d=mm&r=g","contentUrl":"https:\/\/secure.gravatar.com\/avatar\/60734739c50fcebfbac509e2a826ccd0ff405c019bc73aab9354f19ecad1dcb4?s=96&d=mm&r=g","caption":"Let\u00edcia Gerheim"}}]}},"_links":{"self":[{"href":"https:\/\/www.gaveanews.com\/index.php\/wp-json\/wp\/v2\/posts\/51781","targetHints":{"allow":["GET"]}}],"collection":[{"href":"https:\/\/www.gaveanews.com\/index.php\/wp-json\/wp\/v2\/posts"}],"about":[{"href":"https:\/\/www.gaveanews.com\/index.php\/wp-json\/wp\/v2\/types\/post"}],"author":[{"embeddable":true,"href":"https:\/\/www.gaveanews.com\/index.php\/wp-json\/wp\/v2\/users\/4"}],"replies":[{"embeddable":true,"href":"https:\/\/www.gaveanews.com\/index.php\/wp-json\/wp\/v2\/comments?post=51781"}],"version-history":[{"count":0,"href":"https:\/\/www.gaveanews.com\/index.php\/wp-json\/wp\/v2\/posts\/51781\/revisions"}],"wp:featuredmedia":[{"embeddable":true,"href":"https:\/\/www.gaveanews.com\/index.php\/wp-json\/wp\/v2\/media\/50132"}],"wp:attachment":[{"href":"https:\/\/www.gaveanews.com\/index.php\/wp-json\/wp\/v2\/media?parent=51781"}],"wp:term":[{"taxonomy":"category","embeddable":true,"href":"https:\/\/www.gaveanews.com\/index.php\/wp-json\/wp\/v2\/categories?post=51781"},{"taxonomy":"post_tag","embeddable":true,"href":"https:\/\/www.gaveanews.com\/index.php\/wp-json\/wp\/v2\/tags?post=51781"}],"curies":[{"name":"wp","href":"https:\/\/api.w.org\/{rel}","templated":true}]}}