{"id":51801,"date":"2020-11-17T15:18:43","date_gmt":"2020-11-17T18:18:43","guid":{"rendered":"https:\/\/www.gaveanews.com\/?p=51801"},"modified":"2020-11-17T15:19:14","modified_gmt":"2020-11-17T18:19:14","slug":"flamengo-contrata-analista-de-desempenho-do-fortaleza","status":"publish","type":"post","link":"https:\/\/www.gaveanews.com\/index.php\/2020\/11\/17\/flamengo-contrata-analista-de-desempenho-do-fortaleza\/","title":{"rendered":"Flamengo contrata analista de desempenho do Fortaleza"},"content":{"rendered":"\n<p>O setor de an\u00e1lise de desempenho do Fortaleza \u00e9 respons\u00e1vel por avaliar os atletas do clube, poss\u00edveis contrata\u00e7\u00f5es, observar os advers\u00e1rios da equipe, dentre outras coisas.\u00a0<strong>Leandro Costa, l\u00edder da equipe, que trabalhava diretamente com o t\u00e9cnico Rog\u00e9rio Ceni, deixa o Fortaleza rumo ao Flamengo<\/strong>. <\/p>\n\n\n\n<p>O t\u00e9cnico, quando ainda estava no Pici, aproveitava as informa\u00e7\u00f5es para estudar as melhores op\u00e7\u00f5es em campo e estilo de jogo. Em maio deste ano, Leandro Costa chegou a comentar sobre a parceria com o treinador.<\/p>\n\n\n\n<p>\u2014 O Rog\u00e9rio (Ceni) nos ajudou muito na estrutura\u00e7\u00e3o do departamento, desde que ele chegou, sempre nos deu carta branca e pediu nossas opini\u00f5es. \u00c9 constante a troca de conhecimento entre a gente, \u00e9 um cara muito aberto para isso, desde quest\u00e3o de advers\u00e1rio at\u00e9 a melhor escolha poss\u00edvel dentro de uma contrata\u00e7\u00e3o. Ent\u00e3o ele deu uma legitimidade maior para o nosso departamento, al\u00e9m da confian\u00e7a que tivemos a oportunidade de ter e passar para os demais membros da comiss\u00e3o t\u00e9cnica e para diretoria &#8211; destacou.<\/p>\n\n\n\n<figure class=\"wp-block-image size-large\"><img decoding=\"async\" src=\"https:\/\/s2.glbimg.com\/vfCCEA0ZZG0O16vTsAO8zGxVK48=\/0x0:750x723\/984x0\/smart\/filters:strip_icc()\/i.s3.glbimg.com\/v1\/AUTH_bc8228b6673f488aa253bbcb03c80ec5\/internal_photos\/bs\/2020\/H\/N\/FkmCMlRM6qAY0Z3RSUrA\/fortaleza.webp\" alt=\"\"\/><figcaption>Departamento de an\u00e1lise de desempenho e o t\u00e9cnico Rog\u00e9rio Ceni (Foto: Divulga\u00e7\u00e3o\/Fortaleza EC)<\/figcaption><\/figure>\n\n\n\n<p><strong>Ele chega ao Flamengo como uma indica\u00e7\u00e3o de Rog\u00e9rio Ceni<\/strong>. No Centro de Intelig\u00eancia do Fortaleza Esporte Clube (CIFEC), Leandro conquistou o t\u00edtulo da S\u00e9rie B do Brasileiro (e o acesso \u00e0 S\u00e9rie A), em 2018, dois t\u00edtulos do Cearense (2019 e 2020) e o t\u00edtulo da Copa do Nordeste (2019). O CIFEC foi criado em 2016, quando Jorge Mota era presidente, Marcelo Paz (atual presidente) era diretor de futebol, e a diretoria tinha \u00canio Mour\u00e3o e Evangelista Torquato. Leandro Costa trabalhava ao lado de Rafael Silva.<\/p>\n\n\n\n<p>Em 2018, na conquista do t\u00edtulo da S\u00e9rie B, os analistas utilizam v\u00e1rios equipamentos, e o clube investiu e adquiriu um drone, com o qual captava imagens a\u00e9reas dos treinos no CT Ribamar Bezerra e no Alcides Santos.<\/p>\n\n\n\n<p>\u2014 O Leandro criou uma base de dados de jogadores, com caracter\u00edsticas, estat\u00edsticas dos mesmos e n\u00f3s apresentamos ao Rog\u00e9rio para ele decidir com a diretoria a contrata\u00e7\u00e3o ou n\u00e3o dos mesmos, no in\u00edcio da temporada &#8211; afirmou Rafael Silva, ao Jornal Di\u00e1rio do Nordeste \u00e0 \u00e9poca.<\/p>\n\n\n\n<p>Foram filmados 215 treinamentos e 56 jogos do Le\u00e3o. Pela boa atua\u00e7\u00e3o em 2019, o departamento de an\u00e1lise de desempenho do Fortaleza concorreu ao pr\u00eamio CONAFUT 2020.<\/p>\n\n\n\n<p>Retirado de: Globo Esporte<\/p>\n","protected":false},"excerpt":{"rendered":"<p>O setor de an\u00e1lise de desempenho do Fortaleza \u00e9 respons\u00e1vel por avaliar os atletas do clube, poss\u00edveis contrata\u00e7\u00f5es, observar os advers\u00e1rios da equipe, dentre outras coisas.\u00a0Leandro Costa, l\u00edder da equipe, que trabalhava diretamente com o t\u00e9cnico Rog\u00e9rio Ceni, deixa o Fortaleza rumo ao Flamengo. O t\u00e9cnico, quando ainda estava no Pici, aproveitava as informa\u00e7\u00f5es para [&hellip;]<\/p>\n","protected":false},"author":1,"featured_media":51318,"comment_status":"open","ping_status":"closed","sticky":false,"template":"","format":"standard","meta":{"footnotes":""},"categories":[1],"tags":[],"class_list":["post-51801","post","type-post","status-publish","format-standard","has-post-thumbnail","hentry","category-flamengo"],"yoast_head":"<!-- This site is optimized with the Yoast SEO Premium plugin v24.2 (Yoast SEO v26.9) - https:\/\/yoast.com\/product\/yoast-seo-premium-wordpress\/ -->\n<title>Flamengo contrata analista de desempenho do Fortaleza<\/title>\n<meta name=\"description\" content=\"O setor de an\u00e1lise de desempenho \u00e9 respons\u00e1vel por avaliar os atletas do clube, poss\u00edveis contrata\u00e7\u00f5es, observar os advers\u00e1rios da equipe.\" \/>\n<meta name=\"robots\" content=\"index, follow, max-snippet:-1, max-image-preview:large, max-video-preview:-1\" \/>\n<link rel=\"canonical\" href=\"https:\/\/www.gaveanews.com\/index.php\/2020\/11\/17\/flamengo-contrata-analista-de-desempenho-do-fortaleza\/\" \/>\n<meta property=\"og:locale\" content=\"pt_BR\" \/>\n<meta property=\"og:type\" content=\"article\" \/>\n<meta property=\"og:title\" content=\"Flamengo contrata analista de desempenho do Fortaleza\" \/>\n<meta property=\"og:description\" content=\"O setor de an\u00e1lise de desempenho \u00e9 respons\u00e1vel por avaliar os atletas do clube, poss\u00edveis contrata\u00e7\u00f5es, observar os advers\u00e1rios da equipe.\" \/>\n<meta property=\"og:url\" content=\"https:\/\/www.gaveanews.com\/index.php\/2020\/11\/17\/flamengo-contrata-analista-de-desempenho-do-fortaleza\/\" \/>\n<meta property=\"og:site_name\" content=\"G\u00e1vea News\" \/>\n<meta property=\"article:publisher\" content=\"https:\/\/facebook.com\/gaveaNews\/\" \/>\n<meta property=\"article:published_time\" content=\"2020-11-17T18:18:43+00:00\" \/>\n<meta property=\"article:modified_time\" content=\"2020-11-17T18:19:14+00:00\" \/>\n<meta property=\"og:image\" content=\"https:\/\/www.gaveanews.com\/wp-content\/uploads\/Rogerio-Ceni-durante-um-treinamento-do-Fortaleza.webp\" \/>\n\t<meta property=\"og:image:width\" content=\"853\" \/>\n\t<meta property=\"og:image:height\" content=\"568\" \/>\n\t<meta property=\"og:image:type\" content=\"image\/jpeg\" \/>\n<meta name=\"author\" content=\"Equipe G\u00e1vea News\" \/>\n<meta name=\"twitter:card\" content=\"summary_large_image\" \/>\n<meta name=\"twitter:label1\" content=\"Escrito por\" \/>\n\t<meta name=\"twitter:data1\" content=\"Equipe G\u00e1vea News\" \/>\n\t<meta name=\"twitter:label2\" content=\"Est. tempo de leitura\" \/>\n\t<meta name=\"twitter:data2\" content=\"2 minutos\" \/>\n<script type=\"application\/ld+json\" class=\"yoast-schema-graph\">{\"@context\":\"https:\/\/schema.org\",\"@graph\":[{\"@type\":\"NewsArticle\",\"@id\":\"https:\/\/www.gaveanews.com\/index.php\/2020\/11\/17\/flamengo-contrata-analista-de-desempenho-do-fortaleza\/#article\",\"isPartOf\":{\"@id\":\"https:\/\/www.gaveanews.com\/index.php\/2020\/11\/17\/flamengo-contrata-analista-de-desempenho-do-fortaleza\/\"},\"author\":{\"name\":\"Equipe G\u00e1vea News\",\"@id\":\"https:\/\/www.gaveanews.com\/#\/schema\/person\/2ec14f73fb96be2caf28f91afb14749d\"},\"headline\":\"Flamengo contrata analista de desempenho do Fortaleza\",\"datePublished\":\"2020-11-17T18:18:43+00:00\",\"dateModified\":\"2020-11-17T18:19:14+00:00\",\"mainEntityOfPage\":{\"@id\":\"https:\/\/www.gaveanews.com\/index.php\/2020\/11\/17\/flamengo-contrata-analista-de-desempenho-do-fortaleza\/\"},\"wordCount\":426,\"commentCount\":9,\"image\":{\"@id\":\"https:\/\/www.gaveanews.com\/index.php\/2020\/11\/17\/flamengo-contrata-analista-de-desempenho-do-fortaleza\/#primaryimage\"},\"thumbnailUrl\":\"https:\/\/www.gaveanews.com\/wp-content\/uploads\/Rogerio-Ceni-durante-um-treinamento-do-Fortaleza.webp\",\"articleSection\":[\"Flamengo\"],\"inLanguage\":\"pt-BR\",\"potentialAction\":[{\"@type\":\"CommentAction\",\"name\":\"Comment\",\"target\":[\"https:\/\/www.gaveanews.com\/index.php\/2020\/11\/17\/flamengo-contrata-analista-de-desempenho-do-fortaleza\/#respond\"]}],\"copyrightYear\":\"2020\",\"copyrightHolder\":{\"@id\":\"https:\/\/www.gaveanews.com\/#organization\"}},{\"@type\":\"WebPage\",\"@id\":\"https:\/\/www.gaveanews.com\/index.php\/2020\/11\/17\/flamengo-contrata-analista-de-desempenho-do-fortaleza\/\",\"url\":\"https:\/\/www.gaveanews.com\/index.php\/2020\/11\/17\/flamengo-contrata-analista-de-desempenho-do-fortaleza\/\",\"name\":\"Flamengo contrata analista de desempenho do Fortaleza\",\"isPartOf\":{\"@id\":\"https:\/\/www.gaveanews.com\/#website\"},\"primaryImageOfPage\":{\"@id\":\"https:\/\/www.gaveanews.com\/index.php\/2020\/11\/17\/flamengo-contrata-analista-de-desempenho-do-fortaleza\/#primaryimage\"},\"image\":{\"@id\":\"https:\/\/www.gaveanews.com\/index.php\/2020\/11\/17\/flamengo-contrata-analista-de-desempenho-do-fortaleza\/#primaryimage\"},\"thumbnailUrl\":\"https:\/\/www.gaveanews.com\/wp-content\/uploads\/Rogerio-Ceni-durante-um-treinamento-do-Fortaleza.webp\",\"datePublished\":\"2020-11-17T18:18:43+00:00\",\"dateModified\":\"2020-11-17T18:19:14+00:00\",\"author\":{\"@id\":\"https:\/\/www.gaveanews.com\/#\/schema\/person\/2ec14f73fb96be2caf28f91afb14749d\"},\"description\":\"O setor de an\u00e1lise de desempenho \u00e9 respons\u00e1vel por avaliar os atletas do clube, poss\u00edveis contrata\u00e7\u00f5es, observar os advers\u00e1rios da equipe.\",\"breadcrumb\":{\"@id\":\"https:\/\/www.gaveanews.com\/index.php\/2020\/11\/17\/flamengo-contrata-analista-de-desempenho-do-fortaleza\/#breadcrumb\"},\"inLanguage\":\"pt-BR\",\"potentialAction\":[{\"@type\":\"ReadAction\",\"target\":[\"https:\/\/www.gaveanews.com\/index.php\/2020\/11\/17\/flamengo-contrata-analista-de-desempenho-do-fortaleza\/\"]}]},{\"@type\":\"ImageObject\",\"inLanguage\":\"pt-BR\",\"@id\":\"https:\/\/www.gaveanews.com\/index.php\/2020\/11\/17\/flamengo-contrata-analista-de-desempenho-do-fortaleza\/#primaryimage\",\"url\":\"https:\/\/www.gaveanews.com\/wp-content\/uploads\/Rogerio-Ceni-durante-um-treinamento-do-Fortaleza.webp\",\"contentUrl\":\"https:\/\/www.gaveanews.com\/wp-content\/uploads\/Rogerio-Ceni-durante-um-treinamento-do-Fortaleza.webp\",\"width\":853,\"height\":568,\"caption\":\"Rog\u00e9rio Ceni durante um treinamento do Fortaleza (Foto: Divulga\u00e7\u00e3o)\"},{\"@type\":\"BreadcrumbList\",\"@id\":\"https:\/\/www.gaveanews.com\/index.php\/2020\/11\/17\/flamengo-contrata-analista-de-desempenho-do-fortaleza\/#breadcrumb\",\"itemListElement\":[{\"@type\":\"ListItem\",\"position\":1,\"name\":\"Home\",\"item\":\"https:\/\/www.gaveanews.com\/\"},{\"@type\":\"ListItem\",\"position\":2,\"name\":\"Flamengo contrata analista de desempenho do Fortaleza\"}]},{\"@type\":\"WebSite\",\"@id\":\"https:\/\/www.gaveanews.com\/#website\",\"url\":\"https:\/\/www.gaveanews.com\/\",\"name\":\"G\u00e1vea News\",\"description\":\"Veja todas as not\u00edcias sobre o Flamengo: Contrata\u00e7\u00f5es, categorias de base, resultados das partidas, tabela de classifica\u00e7\u00e3o, pr\u00f3ximos jogos!\",\"potentialAction\":[{\"@type\":\"SearchAction\",\"target\":{\"@type\":\"EntryPoint\",\"urlTemplate\":\"https:\/\/www.gaveanews.com\/?s={search_term_string}\"},\"query-input\":{\"@type\":\"PropertyValueSpecification\",\"valueRequired\":true,\"valueName\":\"search_term_string\"}}],\"inLanguage\":\"pt-BR\"},{\"@type\":\"Person\",\"@id\":\"https:\/\/www.gaveanews.com\/#\/schema\/person\/2ec14f73fb96be2caf28f91afb14749d\",\"name\":\"Equipe G\u00e1vea News\",\"image\":{\"@type\":\"ImageObject\",\"inLanguage\":\"pt-BR\",\"@id\":\"https:\/\/www.gaveanews.com\/#\/schema\/person\/image\/\",\"url\":\"https:\/\/secure.gravatar.com\/avatar\/1e1956f1facbffd3f8fa53a326721950116b3b9dc9bd44939c01180fd4a745a9?s=96&d=mm&r=g\",\"contentUrl\":\"https:\/\/secure.gravatar.com\/avatar\/1e1956f1facbffd3f8fa53a326721950116b3b9dc9bd44939c01180fd4a745a9?s=96&d=mm&r=g\",\"caption\":\"Equipe G\u00e1vea News\"}}]}<\/script>\n<!-- \/ Yoast SEO Premium plugin. -->","yoast_head_json":{"title":"Flamengo contrata analista de desempenho do Fortaleza","description":"O setor de an\u00e1lise de desempenho \u00e9 respons\u00e1vel por avaliar os atletas do clube, poss\u00edveis contrata\u00e7\u00f5es, observar os advers\u00e1rios da equipe.","robots":{"index":"index","follow":"follow","max-snippet":"max-snippet:-1","max-image-preview":"max-image-preview:large","max-video-preview":"max-video-preview:-1"},"canonical":"https:\/\/www.gaveanews.com\/index.php\/2020\/11\/17\/flamengo-contrata-analista-de-desempenho-do-fortaleza\/","og_locale":"pt_BR","og_type":"article","og_title":"Flamengo contrata analista de desempenho do Fortaleza","og_description":"O setor de an\u00e1lise de desempenho \u00e9 respons\u00e1vel por avaliar os atletas do clube, poss\u00edveis contrata\u00e7\u00f5es, observar os advers\u00e1rios da equipe.","og_url":"https:\/\/www.gaveanews.com\/index.php\/2020\/11\/17\/flamengo-contrata-analista-de-desempenho-do-fortaleza\/","og_site_name":"G\u00e1vea News","article_publisher":"https:\/\/facebook.com\/gaveaNews\/","article_published_time":"2020-11-17T18:18:43+00:00","article_modified_time":"2020-11-17T18:19:14+00:00","og_image":[{"width":853,"height":568,"url":"https:\/\/www.gaveanews.com\/wp-content\/uploads\/Rogerio-Ceni-durante-um-treinamento-do-Fortaleza.webp","type":"image\/jpeg"}],"author":"Equipe G\u00e1vea News","twitter_card":"summary_large_image","twitter_misc":{"Escrito por":"Equipe G\u00e1vea News","Est. tempo de leitura":"2 minutos"},"schema":{"@context":"https:\/\/schema.org","@graph":[{"@type":"NewsArticle","@id":"https:\/\/www.gaveanews.com\/index.php\/2020\/11\/17\/flamengo-contrata-analista-de-desempenho-do-fortaleza\/#article","isPartOf":{"@id":"https:\/\/www.gaveanews.com\/index.php\/2020\/11\/17\/flamengo-contrata-analista-de-desempenho-do-fortaleza\/"},"author":{"name":"Equipe G\u00e1vea News","@id":"https:\/\/www.gaveanews.com\/#\/schema\/person\/2ec14f73fb96be2caf28f91afb14749d"},"headline":"Flamengo contrata analista de desempenho do Fortaleza","datePublished":"2020-11-17T18:18:43+00:00","dateModified":"2020-11-17T18:19:14+00:00","mainEntityOfPage":{"@id":"https:\/\/www.gaveanews.com\/index.php\/2020\/11\/17\/flamengo-contrata-analista-de-desempenho-do-fortaleza\/"},"wordCount":426,"commentCount":9,"image":{"@id":"https:\/\/www.gaveanews.com\/index.php\/2020\/11\/17\/flamengo-contrata-analista-de-desempenho-do-fortaleza\/#primaryimage"},"thumbnailUrl":"https:\/\/www.gaveanews.com\/wp-content\/uploads\/Rogerio-Ceni-durante-um-treinamento-do-Fortaleza.webp","articleSection":["Flamengo"],"inLanguage":"pt-BR","potentialAction":[{"@type":"CommentAction","name":"Comment","target":["https:\/\/www.gaveanews.com\/index.php\/2020\/11\/17\/flamengo-contrata-analista-de-desempenho-do-fortaleza\/#respond"]}],"copyrightYear":"2020","copyrightHolder":{"@id":"https:\/\/www.gaveanews.com\/#organization"}},{"@type":"WebPage","@id":"https:\/\/www.gaveanews.com\/index.php\/2020\/11\/17\/flamengo-contrata-analista-de-desempenho-do-fortaleza\/","url":"https:\/\/www.gaveanews.com\/index.php\/2020\/11\/17\/flamengo-contrata-analista-de-desempenho-do-fortaleza\/","name":"Flamengo contrata analista de desempenho do Fortaleza","isPartOf":{"@id":"https:\/\/www.gaveanews.com\/#website"},"primaryImageOfPage":{"@id":"https:\/\/www.gaveanews.com\/index.php\/2020\/11\/17\/flamengo-contrata-analista-de-desempenho-do-fortaleza\/#primaryimage"},"image":{"@id":"https:\/\/www.gaveanews.com\/index.php\/2020\/11\/17\/flamengo-contrata-analista-de-desempenho-do-fortaleza\/#primaryimage"},"thumbnailUrl":"https:\/\/www.gaveanews.com\/wp-content\/uploads\/Rogerio-Ceni-durante-um-treinamento-do-Fortaleza.webp","datePublished":"2020-11-17T18:18:43+00:00","dateModified":"2020-11-17T18:19:14+00:00","author":{"@id":"https:\/\/www.gaveanews.com\/#\/schema\/person\/2ec14f73fb96be2caf28f91afb14749d"},"description":"O setor de an\u00e1lise de desempenho \u00e9 respons\u00e1vel por avaliar os atletas do clube, poss\u00edveis contrata\u00e7\u00f5es, observar os advers\u00e1rios da equipe.","breadcrumb":{"@id":"https:\/\/www.gaveanews.com\/index.php\/2020\/11\/17\/flamengo-contrata-analista-de-desempenho-do-fortaleza\/#breadcrumb"},"inLanguage":"pt-BR","potentialAction":[{"@type":"ReadAction","target":["https:\/\/www.gaveanews.com\/index.php\/2020\/11\/17\/flamengo-contrata-analista-de-desempenho-do-fortaleza\/"]}]},{"@type":"ImageObject","inLanguage":"pt-BR","@id":"https:\/\/www.gaveanews.com\/index.php\/2020\/11\/17\/flamengo-contrata-analista-de-desempenho-do-fortaleza\/#primaryimage","url":"https:\/\/www.gaveanews.com\/wp-content\/uploads\/Rogerio-Ceni-durante-um-treinamento-do-Fortaleza.webp","contentUrl":"https:\/\/www.gaveanews.com\/wp-content\/uploads\/Rogerio-Ceni-durante-um-treinamento-do-Fortaleza.webp","width":853,"height":568,"caption":"Rog\u00e9rio Ceni durante um treinamento do Fortaleza (Foto: Divulga\u00e7\u00e3o)"},{"@type":"BreadcrumbList","@id":"https:\/\/www.gaveanews.com\/index.php\/2020\/11\/17\/flamengo-contrata-analista-de-desempenho-do-fortaleza\/#breadcrumb","itemListElement":[{"@type":"ListItem","position":1,"name":"Home","item":"https:\/\/www.gaveanews.com\/"},{"@type":"ListItem","position":2,"name":"Flamengo contrata analista de desempenho do Fortaleza"}]},{"@type":"WebSite","@id":"https:\/\/www.gaveanews.com\/#website","url":"https:\/\/www.gaveanews.com\/","name":"G\u00e1vea News","description":"Veja todas as not\u00edcias sobre o Flamengo: Contrata\u00e7\u00f5es, categorias de base, resultados das partidas, tabela de classifica\u00e7\u00e3o, pr\u00f3ximos jogos!","potentialAction":[{"@type":"SearchAction","target":{"@type":"EntryPoint","urlTemplate":"https:\/\/www.gaveanews.com\/?s={search_term_string}"},"query-input":{"@type":"PropertyValueSpecification","valueRequired":true,"valueName":"search_term_string"}}],"inLanguage":"pt-BR"},{"@type":"Person","@id":"https:\/\/www.gaveanews.com\/#\/schema\/person\/2ec14f73fb96be2caf28f91afb14749d","name":"Equipe G\u00e1vea News","image":{"@type":"ImageObject","inLanguage":"pt-BR","@id":"https:\/\/www.gaveanews.com\/#\/schema\/person\/image\/","url":"https:\/\/secure.gravatar.com\/avatar\/1e1956f1facbffd3f8fa53a326721950116b3b9dc9bd44939c01180fd4a745a9?s=96&d=mm&r=g","contentUrl":"https:\/\/secure.gravatar.com\/avatar\/1e1956f1facbffd3f8fa53a326721950116b3b9dc9bd44939c01180fd4a745a9?s=96&d=mm&r=g","caption":"Equipe G\u00e1vea News"}}]}},"_links":{"self":[{"href":"https:\/\/www.gaveanews.com\/index.php\/wp-json\/wp\/v2\/posts\/51801","targetHints":{"allow":["GET"]}}],"collection":[{"href":"https:\/\/www.gaveanews.com\/index.php\/wp-json\/wp\/v2\/posts"}],"about":[{"href":"https:\/\/www.gaveanews.com\/index.php\/wp-json\/wp\/v2\/types\/post"}],"author":[{"embeddable":true,"href":"https:\/\/www.gaveanews.com\/index.php\/wp-json\/wp\/v2\/users\/1"}],"replies":[{"embeddable":true,"href":"https:\/\/www.gaveanews.com\/index.php\/wp-json\/wp\/v2\/comments?post=51801"}],"version-history":[{"count":0,"href":"https:\/\/www.gaveanews.com\/index.php\/wp-json\/wp\/v2\/posts\/51801\/revisions"}],"wp:featuredmedia":[{"embeddable":true,"href":"https:\/\/www.gaveanews.com\/index.php\/wp-json\/wp\/v2\/media\/51318"}],"wp:attachment":[{"href":"https:\/\/www.gaveanews.com\/index.php\/wp-json\/wp\/v2\/media?parent=51801"}],"wp:term":[{"taxonomy":"category","embeddable":true,"href":"https:\/\/www.gaveanews.com\/index.php\/wp-json\/wp\/v2\/categories?post=51801"},{"taxonomy":"post_tag","embeddable":true,"href":"https:\/\/www.gaveanews.com\/index.php\/wp-json\/wp\/v2\/tags?post=51801"}],"curies":[{"name":"wp","href":"https:\/\/api.w.org\/{rel}","templated":true}]}}