{"id":51814,"date":"2020-11-17T15:56:38","date_gmt":"2020-11-17T18:56:38","guid":{"rendered":"https:\/\/www.gaveanews.com\/?p=51814"},"modified":"2020-11-17T15:56:43","modified_gmt":"2020-11-17T18:56:43","slug":"mundial-de-2020-pode-impactar-decisoes-do-brasileirao-e-da-copa-do-brasil","status":"publish","type":"post","link":"https:\/\/www.gaveanews.com\/index.php\/2020\/11\/17\/mundial-de-2020-pode-impactar-decisoes-do-brasileirao-e-da-copa-do-brasil\/","title":{"rendered":"Mundial de 2020 pode impactar decis\u00f5es do Brasileir\u00e3o e da Copa do Brasil"},"content":{"rendered":"\n<p>Nesta ter\u00e7a-feira (17), a<a href=\"https:\/\/twitter.com\/FIFAcom\" target=\"_blank\" rel=\"noreferrer noopener\"><strong>\u00a0<\/strong><\/a><strong><a href=\"https:\/\/www.gaveanews.com\/?s=fifa\" target=\"_blank\" rel=\"noreferrer noopener\">Fifa<\/a><\/strong>\u00a0anunciou a nova data do Mundial de Clubes de 2020. Ainda com o formato de um clube por continente (na Am\u00e9rica do Sul, o vencedor da Copa Libertadores participar\u00e1), a competi\u00e7\u00e3o acontecer\u00e1 entre os dias 1\u00ba e 11 de fevereiro.<\/p>\n\n\n\n<p>As novas datas, por\u00e9m, poder\u00e3o ter impacto grande em caso de t\u00edtulo de clube brasileiro na Libertadores. Durante o per\u00edodo do Mundial de Clubes, acontecer\u00e3o as rodadas 33, 34, 35 e 36 do Campeonato Brasileiro. Al\u00e9m disso, entre 3 e 10 de fevereiro, ter\u00e3o as finais da Copa do Brasil.<\/p>\n\n\n\n<h3 class=\"wp-block-heading\" id=\"h-veja-como-est-o-calend-rio-para-2021\">Veja como est\u00e1 o calend\u00e1rio para 2021<\/h3>\n\n\n\n<ul class=\"wp-block-list\"><li>Final da Libertadores \u2013 jogo \u00fanico \u2013 30 de janeiro<\/li><li>Rodada do Brasileir\u00e3o \u2013 33\u00aa rodada \u2013 31 de janeiro<\/li><li>Final da Copa do Brasil \u2013 jogo de ida \u2013 3 de fevereiro<\/li><li>Semifinal do Mundial \u2013 jogo \u00fanico \u2013 7 de fevereiro<\/li><li>Rodada do Brasileir\u00e3o \u2013 34\u00aa rodada \u2013 7 de fevereiro<\/li><li>Final da Copa do Brasil \u2013 jogo de volta \u2013 10 de fevereiro<\/li><li>Rodada do Brasileir\u00e3o \u2013 35\u00aa rodada \u2013 13 de fevereiro<\/li><li>Final do Mundial de Clubes \u2013 jogo \u00fanico \u2013 17 de fevereiro<\/li><li>Rodada do Brasileir\u00e3o \u2013 36\u00aa rodada \u2013 17 de fevereiro<\/li><li>Rodada do Brasileir\u00e3o \u2013 37\u00aa rodada \u2013 21 de fevereiro<\/li><li>Rodada do Brasileir\u00e3o \u2013 38\u00aa rodada \u2013 24 de fevereiro<\/li><\/ul>\n\n\n\n<p>Ainda nesta ter\u00e7a, o presidente da Fifa, Gianni Infantino, comentou os problemas de calend\u00e1rio com jogos de clubes na Data-Fifa: \u201cComo Presidente da FIFA n\u00e3o devo nem posso sobrepor a minha opini\u00e3o a quem toma decis\u00f5es no Brasil\u201d, disse em entrevista ao Ge.com.<\/p>\n\n\n\n<p>\u201cAdmito que partilho o desconforto de muitos pela sobreposi\u00e7\u00e3o de jogos de clubes de elite com os jogos da Sele\u00e7\u00e3o Brasileira. Sei que n\u00e3o \u00e9 f\u00e1cil encontrar pontos de equil\u00edbrio entre todas as partes, mas os interesses do futebol devem estar acima dos interesses individuais ou corporativos, e todos os respons\u00e1veis t\u00eam a obriga\u00e7\u00e3o de encontrar sa\u00eddas para esse tipo de situa\u00e7\u00e3o\u201d, completou o presidente da Fifa.<\/p>\n\n\n\n<h3 class=\"wp-block-heading\">Confira o comunicado da Fifa sobre a nova data do Mundial<\/h3>\n\n\n\n<p>\u201cA introdu\u00e7\u00e3o de protocolos de volta ao futebol facilitou o retorno dos campeonatos continentais. o \u00faltimo deles vai acabar no final de janeiro de 2021. Como consequ\u00eancia disso, o Mundial de Clubes acontecer\u00e1 de 1 a 11 de fevereiro de 2021 no Catar, pa\u00eds designado como anfitri\u00e3o originalmente pelo Conselho da Fifa em junho de 2019.<\/p>\n\n\n\n<p>De acordo com o protocolo de jogos internacionais da Fifa, a federa\u00e7\u00e3o internacional e o pa\u00eds anfitri\u00e3o tomar\u00e3o as medidas necess\u00e1rias para proteger a sa\u00fade e garantir a seguran\u00e7a dos participantes\u201d.<\/p>\n\n\n\n<p>Retirado de: Torcedores<\/p>\n","protected":false},"excerpt":{"rendered":"<p>Nesta ter\u00e7a-feira (17), a\u00a0Fifa\u00a0anunciou a nova data do Mundial de Clubes de 2020. Ainda com o formato de um clube por continente (na Am\u00e9rica do Sul, o vencedor da Copa Libertadores participar\u00e1), a competi\u00e7\u00e3o acontecer\u00e1 entre os dias 1\u00ba e 11 de fevereiro. As novas datas, por\u00e9m, poder\u00e3o ter impacto grande em caso de t\u00edtulo [&hellip;]<\/p>\n","protected":false},"author":1,"featured_media":16221,"comment_status":"open","ping_status":"closed","sticky":false,"template":"","format":"standard","meta":{"footnotes":""},"categories":[1],"tags":[],"class_list":["post-51814","post","type-post","status-publish","format-standard","has-post-thumbnail","hentry","category-flamengo"],"yoast_head":"<!-- This site is optimized with the Yoast SEO Premium plugin v24.2 (Yoast SEO v26.9) - https:\/\/yoast.com\/product\/yoast-seo-premium-wordpress\/ -->\n<title>Mundial de 2020 pode impactar decis\u00f5es do Brasileir\u00e3o e da Copa BR<\/title>\n<meta name=\"description\" content=\"Ainda nesta ter\u00e7a, o presidente da Fifa, Gianni Infantino, comentou os problemas de calend\u00e1rio com jogos de clubes na Data-Fifa.\" \/>\n<meta name=\"robots\" content=\"index, follow, max-snippet:-1, max-image-preview:large, max-video-preview:-1\" \/>\n<link rel=\"canonical\" href=\"https:\/\/www.gaveanews.com\/index.php\/2020\/11\/17\/mundial-de-2020-pode-impactar-decisoes-do-brasileirao-e-da-copa-do-brasil\/\" \/>\n<meta property=\"og:locale\" content=\"pt_BR\" \/>\n<meta property=\"og:type\" content=\"article\" \/>\n<meta property=\"og:title\" content=\"Mundial de 2020 pode impactar decis\u00f5es do Brasileir\u00e3o e da Copa do Brasil\" \/>\n<meta property=\"og:description\" content=\"Ainda nesta ter\u00e7a, o presidente da Fifa, Gianni Infantino, comentou os problemas de calend\u00e1rio com jogos de clubes na Data-Fifa.\" \/>\n<meta property=\"og:url\" content=\"https:\/\/www.gaveanews.com\/index.php\/2020\/11\/17\/mundial-de-2020-pode-impactar-decisoes-do-brasileirao-e-da-copa-do-brasil\/\" \/>\n<meta property=\"og:site_name\" content=\"G\u00e1vea News\" \/>\n<meta property=\"article:publisher\" content=\"https:\/\/facebook.com\/gaveaNews\/\" \/>\n<meta property=\"article:published_time\" content=\"2020-11-17T18:56:38+00:00\" \/>\n<meta property=\"article:modified_time\" content=\"2020-11-17T18:56:43+00:00\" \/>\n<meta property=\"og:image\" content=\"https:\/\/www.gaveanews.com\/wp-content\/uploads\/2019\/03\/Taca-do-Mundial-de-Clubes.webp\" \/>\n\t<meta property=\"og:image:width\" content=\"1\" \/>\n\t<meta property=\"og:image:height\" content=\"1\" \/>\n\t<meta property=\"og:image:type\" content=\"image\/jpeg\" \/>\n<meta name=\"author\" content=\"Equipe G\u00e1vea News\" \/>\n<meta name=\"twitter:card\" content=\"summary_large_image\" \/>\n<meta name=\"twitter:label1\" content=\"Escrito por\" \/>\n\t<meta name=\"twitter:data1\" content=\"Equipe G\u00e1vea News\" \/>\n\t<meta name=\"twitter:label2\" content=\"Est. tempo de leitura\" \/>\n\t<meta name=\"twitter:data2\" content=\"2 minutos\" \/>\n<script type=\"application\/ld+json\" class=\"yoast-schema-graph\">{\"@context\":\"https:\/\/schema.org\",\"@graph\":[{\"@type\":\"NewsArticle\",\"@id\":\"https:\/\/www.gaveanews.com\/index.php\/2020\/11\/17\/mundial-de-2020-pode-impactar-decisoes-do-brasileirao-e-da-copa-do-brasil\/#article\",\"isPartOf\":{\"@id\":\"https:\/\/www.gaveanews.com\/index.php\/2020\/11\/17\/mundial-de-2020-pode-impactar-decisoes-do-brasileirao-e-da-copa-do-brasil\/\"},\"author\":{\"name\":\"Equipe G\u00e1vea News\",\"@id\":\"https:\/\/www.gaveanews.com\/#\/schema\/person\/2ec14f73fb96be2caf28f91afb14749d\"},\"headline\":\"Mundial de 2020 pode impactar decis\u00f5es do Brasileir\u00e3o e da Copa do Brasil\",\"datePublished\":\"2020-11-17T18:56:38+00:00\",\"dateModified\":\"2020-11-17T18:56:43+00:00\",\"mainEntityOfPage\":{\"@id\":\"https:\/\/www.gaveanews.com\/index.php\/2020\/11\/17\/mundial-de-2020-pode-impactar-decisoes-do-brasileirao-e-da-copa-do-brasil\/\"},\"wordCount\":433,\"commentCount\":6,\"image\":{\"@id\":\"https:\/\/www.gaveanews.com\/index.php\/2020\/11\/17\/mundial-de-2020-pode-impactar-decisoes-do-brasileirao-e-da-copa-do-brasil\/#primaryimage\"},\"thumbnailUrl\":\"https:\/\/www.gaveanews.com\/wp-content\/uploads\/2019\/03\/Taca-do-Mundial-de-Clubes.webp\",\"articleSection\":[\"Flamengo\"],\"inLanguage\":\"pt-BR\",\"potentialAction\":[{\"@type\":\"CommentAction\",\"name\":\"Comment\",\"target\":[\"https:\/\/www.gaveanews.com\/index.php\/2020\/11\/17\/mundial-de-2020-pode-impactar-decisoes-do-brasileirao-e-da-copa-do-brasil\/#respond\"]}],\"copyrightYear\":\"2020\",\"copyrightHolder\":{\"@id\":\"https:\/\/www.gaveanews.com\/#organization\"}},{\"@type\":\"WebPage\",\"@id\":\"https:\/\/www.gaveanews.com\/index.php\/2020\/11\/17\/mundial-de-2020-pode-impactar-decisoes-do-brasileirao-e-da-copa-do-brasil\/\",\"url\":\"https:\/\/www.gaveanews.com\/index.php\/2020\/11\/17\/mundial-de-2020-pode-impactar-decisoes-do-brasileirao-e-da-copa-do-brasil\/\",\"name\":\"Mundial de 2020 pode impactar decis\u00f5es do Brasileir\u00e3o e da Copa BR\",\"isPartOf\":{\"@id\":\"https:\/\/www.gaveanews.com\/#website\"},\"primaryImageOfPage\":{\"@id\":\"https:\/\/www.gaveanews.com\/index.php\/2020\/11\/17\/mundial-de-2020-pode-impactar-decisoes-do-brasileirao-e-da-copa-do-brasil\/#primaryimage\"},\"image\":{\"@id\":\"https:\/\/www.gaveanews.com\/index.php\/2020\/11\/17\/mundial-de-2020-pode-impactar-decisoes-do-brasileirao-e-da-copa-do-brasil\/#primaryimage\"},\"thumbnailUrl\":\"https:\/\/www.gaveanews.com\/wp-content\/uploads\/2019\/03\/Taca-do-Mundial-de-Clubes.webp\",\"datePublished\":\"2020-11-17T18:56:38+00:00\",\"dateModified\":\"2020-11-17T18:56:43+00:00\",\"author\":{\"@id\":\"https:\/\/www.gaveanews.com\/#\/schema\/person\/2ec14f73fb96be2caf28f91afb14749d\"},\"description\":\"Ainda nesta ter\u00e7a, o presidente da Fifa, Gianni Infantino, comentou os problemas de calend\u00e1rio com jogos de clubes na Data-Fifa.\",\"breadcrumb\":{\"@id\":\"https:\/\/www.gaveanews.com\/index.php\/2020\/11\/17\/mundial-de-2020-pode-impactar-decisoes-do-brasileirao-e-da-copa-do-brasil\/#breadcrumb\"},\"inLanguage\":\"pt-BR\",\"potentialAction\":[{\"@type\":\"ReadAction\",\"target\":[\"https:\/\/www.gaveanews.com\/index.php\/2020\/11\/17\/mundial-de-2020-pode-impactar-decisoes-do-brasileirao-e-da-copa-do-brasil\/\"]}]},{\"@type\":\"ImageObject\",\"inLanguage\":\"pt-BR\",\"@id\":\"https:\/\/www.gaveanews.com\/index.php\/2020\/11\/17\/mundial-de-2020-pode-impactar-decisoes-do-brasileirao-e-da-copa-do-brasil\/#primaryimage\",\"url\":\"https:\/\/www.gaveanews.com\/wp-content\/uploads\/2019\/03\/Taca-do-Mundial-de-Clubes.webp\",\"contentUrl\":\"https:\/\/www.gaveanews.com\/wp-content\/uploads\/2019\/03\/Taca-do-Mundial-de-Clubes.webp\",\"width\":900,\"height\":600,\"caption\":\"Ta\u00e7a do Mundial de Clubes (Foto: Matthew Ashton\/Getty Images)\"},{\"@type\":\"BreadcrumbList\",\"@id\":\"https:\/\/www.gaveanews.com\/index.php\/2020\/11\/17\/mundial-de-2020-pode-impactar-decisoes-do-brasileirao-e-da-copa-do-brasil\/#breadcrumb\",\"itemListElement\":[{\"@type\":\"ListItem\",\"position\":1,\"name\":\"Home\",\"item\":\"https:\/\/www.gaveanews.com\/\"},{\"@type\":\"ListItem\",\"position\":2,\"name\":\"Mundial de 2020 pode impactar decis\u00f5es do Brasileir\u00e3o e da Copa do Brasil\"}]},{\"@type\":\"WebSite\",\"@id\":\"https:\/\/www.gaveanews.com\/#website\",\"url\":\"https:\/\/www.gaveanews.com\/\",\"name\":\"G\u00e1vea News\",\"description\":\"Veja todas as not\u00edcias sobre o Flamengo: Contrata\u00e7\u00f5es, categorias de base, resultados das partidas, tabela de classifica\u00e7\u00e3o, pr\u00f3ximos jogos!\",\"potentialAction\":[{\"@type\":\"SearchAction\",\"target\":{\"@type\":\"EntryPoint\",\"urlTemplate\":\"https:\/\/www.gaveanews.com\/?s={search_term_string}\"},\"query-input\":{\"@type\":\"PropertyValueSpecification\",\"valueRequired\":true,\"valueName\":\"search_term_string\"}}],\"inLanguage\":\"pt-BR\"},{\"@type\":\"Person\",\"@id\":\"https:\/\/www.gaveanews.com\/#\/schema\/person\/2ec14f73fb96be2caf28f91afb14749d\",\"name\":\"Equipe G\u00e1vea News\",\"image\":{\"@type\":\"ImageObject\",\"inLanguage\":\"pt-BR\",\"@id\":\"https:\/\/www.gaveanews.com\/#\/schema\/person\/image\/\",\"url\":\"https:\/\/secure.gravatar.com\/avatar\/1e1956f1facbffd3f8fa53a326721950116b3b9dc9bd44939c01180fd4a745a9?s=96&d=mm&r=g\",\"contentUrl\":\"https:\/\/secure.gravatar.com\/avatar\/1e1956f1facbffd3f8fa53a326721950116b3b9dc9bd44939c01180fd4a745a9?s=96&d=mm&r=g\",\"caption\":\"Equipe G\u00e1vea News\"}}]}<\/script>\n<!-- \/ Yoast SEO Premium plugin. -->","yoast_head_json":{"title":"Mundial de 2020 pode impactar decis\u00f5es do Brasileir\u00e3o e da Copa BR","description":"Ainda nesta ter\u00e7a, o presidente da Fifa, Gianni Infantino, comentou os problemas de calend\u00e1rio com jogos de clubes na Data-Fifa.","robots":{"index":"index","follow":"follow","max-snippet":"max-snippet:-1","max-image-preview":"max-image-preview:large","max-video-preview":"max-video-preview:-1"},"canonical":"https:\/\/www.gaveanews.com\/index.php\/2020\/11\/17\/mundial-de-2020-pode-impactar-decisoes-do-brasileirao-e-da-copa-do-brasil\/","og_locale":"pt_BR","og_type":"article","og_title":"Mundial de 2020 pode impactar decis\u00f5es do Brasileir\u00e3o e da Copa do Brasil","og_description":"Ainda nesta ter\u00e7a, o presidente da Fifa, Gianni Infantino, comentou os problemas de calend\u00e1rio com jogos de clubes na Data-Fifa.","og_url":"https:\/\/www.gaveanews.com\/index.php\/2020\/11\/17\/mundial-de-2020-pode-impactar-decisoes-do-brasileirao-e-da-copa-do-brasil\/","og_site_name":"G\u00e1vea News","article_publisher":"https:\/\/facebook.com\/gaveaNews\/","article_published_time":"2020-11-17T18:56:38+00:00","article_modified_time":"2020-11-17T18:56:43+00:00","og_image":[{"url":"https:\/\/www.gaveanews.com\/wp-content\/uploads\/2019\/03\/Taca-do-Mundial-de-Clubes.webp","width":1,"height":1,"type":"image\/jpeg"}],"author":"Equipe G\u00e1vea News","twitter_card":"summary_large_image","twitter_misc":{"Escrito por":"Equipe G\u00e1vea News","Est. tempo de leitura":"2 minutos"},"schema":{"@context":"https:\/\/schema.org","@graph":[{"@type":"NewsArticle","@id":"https:\/\/www.gaveanews.com\/index.php\/2020\/11\/17\/mundial-de-2020-pode-impactar-decisoes-do-brasileirao-e-da-copa-do-brasil\/#article","isPartOf":{"@id":"https:\/\/www.gaveanews.com\/index.php\/2020\/11\/17\/mundial-de-2020-pode-impactar-decisoes-do-brasileirao-e-da-copa-do-brasil\/"},"author":{"name":"Equipe G\u00e1vea News","@id":"https:\/\/www.gaveanews.com\/#\/schema\/person\/2ec14f73fb96be2caf28f91afb14749d"},"headline":"Mundial de 2020 pode impactar decis\u00f5es do Brasileir\u00e3o e da Copa do Brasil","datePublished":"2020-11-17T18:56:38+00:00","dateModified":"2020-11-17T18:56:43+00:00","mainEntityOfPage":{"@id":"https:\/\/www.gaveanews.com\/index.php\/2020\/11\/17\/mundial-de-2020-pode-impactar-decisoes-do-brasileirao-e-da-copa-do-brasil\/"},"wordCount":433,"commentCount":6,"image":{"@id":"https:\/\/www.gaveanews.com\/index.php\/2020\/11\/17\/mundial-de-2020-pode-impactar-decisoes-do-brasileirao-e-da-copa-do-brasil\/#primaryimage"},"thumbnailUrl":"https:\/\/www.gaveanews.com\/wp-content\/uploads\/2019\/03\/Taca-do-Mundial-de-Clubes.webp","articleSection":["Flamengo"],"inLanguage":"pt-BR","potentialAction":[{"@type":"CommentAction","name":"Comment","target":["https:\/\/www.gaveanews.com\/index.php\/2020\/11\/17\/mundial-de-2020-pode-impactar-decisoes-do-brasileirao-e-da-copa-do-brasil\/#respond"]}],"copyrightYear":"2020","copyrightHolder":{"@id":"https:\/\/www.gaveanews.com\/#organization"}},{"@type":"WebPage","@id":"https:\/\/www.gaveanews.com\/index.php\/2020\/11\/17\/mundial-de-2020-pode-impactar-decisoes-do-brasileirao-e-da-copa-do-brasil\/","url":"https:\/\/www.gaveanews.com\/index.php\/2020\/11\/17\/mundial-de-2020-pode-impactar-decisoes-do-brasileirao-e-da-copa-do-brasil\/","name":"Mundial de 2020 pode impactar decis\u00f5es do Brasileir\u00e3o e da Copa BR","isPartOf":{"@id":"https:\/\/www.gaveanews.com\/#website"},"primaryImageOfPage":{"@id":"https:\/\/www.gaveanews.com\/index.php\/2020\/11\/17\/mundial-de-2020-pode-impactar-decisoes-do-brasileirao-e-da-copa-do-brasil\/#primaryimage"},"image":{"@id":"https:\/\/www.gaveanews.com\/index.php\/2020\/11\/17\/mundial-de-2020-pode-impactar-decisoes-do-brasileirao-e-da-copa-do-brasil\/#primaryimage"},"thumbnailUrl":"https:\/\/www.gaveanews.com\/wp-content\/uploads\/2019\/03\/Taca-do-Mundial-de-Clubes.webp","datePublished":"2020-11-17T18:56:38+00:00","dateModified":"2020-11-17T18:56:43+00:00","author":{"@id":"https:\/\/www.gaveanews.com\/#\/schema\/person\/2ec14f73fb96be2caf28f91afb14749d"},"description":"Ainda nesta ter\u00e7a, o presidente da Fifa, Gianni Infantino, comentou os problemas de calend\u00e1rio com jogos de clubes na Data-Fifa.","breadcrumb":{"@id":"https:\/\/www.gaveanews.com\/index.php\/2020\/11\/17\/mundial-de-2020-pode-impactar-decisoes-do-brasileirao-e-da-copa-do-brasil\/#breadcrumb"},"inLanguage":"pt-BR","potentialAction":[{"@type":"ReadAction","target":["https:\/\/www.gaveanews.com\/index.php\/2020\/11\/17\/mundial-de-2020-pode-impactar-decisoes-do-brasileirao-e-da-copa-do-brasil\/"]}]},{"@type":"ImageObject","inLanguage":"pt-BR","@id":"https:\/\/www.gaveanews.com\/index.php\/2020\/11\/17\/mundial-de-2020-pode-impactar-decisoes-do-brasileirao-e-da-copa-do-brasil\/#primaryimage","url":"https:\/\/www.gaveanews.com\/wp-content\/uploads\/2019\/03\/Taca-do-Mundial-de-Clubes.webp","contentUrl":"https:\/\/www.gaveanews.com\/wp-content\/uploads\/2019\/03\/Taca-do-Mundial-de-Clubes.webp","width":900,"height":600,"caption":"Ta\u00e7a do Mundial de Clubes (Foto: Matthew Ashton\/Getty Images)"},{"@type":"BreadcrumbList","@id":"https:\/\/www.gaveanews.com\/index.php\/2020\/11\/17\/mundial-de-2020-pode-impactar-decisoes-do-brasileirao-e-da-copa-do-brasil\/#breadcrumb","itemListElement":[{"@type":"ListItem","position":1,"name":"Home","item":"https:\/\/www.gaveanews.com\/"},{"@type":"ListItem","position":2,"name":"Mundial de 2020 pode impactar decis\u00f5es do Brasileir\u00e3o e da Copa do Brasil"}]},{"@type":"WebSite","@id":"https:\/\/www.gaveanews.com\/#website","url":"https:\/\/www.gaveanews.com\/","name":"G\u00e1vea News","description":"Veja todas as not\u00edcias sobre o Flamengo: Contrata\u00e7\u00f5es, categorias de base, resultados das partidas, tabela de classifica\u00e7\u00e3o, pr\u00f3ximos jogos!","potentialAction":[{"@type":"SearchAction","target":{"@type":"EntryPoint","urlTemplate":"https:\/\/www.gaveanews.com\/?s={search_term_string}"},"query-input":{"@type":"PropertyValueSpecification","valueRequired":true,"valueName":"search_term_string"}}],"inLanguage":"pt-BR"},{"@type":"Person","@id":"https:\/\/www.gaveanews.com\/#\/schema\/person\/2ec14f73fb96be2caf28f91afb14749d","name":"Equipe G\u00e1vea News","image":{"@type":"ImageObject","inLanguage":"pt-BR","@id":"https:\/\/www.gaveanews.com\/#\/schema\/person\/image\/","url":"https:\/\/secure.gravatar.com\/avatar\/1e1956f1facbffd3f8fa53a326721950116b3b9dc9bd44939c01180fd4a745a9?s=96&d=mm&r=g","contentUrl":"https:\/\/secure.gravatar.com\/avatar\/1e1956f1facbffd3f8fa53a326721950116b3b9dc9bd44939c01180fd4a745a9?s=96&d=mm&r=g","caption":"Equipe G\u00e1vea News"}}]}},"_links":{"self":[{"href":"https:\/\/www.gaveanews.com\/index.php\/wp-json\/wp\/v2\/posts\/51814","targetHints":{"allow":["GET"]}}],"collection":[{"href":"https:\/\/www.gaveanews.com\/index.php\/wp-json\/wp\/v2\/posts"}],"about":[{"href":"https:\/\/www.gaveanews.com\/index.php\/wp-json\/wp\/v2\/types\/post"}],"author":[{"embeddable":true,"href":"https:\/\/www.gaveanews.com\/index.php\/wp-json\/wp\/v2\/users\/1"}],"replies":[{"embeddable":true,"href":"https:\/\/www.gaveanews.com\/index.php\/wp-json\/wp\/v2\/comments?post=51814"}],"version-history":[{"count":0,"href":"https:\/\/www.gaveanews.com\/index.php\/wp-json\/wp\/v2\/posts\/51814\/revisions"}],"wp:featuredmedia":[{"embeddable":true,"href":"https:\/\/www.gaveanews.com\/index.php\/wp-json\/wp\/v2\/media\/16221"}],"wp:attachment":[{"href":"https:\/\/www.gaveanews.com\/index.php\/wp-json\/wp\/v2\/media?parent=51814"}],"wp:term":[{"taxonomy":"category","embeddable":true,"href":"https:\/\/www.gaveanews.com\/index.php\/wp-json\/wp\/v2\/categories?post=51814"},{"taxonomy":"post_tag","embeddable":true,"href":"https:\/\/www.gaveanews.com\/index.php\/wp-json\/wp\/v2\/tags?post=51814"}],"curies":[{"name":"wp","href":"https:\/\/api.w.org\/{rel}","templated":true}]}}