{"id":51871,"date":"2020-11-18T00:32:48","date_gmt":"2020-11-18T03:32:48","guid":{"rendered":"https:\/\/www.gaveanews.com\/?p=51871"},"modified":"2020-11-18T00:32:50","modified_gmt":"2020-11-18T03:32:50","slug":"everton-ribeiro-publica-foto-de-recuperacao-para-o-jogo-do-flamengo","status":"publish","type":"post","link":"https:\/\/www.gaveanews.com\/index.php\/2020\/11\/18\/everton-ribeiro-publica-foto-de-recuperacao-para-o-jogo-do-flamengo\/","title":{"rendered":"Everton Ribeiro publica foto de recupera\u00e7\u00e3o para o jogo do Flamengo"},"content":{"rendered":"\n<p>Everton Ribeiro n\u00e3o perdeu tempo. Depois de atuar por quase 90 minutos contra o Uruguai com a sele\u00e7\u00e3o brasileira na vit\u00f3ria por 2 a 0 sobre o Uruguai, pelas Eliminat\u00f3rias da Copa do Mundo 2022, o meia do Flamengo iniciou quase que imediatamente os procedimentos m\u00e9dicos que auxiliam na recupera\u00e7\u00e3o f\u00edsica.<\/p>\n\n\n\n<p>A inten\u00e7\u00e3o \u00e9 chegar inteiro para o duelo contra o S\u00e3o Paulo, que vale a vaga nas semifinais da Copa do Brasil. No jogo de ida, o Tricolor venceu no Maracan\u00e3 por 2 a 1, e uma boa atua\u00e7\u00e3o do meia, mesmo que por alguns minutos, pode ser crucial para a recupera\u00e7\u00e3o e, em consequ\u00eancia, classifica\u00e7\u00e3o rubro negra.<\/p>\n\n\n\n<p>A possibilidade de que Everton n\u00e3o atue durante por muito tempo deixou alguns <a href=\"https:\/\/www.gaveanews.com\/index.php\/2020\/11\/17\/everton-ribeiro-atua-jogo-todo-pelo-brasil-e-irrita-torcida-do-flamengo-na-web\/\">torcedores irritados nas redes sociais<\/a>. O jogador est\u00e1 na lista de relacionados de Rog\u00e9rio Ceni.<\/p>\n\n\n\n<figure class=\"wp-block-embed-twitter wp-block-embed is-type-rich is-provider-twitter\"><div class=\"wp-block-embed__wrapper\">\n<blockquote class=\"twitter-tweet\" data-width=\"550\" data-dnt=\"true\"><p lang=\"qme\" dir=\"ltr\">\ud83d\ude4f\ud83c\udffb\u2764\ufe0f\ud83d\udda4 <a href=\"https:\/\/t.co\/V4tQHuDiB0\">pic.twitter.com\/V4tQHuDiB0<\/a><\/p>&mdash; Everton Ribeiro (@evertonri) <a href=\"https:\/\/twitter.com\/evertonri\/status\/1328877590032117763?ref_src=twsrc%5Etfw\">November 18, 2020<\/a><\/blockquote><script async src=\"https:\/\/platform.twitter.com\/widgets.js\" charset=\"utf-8\"><\/script>\n<\/div><\/figure>\n\n\n\n<p>Retirado de: UOL<\/p>\n","protected":false},"excerpt":{"rendered":"<p>Everton Ribeiro n\u00e3o perdeu tempo. Depois de atuar por quase 90 minutos contra o Uruguai com a sele\u00e7\u00e3o brasileira na vit\u00f3ria por 2 a 0 sobre o Uruguai, pelas Eliminat\u00f3rias da Copa do Mundo 2022, o meia do Flamengo iniciou quase que imediatamente os procedimentos m\u00e9dicos que auxiliam na recupera\u00e7\u00e3o f\u00edsica. A inten\u00e7\u00e3o \u00e9 chegar [&hellip;]<\/p>\n","protected":false},"author":1,"featured_media":51867,"comment_status":"open","ping_status":"closed","sticky":false,"template":"","format":"standard","meta":{"footnotes":""},"categories":[1],"tags":[],"class_list":["post-51871","post","type-post","status-publish","format-standard","has-post-thumbnail","hentry","category-flamengo"],"yoast_head":"<!-- This site is optimized with the Yoast SEO Premium plugin v24.2 (Yoast SEO v26.9) - https:\/\/yoast.com\/product\/yoast-seo-premium-wordpress\/ -->\n<title>Everton Ribeiro publica foto de recupera\u00e7\u00e3o para o jogo do Flamengo<\/title>\n<meta name=\"description\" content=\"A inten\u00e7\u00e3o \u00e9 chegar inteiro para o duelo contra o S\u00e3o Paulo, que vale a vaga nas semifinais da Copa do Brasil.\" \/>\n<meta name=\"robots\" content=\"index, follow, max-snippet:-1, max-image-preview:large, max-video-preview:-1\" \/>\n<link rel=\"canonical\" href=\"https:\/\/www.gaveanews.com\/index.php\/2020\/11\/18\/everton-ribeiro-publica-foto-de-recuperacao-para-o-jogo-do-flamengo\/\" \/>\n<meta property=\"og:locale\" content=\"pt_BR\" \/>\n<meta property=\"og:type\" content=\"article\" \/>\n<meta property=\"og:title\" content=\"Everton Ribeiro publica foto de recupera\u00e7\u00e3o para o jogo do Flamengo\" \/>\n<meta property=\"og:description\" content=\"A inten\u00e7\u00e3o \u00e9 chegar inteiro para o duelo contra o S\u00e3o Paulo, que vale a vaga nas semifinais da Copa do Brasil.\" \/>\n<meta property=\"og:url\" content=\"https:\/\/www.gaveanews.com\/index.php\/2020\/11\/18\/everton-ribeiro-publica-foto-de-recuperacao-para-o-jogo-do-flamengo\/\" \/>\n<meta property=\"og:site_name\" content=\"G\u00e1vea News\" \/>\n<meta property=\"article:publisher\" content=\"https:\/\/facebook.com\/gaveaNews\/\" \/>\n<meta property=\"article:published_time\" content=\"2020-11-18T03:32:48+00:00\" \/>\n<meta property=\"article:modified_time\" content=\"2020-11-18T03:32:50+00:00\" \/>\n<meta property=\"og:image\" content=\"https:\/\/www.gaveanews.com\/wp-content\/uploads\/Everton-Ribeiro-em-acao-pelo-Brasil.webp\" \/>\n\t<meta property=\"og:image:width\" content=\"900\" \/>\n\t<meta property=\"og:image:height\" content=\"506\" \/>\n\t<meta property=\"og:image:type\" content=\"image\/jpeg\" \/>\n<meta name=\"author\" content=\"Equipe G\u00e1vea News\" \/>\n<meta name=\"twitter:card\" content=\"summary_large_image\" \/>\n<meta name=\"twitter:label1\" content=\"Escrito por\" \/>\n\t<meta name=\"twitter:data1\" content=\"Equipe G\u00e1vea News\" \/>\n\t<meta name=\"twitter:label2\" content=\"Est. tempo de leitura\" \/>\n\t<meta name=\"twitter:data2\" content=\"1 minuto\" \/>\n<script type=\"application\/ld+json\" class=\"yoast-schema-graph\">{\"@context\":\"https:\/\/schema.org\",\"@graph\":[{\"@type\":\"NewsArticle\",\"@id\":\"https:\/\/www.gaveanews.com\/index.php\/2020\/11\/18\/everton-ribeiro-publica-foto-de-recuperacao-para-o-jogo-do-flamengo\/#article\",\"isPartOf\":{\"@id\":\"https:\/\/www.gaveanews.com\/index.php\/2020\/11\/18\/everton-ribeiro-publica-foto-de-recuperacao-para-o-jogo-do-flamengo\/\"},\"author\":{\"name\":\"Equipe G\u00e1vea News\",\"@id\":\"https:\/\/www.gaveanews.com\/#\/schema\/person\/2ec14f73fb96be2caf28f91afb14749d\"},\"headline\":\"Everton Ribeiro publica foto de recupera\u00e7\u00e3o para o jogo do Flamengo\",\"datePublished\":\"2020-11-18T03:32:48+00:00\",\"dateModified\":\"2020-11-18T03:32:50+00:00\",\"mainEntityOfPage\":{\"@id\":\"https:\/\/www.gaveanews.com\/index.php\/2020\/11\/18\/everton-ribeiro-publica-foto-de-recuperacao-para-o-jogo-do-flamengo\/\"},\"wordCount\":193,\"commentCount\":12,\"image\":{\"@id\":\"https:\/\/www.gaveanews.com\/index.php\/2020\/11\/18\/everton-ribeiro-publica-foto-de-recuperacao-para-o-jogo-do-flamengo\/#primaryimage\"},\"thumbnailUrl\":\"https:\/\/www.gaveanews.com\/wp-content\/uploads\/Everton-Ribeiro-em-acao-pelo-Brasil.webp\",\"articleSection\":[\"Flamengo\"],\"inLanguage\":\"pt-BR\",\"potentialAction\":[{\"@type\":\"CommentAction\",\"name\":\"Comment\",\"target\":[\"https:\/\/www.gaveanews.com\/index.php\/2020\/11\/18\/everton-ribeiro-publica-foto-de-recuperacao-para-o-jogo-do-flamengo\/#respond\"]}],\"copyrightYear\":\"2020\",\"copyrightHolder\":{\"@id\":\"https:\/\/www.gaveanews.com\/#organization\"}},{\"@type\":\"WebPage\",\"@id\":\"https:\/\/www.gaveanews.com\/index.php\/2020\/11\/18\/everton-ribeiro-publica-foto-de-recuperacao-para-o-jogo-do-flamengo\/\",\"url\":\"https:\/\/www.gaveanews.com\/index.php\/2020\/11\/18\/everton-ribeiro-publica-foto-de-recuperacao-para-o-jogo-do-flamengo\/\",\"name\":\"Everton Ribeiro publica foto de recupera\u00e7\u00e3o para o jogo do Flamengo\",\"isPartOf\":{\"@id\":\"https:\/\/www.gaveanews.com\/#website\"},\"primaryImageOfPage\":{\"@id\":\"https:\/\/www.gaveanews.com\/index.php\/2020\/11\/18\/everton-ribeiro-publica-foto-de-recuperacao-para-o-jogo-do-flamengo\/#primaryimage\"},\"image\":{\"@id\":\"https:\/\/www.gaveanews.com\/index.php\/2020\/11\/18\/everton-ribeiro-publica-foto-de-recuperacao-para-o-jogo-do-flamengo\/#primaryimage\"},\"thumbnailUrl\":\"https:\/\/www.gaveanews.com\/wp-content\/uploads\/Everton-Ribeiro-em-acao-pelo-Brasil.webp\",\"datePublished\":\"2020-11-18T03:32:48+00:00\",\"dateModified\":\"2020-11-18T03:32:50+00:00\",\"author\":{\"@id\":\"https:\/\/www.gaveanews.com\/#\/schema\/person\/2ec14f73fb96be2caf28f91afb14749d\"},\"description\":\"A inten\u00e7\u00e3o \u00e9 chegar inteiro para o duelo contra o S\u00e3o Paulo, que vale a vaga nas semifinais da Copa do Brasil.\",\"breadcrumb\":{\"@id\":\"https:\/\/www.gaveanews.com\/index.php\/2020\/11\/18\/everton-ribeiro-publica-foto-de-recuperacao-para-o-jogo-do-flamengo\/#breadcrumb\"},\"inLanguage\":\"pt-BR\",\"potentialAction\":[{\"@type\":\"ReadAction\",\"target\":[\"https:\/\/www.gaveanews.com\/index.php\/2020\/11\/18\/everton-ribeiro-publica-foto-de-recuperacao-para-o-jogo-do-flamengo\/\"]}]},{\"@type\":\"ImageObject\",\"inLanguage\":\"pt-BR\",\"@id\":\"https:\/\/www.gaveanews.com\/index.php\/2020\/11\/18\/everton-ribeiro-publica-foto-de-recuperacao-para-o-jogo-do-flamengo\/#primaryimage\",\"url\":\"https:\/\/www.gaveanews.com\/wp-content\/uploads\/Everton-Ribeiro-em-acao-pelo-Brasil.webp\",\"contentUrl\":\"https:\/\/www.gaveanews.com\/wp-content\/uploads\/Everton-Ribeiro-em-acao-pelo-Brasil.webp\",\"width\":900,\"height\":506,\"caption\":\"Everton Ribeiro em a\u00e7\u00e3o pelo Brasil (Foto: Lucas Figueiredo\/CBF)\"},{\"@type\":\"BreadcrumbList\",\"@id\":\"https:\/\/www.gaveanews.com\/index.php\/2020\/11\/18\/everton-ribeiro-publica-foto-de-recuperacao-para-o-jogo-do-flamengo\/#breadcrumb\",\"itemListElement\":[{\"@type\":\"ListItem\",\"position\":1,\"name\":\"Home\",\"item\":\"https:\/\/www.gaveanews.com\/\"},{\"@type\":\"ListItem\",\"position\":2,\"name\":\"Everton Ribeiro publica foto de recupera\u00e7\u00e3o para o jogo do Flamengo\"}]},{\"@type\":\"WebSite\",\"@id\":\"https:\/\/www.gaveanews.com\/#website\",\"url\":\"https:\/\/www.gaveanews.com\/\",\"name\":\"G\u00e1vea News\",\"description\":\"Veja todas as not\u00edcias sobre o Flamengo: Contrata\u00e7\u00f5es, categorias de base, resultados das partidas, tabela de classifica\u00e7\u00e3o, pr\u00f3ximos jogos!\",\"potentialAction\":[{\"@type\":\"SearchAction\",\"target\":{\"@type\":\"EntryPoint\",\"urlTemplate\":\"https:\/\/www.gaveanews.com\/?s={search_term_string}\"},\"query-input\":{\"@type\":\"PropertyValueSpecification\",\"valueRequired\":true,\"valueName\":\"search_term_string\"}}],\"inLanguage\":\"pt-BR\"},{\"@type\":\"Person\",\"@id\":\"https:\/\/www.gaveanews.com\/#\/schema\/person\/2ec14f73fb96be2caf28f91afb14749d\",\"name\":\"Equipe G\u00e1vea News\",\"image\":{\"@type\":\"ImageObject\",\"inLanguage\":\"pt-BR\",\"@id\":\"https:\/\/www.gaveanews.com\/#\/schema\/person\/image\/\",\"url\":\"https:\/\/secure.gravatar.com\/avatar\/1e1956f1facbffd3f8fa53a326721950116b3b9dc9bd44939c01180fd4a745a9?s=96&d=mm&r=g\",\"contentUrl\":\"https:\/\/secure.gravatar.com\/avatar\/1e1956f1facbffd3f8fa53a326721950116b3b9dc9bd44939c01180fd4a745a9?s=96&d=mm&r=g\",\"caption\":\"Equipe G\u00e1vea News\"}}]}<\/script>\n<!-- \/ Yoast SEO Premium plugin. -->","yoast_head_json":{"title":"Everton Ribeiro publica foto de recupera\u00e7\u00e3o para o jogo do Flamengo","description":"A inten\u00e7\u00e3o \u00e9 chegar inteiro para o duelo contra o S\u00e3o Paulo, que vale a vaga nas semifinais da Copa do Brasil.","robots":{"index":"index","follow":"follow","max-snippet":"max-snippet:-1","max-image-preview":"max-image-preview:large","max-video-preview":"max-video-preview:-1"},"canonical":"https:\/\/www.gaveanews.com\/index.php\/2020\/11\/18\/everton-ribeiro-publica-foto-de-recuperacao-para-o-jogo-do-flamengo\/","og_locale":"pt_BR","og_type":"article","og_title":"Everton Ribeiro publica foto de recupera\u00e7\u00e3o para o jogo do Flamengo","og_description":"A inten\u00e7\u00e3o \u00e9 chegar inteiro para o duelo contra o S\u00e3o Paulo, que vale a vaga nas semifinais da Copa do Brasil.","og_url":"https:\/\/www.gaveanews.com\/index.php\/2020\/11\/18\/everton-ribeiro-publica-foto-de-recuperacao-para-o-jogo-do-flamengo\/","og_site_name":"G\u00e1vea News","article_publisher":"https:\/\/facebook.com\/gaveaNews\/","article_published_time":"2020-11-18T03:32:48+00:00","article_modified_time":"2020-11-18T03:32:50+00:00","og_image":[{"width":900,"height":506,"url":"https:\/\/www.gaveanews.com\/wp-content\/uploads\/Everton-Ribeiro-em-acao-pelo-Brasil.webp","type":"image\/jpeg"}],"author":"Equipe G\u00e1vea News","twitter_card":"summary_large_image","twitter_misc":{"Escrito por":"Equipe G\u00e1vea News","Est. tempo de leitura":"1 minuto"},"schema":{"@context":"https:\/\/schema.org","@graph":[{"@type":"NewsArticle","@id":"https:\/\/www.gaveanews.com\/index.php\/2020\/11\/18\/everton-ribeiro-publica-foto-de-recuperacao-para-o-jogo-do-flamengo\/#article","isPartOf":{"@id":"https:\/\/www.gaveanews.com\/index.php\/2020\/11\/18\/everton-ribeiro-publica-foto-de-recuperacao-para-o-jogo-do-flamengo\/"},"author":{"name":"Equipe G\u00e1vea News","@id":"https:\/\/www.gaveanews.com\/#\/schema\/person\/2ec14f73fb96be2caf28f91afb14749d"},"headline":"Everton Ribeiro publica foto de recupera\u00e7\u00e3o para o jogo do Flamengo","datePublished":"2020-11-18T03:32:48+00:00","dateModified":"2020-11-18T03:32:50+00:00","mainEntityOfPage":{"@id":"https:\/\/www.gaveanews.com\/index.php\/2020\/11\/18\/everton-ribeiro-publica-foto-de-recuperacao-para-o-jogo-do-flamengo\/"},"wordCount":193,"commentCount":12,"image":{"@id":"https:\/\/www.gaveanews.com\/index.php\/2020\/11\/18\/everton-ribeiro-publica-foto-de-recuperacao-para-o-jogo-do-flamengo\/#primaryimage"},"thumbnailUrl":"https:\/\/www.gaveanews.com\/wp-content\/uploads\/Everton-Ribeiro-em-acao-pelo-Brasil.webp","articleSection":["Flamengo"],"inLanguage":"pt-BR","potentialAction":[{"@type":"CommentAction","name":"Comment","target":["https:\/\/www.gaveanews.com\/index.php\/2020\/11\/18\/everton-ribeiro-publica-foto-de-recuperacao-para-o-jogo-do-flamengo\/#respond"]}],"copyrightYear":"2020","copyrightHolder":{"@id":"https:\/\/www.gaveanews.com\/#organization"}},{"@type":"WebPage","@id":"https:\/\/www.gaveanews.com\/index.php\/2020\/11\/18\/everton-ribeiro-publica-foto-de-recuperacao-para-o-jogo-do-flamengo\/","url":"https:\/\/www.gaveanews.com\/index.php\/2020\/11\/18\/everton-ribeiro-publica-foto-de-recuperacao-para-o-jogo-do-flamengo\/","name":"Everton Ribeiro publica foto de recupera\u00e7\u00e3o para o jogo do Flamengo","isPartOf":{"@id":"https:\/\/www.gaveanews.com\/#website"},"primaryImageOfPage":{"@id":"https:\/\/www.gaveanews.com\/index.php\/2020\/11\/18\/everton-ribeiro-publica-foto-de-recuperacao-para-o-jogo-do-flamengo\/#primaryimage"},"image":{"@id":"https:\/\/www.gaveanews.com\/index.php\/2020\/11\/18\/everton-ribeiro-publica-foto-de-recuperacao-para-o-jogo-do-flamengo\/#primaryimage"},"thumbnailUrl":"https:\/\/www.gaveanews.com\/wp-content\/uploads\/Everton-Ribeiro-em-acao-pelo-Brasil.webp","datePublished":"2020-11-18T03:32:48+00:00","dateModified":"2020-11-18T03:32:50+00:00","author":{"@id":"https:\/\/www.gaveanews.com\/#\/schema\/person\/2ec14f73fb96be2caf28f91afb14749d"},"description":"A inten\u00e7\u00e3o \u00e9 chegar inteiro para o duelo contra o S\u00e3o Paulo, que vale a vaga nas semifinais da Copa do Brasil.","breadcrumb":{"@id":"https:\/\/www.gaveanews.com\/index.php\/2020\/11\/18\/everton-ribeiro-publica-foto-de-recuperacao-para-o-jogo-do-flamengo\/#breadcrumb"},"inLanguage":"pt-BR","potentialAction":[{"@type":"ReadAction","target":["https:\/\/www.gaveanews.com\/index.php\/2020\/11\/18\/everton-ribeiro-publica-foto-de-recuperacao-para-o-jogo-do-flamengo\/"]}]},{"@type":"ImageObject","inLanguage":"pt-BR","@id":"https:\/\/www.gaveanews.com\/index.php\/2020\/11\/18\/everton-ribeiro-publica-foto-de-recuperacao-para-o-jogo-do-flamengo\/#primaryimage","url":"https:\/\/www.gaveanews.com\/wp-content\/uploads\/Everton-Ribeiro-em-acao-pelo-Brasil.webp","contentUrl":"https:\/\/www.gaveanews.com\/wp-content\/uploads\/Everton-Ribeiro-em-acao-pelo-Brasil.webp","width":900,"height":506,"caption":"Everton Ribeiro em a\u00e7\u00e3o pelo Brasil (Foto: Lucas Figueiredo\/CBF)"},{"@type":"BreadcrumbList","@id":"https:\/\/www.gaveanews.com\/index.php\/2020\/11\/18\/everton-ribeiro-publica-foto-de-recuperacao-para-o-jogo-do-flamengo\/#breadcrumb","itemListElement":[{"@type":"ListItem","position":1,"name":"Home","item":"https:\/\/www.gaveanews.com\/"},{"@type":"ListItem","position":2,"name":"Everton Ribeiro publica foto de recupera\u00e7\u00e3o para o jogo do Flamengo"}]},{"@type":"WebSite","@id":"https:\/\/www.gaveanews.com\/#website","url":"https:\/\/www.gaveanews.com\/","name":"G\u00e1vea News","description":"Veja todas as not\u00edcias sobre o Flamengo: Contrata\u00e7\u00f5es, categorias de base, resultados das partidas, tabela de classifica\u00e7\u00e3o, pr\u00f3ximos jogos!","potentialAction":[{"@type":"SearchAction","target":{"@type":"EntryPoint","urlTemplate":"https:\/\/www.gaveanews.com\/?s={search_term_string}"},"query-input":{"@type":"PropertyValueSpecification","valueRequired":true,"valueName":"search_term_string"}}],"inLanguage":"pt-BR"},{"@type":"Person","@id":"https:\/\/www.gaveanews.com\/#\/schema\/person\/2ec14f73fb96be2caf28f91afb14749d","name":"Equipe G\u00e1vea News","image":{"@type":"ImageObject","inLanguage":"pt-BR","@id":"https:\/\/www.gaveanews.com\/#\/schema\/person\/image\/","url":"https:\/\/secure.gravatar.com\/avatar\/1e1956f1facbffd3f8fa53a326721950116b3b9dc9bd44939c01180fd4a745a9?s=96&d=mm&r=g","contentUrl":"https:\/\/secure.gravatar.com\/avatar\/1e1956f1facbffd3f8fa53a326721950116b3b9dc9bd44939c01180fd4a745a9?s=96&d=mm&r=g","caption":"Equipe G\u00e1vea News"}}]}},"_links":{"self":[{"href":"https:\/\/www.gaveanews.com\/index.php\/wp-json\/wp\/v2\/posts\/51871","targetHints":{"allow":["GET"]}}],"collection":[{"href":"https:\/\/www.gaveanews.com\/index.php\/wp-json\/wp\/v2\/posts"}],"about":[{"href":"https:\/\/www.gaveanews.com\/index.php\/wp-json\/wp\/v2\/types\/post"}],"author":[{"embeddable":true,"href":"https:\/\/www.gaveanews.com\/index.php\/wp-json\/wp\/v2\/users\/1"}],"replies":[{"embeddable":true,"href":"https:\/\/www.gaveanews.com\/index.php\/wp-json\/wp\/v2\/comments?post=51871"}],"version-history":[{"count":0,"href":"https:\/\/www.gaveanews.com\/index.php\/wp-json\/wp\/v2\/posts\/51871\/revisions"}],"wp:featuredmedia":[{"embeddable":true,"href":"https:\/\/www.gaveanews.com\/index.php\/wp-json\/wp\/v2\/media\/51867"}],"wp:attachment":[{"href":"https:\/\/www.gaveanews.com\/index.php\/wp-json\/wp\/v2\/media?parent=51871"}],"wp:term":[{"taxonomy":"category","embeddable":true,"href":"https:\/\/www.gaveanews.com\/index.php\/wp-json\/wp\/v2\/categories?post=51871"},{"taxonomy":"post_tag","embeddable":true,"href":"https:\/\/www.gaveanews.com\/index.php\/wp-json\/wp\/v2\/tags?post=51871"}],"curies":[{"name":"wp","href":"https:\/\/api.w.org\/{rel}","templated":true}]}}