{"id":51874,"date":"2020-11-18T01:00:03","date_gmt":"2020-11-18T04:00:03","guid":{"rendered":"https:\/\/www.gaveanews.com\/?p=51874"},"modified":"2020-11-18T00:40:28","modified_gmt":"2020-11-18T03:40:28","slug":"presidente-do-flamengo-detona-a-cbf","status":"publish","type":"post","link":"https:\/\/www.gaveanews.com\/index.php\/2020\/11\/18\/presidente-do-flamengo-detona-a-cbf\/","title":{"rendered":"Presidente do Flamengo detona a CBF"},"content":{"rendered":"\n<p>Ap\u00f3s ter pedido de troca recusado pela comiss\u00e3o de arbitragem da Confedera\u00e7\u00e3o Brasileira de Futebol (CBF), por conta da escala\u00e7\u00e3o do \u00e1rbitro Wilton Pereira Sampaio para o confronto desta quarta-feira (18) contra o S\u00e3o Paulo, no Morumbi, pelo jogo de volta das quartas de final da Copa do Brasil, o Flamengo foi incisivo nas cr\u00edticas. Em declara\u00e7\u00f5es ao &#8220;Globo Esporte&#8221;, o presidente do clube, Rodolfo Landim, detonou a federa\u00e7\u00e3o e citou que h\u00e1 um comportamento diferente da CBF com o Tricolor Paulista.<\/p>\n\n\n\n<p>O mandat\u00e1rio ainda revelou que o Rubro-Negro elaborou um \u2018dossi\u00ea\u2019 da arbitragem, que leva em considera\u00e7\u00e3o tr\u00eas pontos principais (diferen\u00e7a de crit\u00e9rios, falta de transpar\u00eancia e repeti\u00e7\u00e3o de \u00e1rbitros que n\u00e3o agradam o Flamengo), e lembrou algumas situa\u00e7\u00f5es envolvendo o S\u00e3o Paulo, que nesta ter\u00e7a esteve na CBF para acesso \u00e0 analise do VAR em gol do Fortaleza, o que para Landim foi a gota d\u00b4\u00e1gua.<\/p>\n\n\n\n<p>\u201cEntendemos que o comportamento da CBF com o S\u00e3o Paulo \u00e9 distinto dos outros clubes. Eu n\u00e3o vi o Gaciba hora nenhuma falar que houve um erro no campeonato, s\u00f3 uma vez e trocou a arbitragem do jogo do S\u00e3o Paulo contra o Gr\u00eamio. N\u00e3o por acaso, o que aconteceu? Dois p\u00eanaltis claros n\u00e3o marcados e ningu\u00e9m veio a p\u00fablico falar que houve erro\u201d, declarou Landim.<\/p>\n\n\n\n<p>&#8220;A mensagem que se passa \u00e9: &#8220;Cuidem-se se errarem contra o S\u00e3o Paulo&#8221;. A sinaliza\u00e7\u00e3o \u00e9 de que quando o erro \u00e9 contra, suspende. Quando \u00e9 a favor, nada acontece&#8221;, prosseguiu.<\/p>\n\n\n\n<p>No mesmo dossi\u00ea, constam imagens de p\u00eanaltis n\u00e3o marcados a favor do clube carioca, em toques de m\u00e3o, e marcados a favor de advers\u00e1rios em situa\u00e7\u00f5es parecidas. O Flamengo ainda faz questionamentos a Wilton Pereira Sampaio e Leandro Vuaden, \u00e1rbitros que, na vis\u00e3o do Rubro-Negro, fogem da m\u00e9dia de cart\u00f5es distribu\u00eddos \u00e0 equipe.<\/p>\n\n\n\n<p>\u201cN\u00e3o tem leviandade. O Flamengo \u00e9 um clube profissional e comandado por uma diretoria com um nome a zelar. S\u00e3o fatos e dados. Temos um estudo que mostra a diferen\u00e7a de crit\u00e9rios desde \u00e1rbitros. O n\u00famero de cart\u00f5es distribu\u00eddos por eles em jogos do Flamengo \u00e9 muito maior do que a m\u00e9dia deles pr\u00f3prios no Brasileir\u00e3o, e tiraram jogadores de jogos importantes\u201d, disse.<\/p>\n\n\n\n<p>\u201cN\u00e3o entendemos certos comportamentos e n\u00e3o h\u00e1 nem tempo para que a situa\u00e7\u00e3o seja amenizada, parece que est\u00e3o querendo deixar o clima do jogo (contra o S\u00e3o Paulo) ruim&#8221;, finalizou.<\/p>\n\n\n\n<p>Retirado de: ESPN<\/p>\n","protected":false},"excerpt":{"rendered":"<p>Ap\u00f3s ter pedido de troca recusado pela comiss\u00e3o de arbitragem da Confedera\u00e7\u00e3o Brasileira de Futebol (CBF), por conta da escala\u00e7\u00e3o do \u00e1rbitro Wilton Pereira Sampaio para o confronto desta quarta-feira (18) contra o S\u00e3o Paulo, no Morumbi, pelo jogo de volta das quartas de final da Copa do Brasil, o Flamengo foi incisivo nas cr\u00edticas. [&hellip;]<\/p>\n","protected":false},"author":1,"featured_media":15077,"comment_status":"open","ping_status":"closed","sticky":false,"template":"","format":"standard","meta":{"footnotes":""},"categories":[1],"tags":[],"class_list":["post-51874","post","type-post","status-publish","format-standard","has-post-thumbnail","hentry","category-flamengo"],"yoast_head":"<!-- This site is optimized with the Yoast SEO Premium plugin v24.2 (Yoast SEO v26.9) - https:\/\/yoast.com\/product\/yoast-seo-premium-wordpress\/ -->\n<title>Presidente do Flamengo detona a CBF<\/title>\n<meta name=\"description\" content=\"O mandat\u00e1rio ainda revelou que o Rubro-Negro elaborou um \u2018dossi\u00ea\u2019 da arbitragem, que leva em considera\u00e7\u00e3o tr\u00eas pontos principais.\" \/>\n<meta name=\"robots\" content=\"index, follow, max-snippet:-1, max-image-preview:large, max-video-preview:-1\" \/>\n<link rel=\"canonical\" href=\"https:\/\/www.gaveanews.com\/index.php\/2020\/11\/18\/presidente-do-flamengo-detona-a-cbf\/\" \/>\n<meta property=\"og:locale\" content=\"pt_BR\" \/>\n<meta property=\"og:type\" content=\"article\" \/>\n<meta property=\"og:title\" content=\"Presidente do Flamengo detona a CBF\" \/>\n<meta property=\"og:description\" content=\"O mandat\u00e1rio ainda revelou que o Rubro-Negro elaborou um \u2018dossi\u00ea\u2019 da arbitragem, que leva em considera\u00e7\u00e3o tr\u00eas pontos principais.\" \/>\n<meta property=\"og:url\" content=\"https:\/\/www.gaveanews.com\/index.php\/2020\/11\/18\/presidente-do-flamengo-detona-a-cbf\/\" \/>\n<meta property=\"og:site_name\" content=\"G\u00e1vea News\" \/>\n<meta property=\"article:publisher\" content=\"https:\/\/facebook.com\/gaveaNews\/\" \/>\n<meta property=\"article:published_time\" content=\"2020-11-18T04:00:03+00:00\" \/>\n<meta property=\"og:image\" content=\"https:\/\/www.gaveanews.com\/wp-content\/uploads\/2019\/03\/Rodolfo-Landim-durante-entrevista-coletiva-na-Gavea.webp\" \/>\n\t<meta property=\"og:image:width\" content=\"1\" \/>\n\t<meta property=\"og:image:height\" content=\"1\" \/>\n\t<meta property=\"og:image:type\" content=\"image\/jpeg\" \/>\n<meta name=\"author\" content=\"Equipe G\u00e1vea News\" \/>\n<meta name=\"twitter:card\" content=\"summary_large_image\" \/>\n<meta name=\"twitter:label1\" content=\"Escrito por\" \/>\n\t<meta name=\"twitter:data1\" content=\"Equipe G\u00e1vea News\" \/>\n\t<meta name=\"twitter:label2\" content=\"Est. tempo de leitura\" \/>\n\t<meta name=\"twitter:data2\" content=\"2 minutos\" \/>\n<script type=\"application\/ld+json\" class=\"yoast-schema-graph\">{\"@context\":\"https:\/\/schema.org\",\"@graph\":[{\"@type\":\"NewsArticle\",\"@id\":\"https:\/\/www.gaveanews.com\/index.php\/2020\/11\/18\/presidente-do-flamengo-detona-a-cbf\/#article\",\"isPartOf\":{\"@id\":\"https:\/\/www.gaveanews.com\/index.php\/2020\/11\/18\/presidente-do-flamengo-detona-a-cbf\/\"},\"author\":{\"name\":\"Equipe G\u00e1vea News\",\"@id\":\"https:\/\/www.gaveanews.com\/#\/schema\/person\/2ec14f73fb96be2caf28f91afb14749d\"},\"headline\":\"Presidente do Flamengo detona a CBF\",\"datePublished\":\"2020-11-18T04:00:03+00:00\",\"mainEntityOfPage\":{\"@id\":\"https:\/\/www.gaveanews.com\/index.php\/2020\/11\/18\/presidente-do-flamengo-detona-a-cbf\/\"},\"wordCount\":445,\"commentCount\":28,\"image\":{\"@id\":\"https:\/\/www.gaveanews.com\/index.php\/2020\/11\/18\/presidente-do-flamengo-detona-a-cbf\/#primaryimage\"},\"thumbnailUrl\":\"https:\/\/www.gaveanews.com\/wp-content\/uploads\/2019\/03\/Rodolfo-Landim-durante-entrevista-coletiva-na-Gavea.webp\",\"articleSection\":[\"Flamengo\"],\"inLanguage\":\"pt-BR\",\"potentialAction\":[{\"@type\":\"CommentAction\",\"name\":\"Comment\",\"target\":[\"https:\/\/www.gaveanews.com\/index.php\/2020\/11\/18\/presidente-do-flamengo-detona-a-cbf\/#respond\"]}],\"copyrightYear\":\"2020\",\"copyrightHolder\":{\"@id\":\"https:\/\/www.gaveanews.com\/#organization\"}},{\"@type\":\"WebPage\",\"@id\":\"https:\/\/www.gaveanews.com\/index.php\/2020\/11\/18\/presidente-do-flamengo-detona-a-cbf\/\",\"url\":\"https:\/\/www.gaveanews.com\/index.php\/2020\/11\/18\/presidente-do-flamengo-detona-a-cbf\/\",\"name\":\"Presidente do Flamengo detona a CBF\",\"isPartOf\":{\"@id\":\"https:\/\/www.gaveanews.com\/#website\"},\"primaryImageOfPage\":{\"@id\":\"https:\/\/www.gaveanews.com\/index.php\/2020\/11\/18\/presidente-do-flamengo-detona-a-cbf\/#primaryimage\"},\"image\":{\"@id\":\"https:\/\/www.gaveanews.com\/index.php\/2020\/11\/18\/presidente-do-flamengo-detona-a-cbf\/#primaryimage\"},\"thumbnailUrl\":\"https:\/\/www.gaveanews.com\/wp-content\/uploads\/2019\/03\/Rodolfo-Landim-durante-entrevista-coletiva-na-Gavea.webp\",\"datePublished\":\"2020-11-18T04:00:03+00:00\",\"author\":{\"@id\":\"https:\/\/www.gaveanews.com\/#\/schema\/person\/2ec14f73fb96be2caf28f91afb14749d\"},\"description\":\"O mandat\u00e1rio ainda revelou que o Rubro-Negro elaborou um \u2018dossi\u00ea\u2019 da arbitragem, que leva em considera\u00e7\u00e3o tr\u00eas pontos principais.\",\"breadcrumb\":{\"@id\":\"https:\/\/www.gaveanews.com\/index.php\/2020\/11\/18\/presidente-do-flamengo-detona-a-cbf\/#breadcrumb\"},\"inLanguage\":\"pt-BR\",\"potentialAction\":[{\"@type\":\"ReadAction\",\"target\":[\"https:\/\/www.gaveanews.com\/index.php\/2020\/11\/18\/presidente-do-flamengo-detona-a-cbf\/\"]}]},{\"@type\":\"ImageObject\",\"inLanguage\":\"pt-BR\",\"@id\":\"https:\/\/www.gaveanews.com\/index.php\/2020\/11\/18\/presidente-do-flamengo-detona-a-cbf\/#primaryimage\",\"url\":\"https:\/\/www.gaveanews.com\/wp-content\/uploads\/2019\/03\/Rodolfo-Landim-durante-entrevista-coletiva-na-Gavea.webp\",\"contentUrl\":\"https:\/\/www.gaveanews.com\/wp-content\/uploads\/2019\/03\/Rodolfo-Landim-durante-entrevista-coletiva-na-Gavea.webp\",\"width\":900,\"height\":599,\"caption\":\"Rodolfo Landim durante entrevista coletiva na G\u00e1vea (Foto: Ag\u00eancia Foto BR)\"},{\"@type\":\"BreadcrumbList\",\"@id\":\"https:\/\/www.gaveanews.com\/index.php\/2020\/11\/18\/presidente-do-flamengo-detona-a-cbf\/#breadcrumb\",\"itemListElement\":[{\"@type\":\"ListItem\",\"position\":1,\"name\":\"Home\",\"item\":\"https:\/\/www.gaveanews.com\/\"},{\"@type\":\"ListItem\",\"position\":2,\"name\":\"Presidente do Flamengo detona a CBF\"}]},{\"@type\":\"WebSite\",\"@id\":\"https:\/\/www.gaveanews.com\/#website\",\"url\":\"https:\/\/www.gaveanews.com\/\",\"name\":\"G\u00e1vea News\",\"description\":\"Veja todas as not\u00edcias sobre o Flamengo: Contrata\u00e7\u00f5es, categorias de base, resultados das partidas, tabela de classifica\u00e7\u00e3o, pr\u00f3ximos jogos!\",\"potentialAction\":[{\"@type\":\"SearchAction\",\"target\":{\"@type\":\"EntryPoint\",\"urlTemplate\":\"https:\/\/www.gaveanews.com\/?s={search_term_string}\"},\"query-input\":{\"@type\":\"PropertyValueSpecification\",\"valueRequired\":true,\"valueName\":\"search_term_string\"}}],\"inLanguage\":\"pt-BR\"},{\"@type\":\"Person\",\"@id\":\"https:\/\/www.gaveanews.com\/#\/schema\/person\/2ec14f73fb96be2caf28f91afb14749d\",\"name\":\"Equipe G\u00e1vea News\",\"image\":{\"@type\":\"ImageObject\",\"inLanguage\":\"pt-BR\",\"@id\":\"https:\/\/www.gaveanews.com\/#\/schema\/person\/image\/\",\"url\":\"https:\/\/secure.gravatar.com\/avatar\/1e1956f1facbffd3f8fa53a326721950116b3b9dc9bd44939c01180fd4a745a9?s=96&d=mm&r=g\",\"contentUrl\":\"https:\/\/secure.gravatar.com\/avatar\/1e1956f1facbffd3f8fa53a326721950116b3b9dc9bd44939c01180fd4a745a9?s=96&d=mm&r=g\",\"caption\":\"Equipe G\u00e1vea News\"}}]}<\/script>\n<!-- \/ Yoast SEO Premium plugin. -->","yoast_head_json":{"title":"Presidente do Flamengo detona a CBF","description":"O mandat\u00e1rio ainda revelou que o Rubro-Negro elaborou um \u2018dossi\u00ea\u2019 da arbitragem, que leva em considera\u00e7\u00e3o tr\u00eas pontos principais.","robots":{"index":"index","follow":"follow","max-snippet":"max-snippet:-1","max-image-preview":"max-image-preview:large","max-video-preview":"max-video-preview:-1"},"canonical":"https:\/\/www.gaveanews.com\/index.php\/2020\/11\/18\/presidente-do-flamengo-detona-a-cbf\/","og_locale":"pt_BR","og_type":"article","og_title":"Presidente do Flamengo detona a CBF","og_description":"O mandat\u00e1rio ainda revelou que o Rubro-Negro elaborou um \u2018dossi\u00ea\u2019 da arbitragem, que leva em considera\u00e7\u00e3o tr\u00eas pontos principais.","og_url":"https:\/\/www.gaveanews.com\/index.php\/2020\/11\/18\/presidente-do-flamengo-detona-a-cbf\/","og_site_name":"G\u00e1vea News","article_publisher":"https:\/\/facebook.com\/gaveaNews\/","article_published_time":"2020-11-18T04:00:03+00:00","og_image":[{"url":"https:\/\/www.gaveanews.com\/wp-content\/uploads\/2019\/03\/Rodolfo-Landim-durante-entrevista-coletiva-na-Gavea.webp","width":1,"height":1,"type":"image\/jpeg"}],"author":"Equipe G\u00e1vea News","twitter_card":"summary_large_image","twitter_misc":{"Escrito por":"Equipe G\u00e1vea News","Est. tempo de leitura":"2 minutos"},"schema":{"@context":"https:\/\/schema.org","@graph":[{"@type":"NewsArticle","@id":"https:\/\/www.gaveanews.com\/index.php\/2020\/11\/18\/presidente-do-flamengo-detona-a-cbf\/#article","isPartOf":{"@id":"https:\/\/www.gaveanews.com\/index.php\/2020\/11\/18\/presidente-do-flamengo-detona-a-cbf\/"},"author":{"name":"Equipe G\u00e1vea News","@id":"https:\/\/www.gaveanews.com\/#\/schema\/person\/2ec14f73fb96be2caf28f91afb14749d"},"headline":"Presidente do Flamengo detona a CBF","datePublished":"2020-11-18T04:00:03+00:00","mainEntityOfPage":{"@id":"https:\/\/www.gaveanews.com\/index.php\/2020\/11\/18\/presidente-do-flamengo-detona-a-cbf\/"},"wordCount":445,"commentCount":28,"image":{"@id":"https:\/\/www.gaveanews.com\/index.php\/2020\/11\/18\/presidente-do-flamengo-detona-a-cbf\/#primaryimage"},"thumbnailUrl":"https:\/\/www.gaveanews.com\/wp-content\/uploads\/2019\/03\/Rodolfo-Landim-durante-entrevista-coletiva-na-Gavea.webp","articleSection":["Flamengo"],"inLanguage":"pt-BR","potentialAction":[{"@type":"CommentAction","name":"Comment","target":["https:\/\/www.gaveanews.com\/index.php\/2020\/11\/18\/presidente-do-flamengo-detona-a-cbf\/#respond"]}],"copyrightYear":"2020","copyrightHolder":{"@id":"https:\/\/www.gaveanews.com\/#organization"}},{"@type":"WebPage","@id":"https:\/\/www.gaveanews.com\/index.php\/2020\/11\/18\/presidente-do-flamengo-detona-a-cbf\/","url":"https:\/\/www.gaveanews.com\/index.php\/2020\/11\/18\/presidente-do-flamengo-detona-a-cbf\/","name":"Presidente do Flamengo detona a CBF","isPartOf":{"@id":"https:\/\/www.gaveanews.com\/#website"},"primaryImageOfPage":{"@id":"https:\/\/www.gaveanews.com\/index.php\/2020\/11\/18\/presidente-do-flamengo-detona-a-cbf\/#primaryimage"},"image":{"@id":"https:\/\/www.gaveanews.com\/index.php\/2020\/11\/18\/presidente-do-flamengo-detona-a-cbf\/#primaryimage"},"thumbnailUrl":"https:\/\/www.gaveanews.com\/wp-content\/uploads\/2019\/03\/Rodolfo-Landim-durante-entrevista-coletiva-na-Gavea.webp","datePublished":"2020-11-18T04:00:03+00:00","author":{"@id":"https:\/\/www.gaveanews.com\/#\/schema\/person\/2ec14f73fb96be2caf28f91afb14749d"},"description":"O mandat\u00e1rio ainda revelou que o Rubro-Negro elaborou um \u2018dossi\u00ea\u2019 da arbitragem, que leva em considera\u00e7\u00e3o tr\u00eas pontos principais.","breadcrumb":{"@id":"https:\/\/www.gaveanews.com\/index.php\/2020\/11\/18\/presidente-do-flamengo-detona-a-cbf\/#breadcrumb"},"inLanguage":"pt-BR","potentialAction":[{"@type":"ReadAction","target":["https:\/\/www.gaveanews.com\/index.php\/2020\/11\/18\/presidente-do-flamengo-detona-a-cbf\/"]}]},{"@type":"ImageObject","inLanguage":"pt-BR","@id":"https:\/\/www.gaveanews.com\/index.php\/2020\/11\/18\/presidente-do-flamengo-detona-a-cbf\/#primaryimage","url":"https:\/\/www.gaveanews.com\/wp-content\/uploads\/2019\/03\/Rodolfo-Landim-durante-entrevista-coletiva-na-Gavea.webp","contentUrl":"https:\/\/www.gaveanews.com\/wp-content\/uploads\/2019\/03\/Rodolfo-Landim-durante-entrevista-coletiva-na-Gavea.webp","width":900,"height":599,"caption":"Rodolfo Landim durante entrevista coletiva na G\u00e1vea (Foto: Ag\u00eancia Foto BR)"},{"@type":"BreadcrumbList","@id":"https:\/\/www.gaveanews.com\/index.php\/2020\/11\/18\/presidente-do-flamengo-detona-a-cbf\/#breadcrumb","itemListElement":[{"@type":"ListItem","position":1,"name":"Home","item":"https:\/\/www.gaveanews.com\/"},{"@type":"ListItem","position":2,"name":"Presidente do Flamengo detona a CBF"}]},{"@type":"WebSite","@id":"https:\/\/www.gaveanews.com\/#website","url":"https:\/\/www.gaveanews.com\/","name":"G\u00e1vea News","description":"Veja todas as not\u00edcias sobre o Flamengo: Contrata\u00e7\u00f5es, categorias de base, resultados das partidas, tabela de classifica\u00e7\u00e3o, pr\u00f3ximos jogos!","potentialAction":[{"@type":"SearchAction","target":{"@type":"EntryPoint","urlTemplate":"https:\/\/www.gaveanews.com\/?s={search_term_string}"},"query-input":{"@type":"PropertyValueSpecification","valueRequired":true,"valueName":"search_term_string"}}],"inLanguage":"pt-BR"},{"@type":"Person","@id":"https:\/\/www.gaveanews.com\/#\/schema\/person\/2ec14f73fb96be2caf28f91afb14749d","name":"Equipe G\u00e1vea News","image":{"@type":"ImageObject","inLanguage":"pt-BR","@id":"https:\/\/www.gaveanews.com\/#\/schema\/person\/image\/","url":"https:\/\/secure.gravatar.com\/avatar\/1e1956f1facbffd3f8fa53a326721950116b3b9dc9bd44939c01180fd4a745a9?s=96&d=mm&r=g","contentUrl":"https:\/\/secure.gravatar.com\/avatar\/1e1956f1facbffd3f8fa53a326721950116b3b9dc9bd44939c01180fd4a745a9?s=96&d=mm&r=g","caption":"Equipe G\u00e1vea News"}}]}},"_links":{"self":[{"href":"https:\/\/www.gaveanews.com\/index.php\/wp-json\/wp\/v2\/posts\/51874","targetHints":{"allow":["GET"]}}],"collection":[{"href":"https:\/\/www.gaveanews.com\/index.php\/wp-json\/wp\/v2\/posts"}],"about":[{"href":"https:\/\/www.gaveanews.com\/index.php\/wp-json\/wp\/v2\/types\/post"}],"author":[{"embeddable":true,"href":"https:\/\/www.gaveanews.com\/index.php\/wp-json\/wp\/v2\/users\/1"}],"replies":[{"embeddable":true,"href":"https:\/\/www.gaveanews.com\/index.php\/wp-json\/wp\/v2\/comments?post=51874"}],"version-history":[{"count":0,"href":"https:\/\/www.gaveanews.com\/index.php\/wp-json\/wp\/v2\/posts\/51874\/revisions"}],"wp:featuredmedia":[{"embeddable":true,"href":"https:\/\/www.gaveanews.com\/index.php\/wp-json\/wp\/v2\/media\/15077"}],"wp:attachment":[{"href":"https:\/\/www.gaveanews.com\/index.php\/wp-json\/wp\/v2\/media?parent=51874"}],"wp:term":[{"taxonomy":"category","embeddable":true,"href":"https:\/\/www.gaveanews.com\/index.php\/wp-json\/wp\/v2\/categories?post=51874"},{"taxonomy":"post_tag","embeddable":true,"href":"https:\/\/www.gaveanews.com\/index.php\/wp-json\/wp\/v2\/tags?post=51874"}],"curies":[{"name":"wp","href":"https:\/\/api.w.org\/{rel}","templated":true}]}}