{"id":51883,"date":"2020-11-18T09:12:28","date_gmt":"2020-11-18T12:12:28","guid":{"rendered":"https:\/\/www.gaveanews.com\/?p=51883"},"modified":"2020-11-18T09:12:31","modified_gmt":"2020-11-18T12:12:31","slug":"video-everton-ribeiro-se-junta-a-delegacao-do-flamengo","status":"publish","type":"post","link":"https:\/\/www.gaveanews.com\/index.php\/2020\/11\/18\/video-everton-ribeiro-se-junta-a-delegacao-do-flamengo\/","title":{"rendered":"V\u00eddeo: Everton Ribeiro se junta \u00e0 delega\u00e7\u00e3o do Flamengo"},"content":{"rendered":"\n<p>Everton Ribeiro j\u00e1 est\u00e1 em S\u00e3o Paulo junto com a delega\u00e7\u00e3o do Flamengo. O meia foi titular na vit\u00f3ria brasileira por 2 a 0 sobre o Uruguai, na noite desta ter\u00e7a-feira, em Montevid\u00e9u; e nesta manh\u00e3 j\u00e1 estava integrado \u00e0 equipe de Rog\u00e9rio Ceni.<\/p>\n\n\n\n<p>O camisa 7 est\u00e1 relacionado para a partida de volta das quartas de final da Copa do Brasil contra o S\u00e3o Paulo, nesta quarta-feira, \u00e0s 21h30 (de Bras\u00edlia), no Morumbi. Seu aproveitamento no jogo, no entanto, depender\u00e1 de sua recupera\u00e7\u00e3o e da avalia\u00e7\u00e3o da comiss\u00e3o t\u00e9cnica.<\/p>\n\n\n\n<figure class=\"wp-block-embed-twitter wp-block-embed is-type-rich is-provider-twitter\"><div class=\"wp-block-embed__wrapper\">\n<blockquote class=\"twitter-tweet\" data-width=\"550\" data-dnt=\"true\"><p lang=\"pt\" dir=\"ltr\">Na \u00e1rea &#8230; <a href=\"https:\/\/t.co\/DREfz12nq2\">pic.twitter.com\/DREfz12nq2<\/a><\/p>&mdash; MarcosBraz (@marcosbrazrio) <a href=\"https:\/\/twitter.com\/marcosbrazrio\/status\/1329032734916964352?ref_src=twsrc%5Etfw\">November 18, 2020<\/a><\/blockquote><script async src=\"https:\/\/platform.twitter.com\/widgets.js\" charset=\"utf-8\"><\/script>\n<\/div><\/figure>\n\n\n\n<p>O lateral chileno Isla, que tamb\u00e9m atuou por sua sele\u00e7\u00e3o na ter\u00e7a-feira, tem situa\u00e7\u00e3o mais complicada. Ele tem previs\u00e3o de chegada a S\u00e3o Paulo apenas \u00e0 noite, algumas horas antes da partida, e, assim como Everton, segue tratamento intensivo de recupera\u00e7\u00e3o muscular.<\/p>\n\n\n\n<p>O time rubro-negro est\u00e1 repleto de desfalques: Gabigol, Pedro, Thiago Maia, Filipe Lu\u00eds e Rodrigo Caio se recuperam de les\u00f5es e n\u00e3o v\u00e3o a campo.<\/p>\n\n\n\n<p>O Flamengo foi derrotado por 2 a 1 no jogo de ida, no Maracan\u00e3, e agora precisa vencer por dois gols de diferen\u00e7a para avan\u00e7ar na competi\u00e7\u00e3o \u2013 ou de um para levar a decis\u00e3o para os p\u00eanaltis.<\/p>\n\n\n\n<p>Everton atuou por 91 minutos na vit\u00f3ria da Sele\u00e7\u00e3o e, ap\u00f3s a partida, tratou de tranquilizar a torcida do Flamengo. Nas redes sociais, o meia postou momentos ap\u00f3s a partida uma foto usando botas pneum\u00e1ticas, que aceleram a recupera\u00e7\u00e3o muscular dos jogadores, e mandou um recado:<\/p>\n\n\n\n<p>\u2013 Recuperando para mais uma decis\u00e3o.<\/p>\n\n\n\n<figure class=\"wp-block-embed-twitter wp-block-embed is-type-rich is-provider-twitter\"><div class=\"wp-block-embed__wrapper\">\n<blockquote class=\"twitter-tweet\" data-width=\"550\" data-dnt=\"true\"><p lang=\"qme\" dir=\"ltr\">\ud83d\ude4f\ud83c\udffb\u2764\ufe0f\ud83d\udda4 <a href=\"https:\/\/t.co\/V4tQHuDiB0\">pic.twitter.com\/V4tQHuDiB0<\/a><\/p>&mdash; Everton Ribeiro (@evertonri) <a href=\"https:\/\/twitter.com\/evertonri\/status\/1328877590032117763?ref_src=twsrc%5Etfw\">November 18, 2020<\/a><\/blockquote><script async src=\"https:\/\/platform.twitter.com\/widgets.js\" charset=\"utf-8\"><\/script>\n<\/div><\/figure>\n\n\n\n<p>Retirado de: Globo Esporte<\/p>\n","protected":false},"excerpt":{"rendered":"<p>Everton Ribeiro j\u00e1 est\u00e1 em S\u00e3o Paulo junto com a delega\u00e7\u00e3o do Flamengo. O meia foi titular na vit\u00f3ria brasileira por 2 a 0 sobre o Uruguai, na noite desta ter\u00e7a-feira, em Montevid\u00e9u; e nesta manh\u00e3 j\u00e1 estava integrado \u00e0 equipe de Rog\u00e9rio Ceni. O camisa 7 est\u00e1 relacionado para a partida de volta das [&hellip;]<\/p>\n","protected":false},"author":1,"featured_media":51867,"comment_status":"open","ping_status":"closed","sticky":false,"template":"","format":"standard","meta":{"footnotes":""},"categories":[40],"tags":[],"class_list":["post-51883","post","type-post","status-publish","format-standard","has-post-thumbnail","hentry","category-video"],"yoast_head":"<!-- This site is optimized with the Yoast SEO Premium plugin v24.2 (Yoast SEO v26.9) - https:\/\/yoast.com\/product\/yoast-seo-premium-wordpress\/ -->\n<title>V\u00eddeo: Everton Ribeiro se junta \u00e0 delega\u00e7\u00e3o do Flamengo<\/title>\n<meta name=\"description\" content=\"Everton Ribeiro j\u00e1 est\u00e1 em S\u00e3o Paulo junto com a delega\u00e7\u00e3o do Flamengo. O meia foi titular na vit\u00f3ria brasileira por 2 a 0 sobre o Uruguai.\" \/>\n<meta name=\"robots\" content=\"index, follow, max-snippet:-1, max-image-preview:large, max-video-preview:-1\" \/>\n<link rel=\"canonical\" href=\"https:\/\/www.gaveanews.com\/index.php\/2020\/11\/18\/video-everton-ribeiro-se-junta-a-delegacao-do-flamengo\/\" \/>\n<meta property=\"og:locale\" content=\"pt_BR\" \/>\n<meta property=\"og:type\" content=\"article\" \/>\n<meta property=\"og:title\" content=\"V\u00eddeo: Everton Ribeiro se junta \u00e0 delega\u00e7\u00e3o do Flamengo\" \/>\n<meta property=\"og:description\" content=\"Everton Ribeiro j\u00e1 est\u00e1 em S\u00e3o Paulo junto com a delega\u00e7\u00e3o do Flamengo. O meia foi titular na vit\u00f3ria brasileira por 2 a 0 sobre o Uruguai.\" \/>\n<meta property=\"og:url\" content=\"https:\/\/www.gaveanews.com\/index.php\/2020\/11\/18\/video-everton-ribeiro-se-junta-a-delegacao-do-flamengo\/\" \/>\n<meta property=\"og:site_name\" content=\"G\u00e1vea News\" \/>\n<meta property=\"article:publisher\" content=\"https:\/\/facebook.com\/gaveaNews\/\" \/>\n<meta property=\"article:published_time\" content=\"2020-11-18T12:12:28+00:00\" \/>\n<meta property=\"article:modified_time\" content=\"2020-11-18T12:12:31+00:00\" \/>\n<meta property=\"og:image\" content=\"https:\/\/www.gaveanews.com\/wp-content\/uploads\/Everton-Ribeiro-em-acao-pelo-Brasil.webp\" \/>\n\t<meta property=\"og:image:width\" content=\"900\" \/>\n\t<meta property=\"og:image:height\" content=\"506\" \/>\n\t<meta property=\"og:image:type\" content=\"image\/jpeg\" \/>\n<meta name=\"author\" content=\"Equipe G\u00e1vea News\" \/>\n<meta name=\"twitter:card\" content=\"summary_large_image\" \/>\n<meta name=\"twitter:label1\" content=\"Escrito por\" \/>\n\t<meta name=\"twitter:data1\" content=\"Equipe G\u00e1vea News\" \/>\n\t<meta name=\"twitter:label2\" content=\"Est. tempo de leitura\" \/>\n\t<meta name=\"twitter:data2\" content=\"2 minutos\" \/>\n<script type=\"application\/ld+json\" class=\"yoast-schema-graph\">{\"@context\":\"https:\/\/schema.org\",\"@graph\":[{\"@type\":\"NewsArticle\",\"@id\":\"https:\/\/www.gaveanews.com\/index.php\/2020\/11\/18\/video-everton-ribeiro-se-junta-a-delegacao-do-flamengo\/#article\",\"isPartOf\":{\"@id\":\"https:\/\/www.gaveanews.com\/index.php\/2020\/11\/18\/video-everton-ribeiro-se-junta-a-delegacao-do-flamengo\/\"},\"author\":{\"name\":\"Equipe G\u00e1vea News\",\"@id\":\"https:\/\/www.gaveanews.com\/#\/schema\/person\/2ec14f73fb96be2caf28f91afb14749d\"},\"headline\":\"V\u00eddeo: Everton Ribeiro se junta \u00e0 delega\u00e7\u00e3o do Flamengo\",\"datePublished\":\"2020-11-18T12:12:28+00:00\",\"dateModified\":\"2020-11-18T12:12:31+00:00\",\"mainEntityOfPage\":{\"@id\":\"https:\/\/www.gaveanews.com\/index.php\/2020\/11\/18\/video-everton-ribeiro-se-junta-a-delegacao-do-flamengo\/\"},\"wordCount\":321,\"commentCount\":18,\"image\":{\"@id\":\"https:\/\/www.gaveanews.com\/index.php\/2020\/11\/18\/video-everton-ribeiro-se-junta-a-delegacao-do-flamengo\/#primaryimage\"},\"thumbnailUrl\":\"https:\/\/www.gaveanews.com\/wp-content\/uploads\/Everton-Ribeiro-em-acao-pelo-Brasil.webp\",\"articleSection\":[\"V\u00eddeos\"],\"inLanguage\":\"pt-BR\",\"potentialAction\":[{\"@type\":\"CommentAction\",\"name\":\"Comment\",\"target\":[\"https:\/\/www.gaveanews.com\/index.php\/2020\/11\/18\/video-everton-ribeiro-se-junta-a-delegacao-do-flamengo\/#respond\"]}],\"copyrightYear\":\"2020\",\"copyrightHolder\":{\"@id\":\"https:\/\/www.gaveanews.com\/#organization\"}},{\"@type\":\"WebPage\",\"@id\":\"https:\/\/www.gaveanews.com\/index.php\/2020\/11\/18\/video-everton-ribeiro-se-junta-a-delegacao-do-flamengo\/\",\"url\":\"https:\/\/www.gaveanews.com\/index.php\/2020\/11\/18\/video-everton-ribeiro-se-junta-a-delegacao-do-flamengo\/\",\"name\":\"V\u00eddeo: Everton Ribeiro se junta \u00e0 delega\u00e7\u00e3o do Flamengo\",\"isPartOf\":{\"@id\":\"https:\/\/www.gaveanews.com\/#website\"},\"primaryImageOfPage\":{\"@id\":\"https:\/\/www.gaveanews.com\/index.php\/2020\/11\/18\/video-everton-ribeiro-se-junta-a-delegacao-do-flamengo\/#primaryimage\"},\"image\":{\"@id\":\"https:\/\/www.gaveanews.com\/index.php\/2020\/11\/18\/video-everton-ribeiro-se-junta-a-delegacao-do-flamengo\/#primaryimage\"},\"thumbnailUrl\":\"https:\/\/www.gaveanews.com\/wp-content\/uploads\/Everton-Ribeiro-em-acao-pelo-Brasil.webp\",\"datePublished\":\"2020-11-18T12:12:28+00:00\",\"dateModified\":\"2020-11-18T12:12:31+00:00\",\"author\":{\"@id\":\"https:\/\/www.gaveanews.com\/#\/schema\/person\/2ec14f73fb96be2caf28f91afb14749d\"},\"description\":\"Everton Ribeiro j\u00e1 est\u00e1 em S\u00e3o Paulo junto com a delega\u00e7\u00e3o do Flamengo. O meia foi titular na vit\u00f3ria brasileira por 2 a 0 sobre o Uruguai.\",\"breadcrumb\":{\"@id\":\"https:\/\/www.gaveanews.com\/index.php\/2020\/11\/18\/video-everton-ribeiro-se-junta-a-delegacao-do-flamengo\/#breadcrumb\"},\"inLanguage\":\"pt-BR\",\"potentialAction\":[{\"@type\":\"ReadAction\",\"target\":[\"https:\/\/www.gaveanews.com\/index.php\/2020\/11\/18\/video-everton-ribeiro-se-junta-a-delegacao-do-flamengo\/\"]}]},{\"@type\":\"ImageObject\",\"inLanguage\":\"pt-BR\",\"@id\":\"https:\/\/www.gaveanews.com\/index.php\/2020\/11\/18\/video-everton-ribeiro-se-junta-a-delegacao-do-flamengo\/#primaryimage\",\"url\":\"https:\/\/www.gaveanews.com\/wp-content\/uploads\/Everton-Ribeiro-em-acao-pelo-Brasil.webp\",\"contentUrl\":\"https:\/\/www.gaveanews.com\/wp-content\/uploads\/Everton-Ribeiro-em-acao-pelo-Brasil.webp\",\"width\":900,\"height\":506,\"caption\":\"Everton Ribeiro em a\u00e7\u00e3o pelo Brasil (Foto: Lucas Figueiredo\/CBF)\"},{\"@type\":\"BreadcrumbList\",\"@id\":\"https:\/\/www.gaveanews.com\/index.php\/2020\/11\/18\/video-everton-ribeiro-se-junta-a-delegacao-do-flamengo\/#breadcrumb\",\"itemListElement\":[{\"@type\":\"ListItem\",\"position\":1,\"name\":\"Home\",\"item\":\"https:\/\/www.gaveanews.com\/\"},{\"@type\":\"ListItem\",\"position\":2,\"name\":\"V\u00eddeo: Everton Ribeiro se junta \u00e0 delega\u00e7\u00e3o do Flamengo\"}]},{\"@type\":\"WebSite\",\"@id\":\"https:\/\/www.gaveanews.com\/#website\",\"url\":\"https:\/\/www.gaveanews.com\/\",\"name\":\"G\u00e1vea News\",\"description\":\"Veja todas as not\u00edcias sobre o Flamengo: Contrata\u00e7\u00f5es, categorias de base, resultados das partidas, tabela de classifica\u00e7\u00e3o, pr\u00f3ximos jogos!\",\"potentialAction\":[{\"@type\":\"SearchAction\",\"target\":{\"@type\":\"EntryPoint\",\"urlTemplate\":\"https:\/\/www.gaveanews.com\/?s={search_term_string}\"},\"query-input\":{\"@type\":\"PropertyValueSpecification\",\"valueRequired\":true,\"valueName\":\"search_term_string\"}}],\"inLanguage\":\"pt-BR\"},{\"@type\":\"Person\",\"@id\":\"https:\/\/www.gaveanews.com\/#\/schema\/person\/2ec14f73fb96be2caf28f91afb14749d\",\"name\":\"Equipe G\u00e1vea News\",\"image\":{\"@type\":\"ImageObject\",\"inLanguage\":\"pt-BR\",\"@id\":\"https:\/\/www.gaveanews.com\/#\/schema\/person\/image\/\",\"url\":\"https:\/\/secure.gravatar.com\/avatar\/1e1956f1facbffd3f8fa53a326721950116b3b9dc9bd44939c01180fd4a745a9?s=96&d=mm&r=g\",\"contentUrl\":\"https:\/\/secure.gravatar.com\/avatar\/1e1956f1facbffd3f8fa53a326721950116b3b9dc9bd44939c01180fd4a745a9?s=96&d=mm&r=g\",\"caption\":\"Equipe G\u00e1vea News\"}}]}<\/script>\n<!-- \/ Yoast SEO Premium plugin. -->","yoast_head_json":{"title":"V\u00eddeo: Everton Ribeiro se junta \u00e0 delega\u00e7\u00e3o do Flamengo","description":"Everton Ribeiro j\u00e1 est\u00e1 em S\u00e3o Paulo junto com a delega\u00e7\u00e3o do Flamengo. O meia foi titular na vit\u00f3ria brasileira por 2 a 0 sobre o Uruguai.","robots":{"index":"index","follow":"follow","max-snippet":"max-snippet:-1","max-image-preview":"max-image-preview:large","max-video-preview":"max-video-preview:-1"},"canonical":"https:\/\/www.gaveanews.com\/index.php\/2020\/11\/18\/video-everton-ribeiro-se-junta-a-delegacao-do-flamengo\/","og_locale":"pt_BR","og_type":"article","og_title":"V\u00eddeo: Everton Ribeiro se junta \u00e0 delega\u00e7\u00e3o do Flamengo","og_description":"Everton Ribeiro j\u00e1 est\u00e1 em S\u00e3o Paulo junto com a delega\u00e7\u00e3o do Flamengo. O meia foi titular na vit\u00f3ria brasileira por 2 a 0 sobre o Uruguai.","og_url":"https:\/\/www.gaveanews.com\/index.php\/2020\/11\/18\/video-everton-ribeiro-se-junta-a-delegacao-do-flamengo\/","og_site_name":"G\u00e1vea News","article_publisher":"https:\/\/facebook.com\/gaveaNews\/","article_published_time":"2020-11-18T12:12:28+00:00","article_modified_time":"2020-11-18T12:12:31+00:00","og_image":[{"width":900,"height":506,"url":"https:\/\/www.gaveanews.com\/wp-content\/uploads\/Everton-Ribeiro-em-acao-pelo-Brasil.webp","type":"image\/jpeg"}],"author":"Equipe G\u00e1vea News","twitter_card":"summary_large_image","twitter_misc":{"Escrito por":"Equipe G\u00e1vea News","Est. tempo de leitura":"2 minutos"},"schema":{"@context":"https:\/\/schema.org","@graph":[{"@type":"NewsArticle","@id":"https:\/\/www.gaveanews.com\/index.php\/2020\/11\/18\/video-everton-ribeiro-se-junta-a-delegacao-do-flamengo\/#article","isPartOf":{"@id":"https:\/\/www.gaveanews.com\/index.php\/2020\/11\/18\/video-everton-ribeiro-se-junta-a-delegacao-do-flamengo\/"},"author":{"name":"Equipe G\u00e1vea News","@id":"https:\/\/www.gaveanews.com\/#\/schema\/person\/2ec14f73fb96be2caf28f91afb14749d"},"headline":"V\u00eddeo: Everton Ribeiro se junta \u00e0 delega\u00e7\u00e3o do Flamengo","datePublished":"2020-11-18T12:12:28+00:00","dateModified":"2020-11-18T12:12:31+00:00","mainEntityOfPage":{"@id":"https:\/\/www.gaveanews.com\/index.php\/2020\/11\/18\/video-everton-ribeiro-se-junta-a-delegacao-do-flamengo\/"},"wordCount":321,"commentCount":18,"image":{"@id":"https:\/\/www.gaveanews.com\/index.php\/2020\/11\/18\/video-everton-ribeiro-se-junta-a-delegacao-do-flamengo\/#primaryimage"},"thumbnailUrl":"https:\/\/www.gaveanews.com\/wp-content\/uploads\/Everton-Ribeiro-em-acao-pelo-Brasil.webp","articleSection":["V\u00eddeos"],"inLanguage":"pt-BR","potentialAction":[{"@type":"CommentAction","name":"Comment","target":["https:\/\/www.gaveanews.com\/index.php\/2020\/11\/18\/video-everton-ribeiro-se-junta-a-delegacao-do-flamengo\/#respond"]}],"copyrightYear":"2020","copyrightHolder":{"@id":"https:\/\/www.gaveanews.com\/#organization"}},{"@type":"WebPage","@id":"https:\/\/www.gaveanews.com\/index.php\/2020\/11\/18\/video-everton-ribeiro-se-junta-a-delegacao-do-flamengo\/","url":"https:\/\/www.gaveanews.com\/index.php\/2020\/11\/18\/video-everton-ribeiro-se-junta-a-delegacao-do-flamengo\/","name":"V\u00eddeo: Everton Ribeiro se junta \u00e0 delega\u00e7\u00e3o do Flamengo","isPartOf":{"@id":"https:\/\/www.gaveanews.com\/#website"},"primaryImageOfPage":{"@id":"https:\/\/www.gaveanews.com\/index.php\/2020\/11\/18\/video-everton-ribeiro-se-junta-a-delegacao-do-flamengo\/#primaryimage"},"image":{"@id":"https:\/\/www.gaveanews.com\/index.php\/2020\/11\/18\/video-everton-ribeiro-se-junta-a-delegacao-do-flamengo\/#primaryimage"},"thumbnailUrl":"https:\/\/www.gaveanews.com\/wp-content\/uploads\/Everton-Ribeiro-em-acao-pelo-Brasil.webp","datePublished":"2020-11-18T12:12:28+00:00","dateModified":"2020-11-18T12:12:31+00:00","author":{"@id":"https:\/\/www.gaveanews.com\/#\/schema\/person\/2ec14f73fb96be2caf28f91afb14749d"},"description":"Everton Ribeiro j\u00e1 est\u00e1 em S\u00e3o Paulo junto com a delega\u00e7\u00e3o do Flamengo. O meia foi titular na vit\u00f3ria brasileira por 2 a 0 sobre o Uruguai.","breadcrumb":{"@id":"https:\/\/www.gaveanews.com\/index.php\/2020\/11\/18\/video-everton-ribeiro-se-junta-a-delegacao-do-flamengo\/#breadcrumb"},"inLanguage":"pt-BR","potentialAction":[{"@type":"ReadAction","target":["https:\/\/www.gaveanews.com\/index.php\/2020\/11\/18\/video-everton-ribeiro-se-junta-a-delegacao-do-flamengo\/"]}]},{"@type":"ImageObject","inLanguage":"pt-BR","@id":"https:\/\/www.gaveanews.com\/index.php\/2020\/11\/18\/video-everton-ribeiro-se-junta-a-delegacao-do-flamengo\/#primaryimage","url":"https:\/\/www.gaveanews.com\/wp-content\/uploads\/Everton-Ribeiro-em-acao-pelo-Brasil.webp","contentUrl":"https:\/\/www.gaveanews.com\/wp-content\/uploads\/Everton-Ribeiro-em-acao-pelo-Brasil.webp","width":900,"height":506,"caption":"Everton Ribeiro em a\u00e7\u00e3o pelo Brasil (Foto: Lucas Figueiredo\/CBF)"},{"@type":"BreadcrumbList","@id":"https:\/\/www.gaveanews.com\/index.php\/2020\/11\/18\/video-everton-ribeiro-se-junta-a-delegacao-do-flamengo\/#breadcrumb","itemListElement":[{"@type":"ListItem","position":1,"name":"Home","item":"https:\/\/www.gaveanews.com\/"},{"@type":"ListItem","position":2,"name":"V\u00eddeo: Everton Ribeiro se junta \u00e0 delega\u00e7\u00e3o do Flamengo"}]},{"@type":"WebSite","@id":"https:\/\/www.gaveanews.com\/#website","url":"https:\/\/www.gaveanews.com\/","name":"G\u00e1vea News","description":"Veja todas as not\u00edcias sobre o Flamengo: Contrata\u00e7\u00f5es, categorias de base, resultados das partidas, tabela de classifica\u00e7\u00e3o, pr\u00f3ximos jogos!","potentialAction":[{"@type":"SearchAction","target":{"@type":"EntryPoint","urlTemplate":"https:\/\/www.gaveanews.com\/?s={search_term_string}"},"query-input":{"@type":"PropertyValueSpecification","valueRequired":true,"valueName":"search_term_string"}}],"inLanguage":"pt-BR"},{"@type":"Person","@id":"https:\/\/www.gaveanews.com\/#\/schema\/person\/2ec14f73fb96be2caf28f91afb14749d","name":"Equipe G\u00e1vea News","image":{"@type":"ImageObject","inLanguage":"pt-BR","@id":"https:\/\/www.gaveanews.com\/#\/schema\/person\/image\/","url":"https:\/\/secure.gravatar.com\/avatar\/1e1956f1facbffd3f8fa53a326721950116b3b9dc9bd44939c01180fd4a745a9?s=96&d=mm&r=g","contentUrl":"https:\/\/secure.gravatar.com\/avatar\/1e1956f1facbffd3f8fa53a326721950116b3b9dc9bd44939c01180fd4a745a9?s=96&d=mm&r=g","caption":"Equipe G\u00e1vea News"}}]}},"_links":{"self":[{"href":"https:\/\/www.gaveanews.com\/index.php\/wp-json\/wp\/v2\/posts\/51883","targetHints":{"allow":["GET"]}}],"collection":[{"href":"https:\/\/www.gaveanews.com\/index.php\/wp-json\/wp\/v2\/posts"}],"about":[{"href":"https:\/\/www.gaveanews.com\/index.php\/wp-json\/wp\/v2\/types\/post"}],"author":[{"embeddable":true,"href":"https:\/\/www.gaveanews.com\/index.php\/wp-json\/wp\/v2\/users\/1"}],"replies":[{"embeddable":true,"href":"https:\/\/www.gaveanews.com\/index.php\/wp-json\/wp\/v2\/comments?post=51883"}],"version-history":[{"count":0,"href":"https:\/\/www.gaveanews.com\/index.php\/wp-json\/wp\/v2\/posts\/51883\/revisions"}],"wp:featuredmedia":[{"embeddable":true,"href":"https:\/\/www.gaveanews.com\/index.php\/wp-json\/wp\/v2\/media\/51867"}],"wp:attachment":[{"href":"https:\/\/www.gaveanews.com\/index.php\/wp-json\/wp\/v2\/media?parent=51883"}],"wp:term":[{"taxonomy":"category","embeddable":true,"href":"https:\/\/www.gaveanews.com\/index.php\/wp-json\/wp\/v2\/categories?post=51883"},{"taxonomy":"post_tag","embeddable":true,"href":"https:\/\/www.gaveanews.com\/index.php\/wp-json\/wp\/v2\/tags?post=51883"}],"curies":[{"name":"wp","href":"https:\/\/api.w.org\/{rel}","templated":true}]}}