{"id":51892,"date":"2020-11-18T10:21:42","date_gmt":"2020-11-18T13:21:42","guid":{"rendered":"https:\/\/www.gaveanews.com\/?p=51892"},"modified":"2020-11-18T10:21:43","modified_gmt":"2020-11-18T13:21:43","slug":"comentarista-critica-o-flamengo-por-relacionar-everton-ribeiro","status":"publish","type":"post","link":"https:\/\/www.gaveanews.com\/index.php\/2020\/11\/18\/comentarista-critica-o-flamengo-por-relacionar-everton-ribeiro\/","title":{"rendered":"Comentarista critica o Flamengo por relacionar Everton Ribeiro"},"content":{"rendered":"\n<p>Comentarista dos canais Fox Sports, Zinho afirmou que o Flamengo n\u00e3o deveria contar com \u00c9verton Ribeiro para o jogo contra o S\u00e3o Paulo, hoje, pela Copa do Brasil. O meia rubro-negro foi titular da sele\u00e7\u00e3o brasileira, ontem, na vit\u00f3ria por 2 a 0 sobre o Uruguai e esteve em campo durante quase toda a partida, mas est\u00e1 relacionado para a partida contra o time paulista.<\/p>\n\n\n\n<p>Na opini\u00e3o do ex-jogador, se o Flamengo colocar \u00c9verton Ribeiro em campo hoje, h\u00e1 um risco muito grande de o jogador se lesionar. Zinho afirmou que \u00e9 um absurdo o Flamengo cogitar contar com o atleta durante noventa minutos.<\/p>\n\n\n\n<p>&#8220;A gente sempre reclama do desgaste dos jogadores, que n\u00e3o pode jogar tantos jogos assim. Os clubes reclamam, os atletas. \u00c9 uma decis\u00e3o, jogo importante de Copa do Brasil, mas acho um absurdo (colocar o \u00c9verton Ribeiro para jogar contra o S\u00e3o Paulo). A possibilidade de les\u00e3o \u00e9 muito grande. Espero que, pelo menos, tenham o bom senso de deix\u00e1-lo no banco no primeiro tempo&#8221;, declarou o comentarista em participa\u00e7\u00e3o no Expediente Futebol, do Fox Sports, ontem.<\/p>\n\n\n\n<p>Retirado de:  UOL<\/p>\n","protected":false},"excerpt":{"rendered":"<p>Comentarista dos canais Fox Sports, Zinho afirmou que o Flamengo n\u00e3o deveria contar com \u00c9verton Ribeiro para o jogo contra o S\u00e3o Paulo, hoje, pela Copa do Brasil. O meia rubro-negro foi titular da sele\u00e7\u00e3o brasileira, ontem, na vit\u00f3ria por 2 a 0 sobre o Uruguai e esteve em campo durante quase toda a partida, [&hellip;]<\/p>\n","protected":false},"author":1,"featured_media":50432,"comment_status":"open","ping_status":"closed","sticky":false,"template":"","format":"standard","meta":{"footnotes":""},"categories":[1],"tags":[],"class_list":["post-51892","post","type-post","status-publish","format-standard","has-post-thumbnail","hentry","category-flamengo"],"yoast_head":"<!-- This site is optimized with the Yoast SEO Premium plugin v24.2 (Yoast SEO v26.9) - https:\/\/yoast.com\/product\/yoast-seo-premium-wordpress\/ -->\n<title>Comentarista critica o Flamengo por relacionar Everton Ribeiro<\/title>\n<meta name=\"description\" content=\"&quot;&quot;A gente sempre reclama do desgaste dos jogadores, que n\u00e3o pode jogar tantos jogos assim. . \u00c9 uma decis\u00e3o, mas acho um absurdo&quot;.\" \/>\n<meta name=\"robots\" content=\"index, follow, max-snippet:-1, max-image-preview:large, max-video-preview:-1\" \/>\n<link rel=\"canonical\" href=\"https:\/\/www.gaveanews.com\/index.php\/2020\/11\/18\/comentarista-critica-o-flamengo-por-relacionar-everton-ribeiro\/\" \/>\n<meta property=\"og:locale\" content=\"pt_BR\" \/>\n<meta property=\"og:type\" content=\"article\" \/>\n<meta property=\"og:title\" content=\"Comentarista critica o Flamengo por relacionar Everton Ribeiro\" \/>\n<meta property=\"og:description\" content=\"&quot;&quot;A gente sempre reclama do desgaste dos jogadores, que n\u00e3o pode jogar tantos jogos assim. . \u00c9 uma decis\u00e3o, mas acho um absurdo&quot;.\" \/>\n<meta property=\"og:url\" content=\"https:\/\/www.gaveanews.com\/index.php\/2020\/11\/18\/comentarista-critica-o-flamengo-por-relacionar-everton-ribeiro\/\" \/>\n<meta property=\"og:site_name\" content=\"G\u00e1vea News\" \/>\n<meta property=\"article:publisher\" content=\"https:\/\/facebook.com\/gaveaNews\/\" \/>\n<meta property=\"article:published_time\" content=\"2020-11-18T13:21:42+00:00\" \/>\n<meta property=\"article:modified_time\" content=\"2020-11-18T13:21:43+00:00\" \/>\n<meta property=\"og:image\" content=\"https:\/\/www.gaveanews.com\/wp-content\/uploads\/Everton-Ribeiro-em-acao-pelo-Flamengo-contra-o-Sao-Paulo.webp\" \/>\n\t<meta property=\"og:image:width\" content=\"799\" \/>\n\t<meta property=\"og:image:height\" content=\"532\" \/>\n\t<meta property=\"og:image:type\" content=\"image\/jpeg\" \/>\n<meta name=\"author\" content=\"Equipe G\u00e1vea News\" \/>\n<meta name=\"twitter:card\" content=\"summary_large_image\" \/>\n<meta name=\"twitter:label1\" content=\"Escrito por\" \/>\n\t<meta name=\"twitter:data1\" content=\"Equipe G\u00e1vea News\" \/>\n\t<meta name=\"twitter:label2\" content=\"Est. tempo de leitura\" \/>\n\t<meta name=\"twitter:data2\" content=\"1 minuto\" \/>\n<script type=\"application\/ld+json\" class=\"yoast-schema-graph\">{\"@context\":\"https:\/\/schema.org\",\"@graph\":[{\"@type\":\"NewsArticle\",\"@id\":\"https:\/\/www.gaveanews.com\/index.php\/2020\/11\/18\/comentarista-critica-o-flamengo-por-relacionar-everton-ribeiro\/#article\",\"isPartOf\":{\"@id\":\"https:\/\/www.gaveanews.com\/index.php\/2020\/11\/18\/comentarista-critica-o-flamengo-por-relacionar-everton-ribeiro\/\"},\"author\":{\"name\":\"Equipe G\u00e1vea News\",\"@id\":\"https:\/\/www.gaveanews.com\/#\/schema\/person\/2ec14f73fb96be2caf28f91afb14749d\"},\"headline\":\"Comentarista critica o Flamengo por relacionar Everton Ribeiro\",\"datePublished\":\"2020-11-18T13:21:42+00:00\",\"dateModified\":\"2020-11-18T13:21:43+00:00\",\"mainEntityOfPage\":{\"@id\":\"https:\/\/www.gaveanews.com\/index.php\/2020\/11\/18\/comentarista-critica-o-flamengo-por-relacionar-everton-ribeiro\/\"},\"wordCount\":198,\"commentCount\":58,\"image\":{\"@id\":\"https:\/\/www.gaveanews.com\/index.php\/2020\/11\/18\/comentarista-critica-o-flamengo-por-relacionar-everton-ribeiro\/#primaryimage\"},\"thumbnailUrl\":\"https:\/\/www.gaveanews.com\/wp-content\/uploads\/Everton-Ribeiro-em-acao-pelo-Flamengo-contra-o-Sao-Paulo.webp\",\"articleSection\":[\"Flamengo\"],\"inLanguage\":\"pt-BR\",\"potentialAction\":[{\"@type\":\"CommentAction\",\"name\":\"Comment\",\"target\":[\"https:\/\/www.gaveanews.com\/index.php\/2020\/11\/18\/comentarista-critica-o-flamengo-por-relacionar-everton-ribeiro\/#respond\"]}],\"copyrightYear\":\"2020\",\"copyrightHolder\":{\"@id\":\"https:\/\/www.gaveanews.com\/#organization\"}},{\"@type\":\"WebPage\",\"@id\":\"https:\/\/www.gaveanews.com\/index.php\/2020\/11\/18\/comentarista-critica-o-flamengo-por-relacionar-everton-ribeiro\/\",\"url\":\"https:\/\/www.gaveanews.com\/index.php\/2020\/11\/18\/comentarista-critica-o-flamengo-por-relacionar-everton-ribeiro\/\",\"name\":\"Comentarista critica o Flamengo por relacionar Everton Ribeiro\",\"isPartOf\":{\"@id\":\"https:\/\/www.gaveanews.com\/#website\"},\"primaryImageOfPage\":{\"@id\":\"https:\/\/www.gaveanews.com\/index.php\/2020\/11\/18\/comentarista-critica-o-flamengo-por-relacionar-everton-ribeiro\/#primaryimage\"},\"image\":{\"@id\":\"https:\/\/www.gaveanews.com\/index.php\/2020\/11\/18\/comentarista-critica-o-flamengo-por-relacionar-everton-ribeiro\/#primaryimage\"},\"thumbnailUrl\":\"https:\/\/www.gaveanews.com\/wp-content\/uploads\/Everton-Ribeiro-em-acao-pelo-Flamengo-contra-o-Sao-Paulo.webp\",\"datePublished\":\"2020-11-18T13:21:42+00:00\",\"dateModified\":\"2020-11-18T13:21:43+00:00\",\"author\":{\"@id\":\"https:\/\/www.gaveanews.com\/#\/schema\/person\/2ec14f73fb96be2caf28f91afb14749d\"},\"description\":\"\\\"\\\"A gente sempre reclama do desgaste dos jogadores, que n\u00e3o pode jogar tantos jogos assim. . \u00c9 uma decis\u00e3o, mas acho um absurdo\\\".\",\"breadcrumb\":{\"@id\":\"https:\/\/www.gaveanews.com\/index.php\/2020\/11\/18\/comentarista-critica-o-flamengo-por-relacionar-everton-ribeiro\/#breadcrumb\"},\"inLanguage\":\"pt-BR\",\"potentialAction\":[{\"@type\":\"ReadAction\",\"target\":[\"https:\/\/www.gaveanews.com\/index.php\/2020\/11\/18\/comentarista-critica-o-flamengo-por-relacionar-everton-ribeiro\/\"]}]},{\"@type\":\"ImageObject\",\"inLanguage\":\"pt-BR\",\"@id\":\"https:\/\/www.gaveanews.com\/index.php\/2020\/11\/18\/comentarista-critica-o-flamengo-por-relacionar-everton-ribeiro\/#primaryimage\",\"url\":\"https:\/\/www.gaveanews.com\/wp-content\/uploads\/Everton-Ribeiro-em-acao-pelo-Flamengo-contra-o-Sao-Paulo.webp\",\"contentUrl\":\"https:\/\/www.gaveanews.com\/wp-content\/uploads\/Everton-Ribeiro-em-acao-pelo-Flamengo-contra-o-Sao-Paulo.webp\",\"width\":799,\"height\":532,\"caption\":\"Everton Ribeiro em a\u00e7\u00e3o pelo Flamengo contra o S\u00e3o Paulo (Foto: Alexandre Vidal, Marcelo Cortes e Paula Reis\/Flamengo)\"},{\"@type\":\"BreadcrumbList\",\"@id\":\"https:\/\/www.gaveanews.com\/index.php\/2020\/11\/18\/comentarista-critica-o-flamengo-por-relacionar-everton-ribeiro\/#breadcrumb\",\"itemListElement\":[{\"@type\":\"ListItem\",\"position\":1,\"name\":\"Home\",\"item\":\"https:\/\/www.gaveanews.com\/\"},{\"@type\":\"ListItem\",\"position\":2,\"name\":\"Comentarista critica o Flamengo por relacionar Everton Ribeiro\"}]},{\"@type\":\"WebSite\",\"@id\":\"https:\/\/www.gaveanews.com\/#website\",\"url\":\"https:\/\/www.gaveanews.com\/\",\"name\":\"G\u00e1vea News\",\"description\":\"Veja todas as not\u00edcias sobre o Flamengo: Contrata\u00e7\u00f5es, categorias de base, resultados das partidas, tabela de classifica\u00e7\u00e3o, pr\u00f3ximos jogos!\",\"potentialAction\":[{\"@type\":\"SearchAction\",\"target\":{\"@type\":\"EntryPoint\",\"urlTemplate\":\"https:\/\/www.gaveanews.com\/?s={search_term_string}\"},\"query-input\":{\"@type\":\"PropertyValueSpecification\",\"valueRequired\":true,\"valueName\":\"search_term_string\"}}],\"inLanguage\":\"pt-BR\"},{\"@type\":\"Person\",\"@id\":\"https:\/\/www.gaveanews.com\/#\/schema\/person\/2ec14f73fb96be2caf28f91afb14749d\",\"name\":\"Equipe G\u00e1vea News\",\"image\":{\"@type\":\"ImageObject\",\"inLanguage\":\"pt-BR\",\"@id\":\"https:\/\/www.gaveanews.com\/#\/schema\/person\/image\/\",\"url\":\"https:\/\/secure.gravatar.com\/avatar\/1e1956f1facbffd3f8fa53a326721950116b3b9dc9bd44939c01180fd4a745a9?s=96&d=mm&r=g\",\"contentUrl\":\"https:\/\/secure.gravatar.com\/avatar\/1e1956f1facbffd3f8fa53a326721950116b3b9dc9bd44939c01180fd4a745a9?s=96&d=mm&r=g\",\"caption\":\"Equipe G\u00e1vea News\"}}]}<\/script>\n<!-- \/ Yoast SEO Premium plugin. -->","yoast_head_json":{"title":"Comentarista critica o Flamengo por relacionar Everton Ribeiro","description":"\"\"A gente sempre reclama do desgaste dos jogadores, que n\u00e3o pode jogar tantos jogos assim. . \u00c9 uma decis\u00e3o, mas acho um absurdo\".","robots":{"index":"index","follow":"follow","max-snippet":"max-snippet:-1","max-image-preview":"max-image-preview:large","max-video-preview":"max-video-preview:-1"},"canonical":"https:\/\/www.gaveanews.com\/index.php\/2020\/11\/18\/comentarista-critica-o-flamengo-por-relacionar-everton-ribeiro\/","og_locale":"pt_BR","og_type":"article","og_title":"Comentarista critica o Flamengo por relacionar Everton Ribeiro","og_description":"\"\"A gente sempre reclama do desgaste dos jogadores, que n\u00e3o pode jogar tantos jogos assim. . \u00c9 uma decis\u00e3o, mas acho um absurdo\".","og_url":"https:\/\/www.gaveanews.com\/index.php\/2020\/11\/18\/comentarista-critica-o-flamengo-por-relacionar-everton-ribeiro\/","og_site_name":"G\u00e1vea News","article_publisher":"https:\/\/facebook.com\/gaveaNews\/","article_published_time":"2020-11-18T13:21:42+00:00","article_modified_time":"2020-11-18T13:21:43+00:00","og_image":[{"width":799,"height":532,"url":"https:\/\/www.gaveanews.com\/wp-content\/uploads\/Everton-Ribeiro-em-acao-pelo-Flamengo-contra-o-Sao-Paulo.webp","type":"image\/jpeg"}],"author":"Equipe G\u00e1vea News","twitter_card":"summary_large_image","twitter_misc":{"Escrito por":"Equipe G\u00e1vea News","Est. tempo de leitura":"1 minuto"},"schema":{"@context":"https:\/\/schema.org","@graph":[{"@type":"NewsArticle","@id":"https:\/\/www.gaveanews.com\/index.php\/2020\/11\/18\/comentarista-critica-o-flamengo-por-relacionar-everton-ribeiro\/#article","isPartOf":{"@id":"https:\/\/www.gaveanews.com\/index.php\/2020\/11\/18\/comentarista-critica-o-flamengo-por-relacionar-everton-ribeiro\/"},"author":{"name":"Equipe G\u00e1vea News","@id":"https:\/\/www.gaveanews.com\/#\/schema\/person\/2ec14f73fb96be2caf28f91afb14749d"},"headline":"Comentarista critica o Flamengo por relacionar Everton Ribeiro","datePublished":"2020-11-18T13:21:42+00:00","dateModified":"2020-11-18T13:21:43+00:00","mainEntityOfPage":{"@id":"https:\/\/www.gaveanews.com\/index.php\/2020\/11\/18\/comentarista-critica-o-flamengo-por-relacionar-everton-ribeiro\/"},"wordCount":198,"commentCount":58,"image":{"@id":"https:\/\/www.gaveanews.com\/index.php\/2020\/11\/18\/comentarista-critica-o-flamengo-por-relacionar-everton-ribeiro\/#primaryimage"},"thumbnailUrl":"https:\/\/www.gaveanews.com\/wp-content\/uploads\/Everton-Ribeiro-em-acao-pelo-Flamengo-contra-o-Sao-Paulo.webp","articleSection":["Flamengo"],"inLanguage":"pt-BR","potentialAction":[{"@type":"CommentAction","name":"Comment","target":["https:\/\/www.gaveanews.com\/index.php\/2020\/11\/18\/comentarista-critica-o-flamengo-por-relacionar-everton-ribeiro\/#respond"]}],"copyrightYear":"2020","copyrightHolder":{"@id":"https:\/\/www.gaveanews.com\/#organization"}},{"@type":"WebPage","@id":"https:\/\/www.gaveanews.com\/index.php\/2020\/11\/18\/comentarista-critica-o-flamengo-por-relacionar-everton-ribeiro\/","url":"https:\/\/www.gaveanews.com\/index.php\/2020\/11\/18\/comentarista-critica-o-flamengo-por-relacionar-everton-ribeiro\/","name":"Comentarista critica o Flamengo por relacionar Everton Ribeiro","isPartOf":{"@id":"https:\/\/www.gaveanews.com\/#website"},"primaryImageOfPage":{"@id":"https:\/\/www.gaveanews.com\/index.php\/2020\/11\/18\/comentarista-critica-o-flamengo-por-relacionar-everton-ribeiro\/#primaryimage"},"image":{"@id":"https:\/\/www.gaveanews.com\/index.php\/2020\/11\/18\/comentarista-critica-o-flamengo-por-relacionar-everton-ribeiro\/#primaryimage"},"thumbnailUrl":"https:\/\/www.gaveanews.com\/wp-content\/uploads\/Everton-Ribeiro-em-acao-pelo-Flamengo-contra-o-Sao-Paulo.webp","datePublished":"2020-11-18T13:21:42+00:00","dateModified":"2020-11-18T13:21:43+00:00","author":{"@id":"https:\/\/www.gaveanews.com\/#\/schema\/person\/2ec14f73fb96be2caf28f91afb14749d"},"description":"\"\"A gente sempre reclama do desgaste dos jogadores, que n\u00e3o pode jogar tantos jogos assim. . \u00c9 uma decis\u00e3o, mas acho um absurdo\".","breadcrumb":{"@id":"https:\/\/www.gaveanews.com\/index.php\/2020\/11\/18\/comentarista-critica-o-flamengo-por-relacionar-everton-ribeiro\/#breadcrumb"},"inLanguage":"pt-BR","potentialAction":[{"@type":"ReadAction","target":["https:\/\/www.gaveanews.com\/index.php\/2020\/11\/18\/comentarista-critica-o-flamengo-por-relacionar-everton-ribeiro\/"]}]},{"@type":"ImageObject","inLanguage":"pt-BR","@id":"https:\/\/www.gaveanews.com\/index.php\/2020\/11\/18\/comentarista-critica-o-flamengo-por-relacionar-everton-ribeiro\/#primaryimage","url":"https:\/\/www.gaveanews.com\/wp-content\/uploads\/Everton-Ribeiro-em-acao-pelo-Flamengo-contra-o-Sao-Paulo.webp","contentUrl":"https:\/\/www.gaveanews.com\/wp-content\/uploads\/Everton-Ribeiro-em-acao-pelo-Flamengo-contra-o-Sao-Paulo.webp","width":799,"height":532,"caption":"Everton Ribeiro em a\u00e7\u00e3o pelo Flamengo contra o S\u00e3o Paulo (Foto: Alexandre Vidal, Marcelo Cortes e Paula Reis\/Flamengo)"},{"@type":"BreadcrumbList","@id":"https:\/\/www.gaveanews.com\/index.php\/2020\/11\/18\/comentarista-critica-o-flamengo-por-relacionar-everton-ribeiro\/#breadcrumb","itemListElement":[{"@type":"ListItem","position":1,"name":"Home","item":"https:\/\/www.gaveanews.com\/"},{"@type":"ListItem","position":2,"name":"Comentarista critica o Flamengo por relacionar Everton Ribeiro"}]},{"@type":"WebSite","@id":"https:\/\/www.gaveanews.com\/#website","url":"https:\/\/www.gaveanews.com\/","name":"G\u00e1vea News","description":"Veja todas as not\u00edcias sobre o Flamengo: Contrata\u00e7\u00f5es, categorias de base, resultados das partidas, tabela de classifica\u00e7\u00e3o, pr\u00f3ximos jogos!","potentialAction":[{"@type":"SearchAction","target":{"@type":"EntryPoint","urlTemplate":"https:\/\/www.gaveanews.com\/?s={search_term_string}"},"query-input":{"@type":"PropertyValueSpecification","valueRequired":true,"valueName":"search_term_string"}}],"inLanguage":"pt-BR"},{"@type":"Person","@id":"https:\/\/www.gaveanews.com\/#\/schema\/person\/2ec14f73fb96be2caf28f91afb14749d","name":"Equipe G\u00e1vea News","image":{"@type":"ImageObject","inLanguage":"pt-BR","@id":"https:\/\/www.gaveanews.com\/#\/schema\/person\/image\/","url":"https:\/\/secure.gravatar.com\/avatar\/1e1956f1facbffd3f8fa53a326721950116b3b9dc9bd44939c01180fd4a745a9?s=96&d=mm&r=g","contentUrl":"https:\/\/secure.gravatar.com\/avatar\/1e1956f1facbffd3f8fa53a326721950116b3b9dc9bd44939c01180fd4a745a9?s=96&d=mm&r=g","caption":"Equipe G\u00e1vea News"}}]}},"_links":{"self":[{"href":"https:\/\/www.gaveanews.com\/index.php\/wp-json\/wp\/v2\/posts\/51892","targetHints":{"allow":["GET"]}}],"collection":[{"href":"https:\/\/www.gaveanews.com\/index.php\/wp-json\/wp\/v2\/posts"}],"about":[{"href":"https:\/\/www.gaveanews.com\/index.php\/wp-json\/wp\/v2\/types\/post"}],"author":[{"embeddable":true,"href":"https:\/\/www.gaveanews.com\/index.php\/wp-json\/wp\/v2\/users\/1"}],"replies":[{"embeddable":true,"href":"https:\/\/www.gaveanews.com\/index.php\/wp-json\/wp\/v2\/comments?post=51892"}],"version-history":[{"count":0,"href":"https:\/\/www.gaveanews.com\/index.php\/wp-json\/wp\/v2\/posts\/51892\/revisions"}],"wp:featuredmedia":[{"embeddable":true,"href":"https:\/\/www.gaveanews.com\/index.php\/wp-json\/wp\/v2\/media\/50432"}],"wp:attachment":[{"href":"https:\/\/www.gaveanews.com\/index.php\/wp-json\/wp\/v2\/media?parent=51892"}],"wp:term":[{"taxonomy":"category","embeddable":true,"href":"https:\/\/www.gaveanews.com\/index.php\/wp-json\/wp\/v2\/categories?post=51892"},{"taxonomy":"post_tag","embeddable":true,"href":"https:\/\/www.gaveanews.com\/index.php\/wp-json\/wp\/v2\/tags?post=51892"}],"curies":[{"name":"wp","href":"https:\/\/api.w.org\/{rel}","templated":true}]}}