{"id":51955,"date":"2020-11-18T23:41:09","date_gmt":"2020-11-19T02:41:09","guid":{"rendered":"https:\/\/www.gaveanews.com\/?p=51955"},"modified":"2020-11-18T23:41:11","modified_gmt":"2020-11-19T02:41:11","slug":"vitinho-revolta-torcedores-do-flamengo-veja-reacoes","status":"publish","type":"post","link":"https:\/\/www.gaveanews.com\/index.php\/2020\/11\/18\/vitinho-revolta-torcedores-do-flamengo-veja-reacoes\/","title":{"rendered":"Vitinho revolta torcedores do Flamengo; veja rea\u00e7\u00f5es"},"content":{"rendered":"\n<p>O Flamengo tinha uma tarefa das mais complicadas na noite desta quarta-feira. Precisava vencer o S\u00e3o Paulo por dois gols, mas acabou perdendo por 3 a 0 e na melhor chance que teve para entrar no jogo novamente, Vitinho acabou desperdi\u00e7ando um p\u00eanalti.<\/p>\n\n\n\n<p>O camisa 11 isolou a cobran\u00e7a, e causou revolta da torcida flamenguista. Nas redes sociais, torcedores rubro-negros reclamaram da postura do atacante em campo e principalmente no lance que poderia recolocar o rubro-negro na disputa.<\/p>\n\n\n\n<p><strong>Confira os coment\u00e1rios da torcida do Flamengo:<\/strong><\/p>\n\n\n\n<figure class=\"wp-block-embed-twitter wp-block-embed is-type-rich is-provider-twitter\"><div class=\"wp-block-embed__wrapper\">\nhttps:\/\/twitter.com\/m_scarpari\/status\/1329242926015275008?ref_src=twsrc%5Etfw%7Ctwcamp%5Etweetembed%7Ctwterm%5E1329242926015275008%7Ctwgr%5E&#038;ref_url=https%3A%2F%2Fhashtagrubronegro.com%2Fvitinho-vira-alvo-da-torcida-do-flamengo-apos-isolar-penalti-veja-os-comentarios%2F\n<\/div><\/figure>\n\n\n\n<figure class=\"wp-block-embed-twitter wp-block-embed is-type-rich is-provider-twitter\"><div class=\"wp-block-embed__wrapper\">\nhttps:\/\/twitter.com\/PedroEngelSanti\/status\/1329246034829189123?ref_src=twsrc%5Etfw%7Ctwcamp%5Etweetembed%7Ctwterm%5E1329246034829189123%7Ctwgr%5E&#038;ref_url=https%3A%2F%2Fhashtagrubronegro.com%2Fvitinho-vira-alvo-da-torcida-do-flamengo-apos-isolar-penalti-veja-os-comentarios%2F\n<\/div><\/figure>\n\n\n\n<figure class=\"wp-block-embed-twitter wp-block-embed is-type-rich is-provider-twitter\"><div class=\"wp-block-embed__wrapper\">\n<blockquote class=\"twitter-tweet\" data-width=\"550\" data-dnt=\"true\"><p lang=\"pt\" dir=\"ltr\">Obgd vitinho por ser o pior jogador do elenco \ud83d\udc4d<\/p>&mdash; \u2026\u2026. (@jorge7rg1) <a href=\"https:\/\/twitter.com\/jorge7rg1\/status\/1329248159432839170?ref_src=twsrc%5Etfw\">November 19, 2020<\/a><\/blockquote><script async src=\"https:\/\/platform.twitter.com\/widgets.js\" charset=\"utf-8\"><\/script>\n<\/div><\/figure>\n\n\n\n<figure class=\"wp-block-embed-twitter wp-block-embed is-type-rich is-provider-twitter\"><div class=\"wp-block-embed__wrapper\">\n<blockquote class=\"twitter-tweet\" data-width=\"550\" data-dnt=\"true\"><p lang=\"pt\" dir=\"ltr\">Vitinho nunca poderia ter cobrado aquele p\u00eanalti, nunca!!!<\/p>&mdash; Vinicius Diniz (@ViniciusFDiniz) <a href=\"https:\/\/twitter.com\/ViniciusFDiniz\/status\/1329249637836992512?ref_src=twsrc%5Etfw\">November 19, 2020<\/a><\/blockquote><script async src=\"https:\/\/platform.twitter.com\/widgets.js\" charset=\"utf-8\"><\/script>\n<\/div><\/figure>\n\n\n\n<figure class=\"wp-block-embed-twitter wp-block-embed is-type-rich is-provider-twitter\"><div class=\"wp-block-embed__wrapper\">\n<blockquote class=\"twitter-tweet\" data-width=\"550\" data-dnt=\"true\"><p lang=\"pt\" dir=\"ltr\">Vitinho \u00e9  ambidestro mesmo. \u00c9  ruim com as duas!!!!!!!!!!!<\/p>&mdash; brazuca (@luccao03) <a href=\"https:\/\/twitter.com\/luccao03\/status\/1329249515640119299?ref_src=twsrc%5Etfw\">November 19, 2020<\/a><\/blockquote><script async src=\"https:\/\/platform.twitter.com\/widgets.js\" charset=\"utf-8\"><\/script>\n<\/div><\/figure>\n\n\n\n<figure class=\"wp-block-embed-twitter wp-block-embed is-type-rich is-provider-twitter\"><div class=\"wp-block-embed__wrapper\">\n<blockquote class=\"twitter-tweet\" data-width=\"550\" data-dnt=\"true\"><p lang=\"pt\" dir=\"ltr\">70% da culpa da elimina\u00e7\u00e3o \u00e9 do Hugo e Vitinho<\/p>&mdash; Gih\u2074\u2074 (@gihmadrxd) <a href=\"https:\/\/twitter.com\/gihmadrxd\/status\/1329249414112808961?ref_src=twsrc%5Etfw\">November 19, 2020<\/a><\/blockquote><script async src=\"https:\/\/platform.twitter.com\/widgets.js\" charset=\"utf-8\"><\/script>\n<\/div><\/figure>\n\n\n\n<figure class=\"wp-block-embed-twitter wp-block-embed is-type-rich is-provider-twitter\"><div class=\"wp-block-embed__wrapper\">\n<blockquote class=\"twitter-tweet\" data-width=\"550\" data-dnt=\"true\"><p lang=\"pt\" dir=\"ltr\">ER7 e Arrascaeta em campo.<br>VITINHO???<br>VITINHO????????<\/p>&mdash; Arthur Costa \u2124\u211d\u2115\ud80c\udd50 (@ArthurCostaBH) <a href=\"https:\/\/twitter.com\/ArthurCostaBH\/status\/1329242724638273537?ref_src=twsrc%5Etfw\">November 19, 2020<\/a><\/blockquote><script async src=\"https:\/\/platform.twitter.com\/widgets.js\" charset=\"utf-8\"><\/script>\n<\/div><\/figure>\n\n\n\n<figure class=\"wp-block-embed-twitter wp-block-embed is-type-rich is-provider-twitter\"><div class=\"wp-block-embed__wrapper\">\n<blockquote class=\"twitter-tweet\" data-width=\"550\" data-dnt=\"true\"><p lang=\"pt\" dir=\"ltr\">Eu sabia que o cara ia errar o p\u00eanalti mas dessa forma chega a ser displicente pqp, esse cara n\u00e3o \u00e9 jogador de futebol<\/p>&mdash; Maria Clara Cuba (@mariaclaracuba) <a href=\"https:\/\/twitter.com\/mariaclaracuba\/status\/1329246167650209793?ref_src=twsrc%5Etfw\">November 19, 2020<\/a><\/blockquote><script async src=\"https:\/\/platform.twitter.com\/widgets.js\" charset=\"utf-8\"><\/script>\n<\/div><\/figure>\n\n\n\n<figure class=\"wp-block-embed-twitter wp-block-embed is-type-rich is-provider-twitter\"><div class=\"wp-block-embed__wrapper\">\nhttps:\/\/twitter.com\/caiozada_88\/status\/1329244865851502593?ref_src=twsrc%5Etfw%7Ctwcamp%5Etweetembed%7Ctwterm%5E1329244865851502593%7Ctwgr%5E&#038;ref_url=https%3A%2F%2Fhashtagrubronegro.com%2Fvitinho-vira-alvo-da-torcida-do-flamengo-apos-isolar-penalti-veja-os-comentarios%2F\n<\/div><\/figure>\n\n\n\n<figure class=\"wp-block-embed-twitter wp-block-embed is-type-rich is-provider-twitter\"><div class=\"wp-block-embed__wrapper\">\nhttps:\/\/twitter.com\/Duda15Moraes\/status\/1329246932770885637?ref_src=twsrc%5Etfw%7Ctwcamp%5Etweetembed%7Ctwterm%5E1329246932770885637%7Ctwgr%5E&#038;ref_url=https%3A%2F%2Fhashtagrubronegro.com%2Fvitinho-vira-alvo-da-torcida-do-flamengo-apos-isolar-penalti-veja-os-comentarios%2F\n<\/div><\/figure>\n\n\n\n<figure class=\"wp-block-embed-twitter wp-block-embed is-type-rich is-provider-twitter\"><div class=\"wp-block-embed__wrapper\">\n<blockquote class=\"twitter-tweet\" data-width=\"550\" data-dnt=\"true\"><p lang=\"pt\" dir=\"ltr\">esse Vitinho \u00e9 o pior investimento da hist\u00f3ria<br><br>horroroso desde o dia que estreitou<br><br>displicente..burro &#8230;e mongol\u00f3ide<br><br>manda essa desgra\u00e7a l\u00e1 pra pqp<\/p>&mdash; Fernando (@ferportocrf) <a href=\"https:\/\/twitter.com\/ferportocrf\/status\/1329247036164739072?ref_src=twsrc%5Etfw\">November 19, 2020<\/a><\/blockquote><script async src=\"https:\/\/platform.twitter.com\/widgets.js\" charset=\"utf-8\"><\/script>\n<\/div><\/figure>\n\n\n\n<figure class=\"wp-block-embed-twitter wp-block-embed is-type-rich is-provider-twitter\"><div class=\"wp-block-embed__wrapper\">\n<blockquote class=\"twitter-tweet\" data-width=\"550\" data-dnt=\"true\"><p lang=\"pt\" dir=\"ltr\">Arrascaeta e Everton Ribeiro em campo e foi o Vitinho quem bateu o p\u00eanalti. POR QUE?????????????????<\/p>&mdash; Jo\u00e3o &#8211; ERGA O MANTO (@joaoholanda1000) <a href=\"https:\/\/twitter.com\/joaoholanda1000\/status\/1329243181494509570?ref_src=twsrc%5Etfw\">November 19, 2020<\/a><\/blockquote><script async src=\"https:\/\/platform.twitter.com\/widgets.js\" charset=\"utf-8\"><\/script>\n<\/div><\/figure>\n\n\n\n<p>Retirado de: Hastag Rubro-Negro<\/p>\n","protected":false},"excerpt":{"rendered":"<p>O Flamengo tinha uma tarefa das mais complicadas na noite desta quarta-feira. Precisava vencer o S\u00e3o Paulo por dois gols, mas acabou perdendo por 3 a 0 e na melhor chance que teve para entrar no jogo novamente, Vitinho acabou desperdi\u00e7ando um p\u00eanalti. O camisa 11 isolou a cobran\u00e7a, e causou revolta da torcida flamenguista. [&hellip;]<\/p>\n","protected":false},"author":1,"featured_media":28956,"comment_status":"open","ping_status":"closed","sticky":false,"template":"","format":"standard","meta":{"footnotes":""},"categories":[1],"tags":[],"class_list":["post-51955","post","type-post","status-publish","format-standard","has-post-thumbnail","hentry","category-flamengo"],"yoast_head":"<!-- This site is optimized with the Yoast SEO Premium plugin v24.2 (Yoast SEO v26.9) - https:\/\/yoast.com\/product\/yoast-seo-premium-wordpress\/ -->\n<title>Vitinho revolta torcedores do Flamengo; veja rea\u00e7\u00f5es<\/title>\n<meta name=\"description\" content=\"Vitinho isolou um p\u00eanalti, e causou revolta da torcida nas redes sociais. Os torcedores rubro-negros reclamaram da postura do atacante.\" \/>\n<meta name=\"robots\" content=\"index, follow, max-snippet:-1, max-image-preview:large, max-video-preview:-1\" \/>\n<link rel=\"canonical\" href=\"https:\/\/www.gaveanews.com\/index.php\/2020\/11\/18\/vitinho-revolta-torcedores-do-flamengo-veja-reacoes\/\" \/>\n<meta property=\"og:locale\" content=\"pt_BR\" \/>\n<meta property=\"og:type\" content=\"article\" \/>\n<meta property=\"og:title\" content=\"Vitinho revolta torcedores do Flamengo; veja rea\u00e7\u00f5es\" \/>\n<meta property=\"og:description\" content=\"Vitinho isolou um p\u00eanalti, e causou revolta da torcida nas redes sociais. Os torcedores rubro-negros reclamaram da postura do atacante.\" \/>\n<meta property=\"og:url\" content=\"https:\/\/www.gaveanews.com\/index.php\/2020\/11\/18\/vitinho-revolta-torcedores-do-flamengo-veja-reacoes\/\" \/>\n<meta property=\"og:site_name\" content=\"G\u00e1vea News\" \/>\n<meta property=\"article:publisher\" content=\"https:\/\/facebook.com\/gaveaNews\/\" \/>\n<meta property=\"article:published_time\" content=\"2020-11-19T02:41:09+00:00\" \/>\n<meta property=\"article:modified_time\" content=\"2020-11-19T02:41:11+00:00\" \/>\n<meta property=\"og:image\" content=\"https:\/\/www.gaveanews.com\/wp-content\/uploads\/Vitinho-em-acao-durante-uma-partida-do-Flamengo.webp\" \/>\n\t<meta property=\"og:image:width\" content=\"1\" \/>\n\t<meta property=\"og:image:height\" content=\"1\" \/>\n\t<meta property=\"og:image:type\" content=\"image\/jpeg\" \/>\n<meta name=\"author\" content=\"Equipe G\u00e1vea News\" \/>\n<meta name=\"twitter:card\" content=\"summary_large_image\" \/>\n<meta name=\"twitter:label1\" content=\"Escrito por\" \/>\n\t<meta name=\"twitter:data1\" content=\"Equipe G\u00e1vea News\" \/>\n\t<meta name=\"twitter:label2\" content=\"Est. tempo de leitura\" \/>\n\t<meta name=\"twitter:data2\" content=\"2 minutos\" \/>\n<script type=\"application\/ld+json\" class=\"yoast-schema-graph\">{\"@context\":\"https:\/\/schema.org\",\"@graph\":[{\"@type\":\"NewsArticle\",\"@id\":\"https:\/\/www.gaveanews.com\/index.php\/2020\/11\/18\/vitinho-revolta-torcedores-do-flamengo-veja-reacoes\/#article\",\"isPartOf\":{\"@id\":\"https:\/\/www.gaveanews.com\/index.php\/2020\/11\/18\/vitinho-revolta-torcedores-do-flamengo-veja-reacoes\/\"},\"author\":{\"name\":\"Equipe G\u00e1vea News\",\"@id\":\"https:\/\/www.gaveanews.com\/#\/schema\/person\/2ec14f73fb96be2caf28f91afb14749d\"},\"headline\":\"Vitinho revolta torcedores do Flamengo; veja rea\u00e7\u00f5es\",\"datePublished\":\"2020-11-19T02:41:09+00:00\",\"dateModified\":\"2020-11-19T02:41:11+00:00\",\"mainEntityOfPage\":{\"@id\":\"https:\/\/www.gaveanews.com\/index.php\/2020\/11\/18\/vitinho-revolta-torcedores-do-flamengo-veja-reacoes\/\"},\"wordCount\":402,\"commentCount\":115,\"image\":{\"@id\":\"https:\/\/www.gaveanews.com\/index.php\/2020\/11\/18\/vitinho-revolta-torcedores-do-flamengo-veja-reacoes\/#primaryimage\"},\"thumbnailUrl\":\"https:\/\/www.gaveanews.com\/wp-content\/uploads\/Vitinho-em-acao-durante-uma-partida-do-Flamengo.webp\",\"articleSection\":[\"Flamengo\"],\"inLanguage\":\"pt-BR\",\"potentialAction\":[{\"@type\":\"CommentAction\",\"name\":\"Comment\",\"target\":[\"https:\/\/www.gaveanews.com\/index.php\/2020\/11\/18\/vitinho-revolta-torcedores-do-flamengo-veja-reacoes\/#respond\"]}],\"copyrightYear\":\"2020\",\"copyrightHolder\":{\"@id\":\"https:\/\/www.gaveanews.com\/#organization\"}},{\"@type\":\"WebPage\",\"@id\":\"https:\/\/www.gaveanews.com\/index.php\/2020\/11\/18\/vitinho-revolta-torcedores-do-flamengo-veja-reacoes\/\",\"url\":\"https:\/\/www.gaveanews.com\/index.php\/2020\/11\/18\/vitinho-revolta-torcedores-do-flamengo-veja-reacoes\/\",\"name\":\"Vitinho revolta torcedores do Flamengo; veja rea\u00e7\u00f5es\",\"isPartOf\":{\"@id\":\"https:\/\/www.gaveanews.com\/#website\"},\"primaryImageOfPage\":{\"@id\":\"https:\/\/www.gaveanews.com\/index.php\/2020\/11\/18\/vitinho-revolta-torcedores-do-flamengo-veja-reacoes\/#primaryimage\"},\"image\":{\"@id\":\"https:\/\/www.gaveanews.com\/index.php\/2020\/11\/18\/vitinho-revolta-torcedores-do-flamengo-veja-reacoes\/#primaryimage\"},\"thumbnailUrl\":\"https:\/\/www.gaveanews.com\/wp-content\/uploads\/Vitinho-em-acao-durante-uma-partida-do-Flamengo.webp\",\"datePublished\":\"2020-11-19T02:41:09+00:00\",\"dateModified\":\"2020-11-19T02:41:11+00:00\",\"author\":{\"@id\":\"https:\/\/www.gaveanews.com\/#\/schema\/person\/2ec14f73fb96be2caf28f91afb14749d\"},\"description\":\"Vitinho isolou um p\u00eanalti, e causou revolta da torcida nas redes sociais. Os torcedores rubro-negros reclamaram da postura do atacante.\",\"breadcrumb\":{\"@id\":\"https:\/\/www.gaveanews.com\/index.php\/2020\/11\/18\/vitinho-revolta-torcedores-do-flamengo-veja-reacoes\/#breadcrumb\"},\"inLanguage\":\"pt-BR\",\"potentialAction\":[{\"@type\":\"ReadAction\",\"target\":[\"https:\/\/www.gaveanews.com\/index.php\/2020\/11\/18\/vitinho-revolta-torcedores-do-flamengo-veja-reacoes\/\"]}]},{\"@type\":\"ImageObject\",\"inLanguage\":\"pt-BR\",\"@id\":\"https:\/\/www.gaveanews.com\/index.php\/2020\/11\/18\/vitinho-revolta-torcedores-do-flamengo-veja-reacoes\/#primaryimage\",\"url\":\"https:\/\/www.gaveanews.com\/wp-content\/uploads\/Vitinho-em-acao-durante-uma-partida-do-Flamengo.webp\",\"contentUrl\":\"https:\/\/www.gaveanews.com\/wp-content\/uploads\/Vitinho-em-acao-durante-uma-partida-do-Flamengo.webp\",\"caption\":\"Vitinho em a\u00e7\u00e3o durante uma partida do Flamengo (Foto: Alexandre Vidal\/Flamengo)\"},{\"@type\":\"BreadcrumbList\",\"@id\":\"https:\/\/www.gaveanews.com\/index.php\/2020\/11\/18\/vitinho-revolta-torcedores-do-flamengo-veja-reacoes\/#breadcrumb\",\"itemListElement\":[{\"@type\":\"ListItem\",\"position\":1,\"name\":\"Home\",\"item\":\"https:\/\/www.gaveanews.com\/\"},{\"@type\":\"ListItem\",\"position\":2,\"name\":\"Vitinho revolta torcedores do Flamengo; veja rea\u00e7\u00f5es\"}]},{\"@type\":\"WebSite\",\"@id\":\"https:\/\/www.gaveanews.com\/#website\",\"url\":\"https:\/\/www.gaveanews.com\/\",\"name\":\"G\u00e1vea News\",\"description\":\"Veja todas as not\u00edcias sobre o Flamengo: Contrata\u00e7\u00f5es, categorias de base, resultados das partidas, tabela de classifica\u00e7\u00e3o, pr\u00f3ximos jogos!\",\"potentialAction\":[{\"@type\":\"SearchAction\",\"target\":{\"@type\":\"EntryPoint\",\"urlTemplate\":\"https:\/\/www.gaveanews.com\/?s={search_term_string}\"},\"query-input\":{\"@type\":\"PropertyValueSpecification\",\"valueRequired\":true,\"valueName\":\"search_term_string\"}}],\"inLanguage\":\"pt-BR\"},{\"@type\":\"Person\",\"@id\":\"https:\/\/www.gaveanews.com\/#\/schema\/person\/2ec14f73fb96be2caf28f91afb14749d\",\"name\":\"Equipe G\u00e1vea News\",\"image\":{\"@type\":\"ImageObject\",\"inLanguage\":\"pt-BR\",\"@id\":\"https:\/\/www.gaveanews.com\/#\/schema\/person\/image\/\",\"url\":\"https:\/\/secure.gravatar.com\/avatar\/1e1956f1facbffd3f8fa53a326721950116b3b9dc9bd44939c01180fd4a745a9?s=96&d=mm&r=g\",\"contentUrl\":\"https:\/\/secure.gravatar.com\/avatar\/1e1956f1facbffd3f8fa53a326721950116b3b9dc9bd44939c01180fd4a745a9?s=96&d=mm&r=g\",\"caption\":\"Equipe G\u00e1vea News\"}}]}<\/script>\n<!-- \/ Yoast SEO Premium plugin. -->","yoast_head_json":{"title":"Vitinho revolta torcedores do Flamengo; veja rea\u00e7\u00f5es","description":"Vitinho isolou um p\u00eanalti, e causou revolta da torcida nas redes sociais. Os torcedores rubro-negros reclamaram da postura do atacante.","robots":{"index":"index","follow":"follow","max-snippet":"max-snippet:-1","max-image-preview":"max-image-preview:large","max-video-preview":"max-video-preview:-1"},"canonical":"https:\/\/www.gaveanews.com\/index.php\/2020\/11\/18\/vitinho-revolta-torcedores-do-flamengo-veja-reacoes\/","og_locale":"pt_BR","og_type":"article","og_title":"Vitinho revolta torcedores do Flamengo; veja rea\u00e7\u00f5es","og_description":"Vitinho isolou um p\u00eanalti, e causou revolta da torcida nas redes sociais. Os torcedores rubro-negros reclamaram da postura do atacante.","og_url":"https:\/\/www.gaveanews.com\/index.php\/2020\/11\/18\/vitinho-revolta-torcedores-do-flamengo-veja-reacoes\/","og_site_name":"G\u00e1vea News","article_publisher":"https:\/\/facebook.com\/gaveaNews\/","article_published_time":"2020-11-19T02:41:09+00:00","article_modified_time":"2020-11-19T02:41:11+00:00","og_image":[{"url":"https:\/\/www.gaveanews.com\/wp-content\/uploads\/Vitinho-em-acao-durante-uma-partida-do-Flamengo.webp","width":1,"height":1,"type":"image\/jpeg"}],"author":"Equipe G\u00e1vea News","twitter_card":"summary_large_image","twitter_misc":{"Escrito por":"Equipe G\u00e1vea News","Est. tempo de leitura":"2 minutos"},"schema":{"@context":"https:\/\/schema.org","@graph":[{"@type":"NewsArticle","@id":"https:\/\/www.gaveanews.com\/index.php\/2020\/11\/18\/vitinho-revolta-torcedores-do-flamengo-veja-reacoes\/#article","isPartOf":{"@id":"https:\/\/www.gaveanews.com\/index.php\/2020\/11\/18\/vitinho-revolta-torcedores-do-flamengo-veja-reacoes\/"},"author":{"name":"Equipe G\u00e1vea News","@id":"https:\/\/www.gaveanews.com\/#\/schema\/person\/2ec14f73fb96be2caf28f91afb14749d"},"headline":"Vitinho revolta torcedores do Flamengo; veja rea\u00e7\u00f5es","datePublished":"2020-11-19T02:41:09+00:00","dateModified":"2020-11-19T02:41:11+00:00","mainEntityOfPage":{"@id":"https:\/\/www.gaveanews.com\/index.php\/2020\/11\/18\/vitinho-revolta-torcedores-do-flamengo-veja-reacoes\/"},"wordCount":402,"commentCount":115,"image":{"@id":"https:\/\/www.gaveanews.com\/index.php\/2020\/11\/18\/vitinho-revolta-torcedores-do-flamengo-veja-reacoes\/#primaryimage"},"thumbnailUrl":"https:\/\/www.gaveanews.com\/wp-content\/uploads\/Vitinho-em-acao-durante-uma-partida-do-Flamengo.webp","articleSection":["Flamengo"],"inLanguage":"pt-BR","potentialAction":[{"@type":"CommentAction","name":"Comment","target":["https:\/\/www.gaveanews.com\/index.php\/2020\/11\/18\/vitinho-revolta-torcedores-do-flamengo-veja-reacoes\/#respond"]}],"copyrightYear":"2020","copyrightHolder":{"@id":"https:\/\/www.gaveanews.com\/#organization"}},{"@type":"WebPage","@id":"https:\/\/www.gaveanews.com\/index.php\/2020\/11\/18\/vitinho-revolta-torcedores-do-flamengo-veja-reacoes\/","url":"https:\/\/www.gaveanews.com\/index.php\/2020\/11\/18\/vitinho-revolta-torcedores-do-flamengo-veja-reacoes\/","name":"Vitinho revolta torcedores do Flamengo; veja rea\u00e7\u00f5es","isPartOf":{"@id":"https:\/\/www.gaveanews.com\/#website"},"primaryImageOfPage":{"@id":"https:\/\/www.gaveanews.com\/index.php\/2020\/11\/18\/vitinho-revolta-torcedores-do-flamengo-veja-reacoes\/#primaryimage"},"image":{"@id":"https:\/\/www.gaveanews.com\/index.php\/2020\/11\/18\/vitinho-revolta-torcedores-do-flamengo-veja-reacoes\/#primaryimage"},"thumbnailUrl":"https:\/\/www.gaveanews.com\/wp-content\/uploads\/Vitinho-em-acao-durante-uma-partida-do-Flamengo.webp","datePublished":"2020-11-19T02:41:09+00:00","dateModified":"2020-11-19T02:41:11+00:00","author":{"@id":"https:\/\/www.gaveanews.com\/#\/schema\/person\/2ec14f73fb96be2caf28f91afb14749d"},"description":"Vitinho isolou um p\u00eanalti, e causou revolta da torcida nas redes sociais. Os torcedores rubro-negros reclamaram da postura do atacante.","breadcrumb":{"@id":"https:\/\/www.gaveanews.com\/index.php\/2020\/11\/18\/vitinho-revolta-torcedores-do-flamengo-veja-reacoes\/#breadcrumb"},"inLanguage":"pt-BR","potentialAction":[{"@type":"ReadAction","target":["https:\/\/www.gaveanews.com\/index.php\/2020\/11\/18\/vitinho-revolta-torcedores-do-flamengo-veja-reacoes\/"]}]},{"@type":"ImageObject","inLanguage":"pt-BR","@id":"https:\/\/www.gaveanews.com\/index.php\/2020\/11\/18\/vitinho-revolta-torcedores-do-flamengo-veja-reacoes\/#primaryimage","url":"https:\/\/www.gaveanews.com\/wp-content\/uploads\/Vitinho-em-acao-durante-uma-partida-do-Flamengo.webp","contentUrl":"https:\/\/www.gaveanews.com\/wp-content\/uploads\/Vitinho-em-acao-durante-uma-partida-do-Flamengo.webp","caption":"Vitinho em a\u00e7\u00e3o durante uma partida do Flamengo (Foto: Alexandre Vidal\/Flamengo)"},{"@type":"BreadcrumbList","@id":"https:\/\/www.gaveanews.com\/index.php\/2020\/11\/18\/vitinho-revolta-torcedores-do-flamengo-veja-reacoes\/#breadcrumb","itemListElement":[{"@type":"ListItem","position":1,"name":"Home","item":"https:\/\/www.gaveanews.com\/"},{"@type":"ListItem","position":2,"name":"Vitinho revolta torcedores do Flamengo; veja rea\u00e7\u00f5es"}]},{"@type":"WebSite","@id":"https:\/\/www.gaveanews.com\/#website","url":"https:\/\/www.gaveanews.com\/","name":"G\u00e1vea News","description":"Veja todas as not\u00edcias sobre o Flamengo: Contrata\u00e7\u00f5es, categorias de base, resultados das partidas, tabela de classifica\u00e7\u00e3o, pr\u00f3ximos jogos!","potentialAction":[{"@type":"SearchAction","target":{"@type":"EntryPoint","urlTemplate":"https:\/\/www.gaveanews.com\/?s={search_term_string}"},"query-input":{"@type":"PropertyValueSpecification","valueRequired":true,"valueName":"search_term_string"}}],"inLanguage":"pt-BR"},{"@type":"Person","@id":"https:\/\/www.gaveanews.com\/#\/schema\/person\/2ec14f73fb96be2caf28f91afb14749d","name":"Equipe G\u00e1vea News","image":{"@type":"ImageObject","inLanguage":"pt-BR","@id":"https:\/\/www.gaveanews.com\/#\/schema\/person\/image\/","url":"https:\/\/secure.gravatar.com\/avatar\/1e1956f1facbffd3f8fa53a326721950116b3b9dc9bd44939c01180fd4a745a9?s=96&d=mm&r=g","contentUrl":"https:\/\/secure.gravatar.com\/avatar\/1e1956f1facbffd3f8fa53a326721950116b3b9dc9bd44939c01180fd4a745a9?s=96&d=mm&r=g","caption":"Equipe G\u00e1vea News"}}]}},"_links":{"self":[{"href":"https:\/\/www.gaveanews.com\/index.php\/wp-json\/wp\/v2\/posts\/51955","targetHints":{"allow":["GET"]}}],"collection":[{"href":"https:\/\/www.gaveanews.com\/index.php\/wp-json\/wp\/v2\/posts"}],"about":[{"href":"https:\/\/www.gaveanews.com\/index.php\/wp-json\/wp\/v2\/types\/post"}],"author":[{"embeddable":true,"href":"https:\/\/www.gaveanews.com\/index.php\/wp-json\/wp\/v2\/users\/1"}],"replies":[{"embeddable":true,"href":"https:\/\/www.gaveanews.com\/index.php\/wp-json\/wp\/v2\/comments?post=51955"}],"version-history":[{"count":0,"href":"https:\/\/www.gaveanews.com\/index.php\/wp-json\/wp\/v2\/posts\/51955\/revisions"}],"wp:featuredmedia":[{"embeddable":true,"href":"https:\/\/www.gaveanews.com\/index.php\/wp-json\/wp\/v2\/media\/28956"}],"wp:attachment":[{"href":"https:\/\/www.gaveanews.com\/index.php\/wp-json\/wp\/v2\/media?parent=51955"}],"wp:term":[{"taxonomy":"category","embeddable":true,"href":"https:\/\/www.gaveanews.com\/index.php\/wp-json\/wp\/v2\/categories?post=51955"},{"taxonomy":"post_tag","embeddable":true,"href":"https:\/\/www.gaveanews.com\/index.php\/wp-json\/wp\/v2\/tags?post=51955"}],"curies":[{"name":"wp","href":"https:\/\/api.w.org\/{rel}","templated":true}]}}