{"id":51972,"date":"2020-11-19T00:58:51","date_gmt":"2020-11-19T03:58:51","guid":{"rendered":"https:\/\/www.gaveanews.com\/?p=51972"},"modified":"2020-11-19T00:58:53","modified_gmt":"2020-11-19T03:58:53","slug":"apos-eliminacao-rogerio-ceni-faz-apelo-a-torcida-do-flamengo","status":"publish","type":"post","link":"https:\/\/www.gaveanews.com\/index.php\/2020\/11\/19\/apos-eliminacao-rogerio-ceni-faz-apelo-a-torcida-do-flamengo\/","title":{"rendered":"Ap\u00f3s elimina\u00e7\u00e3o, Rog\u00e9rio Ceni faz apelo \u00e0 torcida do Flamengo"},"content":{"rendered":"\n<p>Ap\u00f3s a elimina\u00e7\u00e3o do Flamengo nas quartas de final da Copa do Brasil, em duelo com o S\u00e3o Paulo, o t\u00e9cnico Rog\u00e9rio Ceni afirmou que o psicol\u00f3gico da equipe se abateu quando o time paulista abriu o placar e defendeu Vitinho, que perdeu um p\u00eanalti na partida desta noite, no Morumbi. Al\u00e9m disso, ele fez um apelo e pediu que a torcida &#8220;abrace o time&#8221; neste momento conturbado.<\/p>\n\n\n\n<p>Os comandados do t\u00e9cnico Fernando Diniz venceram por 3 a 0 e carimbaram a vaga nas semifinais, fase em que v\u00e3o encarar o Gr\u00eamio. Na \u00faltima semana, no Maracan\u00e3, o S\u00e3o Paulo j\u00e1 havia vencido por 2 a 1.<\/p>\n\n\n\n<p>&#8220;Foi um jogo muito parecido com o que foi no Maracan\u00e3. O Flamengo dominou o primeiro tempo, teve todas as oportunidades para sair vencedor na primeira etapa e, infelizmente, a bola circulou pr\u00f3ximo ao gol e n\u00e3o entrou. Na primeira chance que o S\u00e3o Paulo teve, sofremos o gol. A\u00ed entra o lado psicol\u00f3gico que acaba atrapalhando todo o trabalho, o esfor\u00e7o. A\u00ed tem o desgaste, tudo que temos enfrentado&#8221;, disse.<\/p>\n\n\n\n<p>Questionado se, ap\u00f3s o adeus precoce na Copa do Brasil, tem como recuperar o elenco para a Libertadores (encara o Racing, da Argentina, na ter\u00e7a-feira), Ceni voltou a citar a quest\u00e3o psicol\u00f3gica.<\/p>\n\n\n\n<p>&#8220;N\u00e3o s\u00f3 tem como [recuperar o elenco], como temos a obriga\u00e7\u00e3o. Temos de fazer o melhor. Mas o maior problema est\u00e1 na cabe\u00e7a. Precisamos recuperar isso. Sofremos dois gols parecidos e o time sente muito&#8221;, afirmou.<\/p>\n\n\n\n<p>O treinador rubro-negro defendeu ainda Vitinho. O atacante perdeu um p\u00eanalti no segundo tempo que poderia fazer a equipe da G\u00e1vea &#8220;voltar para a partida&#8221;:<\/p>\n\n\n\n<p>&#8220;Faltas, o Ar\u00e3o e o Vitinho est\u00e3o treinando. Em dois dias, dos cinco treinos que tivemos, eles treinaram. P\u00eanalti, n\u00e3o s\u00f3 o Vitinho como outros jogadores tamb\u00e9m estavam preparados. Eles fizeram 19 em 24 cobran\u00e7as. Infelizmente, hoje a bola n\u00e3o entrou&#8221;.<\/p>\n\n\n\n<p>Rog\u00e9rio aproveitou para pedir que, apesar dos resultados recentes, a torcida n\u00e3o abandone a equipe e ressaltou a import\u00e2ncia do apoio neste momento.<\/p>\n\n\n\n<p>&#8220;O torcedor, por mais magoado que esteja, tem de comprar este time. Esse time deu muitas alegrias. Eu lembro dos momentos dif\u00edceis do Flamengo e a torcida carregou o time muitas vezes. Temos de nos recuperar mentalmente, temos que ser fortes. Quando est\u00e1 tudo bem, \u00e9 muito f\u00e1cil. Quando tudo est\u00e1 dif\u00edcil, precisamos do apoio. \u00c9 um momento dif\u00edcil. Eu sei o quanto os torcedores est\u00e3o tristes, mas \u00e9 hora de abra\u00e7ar este time&#8221;.<\/p>\n\n\n\n<p>Retirado de: UOLAp\u00f3s elimina\u00e7\u00e3o\u00a0<\/p>\n","protected":false},"excerpt":{"rendered":"<p>Ap\u00f3s a elimina\u00e7\u00e3o do Flamengo nas quartas de final da Copa do Brasil, em duelo com o S\u00e3o Paulo, o t\u00e9cnico Rog\u00e9rio Ceni afirmou que o psicol\u00f3gico da equipe se abateu quando o time paulista abriu o placar e defendeu Vitinho, que perdeu um p\u00eanalti na partida desta noite, no Morumbi. Al\u00e9m disso, ele fez [&hellip;]<\/p>\n","protected":false},"author":1,"featured_media":51314,"comment_status":"open","ping_status":"closed","sticky":false,"template":"","format":"standard","meta":{"footnotes":""},"categories":[1],"tags":[],"class_list":["post-51972","post","type-post","status-publish","format-standard","has-post-thumbnail","hentry","category-flamengo"],"yoast_head":"<!-- This site is optimized with the Yoast SEO Premium plugin v24.2 (Yoast SEO v26.9) - https:\/\/yoast.com\/product\/yoast-seo-premium-wordpress\/ -->\n<title>Ap\u00f3s elimina\u00e7\u00e3o, Rog\u00e9rio Ceni faz apelo \u00e0 torcida do Flamengo<\/title>\n<meta name=\"description\" content=\"Treinador do Flamengo, Rog\u00e9rio Ceni afirmou que o psicol\u00f3gico da equipe se abateu quando o time paulista abriu o placar.\" \/>\n<meta name=\"robots\" content=\"index, follow, max-snippet:-1, max-image-preview:large, max-video-preview:-1\" \/>\n<link rel=\"canonical\" href=\"https:\/\/www.gaveanews.com\/index.php\/2020\/11\/19\/apos-eliminacao-rogerio-ceni-faz-apelo-a-torcida-do-flamengo\/\" \/>\n<meta property=\"og:locale\" content=\"pt_BR\" \/>\n<meta property=\"og:type\" content=\"article\" \/>\n<meta property=\"og:title\" content=\"Ap\u00f3s elimina\u00e7\u00e3o, Rog\u00e9rio Ceni faz apelo \u00e0 torcida do Flamengo\" \/>\n<meta property=\"og:description\" content=\"Treinador do Flamengo, Rog\u00e9rio Ceni afirmou que o psicol\u00f3gico da equipe se abateu quando o time paulista abriu o placar.\" \/>\n<meta property=\"og:url\" content=\"https:\/\/www.gaveanews.com\/index.php\/2020\/11\/19\/apos-eliminacao-rogerio-ceni-faz-apelo-a-torcida-do-flamengo\/\" \/>\n<meta property=\"og:site_name\" content=\"G\u00e1vea News\" \/>\n<meta property=\"article:publisher\" content=\"https:\/\/facebook.com\/gaveaNews\/\" \/>\n<meta property=\"article:published_time\" content=\"2020-11-19T03:58:51+00:00\" \/>\n<meta property=\"article:modified_time\" content=\"2020-11-19T03:58:53+00:00\" \/>\n<meta property=\"og:image\" content=\"https:\/\/www.gaveanews.com\/wp-content\/uploads\/Rogerio-Ceni-durante-uma-coletiva-de-imprensa-no-Ninho-do-Urubu.webp\" \/>\n\t<meta property=\"og:image:width\" content=\"800\" \/>\n\t<meta property=\"og:image:height\" content=\"533\" \/>\n\t<meta property=\"og:image:type\" content=\"image\/jpeg\" \/>\n<meta name=\"author\" content=\"Equipe G\u00e1vea News\" \/>\n<meta name=\"twitter:card\" content=\"summary_large_image\" \/>\n<meta name=\"twitter:label1\" content=\"Escrito por\" \/>\n\t<meta name=\"twitter:data1\" content=\"Equipe G\u00e1vea News\" \/>\n\t<meta name=\"twitter:label2\" content=\"Est. tempo de leitura\" \/>\n\t<meta name=\"twitter:data2\" content=\"2 minutos\" \/>\n<script type=\"application\/ld+json\" class=\"yoast-schema-graph\">{\"@context\":\"https:\/\/schema.org\",\"@graph\":[{\"@type\":\"NewsArticle\",\"@id\":\"https:\/\/www.gaveanews.com\/index.php\/2020\/11\/19\/apos-eliminacao-rogerio-ceni-faz-apelo-a-torcida-do-flamengo\/#article\",\"isPartOf\":{\"@id\":\"https:\/\/www.gaveanews.com\/index.php\/2020\/11\/19\/apos-eliminacao-rogerio-ceni-faz-apelo-a-torcida-do-flamengo\/\"},\"author\":{\"name\":\"Equipe G\u00e1vea News\",\"@id\":\"https:\/\/www.gaveanews.com\/#\/schema\/person\/2ec14f73fb96be2caf28f91afb14749d\"},\"headline\":\"Ap\u00f3s elimina\u00e7\u00e3o, Rog\u00e9rio Ceni faz apelo \u00e0 torcida do Flamengo\",\"datePublished\":\"2020-11-19T03:58:51+00:00\",\"dateModified\":\"2020-11-19T03:58:53+00:00\",\"mainEntityOfPage\":{\"@id\":\"https:\/\/www.gaveanews.com\/index.php\/2020\/11\/19\/apos-eliminacao-rogerio-ceni-faz-apelo-a-torcida-do-flamengo\/\"},\"wordCount\":460,\"commentCount\":98,\"image\":{\"@id\":\"https:\/\/www.gaveanews.com\/index.php\/2020\/11\/19\/apos-eliminacao-rogerio-ceni-faz-apelo-a-torcida-do-flamengo\/#primaryimage\"},\"thumbnailUrl\":\"https:\/\/www.gaveanews.com\/wp-content\/uploads\/Rogerio-Ceni-durante-uma-coletiva-de-imprensa-no-Ninho-do-Urubu.webp\",\"articleSection\":[\"Flamengo\"],\"inLanguage\":\"pt-BR\",\"potentialAction\":[{\"@type\":\"CommentAction\",\"name\":\"Comment\",\"target\":[\"https:\/\/www.gaveanews.com\/index.php\/2020\/11\/19\/apos-eliminacao-rogerio-ceni-faz-apelo-a-torcida-do-flamengo\/#respond\"]}],\"copyrightYear\":\"2020\",\"copyrightHolder\":{\"@id\":\"https:\/\/www.gaveanews.com\/#organization\"}},{\"@type\":\"WebPage\",\"@id\":\"https:\/\/www.gaveanews.com\/index.php\/2020\/11\/19\/apos-eliminacao-rogerio-ceni-faz-apelo-a-torcida-do-flamengo\/\",\"url\":\"https:\/\/www.gaveanews.com\/index.php\/2020\/11\/19\/apos-eliminacao-rogerio-ceni-faz-apelo-a-torcida-do-flamengo\/\",\"name\":\"Ap\u00f3s elimina\u00e7\u00e3o, Rog\u00e9rio Ceni faz apelo \u00e0 torcida do Flamengo\",\"isPartOf\":{\"@id\":\"https:\/\/www.gaveanews.com\/#website\"},\"primaryImageOfPage\":{\"@id\":\"https:\/\/www.gaveanews.com\/index.php\/2020\/11\/19\/apos-eliminacao-rogerio-ceni-faz-apelo-a-torcida-do-flamengo\/#primaryimage\"},\"image\":{\"@id\":\"https:\/\/www.gaveanews.com\/index.php\/2020\/11\/19\/apos-eliminacao-rogerio-ceni-faz-apelo-a-torcida-do-flamengo\/#primaryimage\"},\"thumbnailUrl\":\"https:\/\/www.gaveanews.com\/wp-content\/uploads\/Rogerio-Ceni-durante-uma-coletiva-de-imprensa-no-Ninho-do-Urubu.webp\",\"datePublished\":\"2020-11-19T03:58:51+00:00\",\"dateModified\":\"2020-11-19T03:58:53+00:00\",\"author\":{\"@id\":\"https:\/\/www.gaveanews.com\/#\/schema\/person\/2ec14f73fb96be2caf28f91afb14749d\"},\"description\":\"Treinador do Flamengo, Rog\u00e9rio Ceni afirmou que o psicol\u00f3gico da equipe se abateu quando o time paulista abriu o placar.\",\"breadcrumb\":{\"@id\":\"https:\/\/www.gaveanews.com\/index.php\/2020\/11\/19\/apos-eliminacao-rogerio-ceni-faz-apelo-a-torcida-do-flamengo\/#breadcrumb\"},\"inLanguage\":\"pt-BR\",\"potentialAction\":[{\"@type\":\"ReadAction\",\"target\":[\"https:\/\/www.gaveanews.com\/index.php\/2020\/11\/19\/apos-eliminacao-rogerio-ceni-faz-apelo-a-torcida-do-flamengo\/\"]}]},{\"@type\":\"ImageObject\",\"inLanguage\":\"pt-BR\",\"@id\":\"https:\/\/www.gaveanews.com\/index.php\/2020\/11\/19\/apos-eliminacao-rogerio-ceni-faz-apelo-a-torcida-do-flamengo\/#primaryimage\",\"url\":\"https:\/\/www.gaveanews.com\/wp-content\/uploads\/Rogerio-Ceni-durante-uma-coletiva-de-imprensa-no-Ninho-do-Urubu.webp\",\"contentUrl\":\"https:\/\/www.gaveanews.com\/wp-content\/uploads\/Rogerio-Ceni-durante-uma-coletiva-de-imprensa-no-Ninho-do-Urubu.webp\",\"width\":800,\"height\":533,\"caption\":\"Rog\u00e9rio Ceni durante uma coletiva de imprensa no Ninho do Urubu (Foto: Alexandre Vidal\/Flamengo)\"},{\"@type\":\"BreadcrumbList\",\"@id\":\"https:\/\/www.gaveanews.com\/index.php\/2020\/11\/19\/apos-eliminacao-rogerio-ceni-faz-apelo-a-torcida-do-flamengo\/#breadcrumb\",\"itemListElement\":[{\"@type\":\"ListItem\",\"position\":1,\"name\":\"Home\",\"item\":\"https:\/\/www.gaveanews.com\/\"},{\"@type\":\"ListItem\",\"position\":2,\"name\":\"Ap\u00f3s elimina\u00e7\u00e3o, Rog\u00e9rio Ceni faz apelo \u00e0 torcida do Flamengo\"}]},{\"@type\":\"WebSite\",\"@id\":\"https:\/\/www.gaveanews.com\/#website\",\"url\":\"https:\/\/www.gaveanews.com\/\",\"name\":\"G\u00e1vea News\",\"description\":\"Veja todas as not\u00edcias sobre o Flamengo: Contrata\u00e7\u00f5es, categorias de base, resultados das partidas, tabela de classifica\u00e7\u00e3o, pr\u00f3ximos jogos!\",\"potentialAction\":[{\"@type\":\"SearchAction\",\"target\":{\"@type\":\"EntryPoint\",\"urlTemplate\":\"https:\/\/www.gaveanews.com\/?s={search_term_string}\"},\"query-input\":{\"@type\":\"PropertyValueSpecification\",\"valueRequired\":true,\"valueName\":\"search_term_string\"}}],\"inLanguage\":\"pt-BR\"},{\"@type\":\"Person\",\"@id\":\"https:\/\/www.gaveanews.com\/#\/schema\/person\/2ec14f73fb96be2caf28f91afb14749d\",\"name\":\"Equipe G\u00e1vea News\",\"image\":{\"@type\":\"ImageObject\",\"inLanguage\":\"pt-BR\",\"@id\":\"https:\/\/www.gaveanews.com\/#\/schema\/person\/image\/\",\"url\":\"https:\/\/secure.gravatar.com\/avatar\/1e1956f1facbffd3f8fa53a326721950116b3b9dc9bd44939c01180fd4a745a9?s=96&d=mm&r=g\",\"contentUrl\":\"https:\/\/secure.gravatar.com\/avatar\/1e1956f1facbffd3f8fa53a326721950116b3b9dc9bd44939c01180fd4a745a9?s=96&d=mm&r=g\",\"caption\":\"Equipe G\u00e1vea News\"}}]}<\/script>\n<!-- \/ Yoast SEO Premium plugin. -->","yoast_head_json":{"title":"Ap\u00f3s elimina\u00e7\u00e3o, Rog\u00e9rio Ceni faz apelo \u00e0 torcida do Flamengo","description":"Treinador do Flamengo, Rog\u00e9rio Ceni afirmou que o psicol\u00f3gico da equipe se abateu quando o time paulista abriu o placar.","robots":{"index":"index","follow":"follow","max-snippet":"max-snippet:-1","max-image-preview":"max-image-preview:large","max-video-preview":"max-video-preview:-1"},"canonical":"https:\/\/www.gaveanews.com\/index.php\/2020\/11\/19\/apos-eliminacao-rogerio-ceni-faz-apelo-a-torcida-do-flamengo\/","og_locale":"pt_BR","og_type":"article","og_title":"Ap\u00f3s elimina\u00e7\u00e3o, Rog\u00e9rio Ceni faz apelo \u00e0 torcida do Flamengo","og_description":"Treinador do Flamengo, Rog\u00e9rio Ceni afirmou que o psicol\u00f3gico da equipe se abateu quando o time paulista abriu o placar.","og_url":"https:\/\/www.gaveanews.com\/index.php\/2020\/11\/19\/apos-eliminacao-rogerio-ceni-faz-apelo-a-torcida-do-flamengo\/","og_site_name":"G\u00e1vea News","article_publisher":"https:\/\/facebook.com\/gaveaNews\/","article_published_time":"2020-11-19T03:58:51+00:00","article_modified_time":"2020-11-19T03:58:53+00:00","og_image":[{"width":800,"height":533,"url":"https:\/\/www.gaveanews.com\/wp-content\/uploads\/Rogerio-Ceni-durante-uma-coletiva-de-imprensa-no-Ninho-do-Urubu.webp","type":"image\/jpeg"}],"author":"Equipe G\u00e1vea News","twitter_card":"summary_large_image","twitter_misc":{"Escrito por":"Equipe G\u00e1vea News","Est. tempo de leitura":"2 minutos"},"schema":{"@context":"https:\/\/schema.org","@graph":[{"@type":"NewsArticle","@id":"https:\/\/www.gaveanews.com\/index.php\/2020\/11\/19\/apos-eliminacao-rogerio-ceni-faz-apelo-a-torcida-do-flamengo\/#article","isPartOf":{"@id":"https:\/\/www.gaveanews.com\/index.php\/2020\/11\/19\/apos-eliminacao-rogerio-ceni-faz-apelo-a-torcida-do-flamengo\/"},"author":{"name":"Equipe G\u00e1vea News","@id":"https:\/\/www.gaveanews.com\/#\/schema\/person\/2ec14f73fb96be2caf28f91afb14749d"},"headline":"Ap\u00f3s elimina\u00e7\u00e3o, Rog\u00e9rio Ceni faz apelo \u00e0 torcida do Flamengo","datePublished":"2020-11-19T03:58:51+00:00","dateModified":"2020-11-19T03:58:53+00:00","mainEntityOfPage":{"@id":"https:\/\/www.gaveanews.com\/index.php\/2020\/11\/19\/apos-eliminacao-rogerio-ceni-faz-apelo-a-torcida-do-flamengo\/"},"wordCount":460,"commentCount":98,"image":{"@id":"https:\/\/www.gaveanews.com\/index.php\/2020\/11\/19\/apos-eliminacao-rogerio-ceni-faz-apelo-a-torcida-do-flamengo\/#primaryimage"},"thumbnailUrl":"https:\/\/www.gaveanews.com\/wp-content\/uploads\/Rogerio-Ceni-durante-uma-coletiva-de-imprensa-no-Ninho-do-Urubu.webp","articleSection":["Flamengo"],"inLanguage":"pt-BR","potentialAction":[{"@type":"CommentAction","name":"Comment","target":["https:\/\/www.gaveanews.com\/index.php\/2020\/11\/19\/apos-eliminacao-rogerio-ceni-faz-apelo-a-torcida-do-flamengo\/#respond"]}],"copyrightYear":"2020","copyrightHolder":{"@id":"https:\/\/www.gaveanews.com\/#organization"}},{"@type":"WebPage","@id":"https:\/\/www.gaveanews.com\/index.php\/2020\/11\/19\/apos-eliminacao-rogerio-ceni-faz-apelo-a-torcida-do-flamengo\/","url":"https:\/\/www.gaveanews.com\/index.php\/2020\/11\/19\/apos-eliminacao-rogerio-ceni-faz-apelo-a-torcida-do-flamengo\/","name":"Ap\u00f3s elimina\u00e7\u00e3o, Rog\u00e9rio Ceni faz apelo \u00e0 torcida do Flamengo","isPartOf":{"@id":"https:\/\/www.gaveanews.com\/#website"},"primaryImageOfPage":{"@id":"https:\/\/www.gaveanews.com\/index.php\/2020\/11\/19\/apos-eliminacao-rogerio-ceni-faz-apelo-a-torcida-do-flamengo\/#primaryimage"},"image":{"@id":"https:\/\/www.gaveanews.com\/index.php\/2020\/11\/19\/apos-eliminacao-rogerio-ceni-faz-apelo-a-torcida-do-flamengo\/#primaryimage"},"thumbnailUrl":"https:\/\/www.gaveanews.com\/wp-content\/uploads\/Rogerio-Ceni-durante-uma-coletiva-de-imprensa-no-Ninho-do-Urubu.webp","datePublished":"2020-11-19T03:58:51+00:00","dateModified":"2020-11-19T03:58:53+00:00","author":{"@id":"https:\/\/www.gaveanews.com\/#\/schema\/person\/2ec14f73fb96be2caf28f91afb14749d"},"description":"Treinador do Flamengo, Rog\u00e9rio Ceni afirmou que o psicol\u00f3gico da equipe se abateu quando o time paulista abriu o placar.","breadcrumb":{"@id":"https:\/\/www.gaveanews.com\/index.php\/2020\/11\/19\/apos-eliminacao-rogerio-ceni-faz-apelo-a-torcida-do-flamengo\/#breadcrumb"},"inLanguage":"pt-BR","potentialAction":[{"@type":"ReadAction","target":["https:\/\/www.gaveanews.com\/index.php\/2020\/11\/19\/apos-eliminacao-rogerio-ceni-faz-apelo-a-torcida-do-flamengo\/"]}]},{"@type":"ImageObject","inLanguage":"pt-BR","@id":"https:\/\/www.gaveanews.com\/index.php\/2020\/11\/19\/apos-eliminacao-rogerio-ceni-faz-apelo-a-torcida-do-flamengo\/#primaryimage","url":"https:\/\/www.gaveanews.com\/wp-content\/uploads\/Rogerio-Ceni-durante-uma-coletiva-de-imprensa-no-Ninho-do-Urubu.webp","contentUrl":"https:\/\/www.gaveanews.com\/wp-content\/uploads\/Rogerio-Ceni-durante-uma-coletiva-de-imprensa-no-Ninho-do-Urubu.webp","width":800,"height":533,"caption":"Rog\u00e9rio Ceni durante uma coletiva de imprensa no Ninho do Urubu (Foto: Alexandre Vidal\/Flamengo)"},{"@type":"BreadcrumbList","@id":"https:\/\/www.gaveanews.com\/index.php\/2020\/11\/19\/apos-eliminacao-rogerio-ceni-faz-apelo-a-torcida-do-flamengo\/#breadcrumb","itemListElement":[{"@type":"ListItem","position":1,"name":"Home","item":"https:\/\/www.gaveanews.com\/"},{"@type":"ListItem","position":2,"name":"Ap\u00f3s elimina\u00e7\u00e3o, Rog\u00e9rio Ceni faz apelo \u00e0 torcida do Flamengo"}]},{"@type":"WebSite","@id":"https:\/\/www.gaveanews.com\/#website","url":"https:\/\/www.gaveanews.com\/","name":"G\u00e1vea News","description":"Veja todas as not\u00edcias sobre o Flamengo: Contrata\u00e7\u00f5es, categorias de base, resultados das partidas, tabela de classifica\u00e7\u00e3o, pr\u00f3ximos jogos!","potentialAction":[{"@type":"SearchAction","target":{"@type":"EntryPoint","urlTemplate":"https:\/\/www.gaveanews.com\/?s={search_term_string}"},"query-input":{"@type":"PropertyValueSpecification","valueRequired":true,"valueName":"search_term_string"}}],"inLanguage":"pt-BR"},{"@type":"Person","@id":"https:\/\/www.gaveanews.com\/#\/schema\/person\/2ec14f73fb96be2caf28f91afb14749d","name":"Equipe G\u00e1vea News","image":{"@type":"ImageObject","inLanguage":"pt-BR","@id":"https:\/\/www.gaveanews.com\/#\/schema\/person\/image\/","url":"https:\/\/secure.gravatar.com\/avatar\/1e1956f1facbffd3f8fa53a326721950116b3b9dc9bd44939c01180fd4a745a9?s=96&d=mm&r=g","contentUrl":"https:\/\/secure.gravatar.com\/avatar\/1e1956f1facbffd3f8fa53a326721950116b3b9dc9bd44939c01180fd4a745a9?s=96&d=mm&r=g","caption":"Equipe G\u00e1vea News"}}]}},"_links":{"self":[{"href":"https:\/\/www.gaveanews.com\/index.php\/wp-json\/wp\/v2\/posts\/51972","targetHints":{"allow":["GET"]}}],"collection":[{"href":"https:\/\/www.gaveanews.com\/index.php\/wp-json\/wp\/v2\/posts"}],"about":[{"href":"https:\/\/www.gaveanews.com\/index.php\/wp-json\/wp\/v2\/types\/post"}],"author":[{"embeddable":true,"href":"https:\/\/www.gaveanews.com\/index.php\/wp-json\/wp\/v2\/users\/1"}],"replies":[{"embeddable":true,"href":"https:\/\/www.gaveanews.com\/index.php\/wp-json\/wp\/v2\/comments?post=51972"}],"version-history":[{"count":0,"href":"https:\/\/www.gaveanews.com\/index.php\/wp-json\/wp\/v2\/posts\/51972\/revisions"}],"wp:featuredmedia":[{"embeddable":true,"href":"https:\/\/www.gaveanews.com\/index.php\/wp-json\/wp\/v2\/media\/51314"}],"wp:attachment":[{"href":"https:\/\/www.gaveanews.com\/index.php\/wp-json\/wp\/v2\/media?parent=51972"}],"wp:term":[{"taxonomy":"category","embeddable":true,"href":"https:\/\/www.gaveanews.com\/index.php\/wp-json\/wp\/v2\/categories?post=51972"},{"taxonomy":"post_tag","embeddable":true,"href":"https:\/\/www.gaveanews.com\/index.php\/wp-json\/wp\/v2\/tags?post=51972"}],"curies":[{"name":"wp","href":"https:\/\/api.w.org\/{rel}","templated":true}]}}