{"id":51976,"date":"2020-11-19T11:14:20","date_gmt":"2020-11-19T14:14:20","guid":{"rendered":"https:\/\/www.gaveanews.com\/?p=51976"},"modified":"2021-08-12T00:48:49","modified_gmt":"2021-08-12T03:48:49","slug":"torcida-do-flamengo-perde-a-paciencia-e-pede-a-saida-de-alguns-jogadores","status":"publish","type":"post","link":"https:\/\/www.gaveanews.com\/index.php\/2020\/11\/19\/torcida-do-flamengo-perde-a-paciencia-e-pede-a-saida-de-alguns-jogadores\/","title":{"rendered":"Torcida do Flamengo perde a paci\u00eancia e pede a sa\u00edda de alguns jogadores"},"content":{"rendered":"\n<p>Com o orgulho ferido e um gosto amargo do jejum de vit\u00f3rias, a Na\u00e7\u00e3o come\u00e7ou a procurar motivos pelos quais o clube n\u00e3o tem evolu\u00eddo.<\/p>\n\n\n\n<p>Muito se deve ao fato dos n\u00fameros expressivos do placar combinado das quartas de final, no qual o Flamengo perdeu por 5 a 1 para o S\u00e3o Paulo. Al\u00e9m das partidas das quartas, neste mesmo m\u00eas o time carioca j\u00e1 havia sido derrotado pelo tricolor em duelo v\u00e1lido pelo Brasileir\u00e3o.<\/p>\n\n\n\n<p>Ap\u00f3s assistirem partidas e notarem os atletas inexpressivos, a torcida criticou o desempenho e a posi\u00e7\u00e3o de algumas pe\u00e7as da equipe.<\/p>\n\n\n\n<p>Ainda com pouco a dizer sobre o novo treinador, que chegou ao clube h\u00e1 poucos dias, o torcedor direcionou grande parte da culpa do fracasso do time nos jogadores e no departamento m\u00e9dico. E as opini\u00f5es n\u00e3o pararam por a\u00ed. Na noite de ontem, a Na\u00e7\u00e3o falou, nas redes sociais, sobre os jogadores que deveriam abandonar o elenco do Mais Querido.<\/p>\n\n\n\n<p>Foram diversas publica\u00e7\u00f5es no Twitter sobre a &#8220;barca&#8221; que deveria ser montada, levando pe\u00e7as, julgadas desnecess\u00e1rias, para fora do time. Dentre os atletas mais pedidos para deixarem o rubro-negro estavam <strong>Vitinho<\/strong> (que perdeu um p\u00eanalti ontem), <strong>L\u00e9o Pereira<\/strong> (que tem sido muito criticado pelas sua atua\u00e7\u00f5es bem abaixo da m\u00e9dia desde sua chegada) e <strong>Gustavo Henrique<\/strong> (que tamb\u00e9m \u00e9 malvisto pela torcida).<\/p>\n\n\n\n<h2 class=\"wp-block-heading\" id=\"h-confira-as-publica-es\">Confira as publica\u00e7\u00f5es:<\/h2>\n\n\n\n<figure class=\"wp-block-embed-twitter wp-block-embed is-type-rich is-provider-twitter\"><div class=\"wp-block-embed__wrapper\">\n<blockquote class=\"twitter-tweet\" data-width=\"550\" data-dnt=\"true\"><p lang=\"pt\" dir=\"ltr\">N\u00e3o tem quem navegue uma barca dessa, nem No\u00e9 carregou tanto animal <a href=\"https:\/\/t.co\/sbZhAyJXT3\">pic.twitter.com\/sbZhAyJXT3<\/a><\/p>&mdash; Motorista 99 \u1d9c\u02b3\u1da0 \ud83d\udd34\u26ab (@JOTAPEH29) <a href=\"https:\/\/twitter.com\/JOTAPEH29\/status\/1329258183739760641?ref_src=twsrc%5Etfw\">November 19, 2020<\/a><\/blockquote><script async src=\"https:\/\/platform.twitter.com\/widgets.js\" charset=\"utf-8\"><\/script>\n<\/div><\/figure>\n\n\n\n<figure class=\"wp-block-embed-twitter wp-block-embed is-type-rich is-provider-twitter\"><div class=\"wp-block-embed__wrapper\">\n<blockquote class=\"twitter-tweet\" data-width=\"550\" data-dnt=\"true\"><p lang=\"pt\" dir=\"ltr\">Tem que fazer barca pra n\u00e3o comprometer o financeiro? Ok. Mas barca sem L\u00e9o P, Gustavo H, Michael, Vitinho, Lincoln, Ren\u00ea n\u00e3o \u00e9 barca. N\u00e3o d\u00e1 pra se desfazer de jogador bom e continuar com tanto pereba. E pode incluir Pedro Rocha que ganha 800 mil pra n\u00e3o jogar. C\u00e9sar, Jo\u00e3o Lucas<\/p>&mdash; FLAn\u00e1tico (@_flanatico) <a href=\"https:\/\/twitter.com\/_flanatico\/status\/1329283084789968896?ref_src=twsrc%5Etfw\">November 19, 2020<\/a><\/blockquote><script async src=\"https:\/\/platform.twitter.com\/widgets.js\" charset=\"utf-8\"><\/script>\n<\/div><\/figure>\n\n\n\n<figure class=\"wp-block-embed-twitter wp-block-embed is-type-rich is-provider-twitter\"><div class=\"wp-block-embed__wrapper\">\n<blockquote class=\"twitter-tweet\" data-width=\"550\" data-dnt=\"true\"><p lang=\"pt\" dir=\"ltr\">Nossa barca&#8230;. <a href=\"https:\/\/t.co\/6ICfdZOf0E\">https:\/\/t.co\/6ICfdZOf0E<\/a><\/p>&mdash; Vin\u00edcius Titanic (@Vincius28537946) <a href=\"https:\/\/twitter.com\/Vincius28537946\/status\/1329384020547874818?ref_src=twsrc%5Etfw\">November 19, 2020<\/a><\/blockquote><script async src=\"https:\/\/platform.twitter.com\/widgets.js\" charset=\"utf-8\"><\/script>\n<\/div><\/figure>\n\n\n\n<figure class=\"wp-block-embed-twitter wp-block-embed is-type-rich is-provider-twitter\"><div class=\"wp-block-embed__wrapper\">\n<blockquote class=\"twitter-tweet\" data-width=\"550\" data-dnt=\"true\"><p lang=\"pt\" dir=\"ltr\">\ud83d\udea3\u200d\u2642\ufe0f BARCA NO FLAMENGO \u274c<br><br>Quem deve sair do Flamengo?<br><br>Minha listinha:<br><br>\u2022 Ren\u00ea<br>\u2022 Vitinho<br>\u2022 Lincoln<br>\u2022 L\u00e9o Pereira<br>\u2022 Gustavo Henrique<br>\u2022 Michael<br><br>Quem mais?<\/p>&mdash; UrubuTT (@UrubuTT_) <a href=\"https:\/\/twitter.com\/UrubuTT_\/status\/1329255000464384000?ref_src=twsrc%5Etfw\">November 19, 2020<\/a><\/blockquote><script async src=\"https:\/\/platform.twitter.com\/widgets.js\" charset=\"utf-8\"><\/script>\n<\/div><\/figure>\n\n\n\n<figure class=\"wp-block-embed-twitter wp-block-embed is-type-rich is-provider-twitter\"><div class=\"wp-block-embed__wrapper\">\n<blockquote class=\"twitter-tweet\" data-width=\"550\" data-dnt=\"true\"><p lang=\"pt\" dir=\"ltr\">C\u00e9sar, Lincoln, vitinho, Michael, Leo Pereira, Gustavo Henrique, Ren\u00ea, pep\u00ea(t\u00e1 indo embora gra\u00e7as a Deus), Gabriel Batista, Jo\u00e3o Lucas e Pedro Rocha&#8230; Essa \u00e9 a barca ano que vem, mais algum que eu esqueci que n\u00e3o seja \u00fatil em nada?<\/p>&mdash; Rapha Marques \u1d9c\u02b3\u1da0 \u00b9\u2078\u2079\u2075 \ud83d\udd34\u26ab\ufe0f (@RaphaMarquesCRF) <a href=\"https:\/\/twitter.com\/RaphaMarquesCRF\/status\/1329252126787325952?ref_src=twsrc%5Etfw\">November 19, 2020<\/a><\/blockquote><script async src=\"https:\/\/platform.twitter.com\/widgets.js\" charset=\"utf-8\"><\/script>\n<\/div><\/figure>\n\n\n\n<figure class=\"wp-block-embed-twitter wp-block-embed is-type-rich is-provider-twitter\"><div class=\"wp-block-embed__wrapper\">\n<blockquote class=\"twitter-tweet\" data-width=\"550\" data-dnt=\"true\"><p lang=\"pt\" dir=\"ltr\"><a href=\"https:\/\/twitter.com\/marcosbrazrio?ref_src=twsrc%5Etfw\">@marcosbrazrio<\/a> t\u00e1 com pregui\u00e7a de fazer a barca ? Liga n\u00e3o adianto pra voc\u00ea !!!<a href=\"https:\/\/twitter.com\/GHenrique093?ref_src=twsrc%5Etfw\">@GHenrique093<\/a> <a href=\"https:\/\/twitter.com\/leopereira_04?ref_src=twsrc%5Etfw\">@leopereira_04<\/a> <a href=\"https:\/\/twitter.com\/M_Thuler?ref_src=twsrc%5Etfw\">@M_Thuler<\/a><br>Ren\u00ea<a href=\"https:\/\/twitter.com\/vilardipepe?ref_src=twsrc%5Etfw\">@vilardipepe<\/a> <br>Vitinho<a href=\"https:\/\/twitter.com\/michael19real?ref_src=twsrc%5Etfw\">@michael19real<\/a> <a href=\"https:\/\/twitter.com\/roocha_94?ref_src=twsrc%5Etfw\">@roocha_94<\/a> <a href=\"https:\/\/twitter.com\/Lincoln9?ref_src=twsrc%5Etfw\">@Lincoln9<\/a> <br><br>Com a venda desses a\u00ed, voc\u00ea compra <a href=\"https:\/\/twitter.com\/tmaia29?ref_src=twsrc%5Etfw\">@tmaia29<\/a> e <a href=\"https:\/\/twitter.com\/Pedro9oficial?ref_src=twsrc%5Etfw\">@Pedro9oficial<\/a><a href=\"https:\/\/twitter.com\/hashtag\/Flamengo?src=hash&amp;ref_src=twsrc%5Etfw\">#Flamengo<\/a><\/p>&mdash; Brenner Chagas (@Tambozao7) <a href=\"https:\/\/twitter.com\/Tambozao7\/status\/1329369615454101504?ref_src=twsrc%5Etfw\">November 19, 2020<\/a><\/blockquote><script async src=\"https:\/\/platform.twitter.com\/widgets.js\" charset=\"utf-8\"><\/script>\n<\/div><\/figure>\n\n\n\n<figure class=\"wp-block-embed-twitter wp-block-embed is-type-rich is-provider-twitter\"><div class=\"wp-block-embed__wrapper\">\n<blockquote class=\"twitter-tweet\" data-width=\"550\" data-dnt=\"true\"><p lang=\"pt\" dir=\"ltr\">Barca 2021:<br>Gol: C\u00e9sar<br>Zag: G.Henrique e Leo Pereira<br>Lat: Ren\u00ea<br>Meia: Pep\u00ea, Vitinho <br>Atacante: Lincoln<br><br>M\u00ednimo isso&#8230;<a href=\"https:\/\/twitter.com\/hashtag\/Flamengo?src=hash&amp;ref_src=twsrc%5Etfw\">#Flamengo<\/a><\/p>&mdash; Marcos (@_marcos007) <a href=\"https:\/\/twitter.com\/_marcos007\/status\/1329247432790650880?ref_src=twsrc%5Etfw\">November 19, 2020<\/a><\/blockquote><script async src=\"https:\/\/platform.twitter.com\/widgets.js\" charset=\"utf-8\"><\/script>\n<\/div><\/figure>\n\n\n\n<figure class=\"wp-block-embed-twitter wp-block-embed is-type-rich is-provider-twitter\"><div class=\"wp-block-embed__wrapper\">\n<blockquote class=\"twitter-tweet\" data-width=\"550\" data-dnt=\"true\"><p lang=\"pt\" dir=\"ltr\">Rene<br>Vitinho<br>Lincoln <br>Gustavo H<br>L\u00e9o P<br>Michael <br>E mais&#8230;<br>Pode fazer a barca.<\/p>&mdash; Nando\u1d9c\u02b3\u1da0 (@NandolopesCRF) <a href=\"https:\/\/twitter.com\/NandolopesCRF\/status\/1329244505074245635?ref_src=twsrc%5Etfw\">November 19, 2020<\/a><\/blockquote><script async src=\"https:\/\/platform.twitter.com\/widgets.js\" charset=\"utf-8\"><\/script>\n<\/div><\/figure>\n\n\n\n<figure class=\"wp-block-embed-twitter wp-block-embed is-type-rich is-provider-twitter\"><div class=\"wp-block-embed__wrapper\">\n<blockquote class=\"twitter-tweet\" data-width=\"550\" data-dnt=\"true\"><p lang=\"pt\" dir=\"ltr\">+1 gol do sp, -1 jogador no flamengo kkkkkkkkkkk<br>A barca vai ser grande!<a href=\"https:\/\/twitter.com\/hashtag\/SAOxFLA?src=hash&amp;ref_src=twsrc%5Etfw\">#SAOxFLA<\/a> <a href=\"https:\/\/twitter.com\/hashtag\/Flamengo?src=hash&amp;ref_src=twsrc%5Etfw\">#Flamengo<\/a><br>VITINHO<\/p>&mdash; fran ):) (@euu_francini) <a href=\"https:\/\/twitter.com\/euu_francini\/status\/1329248314731196418?ref_src=twsrc%5Etfw\">November 19, 2020<\/a><\/blockquote><script async src=\"https:\/\/platform.twitter.com\/widgets.js\" charset=\"utf-8\"><\/script>\n<\/div><\/figure>\n","protected":false},"excerpt":{"rendered":"<p>Com o orgulho ferido e um gosto amargo do jejum de vit\u00f3rias, a Na\u00e7\u00e3o come\u00e7ou a procurar motivos pelos quais o clube n\u00e3o tem evolu\u00eddo. Muito se deve ao fato dos n\u00fameros expressivos do placar combinado das quartas de final, no qual o Flamengo perdeu por 5 a 1 para o S\u00e3o Paulo. Al\u00e9m das [&hellip;]<\/p>\n","protected":false},"author":4,"featured_media":47297,"comment_status":"open","ping_status":"closed","sticky":false,"template":"","format":"standard","meta":{"footnotes":""},"categories":[1],"tags":[],"class_list":["post-51976","post","type-post","status-publish","format-standard","has-post-thumbnail","hentry","category-flamengo"],"yoast_head":"<!-- This site is optimized with the Yoast SEO Premium plugin v24.2 (Yoast SEO v26.9) - https:\/\/yoast.com\/product\/yoast-seo-premium-wordpress\/ -->\n<title>Torcida do Flamengo pede a sa\u00edda de alguns jogadores - G\u00e1vea News<\/title>\n<meta name=\"description\" content=\"Ap\u00f3s assistirem partidas e notarem os atletas inexpressivos, a torcida criticou o desempenho e a posi\u00e7\u00e3o de algumas pe\u00e7as da equipe.\" \/>\n<meta name=\"robots\" content=\"index, follow, max-snippet:-1, max-image-preview:large, max-video-preview:-1\" \/>\n<link rel=\"canonical\" href=\"https:\/\/www.gaveanews.com\/index.php\/2020\/11\/19\/torcida-do-flamengo-perde-a-paciencia-e-pede-a-saida-de-alguns-jogadores\/\" \/>\n<meta property=\"og:locale\" content=\"pt_BR\" \/>\n<meta property=\"og:type\" content=\"article\" \/>\n<meta property=\"og:title\" content=\"Torcida do Flamengo perde a paci\u00eancia e pede a sa\u00edda de alguns jogadores\" \/>\n<meta property=\"og:description\" content=\"Ap\u00f3s assistirem partidas e notarem os atletas inexpressivos, a torcida criticou o desempenho e a posi\u00e7\u00e3o de algumas pe\u00e7as da equipe.\" \/>\n<meta property=\"og:url\" content=\"https:\/\/www.gaveanews.com\/index.php\/2020\/11\/19\/torcida-do-flamengo-perde-a-paciencia-e-pede-a-saida-de-alguns-jogadores\/\" \/>\n<meta property=\"og:site_name\" content=\"G\u00e1vea News\" \/>\n<meta property=\"article:publisher\" content=\"https:\/\/facebook.com\/gaveaNews\/\" \/>\n<meta property=\"article:published_time\" content=\"2020-11-19T14:14:20+00:00\" \/>\n<meta property=\"article:modified_time\" content=\"2021-08-12T03:48:49+00:00\" \/>\n<meta property=\"og:image\" content=\"https:\/\/www.gaveanews.com\/wp-content\/uploads\/Vitinho-em-acao-na-partida-contra-o-Ceara.webp\" \/>\n\t<meta property=\"og:image:width\" content=\"799\" \/>\n\t<meta property=\"og:image:height\" content=\"532\" \/>\n\t<meta property=\"og:image:type\" content=\"image\/jpeg\" \/>\n<meta name=\"author\" content=\"Let\u00edcia Gerheim\" \/>\n<meta name=\"twitter:card\" content=\"summary_large_image\" \/>\n<meta name=\"twitter:label1\" content=\"Escrito por\" \/>\n\t<meta name=\"twitter:data1\" content=\"Let\u00edcia Gerheim\" \/>\n\t<meta name=\"twitter:label2\" content=\"Est. tempo de leitura\" \/>\n\t<meta name=\"twitter:data2\" content=\"2 minutos\" \/>\n<script type=\"application\/ld+json\" class=\"yoast-schema-graph\">{\"@context\":\"https:\/\/schema.org\",\"@graph\":[{\"@type\":\"NewsArticle\",\"@id\":\"https:\/\/www.gaveanews.com\/index.php\/2020\/11\/19\/torcida-do-flamengo-perde-a-paciencia-e-pede-a-saida-de-alguns-jogadores\/#article\",\"isPartOf\":{\"@id\":\"https:\/\/www.gaveanews.com\/index.php\/2020\/11\/19\/torcida-do-flamengo-perde-a-paciencia-e-pede-a-saida-de-alguns-jogadores\/\"},\"author\":{\"name\":\"Let\u00edcia Gerheim\",\"@id\":\"https:\/\/www.gaveanews.com\/#\/schema\/person\/714c67050b836198af2450ba1c142a67\"},\"headline\":\"Torcida do Flamengo perde a paci\u00eancia e pede a sa\u00edda de alguns jogadores\",\"datePublished\":\"2020-11-19T14:14:20+00:00\",\"dateModified\":\"2021-08-12T03:48:49+00:00\",\"mainEntityOfPage\":{\"@id\":\"https:\/\/www.gaveanews.com\/index.php\/2020\/11\/19\/torcida-do-flamengo-perde-a-paciencia-e-pede-a-saida-de-alguns-jogadores\/\"},\"wordCount\":316,\"commentCount\":44,\"image\":{\"@id\":\"https:\/\/www.gaveanews.com\/index.php\/2020\/11\/19\/torcida-do-flamengo-perde-a-paciencia-e-pede-a-saida-de-alguns-jogadores\/#primaryimage\"},\"thumbnailUrl\":\"https:\/\/www.gaveanews.com\/wp-content\/uploads\/Vitinho-em-acao-na-partida-contra-o-Ceara.webp\",\"articleSection\":[\"Flamengo\"],\"inLanguage\":\"pt-BR\",\"potentialAction\":[{\"@type\":\"CommentAction\",\"name\":\"Comment\",\"target\":[\"https:\/\/www.gaveanews.com\/index.php\/2020\/11\/19\/torcida-do-flamengo-perde-a-paciencia-e-pede-a-saida-de-alguns-jogadores\/#respond\"]}],\"copyrightYear\":\"2020\",\"copyrightHolder\":{\"@id\":\"https:\/\/www.gaveanews.com\/#organization\"}},{\"@type\":\"WebPage\",\"@id\":\"https:\/\/www.gaveanews.com\/index.php\/2020\/11\/19\/torcida-do-flamengo-perde-a-paciencia-e-pede-a-saida-de-alguns-jogadores\/\",\"url\":\"https:\/\/www.gaveanews.com\/index.php\/2020\/11\/19\/torcida-do-flamengo-perde-a-paciencia-e-pede-a-saida-de-alguns-jogadores\/\",\"name\":\"Torcida do Flamengo pede a sa\u00edda de alguns jogadores - G\u00e1vea News\",\"isPartOf\":{\"@id\":\"https:\/\/www.gaveanews.com\/#website\"},\"primaryImageOfPage\":{\"@id\":\"https:\/\/www.gaveanews.com\/index.php\/2020\/11\/19\/torcida-do-flamengo-perde-a-paciencia-e-pede-a-saida-de-alguns-jogadores\/#primaryimage\"},\"image\":{\"@id\":\"https:\/\/www.gaveanews.com\/index.php\/2020\/11\/19\/torcida-do-flamengo-perde-a-paciencia-e-pede-a-saida-de-alguns-jogadores\/#primaryimage\"},\"thumbnailUrl\":\"https:\/\/www.gaveanews.com\/wp-content\/uploads\/Vitinho-em-acao-na-partida-contra-o-Ceara.webp\",\"datePublished\":\"2020-11-19T14:14:20+00:00\",\"dateModified\":\"2021-08-12T03:48:49+00:00\",\"author\":{\"@id\":\"https:\/\/www.gaveanews.com\/#\/schema\/person\/714c67050b836198af2450ba1c142a67\"},\"description\":\"Ap\u00f3s assistirem partidas e notarem os atletas inexpressivos, a torcida criticou o desempenho e a posi\u00e7\u00e3o de algumas pe\u00e7as da equipe.\",\"breadcrumb\":{\"@id\":\"https:\/\/www.gaveanews.com\/index.php\/2020\/11\/19\/torcida-do-flamengo-perde-a-paciencia-e-pede-a-saida-de-alguns-jogadores\/#breadcrumb\"},\"inLanguage\":\"pt-BR\",\"potentialAction\":[{\"@type\":\"ReadAction\",\"target\":[\"https:\/\/www.gaveanews.com\/index.php\/2020\/11\/19\/torcida-do-flamengo-perde-a-paciencia-e-pede-a-saida-de-alguns-jogadores\/\"]}]},{\"@type\":\"ImageObject\",\"inLanguage\":\"pt-BR\",\"@id\":\"https:\/\/www.gaveanews.com\/index.php\/2020\/11\/19\/torcida-do-flamengo-perde-a-paciencia-e-pede-a-saida-de-alguns-jogadores\/#primaryimage\",\"url\":\"https:\/\/www.gaveanews.com\/wp-content\/uploads\/Vitinho-em-acao-na-partida-contra-o-Ceara.webp\",\"contentUrl\":\"https:\/\/www.gaveanews.com\/wp-content\/uploads\/Vitinho-em-acao-na-partida-contra-o-Ceara.webp\",\"width\":799,\"height\":532,\"caption\":\"Vitinho em a\u00e7\u00e3o na partida contra o Cear\u00e1 (Foto: Alexandre Vidal\/Flamengo)\"},{\"@type\":\"BreadcrumbList\",\"@id\":\"https:\/\/www.gaveanews.com\/index.php\/2020\/11\/19\/torcida-do-flamengo-perde-a-paciencia-e-pede-a-saida-de-alguns-jogadores\/#breadcrumb\",\"itemListElement\":[{\"@type\":\"ListItem\",\"position\":1,\"name\":\"Home\",\"item\":\"https:\/\/www.gaveanews.com\/\"},{\"@type\":\"ListItem\",\"position\":2,\"name\":\"Torcida do Flamengo perde a paci\u00eancia e pede a sa\u00edda de alguns jogadores\"}]},{\"@type\":\"WebSite\",\"@id\":\"https:\/\/www.gaveanews.com\/#website\",\"url\":\"https:\/\/www.gaveanews.com\/\",\"name\":\"G\u00e1vea News\",\"description\":\"Veja todas as not\u00edcias sobre o Flamengo: Contrata\u00e7\u00f5es, categorias de base, resultados das partidas, tabela de classifica\u00e7\u00e3o, pr\u00f3ximos jogos!\",\"potentialAction\":[{\"@type\":\"SearchAction\",\"target\":{\"@type\":\"EntryPoint\",\"urlTemplate\":\"https:\/\/www.gaveanews.com\/?s={search_term_string}\"},\"query-input\":{\"@type\":\"PropertyValueSpecification\",\"valueRequired\":true,\"valueName\":\"search_term_string\"}}],\"inLanguage\":\"pt-BR\"},{\"@type\":\"Person\",\"@id\":\"https:\/\/www.gaveanews.com\/#\/schema\/person\/714c67050b836198af2450ba1c142a67\",\"name\":\"Let\u00edcia Gerheim\",\"image\":{\"@type\":\"ImageObject\",\"inLanguage\":\"pt-BR\",\"@id\":\"https:\/\/www.gaveanews.com\/#\/schema\/person\/image\/\",\"url\":\"https:\/\/secure.gravatar.com\/avatar\/60734739c50fcebfbac509e2a826ccd0ff405c019bc73aab9354f19ecad1dcb4?s=96&d=mm&r=g\",\"contentUrl\":\"https:\/\/secure.gravatar.com\/avatar\/60734739c50fcebfbac509e2a826ccd0ff405c019bc73aab9354f19ecad1dcb4?s=96&d=mm&r=g\",\"caption\":\"Let\u00edcia Gerheim\"}}]}<\/script>\n<!-- \/ Yoast SEO Premium plugin. -->","yoast_head_json":{"title":"Torcida do Flamengo pede a sa\u00edda de alguns jogadores - G\u00e1vea News","description":"Ap\u00f3s assistirem partidas e notarem os atletas inexpressivos, a torcida criticou o desempenho e a posi\u00e7\u00e3o de algumas pe\u00e7as da equipe.","robots":{"index":"index","follow":"follow","max-snippet":"max-snippet:-1","max-image-preview":"max-image-preview:large","max-video-preview":"max-video-preview:-1"},"canonical":"https:\/\/www.gaveanews.com\/index.php\/2020\/11\/19\/torcida-do-flamengo-perde-a-paciencia-e-pede-a-saida-de-alguns-jogadores\/","og_locale":"pt_BR","og_type":"article","og_title":"Torcida do Flamengo perde a paci\u00eancia e pede a sa\u00edda de alguns jogadores","og_description":"Ap\u00f3s assistirem partidas e notarem os atletas inexpressivos, a torcida criticou o desempenho e a posi\u00e7\u00e3o de algumas pe\u00e7as da equipe.","og_url":"https:\/\/www.gaveanews.com\/index.php\/2020\/11\/19\/torcida-do-flamengo-perde-a-paciencia-e-pede-a-saida-de-alguns-jogadores\/","og_site_name":"G\u00e1vea News","article_publisher":"https:\/\/facebook.com\/gaveaNews\/","article_published_time":"2020-11-19T14:14:20+00:00","article_modified_time":"2021-08-12T03:48:49+00:00","og_image":[{"width":799,"height":532,"url":"https:\/\/www.gaveanews.com\/wp-content\/uploads\/Vitinho-em-acao-na-partida-contra-o-Ceara.webp","type":"image\/jpeg"}],"author":"Let\u00edcia Gerheim","twitter_card":"summary_large_image","twitter_misc":{"Escrito por":"Let\u00edcia Gerheim","Est. tempo de leitura":"2 minutos"},"schema":{"@context":"https:\/\/schema.org","@graph":[{"@type":"NewsArticle","@id":"https:\/\/www.gaveanews.com\/index.php\/2020\/11\/19\/torcida-do-flamengo-perde-a-paciencia-e-pede-a-saida-de-alguns-jogadores\/#article","isPartOf":{"@id":"https:\/\/www.gaveanews.com\/index.php\/2020\/11\/19\/torcida-do-flamengo-perde-a-paciencia-e-pede-a-saida-de-alguns-jogadores\/"},"author":{"name":"Let\u00edcia Gerheim","@id":"https:\/\/www.gaveanews.com\/#\/schema\/person\/714c67050b836198af2450ba1c142a67"},"headline":"Torcida do Flamengo perde a paci\u00eancia e pede a sa\u00edda de alguns jogadores","datePublished":"2020-11-19T14:14:20+00:00","dateModified":"2021-08-12T03:48:49+00:00","mainEntityOfPage":{"@id":"https:\/\/www.gaveanews.com\/index.php\/2020\/11\/19\/torcida-do-flamengo-perde-a-paciencia-e-pede-a-saida-de-alguns-jogadores\/"},"wordCount":316,"commentCount":44,"image":{"@id":"https:\/\/www.gaveanews.com\/index.php\/2020\/11\/19\/torcida-do-flamengo-perde-a-paciencia-e-pede-a-saida-de-alguns-jogadores\/#primaryimage"},"thumbnailUrl":"https:\/\/www.gaveanews.com\/wp-content\/uploads\/Vitinho-em-acao-na-partida-contra-o-Ceara.webp","articleSection":["Flamengo"],"inLanguage":"pt-BR","potentialAction":[{"@type":"CommentAction","name":"Comment","target":["https:\/\/www.gaveanews.com\/index.php\/2020\/11\/19\/torcida-do-flamengo-perde-a-paciencia-e-pede-a-saida-de-alguns-jogadores\/#respond"]}],"copyrightYear":"2020","copyrightHolder":{"@id":"https:\/\/www.gaveanews.com\/#organization"}},{"@type":"WebPage","@id":"https:\/\/www.gaveanews.com\/index.php\/2020\/11\/19\/torcida-do-flamengo-perde-a-paciencia-e-pede-a-saida-de-alguns-jogadores\/","url":"https:\/\/www.gaveanews.com\/index.php\/2020\/11\/19\/torcida-do-flamengo-perde-a-paciencia-e-pede-a-saida-de-alguns-jogadores\/","name":"Torcida do Flamengo pede a sa\u00edda de alguns jogadores - G\u00e1vea News","isPartOf":{"@id":"https:\/\/www.gaveanews.com\/#website"},"primaryImageOfPage":{"@id":"https:\/\/www.gaveanews.com\/index.php\/2020\/11\/19\/torcida-do-flamengo-perde-a-paciencia-e-pede-a-saida-de-alguns-jogadores\/#primaryimage"},"image":{"@id":"https:\/\/www.gaveanews.com\/index.php\/2020\/11\/19\/torcida-do-flamengo-perde-a-paciencia-e-pede-a-saida-de-alguns-jogadores\/#primaryimage"},"thumbnailUrl":"https:\/\/www.gaveanews.com\/wp-content\/uploads\/Vitinho-em-acao-na-partida-contra-o-Ceara.webp","datePublished":"2020-11-19T14:14:20+00:00","dateModified":"2021-08-12T03:48:49+00:00","author":{"@id":"https:\/\/www.gaveanews.com\/#\/schema\/person\/714c67050b836198af2450ba1c142a67"},"description":"Ap\u00f3s assistirem partidas e notarem os atletas inexpressivos, a torcida criticou o desempenho e a posi\u00e7\u00e3o de algumas pe\u00e7as da equipe.","breadcrumb":{"@id":"https:\/\/www.gaveanews.com\/index.php\/2020\/11\/19\/torcida-do-flamengo-perde-a-paciencia-e-pede-a-saida-de-alguns-jogadores\/#breadcrumb"},"inLanguage":"pt-BR","potentialAction":[{"@type":"ReadAction","target":["https:\/\/www.gaveanews.com\/index.php\/2020\/11\/19\/torcida-do-flamengo-perde-a-paciencia-e-pede-a-saida-de-alguns-jogadores\/"]}]},{"@type":"ImageObject","inLanguage":"pt-BR","@id":"https:\/\/www.gaveanews.com\/index.php\/2020\/11\/19\/torcida-do-flamengo-perde-a-paciencia-e-pede-a-saida-de-alguns-jogadores\/#primaryimage","url":"https:\/\/www.gaveanews.com\/wp-content\/uploads\/Vitinho-em-acao-na-partida-contra-o-Ceara.webp","contentUrl":"https:\/\/www.gaveanews.com\/wp-content\/uploads\/Vitinho-em-acao-na-partida-contra-o-Ceara.webp","width":799,"height":532,"caption":"Vitinho em a\u00e7\u00e3o na partida contra o Cear\u00e1 (Foto: Alexandre Vidal\/Flamengo)"},{"@type":"BreadcrumbList","@id":"https:\/\/www.gaveanews.com\/index.php\/2020\/11\/19\/torcida-do-flamengo-perde-a-paciencia-e-pede-a-saida-de-alguns-jogadores\/#breadcrumb","itemListElement":[{"@type":"ListItem","position":1,"name":"Home","item":"https:\/\/www.gaveanews.com\/"},{"@type":"ListItem","position":2,"name":"Torcida do Flamengo perde a paci\u00eancia e pede a sa\u00edda de alguns jogadores"}]},{"@type":"WebSite","@id":"https:\/\/www.gaveanews.com\/#website","url":"https:\/\/www.gaveanews.com\/","name":"G\u00e1vea News","description":"Veja todas as not\u00edcias sobre o Flamengo: Contrata\u00e7\u00f5es, categorias de base, resultados das partidas, tabela de classifica\u00e7\u00e3o, pr\u00f3ximos jogos!","potentialAction":[{"@type":"SearchAction","target":{"@type":"EntryPoint","urlTemplate":"https:\/\/www.gaveanews.com\/?s={search_term_string}"},"query-input":{"@type":"PropertyValueSpecification","valueRequired":true,"valueName":"search_term_string"}}],"inLanguage":"pt-BR"},{"@type":"Person","@id":"https:\/\/www.gaveanews.com\/#\/schema\/person\/714c67050b836198af2450ba1c142a67","name":"Let\u00edcia Gerheim","image":{"@type":"ImageObject","inLanguage":"pt-BR","@id":"https:\/\/www.gaveanews.com\/#\/schema\/person\/image\/","url":"https:\/\/secure.gravatar.com\/avatar\/60734739c50fcebfbac509e2a826ccd0ff405c019bc73aab9354f19ecad1dcb4?s=96&d=mm&r=g","contentUrl":"https:\/\/secure.gravatar.com\/avatar\/60734739c50fcebfbac509e2a826ccd0ff405c019bc73aab9354f19ecad1dcb4?s=96&d=mm&r=g","caption":"Let\u00edcia Gerheim"}}]}},"_links":{"self":[{"href":"https:\/\/www.gaveanews.com\/index.php\/wp-json\/wp\/v2\/posts\/51976","targetHints":{"allow":["GET"]}}],"collection":[{"href":"https:\/\/www.gaveanews.com\/index.php\/wp-json\/wp\/v2\/posts"}],"about":[{"href":"https:\/\/www.gaveanews.com\/index.php\/wp-json\/wp\/v2\/types\/post"}],"author":[{"embeddable":true,"href":"https:\/\/www.gaveanews.com\/index.php\/wp-json\/wp\/v2\/users\/4"}],"replies":[{"embeddable":true,"href":"https:\/\/www.gaveanews.com\/index.php\/wp-json\/wp\/v2\/comments?post=51976"}],"version-history":[{"count":0,"href":"https:\/\/www.gaveanews.com\/index.php\/wp-json\/wp\/v2\/posts\/51976\/revisions"}],"wp:featuredmedia":[{"embeddable":true,"href":"https:\/\/www.gaveanews.com\/index.php\/wp-json\/wp\/v2\/media\/47297"}],"wp:attachment":[{"href":"https:\/\/www.gaveanews.com\/index.php\/wp-json\/wp\/v2\/media?parent=51976"}],"wp:term":[{"taxonomy":"category","embeddable":true,"href":"https:\/\/www.gaveanews.com\/index.php\/wp-json\/wp\/v2\/categories?post=51976"},{"taxonomy":"post_tag","embeddable":true,"href":"https:\/\/www.gaveanews.com\/index.php\/wp-json\/wp\/v2\/tags?post=51976"}],"curies":[{"name":"wp","href":"https:\/\/api.w.org\/{rel}","templated":true}]}}