{"id":51992,"date":"2020-11-19T12:29:40","date_gmt":"2020-11-19T15:29:40","guid":{"rendered":"https:\/\/www.gaveanews.com\/?p=51992"},"modified":"2024-04-07T08:50:21","modified_gmt":"2024-04-07T11:50:21","slug":"apos-contendas-em-campo-daniel-alves-manda-recado-para-gerson","status":"publish","type":"post","link":"https:\/\/www.gaveanews.com\/index.php\/2020\/11\/19\/apos-contendas-em-campo-daniel-alves-manda-recado-para-gerson\/","title":{"rendered":"Ap\u00f3s contendas em campo, Daniel Alves manda recado para Gerson"},"content":{"rendered":"\n<p>Na \u00faltima quarta-feira (18), o rubro-negro foi eliminado pelo tricolor nas quartas de final da Copa do Brasil.<\/p>\n\n\n\n<p>O Flamengo foi derrotado nos dois duelos disputados. No primeiro, o time saiu na desvantagem, perdendo por 2 a 1 ap\u00f3s uma tentativa de drible mal sucedida de Hugo Souza. J\u00e1 o segundo, o S\u00e3o Paulo selou sua vit\u00f3ria nas quartas com o placar de 3 a 0 sobre o Fla.<\/p>\n\n\n\n<p>Durante ambos os jogos, dois jogadores em espec\u00edfico se desentenderam bastante. Daniel Aves e Gerson discutiram por diversas vezes no decorrer dos 180 minutos de confronto. Sobrou at\u00e9 cart\u00e3o para o camisa 8 do Flamengo que, no calor do momento, acabou acertando o meia S\u00e3o Paulino em uma das jogadas.<\/p>\n\n\n\n<p>Entretanto, todo o atrito ficou apenas dentro do campo. Ap\u00f3s a classifica\u00e7\u00e3o do time paulista, na madrugada desta quinta-feira (19), Daniel fez quest\u00e3o de publicar uma mensagem em respeito ao meia rubro-negro. Em seu Instagram, o atleta disse: <strong><em>\u201cAlto n\u00edvel de competi\u00e7\u00e3o e m\u00e1ximo respeito sempre\u201d<\/em><\/strong>.<\/p>\n\n\n\n<h2 class=\"wp-block-heading\" id=\"h-confira-a-publicacao\">Confira a publica\u00e7\u00e3o:<\/h2>\n\n\n\n<figure class=\"wp-block-embed aligncenter is-type-photo is-provider-flickr wp-block-embed-flickr\"><div class=\"wp-block-embed__wrapper\">\n<a href=\"https:\/\/www.flickr.com\/photos\/184920610@N03\/53636066428\/in\/dateposted-public\"><img loading=\"lazy\" decoding=\"async\" src=\"https:\/\/live.staticflickr.com\/65535\/53636066428_738a1447d2_c.webp\" alt=\"gerson-daniel-alves-flamengo-sao-paulo\" width=\"453\" height=\"800\" \/><\/a>\n<\/div><\/figure>\n\n\n\n<p>Ap\u00f3s a elimina\u00e7\u00e3o na Copa, o Flamengo n\u00e3o ter\u00e1 tempo para se lamentar. O clube precisar\u00e1 se focar no pr\u00f3ximo duelo, j\u00e1 neste s\u00e1bado (21), no qual o Mais Querido enfrentar\u00e1 o Coritiba pelo Campeonato Brasileiro. A partida ocorrer\u00e1 \u00e0s 19h (hor\u00e1rio de Bras\u00edlia), no Maracan\u00e3.<\/p>\n","protected":false},"excerpt":{"rendered":"<p>Na \u00faltima quarta-feira (18), o rubro-negro foi eliminado pelo tricolor nas quartas de final da Copa do Brasil. O Flamengo foi derrotado nos dois duelos disputados. No primeiro, o time saiu na desvantagem, perdendo por 2 a 1 ap\u00f3s uma tentativa de drible mal sucedida de Hugo Souza. J\u00e1 o segundo, o S\u00e3o Paulo selou [&hellip;]<\/p>\n","protected":false},"author":4,"featured_media":48822,"comment_status":"open","ping_status":"closed","sticky":false,"template":"","format":"standard","meta":{"footnotes":""},"categories":[1],"tags":[188],"class_list":["post-51992","post","type-post","status-publish","format-standard","has-post-thumbnail","hentry","category-flamengo","tag-daniel-alves-da-silva"],"yoast_head":"<!-- This site is optimized with the Yoast SEO Premium plugin v24.2 (Yoast SEO v26.9) - https:\/\/yoast.com\/product\/yoast-seo-premium-wordpress\/ -->\n<title>Ap\u00f3s contendas em campo, Daniel Alves manda recado para Gerson<\/title>\n<meta name=\"description\" content=\"Ap\u00f3s a classifica\u00e7\u00e3o do time paulista, nesta madrugada, Daniel fez quest\u00e3o de publicar uma mensagem em respeito ao meia rubro-negro.\" \/>\n<meta name=\"robots\" content=\"index, follow, max-snippet:-1, max-image-preview:large, max-video-preview:-1\" \/>\n<link rel=\"canonical\" href=\"https:\/\/www.gaveanews.com\/index.php\/2020\/11\/19\/apos-contendas-em-campo-daniel-alves-manda-recado-para-gerson\/\" \/>\n<meta property=\"og:locale\" content=\"pt_BR\" \/>\n<meta property=\"og:type\" content=\"article\" \/>\n<meta property=\"og:title\" content=\"Ap\u00f3s contendas em campo, Daniel Alves manda recado para Gerson\" \/>\n<meta property=\"og:description\" content=\"Ap\u00f3s a classifica\u00e7\u00e3o do time paulista, nesta madrugada, Daniel fez quest\u00e3o de publicar uma mensagem em respeito ao meia rubro-negro.\" \/>\n<meta property=\"og:url\" content=\"https:\/\/www.gaveanews.com\/index.php\/2020\/11\/19\/apos-contendas-em-campo-daniel-alves-manda-recado-para-gerson\/\" \/>\n<meta property=\"og:site_name\" content=\"G\u00e1vea News\" \/>\n<meta property=\"article:publisher\" content=\"https:\/\/facebook.com\/gaveaNews\/\" \/>\n<meta property=\"article:published_time\" content=\"2020-11-19T15:29:40+00:00\" \/>\n<meta property=\"article:modified_time\" content=\"2024-04-07T11:50:21+00:00\" \/>\n<meta property=\"og:image\" content=\"https:\/\/www.gaveanews.com\/wp-content\/uploads\/Gerson-em-acao-pelo-Flamengo-no-estadio-do-Maracana.webp\" \/>\n\t<meta property=\"og:image:width\" content=\"900\" \/>\n\t<meta property=\"og:image:height\" content=\"598\" \/>\n\t<meta property=\"og:image:type\" content=\"image\/jpeg\" \/>\n<meta name=\"author\" content=\"Let\u00edcia Gerheim\" \/>\n<meta name=\"twitter:card\" content=\"summary_large_image\" \/>\n<meta name=\"twitter:label1\" content=\"Escrito por\" \/>\n\t<meta name=\"twitter:data1\" content=\"Let\u00edcia Gerheim\" \/>\n\t<meta name=\"twitter:label2\" content=\"Est. tempo de leitura\" \/>\n\t<meta name=\"twitter:data2\" content=\"2 minutos\" \/>\n<script type=\"application\/ld+json\" class=\"yoast-schema-graph\">{\"@context\":\"https:\/\/schema.org\",\"@graph\":[{\"@type\":\"NewsArticle\",\"@id\":\"https:\/\/www.gaveanews.com\/index.php\/2020\/11\/19\/apos-contendas-em-campo-daniel-alves-manda-recado-para-gerson\/#article\",\"isPartOf\":{\"@id\":\"https:\/\/www.gaveanews.com\/index.php\/2020\/11\/19\/apos-contendas-em-campo-daniel-alves-manda-recado-para-gerson\/\"},\"author\":{\"name\":\"Let\u00edcia Gerheim\",\"@id\":\"https:\/\/www.gaveanews.com\/#\/schema\/person\/714c67050b836198af2450ba1c142a67\"},\"headline\":\"Ap\u00f3s contendas em campo, Daniel Alves manda recado para Gerson\",\"datePublished\":\"2020-11-19T15:29:40+00:00\",\"dateModified\":\"2024-04-07T11:50:21+00:00\",\"mainEntityOfPage\":{\"@id\":\"https:\/\/www.gaveanews.com\/index.php\/2020\/11\/19\/apos-contendas-em-campo-daniel-alves-manda-recado-para-gerson\/\"},\"wordCount\":244,\"commentCount\":45,\"image\":{\"@id\":\"https:\/\/www.gaveanews.com\/index.php\/2020\/11\/19\/apos-contendas-em-campo-daniel-alves-manda-recado-para-gerson\/#primaryimage\"},\"thumbnailUrl\":\"https:\/\/www.gaveanews.com\/wp-content\/uploads\/Gerson-em-acao-pelo-Flamengo-no-estadio-do-Maracana.webp\",\"keywords\":[\"Daniel Alves da Silva\"],\"articleSection\":[\"Flamengo\"],\"inLanguage\":\"pt-BR\",\"potentialAction\":[{\"@type\":\"CommentAction\",\"name\":\"Comment\",\"target\":[\"https:\/\/www.gaveanews.com\/index.php\/2020\/11\/19\/apos-contendas-em-campo-daniel-alves-manda-recado-para-gerson\/#respond\"]}],\"copyrightYear\":\"2020\",\"copyrightHolder\":{\"@id\":\"https:\/\/www.gaveanews.com\/#organization\"}},{\"@type\":\"WebPage\",\"@id\":\"https:\/\/www.gaveanews.com\/index.php\/2020\/11\/19\/apos-contendas-em-campo-daniel-alves-manda-recado-para-gerson\/\",\"url\":\"https:\/\/www.gaveanews.com\/index.php\/2020\/11\/19\/apos-contendas-em-campo-daniel-alves-manda-recado-para-gerson\/\",\"name\":\"Ap\u00f3s contendas em campo, Daniel Alves manda recado para Gerson\",\"isPartOf\":{\"@id\":\"https:\/\/www.gaveanews.com\/#website\"},\"primaryImageOfPage\":{\"@id\":\"https:\/\/www.gaveanews.com\/index.php\/2020\/11\/19\/apos-contendas-em-campo-daniel-alves-manda-recado-para-gerson\/#primaryimage\"},\"image\":{\"@id\":\"https:\/\/www.gaveanews.com\/index.php\/2020\/11\/19\/apos-contendas-em-campo-daniel-alves-manda-recado-para-gerson\/#primaryimage\"},\"thumbnailUrl\":\"https:\/\/www.gaveanews.com\/wp-content\/uploads\/Gerson-em-acao-pelo-Flamengo-no-estadio-do-Maracana.webp\",\"datePublished\":\"2020-11-19T15:29:40+00:00\",\"dateModified\":\"2024-04-07T11:50:21+00:00\",\"author\":{\"@id\":\"https:\/\/www.gaveanews.com\/#\/schema\/person\/714c67050b836198af2450ba1c142a67\"},\"description\":\"Ap\u00f3s a classifica\u00e7\u00e3o do time paulista, nesta madrugada, Daniel fez quest\u00e3o de publicar uma mensagem em respeito ao meia rubro-negro.\",\"breadcrumb\":{\"@id\":\"https:\/\/www.gaveanews.com\/index.php\/2020\/11\/19\/apos-contendas-em-campo-daniel-alves-manda-recado-para-gerson\/#breadcrumb\"},\"inLanguage\":\"pt-BR\",\"potentialAction\":[{\"@type\":\"ReadAction\",\"target\":[\"https:\/\/www.gaveanews.com\/index.php\/2020\/11\/19\/apos-contendas-em-campo-daniel-alves-manda-recado-para-gerson\/\"]}]},{\"@type\":\"ImageObject\",\"inLanguage\":\"pt-BR\",\"@id\":\"https:\/\/www.gaveanews.com\/index.php\/2020\/11\/19\/apos-contendas-em-campo-daniel-alves-manda-recado-para-gerson\/#primaryimage\",\"url\":\"https:\/\/www.gaveanews.com\/wp-content\/uploads\/Gerson-em-acao-pelo-Flamengo-no-estadio-do-Maracana.webp\",\"contentUrl\":\"https:\/\/www.gaveanews.com\/wp-content\/uploads\/Gerson-em-acao-pelo-Flamengo-no-estadio-do-Maracana.webp\",\"width\":900,\"height\":598,\"caption\":\"Gerson em a\u00e7\u00e3o pelo Flamengo no est\u00e1dio do Maracan\u00e3 (Foto: Twitter\/ Reprodu\u00e7\u00e3o\/GersonSantos08)\"},{\"@type\":\"BreadcrumbList\",\"@id\":\"https:\/\/www.gaveanews.com\/index.php\/2020\/11\/19\/apos-contendas-em-campo-daniel-alves-manda-recado-para-gerson\/#breadcrumb\",\"itemListElement\":[{\"@type\":\"ListItem\",\"position\":1,\"name\":\"Home\",\"item\":\"https:\/\/www.gaveanews.com\/\"},{\"@type\":\"ListItem\",\"position\":2,\"name\":\"Ap\u00f3s contendas em campo, Daniel Alves manda recado para Gerson\"}]},{\"@type\":\"WebSite\",\"@id\":\"https:\/\/www.gaveanews.com\/#website\",\"url\":\"https:\/\/www.gaveanews.com\/\",\"name\":\"G\u00e1vea News\",\"description\":\"Veja todas as not\u00edcias sobre o Flamengo: Contrata\u00e7\u00f5es, categorias de base, resultados das partidas, tabela de classifica\u00e7\u00e3o, pr\u00f3ximos jogos!\",\"potentialAction\":[{\"@type\":\"SearchAction\",\"target\":{\"@type\":\"EntryPoint\",\"urlTemplate\":\"https:\/\/www.gaveanews.com\/?s={search_term_string}\"},\"query-input\":{\"@type\":\"PropertyValueSpecification\",\"valueRequired\":true,\"valueName\":\"search_term_string\"}}],\"inLanguage\":\"pt-BR\"},{\"@type\":\"Person\",\"@id\":\"https:\/\/www.gaveanews.com\/#\/schema\/person\/714c67050b836198af2450ba1c142a67\",\"name\":\"Let\u00edcia Gerheim\",\"image\":{\"@type\":\"ImageObject\",\"inLanguage\":\"pt-BR\",\"@id\":\"https:\/\/www.gaveanews.com\/#\/schema\/person\/image\/\",\"url\":\"https:\/\/secure.gravatar.com\/avatar\/60734739c50fcebfbac509e2a826ccd0ff405c019bc73aab9354f19ecad1dcb4?s=96&d=mm&r=g\",\"contentUrl\":\"https:\/\/secure.gravatar.com\/avatar\/60734739c50fcebfbac509e2a826ccd0ff405c019bc73aab9354f19ecad1dcb4?s=96&d=mm&r=g\",\"caption\":\"Let\u00edcia Gerheim\"}}]}<\/script>\n<!-- \/ Yoast SEO Premium plugin. -->","yoast_head_json":{"title":"Ap\u00f3s contendas em campo, Daniel Alves manda recado para Gerson","description":"Ap\u00f3s a classifica\u00e7\u00e3o do time paulista, nesta madrugada, Daniel fez quest\u00e3o de publicar uma mensagem em respeito ao meia rubro-negro.","robots":{"index":"index","follow":"follow","max-snippet":"max-snippet:-1","max-image-preview":"max-image-preview:large","max-video-preview":"max-video-preview:-1"},"canonical":"https:\/\/www.gaveanews.com\/index.php\/2020\/11\/19\/apos-contendas-em-campo-daniel-alves-manda-recado-para-gerson\/","og_locale":"pt_BR","og_type":"article","og_title":"Ap\u00f3s contendas em campo, Daniel Alves manda recado para Gerson","og_description":"Ap\u00f3s a classifica\u00e7\u00e3o do time paulista, nesta madrugada, Daniel fez quest\u00e3o de publicar uma mensagem em respeito ao meia rubro-negro.","og_url":"https:\/\/www.gaveanews.com\/index.php\/2020\/11\/19\/apos-contendas-em-campo-daniel-alves-manda-recado-para-gerson\/","og_site_name":"G\u00e1vea News","article_publisher":"https:\/\/facebook.com\/gaveaNews\/","article_published_time":"2020-11-19T15:29:40+00:00","article_modified_time":"2024-04-07T11:50:21+00:00","og_image":[{"width":900,"height":598,"url":"https:\/\/www.gaveanews.com\/wp-content\/uploads\/Gerson-em-acao-pelo-Flamengo-no-estadio-do-Maracana.webp","type":"image\/jpeg"}],"author":"Let\u00edcia Gerheim","twitter_card":"summary_large_image","twitter_misc":{"Escrito por":"Let\u00edcia Gerheim","Est. tempo de leitura":"2 minutos"},"schema":{"@context":"https:\/\/schema.org","@graph":[{"@type":"NewsArticle","@id":"https:\/\/www.gaveanews.com\/index.php\/2020\/11\/19\/apos-contendas-em-campo-daniel-alves-manda-recado-para-gerson\/#article","isPartOf":{"@id":"https:\/\/www.gaveanews.com\/index.php\/2020\/11\/19\/apos-contendas-em-campo-daniel-alves-manda-recado-para-gerson\/"},"author":{"name":"Let\u00edcia Gerheim","@id":"https:\/\/www.gaveanews.com\/#\/schema\/person\/714c67050b836198af2450ba1c142a67"},"headline":"Ap\u00f3s contendas em campo, Daniel Alves manda recado para Gerson","datePublished":"2020-11-19T15:29:40+00:00","dateModified":"2024-04-07T11:50:21+00:00","mainEntityOfPage":{"@id":"https:\/\/www.gaveanews.com\/index.php\/2020\/11\/19\/apos-contendas-em-campo-daniel-alves-manda-recado-para-gerson\/"},"wordCount":244,"commentCount":45,"image":{"@id":"https:\/\/www.gaveanews.com\/index.php\/2020\/11\/19\/apos-contendas-em-campo-daniel-alves-manda-recado-para-gerson\/#primaryimage"},"thumbnailUrl":"https:\/\/www.gaveanews.com\/wp-content\/uploads\/Gerson-em-acao-pelo-Flamengo-no-estadio-do-Maracana.webp","keywords":["Daniel Alves da Silva"],"articleSection":["Flamengo"],"inLanguage":"pt-BR","potentialAction":[{"@type":"CommentAction","name":"Comment","target":["https:\/\/www.gaveanews.com\/index.php\/2020\/11\/19\/apos-contendas-em-campo-daniel-alves-manda-recado-para-gerson\/#respond"]}],"copyrightYear":"2020","copyrightHolder":{"@id":"https:\/\/www.gaveanews.com\/#organization"}},{"@type":"WebPage","@id":"https:\/\/www.gaveanews.com\/index.php\/2020\/11\/19\/apos-contendas-em-campo-daniel-alves-manda-recado-para-gerson\/","url":"https:\/\/www.gaveanews.com\/index.php\/2020\/11\/19\/apos-contendas-em-campo-daniel-alves-manda-recado-para-gerson\/","name":"Ap\u00f3s contendas em campo, Daniel Alves manda recado para Gerson","isPartOf":{"@id":"https:\/\/www.gaveanews.com\/#website"},"primaryImageOfPage":{"@id":"https:\/\/www.gaveanews.com\/index.php\/2020\/11\/19\/apos-contendas-em-campo-daniel-alves-manda-recado-para-gerson\/#primaryimage"},"image":{"@id":"https:\/\/www.gaveanews.com\/index.php\/2020\/11\/19\/apos-contendas-em-campo-daniel-alves-manda-recado-para-gerson\/#primaryimage"},"thumbnailUrl":"https:\/\/www.gaveanews.com\/wp-content\/uploads\/Gerson-em-acao-pelo-Flamengo-no-estadio-do-Maracana.webp","datePublished":"2020-11-19T15:29:40+00:00","dateModified":"2024-04-07T11:50:21+00:00","author":{"@id":"https:\/\/www.gaveanews.com\/#\/schema\/person\/714c67050b836198af2450ba1c142a67"},"description":"Ap\u00f3s a classifica\u00e7\u00e3o do time paulista, nesta madrugada, Daniel fez quest\u00e3o de publicar uma mensagem em respeito ao meia rubro-negro.","breadcrumb":{"@id":"https:\/\/www.gaveanews.com\/index.php\/2020\/11\/19\/apos-contendas-em-campo-daniel-alves-manda-recado-para-gerson\/#breadcrumb"},"inLanguage":"pt-BR","potentialAction":[{"@type":"ReadAction","target":["https:\/\/www.gaveanews.com\/index.php\/2020\/11\/19\/apos-contendas-em-campo-daniel-alves-manda-recado-para-gerson\/"]}]},{"@type":"ImageObject","inLanguage":"pt-BR","@id":"https:\/\/www.gaveanews.com\/index.php\/2020\/11\/19\/apos-contendas-em-campo-daniel-alves-manda-recado-para-gerson\/#primaryimage","url":"https:\/\/www.gaveanews.com\/wp-content\/uploads\/Gerson-em-acao-pelo-Flamengo-no-estadio-do-Maracana.webp","contentUrl":"https:\/\/www.gaveanews.com\/wp-content\/uploads\/Gerson-em-acao-pelo-Flamengo-no-estadio-do-Maracana.webp","width":900,"height":598,"caption":"Gerson em a\u00e7\u00e3o pelo Flamengo no est\u00e1dio do Maracan\u00e3 (Foto: Twitter\/ Reprodu\u00e7\u00e3o\/GersonSantos08)"},{"@type":"BreadcrumbList","@id":"https:\/\/www.gaveanews.com\/index.php\/2020\/11\/19\/apos-contendas-em-campo-daniel-alves-manda-recado-para-gerson\/#breadcrumb","itemListElement":[{"@type":"ListItem","position":1,"name":"Home","item":"https:\/\/www.gaveanews.com\/"},{"@type":"ListItem","position":2,"name":"Ap\u00f3s contendas em campo, Daniel Alves manda recado para Gerson"}]},{"@type":"WebSite","@id":"https:\/\/www.gaveanews.com\/#website","url":"https:\/\/www.gaveanews.com\/","name":"G\u00e1vea News","description":"Veja todas as not\u00edcias sobre o Flamengo: Contrata\u00e7\u00f5es, categorias de base, resultados das partidas, tabela de classifica\u00e7\u00e3o, pr\u00f3ximos jogos!","potentialAction":[{"@type":"SearchAction","target":{"@type":"EntryPoint","urlTemplate":"https:\/\/www.gaveanews.com\/?s={search_term_string}"},"query-input":{"@type":"PropertyValueSpecification","valueRequired":true,"valueName":"search_term_string"}}],"inLanguage":"pt-BR"},{"@type":"Person","@id":"https:\/\/www.gaveanews.com\/#\/schema\/person\/714c67050b836198af2450ba1c142a67","name":"Let\u00edcia Gerheim","image":{"@type":"ImageObject","inLanguage":"pt-BR","@id":"https:\/\/www.gaveanews.com\/#\/schema\/person\/image\/","url":"https:\/\/secure.gravatar.com\/avatar\/60734739c50fcebfbac509e2a826ccd0ff405c019bc73aab9354f19ecad1dcb4?s=96&d=mm&r=g","contentUrl":"https:\/\/secure.gravatar.com\/avatar\/60734739c50fcebfbac509e2a826ccd0ff405c019bc73aab9354f19ecad1dcb4?s=96&d=mm&r=g","caption":"Let\u00edcia Gerheim"}}]}},"_links":{"self":[{"href":"https:\/\/www.gaveanews.com\/index.php\/wp-json\/wp\/v2\/posts\/51992","targetHints":{"allow":["GET"]}}],"collection":[{"href":"https:\/\/www.gaveanews.com\/index.php\/wp-json\/wp\/v2\/posts"}],"about":[{"href":"https:\/\/www.gaveanews.com\/index.php\/wp-json\/wp\/v2\/types\/post"}],"author":[{"embeddable":true,"href":"https:\/\/www.gaveanews.com\/index.php\/wp-json\/wp\/v2\/users\/4"}],"replies":[{"embeddable":true,"href":"https:\/\/www.gaveanews.com\/index.php\/wp-json\/wp\/v2\/comments?post=51992"}],"version-history":[{"count":1,"href":"https:\/\/www.gaveanews.com\/index.php\/wp-json\/wp\/v2\/posts\/51992\/revisions"}],"predecessor-version":[{"id":134239,"href":"https:\/\/www.gaveanews.com\/index.php\/wp-json\/wp\/v2\/posts\/51992\/revisions\/134239"}],"wp:featuredmedia":[{"embeddable":true,"href":"https:\/\/www.gaveanews.com\/index.php\/wp-json\/wp\/v2\/media\/48822"}],"wp:attachment":[{"href":"https:\/\/www.gaveanews.com\/index.php\/wp-json\/wp\/v2\/media?parent=51992"}],"wp:term":[{"taxonomy":"category","embeddable":true,"href":"https:\/\/www.gaveanews.com\/index.php\/wp-json\/wp\/v2\/categories?post=51992"},{"taxonomy":"post_tag","embeddable":true,"href":"https:\/\/www.gaveanews.com\/index.php\/wp-json\/wp\/v2\/tags?post=51992"}],"curies":[{"name":"wp","href":"https:\/\/api.w.org\/{rel}","templated":true}]}}